{"id":350,"date":"2008-12-23T23:40:56","date_gmt":"2008-12-23T23:40:56","guid":{"rendered":"http:\/\/blogs.thesocialmedia.com\/leblogmoto\/2008\/12\/23\/lavis-iconoclas\/"},"modified":"2012-07-11T16:44:59","modified_gmt":"2012-07-11T16:44:59","slug":"lavis-iconoclas","status":"publish","type":"post","link":"https:\/\/blogs.thesocialmedia.com\/leblogmoto\/2008\/12\/23\/lavis-iconoclas\/","title":{"rendered":"L&rsquo;avis iconoclaste d&rsquo;un commissaire sur le danger des radars."},"content":{"rendered":"<p><a href=\"http:\/\/blogs.thesocialmedia.com\/leblogmoto\/files\/2012\/07\/moto_radars_2.jpg\"><img loading=\"lazy\" decoding=\"async\"  alt=\"Moto_radars_2\" src=\"http:\/\/www.leblogmoto.com\/images\/2008\/12\/23\/moto_radars_2.jpg\" width=\"470\" height=\"350\" \/><\/a><\/p>\n<p>Enfin, danger &quot;suppos\u00e9&quot; en tout cas. Georges Mor\u00e9as est commissaire principal honoraire de la police nationale, et auteur de plusieurs livres, romans et sc\u00e9narios. En passant, l&rsquo;un de ses bouquins est dispo en <a href=\"http:\/\/stores.lulu.com\/gmoreas\">t\u00e9l\u00e9chargement gratuit<\/a>. Pour ce qui nous int\u00e9resse directement aujourd&rsquo;hui, il est \u00e9galement le r\u00e9dacteur depuis plus de deux ans de l&rsquo;excellent <a href=\"http:\/\/moreas.blog.lemonde.fr\/\">Police et cetera<\/a>, un blog <em>invit\u00e9<\/em> du Monde, selon la terminologie alambiqu\u00e9e du quotidien. C&rsquo;est coinc\u00e9 dans le trafic routier, \u00e0 quelques m\u00e8tres d&rsquo;une de ces caisses m\u00e9talliques, que lui vint l&rsquo;id\u00e9e de la r\u00e9daction de cet article, apr\u00e8s s&rsquo;\u00eatre rem\u00e9mor\u00e9 son exp\u00e9rience dans la Marine et les r\u00e9flexions de son bosco* lors du service. En conclusion, pris dans la circulation du p\u00e9riph&rsquo;, il dit \u00e9viter maintenant la file de gauche. Un <a href=\"http:\/\/moreas.blog.lemonde.fr\/2008\/11\/21\/les-radars-sont-ils-dangereux-pour-la-sante\">point de vue<\/a> int\u00e9ressant, somme toute, mais \u00e0 prendre avec des pincettes quand on lit les d\u00e9mentis aux donn\u00e9es scientifiques qu&rsquo;il avance, apport\u00e9s dans les commentaires. Le peu de confiance qu&rsquo;un repr\u00e9sentant \u00e9minent de la Police nationale semble accorder aux radars automatiques vaut tout de m\u00eame son pesant de paraffine \u00e0 pneu. Pour le reste, le plus beau cadeau que vous puissiez faire \u00e0 vos proches en cette p\u00e9riode de f\u00eate, est d&rsquo;arriver en entier \u00e0 la table des victuailles. C&rsquo;est donc un &quot;Ride safe !&quot; que je vous adresse, comme le souhaitent les Anglo-saxons avant un d\u00e9placement. <\/p>\n<p><em>*officier ma\u00eetre de man\u0153uvres sur un navire.<\/em><\/p>\n","protected":false},"excerpt":{"rendered":"<p>Enfin, danger &quot;suppos\u00e9&quot; en tout cas. Georges Mor\u00e9as est commissaire principal honoraire de la police nationale, et auteur de plusieurs livres, romans et sc\u00e9narios. En passant, l&rsquo;un de ses bouquins est dispo en t\u00e9l\u00e9chargement gratuit. Pour ce qui nous int\u00e9resse directement aujourd&rsquo;hui, il est \u00e9galement le r\u00e9dacteur depuis plus de deux ans de l&rsquo;excellent Police [&hellip;]<\/p>\n","protected":false},"author":324,"featured_media":0,"comment_status":"open","ping_status":"open","sticky":false,"template":"","format":"standard","meta":{"footnotes":""},"categories":[3,27],"tags":[],"class_list":["post-350","post","type-post","status-publish","format-standard","hentry","category-actualite","category-securite"],"yoast_head":"<!-- This site is optimized with the Yoast SEO plugin v26.0 - https:\/\/yoast.com\/wordpress\/plugins\/seo\/ -->\n<title>L&#039;avis iconoclaste d&#039;un commissaire sur le danger des radars. - leblogmoto.com<\/title>\n<meta name=\"robots\" content=\"index, follow, max-snippet:-1, max-image-preview:large, max-video-preview:-1\" \/>\n<link rel=\"canonical\" href=\"https:\/\/blogs.thesocialmedia.com\/leblogmoto\/2008\/12\/23\/lavis-iconoclas\/\" \/>\n<meta name=\"twitter:card\" content=\"summary_large_image\" \/>\n<meta name=\"twitter:title\" content=\"L&#039;avis iconoclaste d&#039;un commissaire sur le danger des radars. - leblogmoto.com\" \/>\n<meta name=\"twitter:description\" content=\"Enfin, danger &quot;suppos\u00e9&quot; en tout cas. Georges Mor\u00e9as est commissaire principal honoraire de la police nationale, et auteur de plusieurs livres, romans et sc\u00e9narios. En passant, l&rsquo;un de ses bouquins est dispo en t\u00e9l\u00e9chargement gratuit. Pour ce qui nous int\u00e9resse directement aujourd&rsquo;hui, il est \u00e9galement le r\u00e9dacteur depuis plus de deux ans de l&rsquo;excellent Police [&hellip;]\" \/>\n<meta name=\"twitter:image\" content=\"http:\/\/www.leblogmoto.com\/images\/2008\/12\/23\/moto_radars_2.jpg\" \/>\n<meta name=\"twitter:label1\" content=\"\u00c9crit par\" \/>\n\t<meta name=\"twitter:data1\" content=\"benoit rieu\" \/>\n\t<meta name=\"twitter:label2\" content=\"Dur\u00e9e de lecture estim\u00e9e\" \/>\n\t<meta name=\"twitter:data2\" content=\"1 minute\" \/>\n<script type=\"application\/ld+json\" class=\"yoast-schema-graph\">{\"@context\":\"https:\/\/schema.org\",\"@graph\":[{\"@type\":\"WebPage\",\"@id\":\"https:\/\/blogs.thesocialmedia.com\/leblogmoto\/2008\/12\/23\/lavis-iconoclas\/\",\"url\":\"https:\/\/blogs.thesocialmedia.com\/leblogmoto\/2008\/12\/23\/lavis-iconoclas\/\",\"name\":\"L'avis iconoclaste d'un commissaire sur le danger des radars. - leblogmoto.com\",\"isPartOf\":{\"@id\":\"https:\/\/blogs.thesocialmedia.com\/leblogmoto\/#website\"},\"primaryImageOfPage\":{\"@id\":\"https:\/\/blogs.thesocialmedia.com\/leblogmoto\/2008\/12\/23\/lavis-iconoclas\/#primaryimage\"},\"image\":{\"@id\":\"https:\/\/blogs.thesocialmedia.com\/leblogmoto\/2008\/12\/23\/lavis-iconoclas\/#primaryimage\"},\"thumbnailUrl\":\"http:\/\/www.leblogmoto.com\/images\/2008\/12\/23\/moto_radars_2.jpg\",\"datePublished\":\"2008-12-23T23:40:56+00:00\",\"dateModified\":\"2012-07-11T16:44:59+00:00\",\"author\":{\"@id\":\"https:\/\/blogs.thesocialmedia.com\/leblogmoto\/#\/schema\/person\/18bfe773e5725ed6d24f743da805362a\"},\"breadcrumb\":{\"@id\":\"https:\/\/blogs.thesocialmedia.com\/leblogmoto\/2008\/12\/23\/lavis-iconoclas\/#breadcrumb\"},\"inLanguage\":\"fr-FR\",\"potentialAction\":[{\"@type\":\"ReadAction\",\"target\":[\"https:\/\/blogs.thesocialmedia.com\/leblogmoto\/2008\/12\/23\/lavis-iconoclas\/\"]}]},{\"@type\":\"ImageObject\",\"inLanguage\":\"fr-FR\",\"@id\":\"https:\/\/blogs.thesocialmedia.com\/leblogmoto\/2008\/12\/23\/lavis-iconoclas\/#primaryimage\",\"url\":\"http:\/\/www.leblogmoto.com\/images\/2008\/12\/23\/moto_radars_2.jpg\",\"contentUrl\":\"http:\/\/www.leblogmoto.com\/images\/2008\/12\/23\/moto_radars_2.jpg\"},{\"@type\":\"BreadcrumbList\",\"@id\":\"https:\/\/blogs.thesocialmedia.com\/leblogmoto\/2008\/12\/23\/lavis-iconoclas\/#breadcrumb\",\"itemListElement\":[{\"@type\":\"ListItem\",\"position\":1,\"name\":\"Accueil\",\"item\":\"https:\/\/blogs.thesocialmedia.com\/leblogmoto\/\"},{\"@type\":\"ListItem\",\"position\":2,\"name\":\"L&rsquo;avis iconoclaste d&rsquo;un commissaire sur le danger des radars.\"}]},{\"@type\":\"WebSite\",\"@id\":\"https:\/\/blogs.thesocialmedia.com\/leblogmoto\/#website\",\"url\":\"https:\/\/blogs.thesocialmedia.com\/leblogmoto\/\",\"name\":\"leblogmoto\",\"description\":\"Toute l&#039;actualit\u00e9 des 2 roues\",\"potentialAction\":[{\"@type\":\"SearchAction\",\"target\":{\"@type\":\"EntryPoint\",\"urlTemplate\":\"https:\/\/blogs.thesocialmedia.com\/leblogmoto\/?s={search_term_string}\"},\"query-input\":{\"@type\":\"PropertyValueSpecification\",\"valueRequired\":true,\"valueName\":\"search_term_string\"}}],\"inLanguage\":\"fr-FR\"},{\"@type\":\"Person\",\"@id\":\"https:\/\/blogs.thesocialmedia.com\/leblogmoto\/#\/schema\/person\/18bfe773e5725ed6d24f743da805362a\",\"name\":\"benoit rieu\",\"image\":{\"@type\":\"ImageObject\",\"inLanguage\":\"fr-FR\",\"@id\":\"https:\/\/blogs.thesocialmedia.com\/leblogmoto\/#\/schema\/person\/image\/\",\"url\":\"https:\/\/secure.gravatar.com\/avatar\/?s=96&d=mm&r=g\",\"contentUrl\":\"https:\/\/secure.gravatar.com\/avatar\/?s=96&d=mm&r=g\",\"caption\":\"benoit rieu\"},\"url\":\"https:\/\/blogs.thesocialmedia.com\/leblogmoto\/author\/benoit-rieu\/\"}]}<\/script>\n<!-- \/ Yoast SEO plugin. -->","yoast_head_json":{"title":"L'avis iconoclaste d'un commissaire sur le danger des radars. - leblogmoto.com","robots":{"index":"index","follow":"follow","max-snippet":"max-snippet:-1","max-image-preview":"max-image-preview:large","max-video-preview":"max-video-preview:-1"},"canonical":"https:\/\/blogs.thesocialmedia.com\/leblogmoto\/2008\/12\/23\/lavis-iconoclas\/","twitter_card":"summary_large_image","twitter_title":"L'avis iconoclaste d'un commissaire sur le danger des radars. - leblogmoto.com","twitter_description":"Enfin, danger &quot;suppos\u00e9&quot; en tout cas. Georges Mor\u00e9as est commissaire principal honoraire de la police nationale, et auteur de plusieurs livres, romans et sc\u00e9narios. En passant, l&rsquo;un de ses bouquins est dispo en t\u00e9l\u00e9chargement gratuit. Pour ce qui nous int\u00e9resse directement aujourd&rsquo;hui, il est \u00e9galement le r\u00e9dacteur depuis plus de deux ans de l&rsquo;excellent Police [&hellip;]","twitter_image":"http:\/\/www.leblogmoto.com\/images\/2008\/12\/23\/moto_radars_2.jpg","twitter_misc":{"\u00c9crit par":"benoit rieu","Dur\u00e9e de lecture estim\u00e9e":"1 minute"},"schema":{"@context":"https:\/\/schema.org","@graph":[{"@type":"WebPage","@id":"https:\/\/blogs.thesocialmedia.com\/leblogmoto\/2008\/12\/23\/lavis-iconoclas\/","url":"https:\/\/blogs.thesocialmedia.com\/leblogmoto\/2008\/12\/23\/lavis-iconoclas\/","name":"L'avis iconoclaste d'un commissaire sur le danger des radars. - leblogmoto.com","isPartOf":{"@id":"https:\/\/blogs.thesocialmedia.com\/leblogmoto\/#website"},"primaryImageOfPage":{"@id":"https:\/\/blogs.thesocialmedia.com\/leblogmoto\/2008\/12\/23\/lavis-iconoclas\/#primaryimage"},"image":{"@id":"https:\/\/blogs.thesocialmedia.com\/leblogmoto\/2008\/12\/23\/lavis-iconoclas\/#primaryimage"},"thumbnailUrl":"http:\/\/www.leblogmoto.com\/images\/2008\/12\/23\/moto_radars_2.jpg","datePublished":"2008-12-23T23:40:56+00:00","dateModified":"2012-07-11T16:44:59+00:00","author":{"@id":"https:\/\/blogs.thesocialmedia.com\/leblogmoto\/#\/schema\/person\/18bfe773e5725ed6d24f743da805362a"},"breadcrumb":{"@id":"https:\/\/blogs.thesocialmedia.com\/leblogmoto\/2008\/12\/23\/lavis-iconoclas\/#breadcrumb"},"inLanguage":"fr-FR","potentialAction":[{"@type":"ReadAction","target":["https:\/\/blogs.thesocialmedia.com\/leblogmoto\/2008\/12\/23\/lavis-iconoclas\/"]}]},{"@type":"ImageObject","inLanguage":"fr-FR","@id":"https:\/\/blogs.thesocialmedia.com\/leblogmoto\/2008\/12\/23\/lavis-iconoclas\/#primaryimage","url":"http:\/\/www.leblogmoto.com\/images\/2008\/12\/23\/moto_radars_2.jpg","contentUrl":"http:\/\/www.leblogmoto.com\/images\/2008\/12\/23\/moto_radars_2.jpg"},{"@type":"BreadcrumbList","@id":"https:\/\/blogs.thesocialmedia.com\/leblogmoto\/2008\/12\/23\/lavis-iconoclas\/#breadcrumb","itemListElement":[{"@type":"ListItem","position":1,"name":"Accueil","item":"https:\/\/blogs.thesocialmedia.com\/leblogmoto\/"},{"@type":"ListItem","position":2,"name":"L&rsquo;avis iconoclaste d&rsquo;un commissaire sur le danger des radars."}]},{"@type":"WebSite","@id":"https:\/\/blogs.thesocialmedia.com\/leblogmoto\/#website","url":"https:\/\/blogs.thesocialmedia.com\/leblogmoto\/","name":"leblogmoto","description":"Toute l&#039;actualit\u00e9 des 2 roues","potentialAction":[{"@type":"SearchAction","target":{"@type":"EntryPoint","urlTemplate":"https:\/\/blogs.thesocialmedia.com\/leblogmoto\/?s={search_term_string}"},"query-input":{"@type":"PropertyValueSpecification","valueRequired":true,"valueName":"search_term_string"}}],"inLanguage":"fr-FR"},{"@type":"Person","@id":"https:\/\/blogs.thesocialmedia.com\/leblogmoto\/#\/schema\/person\/18bfe773e5725ed6d24f743da805362a","name":"benoit rieu","image":{"@type":"ImageObject","inLanguage":"fr-FR","@id":"https:\/\/blogs.thesocialmedia.com\/leblogmoto\/#\/schema\/person\/image\/","url":"https:\/\/secure.gravatar.com\/avatar\/?s=96&d=mm&r=g","contentUrl":"https:\/\/secure.gravatar.com\/avatar\/?s=96&d=mm&r=g","caption":"benoit rieu"},"url":"https:\/\/blogs.thesocialmedia.com\/leblogmoto\/author\/benoit-rieu\/"}]}},"_links":{"self":[{"href":"https:\/\/blogs.thesocialmedia.com\/leblogmoto\/wp-json\/wp\/v2\/posts\/350","targetHints":{"allow":["GET"]}}],"collection":[{"href":"https:\/\/blogs.thesocialmedia.com\/leblogmoto\/wp-json\/wp\/v2\/posts"}],"about":[{"href":"https:\/\/blogs.thesocialmedia.com\/leblogmoto\/wp-json\/wp\/v2\/types\/post"}],"author":[{"embeddable":true,"href":"https:\/\/blogs.thesocialmedia.com\/leblogmoto\/wp-json\/wp\/v2\/users\/324"}],"replies":[{"embeddable":true,"href":"https:\/\/blogs.thesocialmedia.com\/leblogmoto\/wp-json\/wp\/v2\/comments?post=350"}],"version-history":[{"count":2,"href":"https:\/\/blogs.thesocialmedia.com\/leblogmoto\/wp-json\/wp\/v2\/posts\/350\/revisions"}],"predecessor-version":[{"id":12377,"href":"https:\/\/blogs.thesocialmedia.com\/leblogmoto\/wp-json\/wp\/v2\/posts\/350\/revisions\/12377"}],"wp:attachment":[{"href":"https:\/\/blogs.thesocialmedia.com\/leblogmoto\/wp-json\/wp\/v2\/media?parent=350"}],"wp:term":[{"taxonomy":"category","embeddable":true,"href":"https:\/\/blogs.thesocialmedia.com\/leblogmoto\/wp-json\/wp\/v2\/categories?post=350"},{"taxonomy":"post_tag","embeddable":true,"href":"https:\/\/blogs.thesocialmedia.com\/leblogmoto\/wp-json\/wp\/v2\/tags?post=350"}],"curies":[{"name":"wp","href":"https:\/\/api.w.org\/{rel}","templated":true}]}}