{"id":358,"date":"2008-12-17T20:32:55","date_gmt":"2008-12-17T20:32:55","guid":{"rendered":"http:\/\/blogs.thesocialmedia.com\/leblogmoto\/2008\/12\/17\/flavio-briatore\/"},"modified":"2012-07-11T16:43:44","modified_gmt":"2012-07-11T16:43:44","slug":"flavio-briatore","status":"publish","type":"post","link":"https:\/\/blogs.thesocialmedia.com\/leblogmoto\/2008\/12\/17\/flavio-briatore\/","title":{"rendered":"Quand Flavio Briatore juge son compatriote Valentino Rossi&#8230;"},"content":{"rendered":"<p><a href=\"http:\/\/blogs.thesocialmedia.com\/leblogmoto\/files\/2012\/07\/rossi_wales_1.jpg\"><img loading=\"lazy\" decoding=\"async\"  alt=\"Rossi_wales_1\" src=\"http:\/\/www.leblogmoto.com\/images\/2008\/12\/17\/rossi_wales_1.jpg\" width=\"470\" height=\"293\" \/><\/a> <\/p>\n<p>Flavio Briatore, directeur de Renault F1 Team, est tout autant connu pour son flair en affaires, que pour son management intraitable, notre <a href=\"http:\/\/www.leblogauto.com\/2008\/12\/prost-alesi-la-detente-sept-ans-apres.html\">Jean Alesi<\/a> l&rsquo;a ainsi tour \u00e0 tour qualifi\u00e9 de requin et de personne malhonn\u00eate. Normal, me direz-vous, pour quelqu&rsquo;un qui arborrait souvent une tr\u00e8s distingu\u00e9e dent de squale en pendentif. Sans parler de ses conqu\u00eates f\u00e9minines dont il pourrait tr\u00e8s bien \u00eatre le p\u00e8re, et \u00e0 ce train l\u00e0, bient\u00f4t le grand-p\u00e8re. A moins qu&rsquo;elle ne soient tomb\u00e9es amoureuses de l&rsquo;ombre tutellaire qui sied si bien \u00e0 cet ancien moniteur de ski. Pourtant, en dehors de ses ind\u00e9niables succ\u00e8s* en Formule 1 et du <em>sex appeal<\/em> que semble apporter un compte bancaire tr\u00e8s bien fourni, il y a des domaines o\u00f9 Flavio fait figure dans le coeur de nos voisins transalpins, de <em>bambino<\/em> en culotte courte. Notamment dans les domaines du charisme et des r\u00e9sultats obtenus sur la piste. Pour quelqu&rsquo;un qui n&rsquo;aime pas partager son pr\u00e9 carr\u00e9 (les quatre roues), il y a fort \u00e0 parier que le classieux homme aux lunettes aux verres bleus-violets solde quelques comptes dans cette r\u00e9cente <a href=\"http:\/\/en.f1-live.com\/f1\/en\/headlines\/news\/detail\/081202111704.shtml\">interview<\/a>. Consciemment ou pas. &quot;Je ne lui donnerais pas de voiture&quot; dit-il ainsi sans d\u00e9tour au quotidien <em>Il Riformista<\/em>.<\/p>\n<p><a href=\"http:\/\/clabedan.typepad.com\/.shared\/image.html?\/photos\/uncategorized\/2008\/12\/17\/rossi_wales_2.jpg\"><img loading=\"lazy\" decoding=\"async\"  alt=\"Rossi_wales_2\" src=\"http:\/\/www.leblogmoto.com\/images\/2008\/12\/17\/rossi_wales_2.jpg\" width=\"470\" height=\"293\" \/><\/a> <\/p>\n<p>La phrase est sans \u00e9quivoque. M\u00eame si le tout est envelopp\u00e9 d&rsquo;une gangue d&rsquo;in\u00e9vitables compliments sur son statut actuel en MotoGP: &quot;Il fait partie du monde des motos, l\u00e0-bas il est sans \u00e9gal et certains disent que le motoGP ne serait pas la moiti\u00e9 de ce qu&rsquo;il est aujourd&rsquo;hui sans lui&quot;. En r\u00e9sum\u00e9 qu&rsquo;il reste chez lui, il est tr\u00e8s bien l\u00e0 o\u00f9 il est.<\/p>\n<p>On est en droit de douter de la sinc\u00e9rit\u00e9 de la remarque quand on voit le nombre de pilotes payants en Formule 1 dont les aptitudes sont douteuses, et le comportement actuel de <a href=\"http:\/\/www.leblogauto.com\/2008\/11\/pas-de-changement-chez-renault-f1-en-2009.html\">Nelson Piquet<\/a> Jr. Un fils \u00e0 papa qui n&rsquo;est l\u00e0 que pour plaire au march\u00e9 Sud-am\u00e9ricain et dont Briatore (\u00d4 surprise) est le manager \u00e0 titre personnel, un pilote qui n&rsquo;a glan\u00e9 une seconde place (GP d&rsquo;Allemagne) que gr\u00e2ce \u00e0 l&rsquo;intervention miraculeuse du <em>safety car<\/em>, v\u00e9ritable <em>deus ex-machina.<\/em><\/p>\n<p><a href=\"http:\/\/clabedan.typepad.com\/.shared\/image.html?\/photos\/uncategorized\/2008\/12\/17\/flavio_briatore.jpg\"><img loading=\"lazy\" decoding=\"async\"  alt=\"Flavio_briatore\" src=\"http:\/\/www.leblogmoto.com\/images\/2008\/12\/17\/flavio_briatore.jpg\" width=\"470\" height=\"620\" \/><\/a> <\/p>\n<p>Pourtant le pilote moto que l&rsquo;on voit ici au Rallye Wales remport\u00e9 par Sebastien Loeb, n&rsquo;est pas du tout maladroit dans une voiture, si vous en doutez encore, lisez l&rsquo;<a href=\"http:\/\/www.lameuse.be\/sports\/moteur\/2008-12-09\/wales-rally-valentino-rossi-fait-unanimite-669185.shtml\">article<\/a> &quot;Au Wales, Rossi a fait l&rsquo;unanimit\u00e9&quot;, une \u00e9preuve qu&rsquo;il terminera en douzi\u00e8me position il ya quelques jours de cela. <\/p>\n<p>Briatore m\u00eame s&rsquo;il doute des comp\u00e9tences (pourtant bien r\u00e9elles) de Rossi au volant d&rsquo;une F1, affirme sans rire qu&rsquo;il est une <em>rock star<\/em> et que sa personnalit\u00e9 apporterait de la valeur ajout\u00e9e au Grand Cirque (surnom de la F1). Pour l&rsquo;instant, sa pr\u00e9sence dans un baquet de F1 s&rsquo;\u00e9value, comme nous l&rsquo;avions dit, en terme d&rsquo;image, et elle est <a href=\"http:\/\/www.leblogmoto.com\/2008\/11\/les-essais-de-r.html\">au b\u00e9n\u00e9fice de Fiat<\/a>.<\/p>\n<p>Mais on ne peut pas dire que son compatriote voit en lui le futur John Surtees**. C&rsquo;est dommage, car sans viser le titre de champion de la discipline, il y avait de quoi <a href=\"http:\/\/www.leblogmoto.com\/2007\/11\/un-pilote-moto-.html\">clouer le bec<\/a> \u00e0 Fernando Alonso.<\/p>\n<p><em>*sous sa direction, Benetton puis Renault ont remport\u00e9 trois titres de constructeurs; sans oublier dans les pilotes, les pointures qu&rsquo;il a fait signer d\u00e8s le d\u00e9but, ou r\u00e9ussi \u00e0 ramener au bercail.<\/em><\/p>\n<p><em>**le seul champion du monde en moto et Formule 1, sur Ferrari qui plus est, ce qui donnait aux tests de Rossi chez la firme de Mod\u00e8ne cette saveur si particuli\u00e8re.<\/em><\/p>\n<p><em>cr\u00e9dits photos: <a href=\"http:\/\/www.rossifumi.it\/\">Rossifumi<\/a> et Daily mail.<\/em><\/p>\n","protected":false},"excerpt":{"rendered":"<p>Flavio Briatore, directeur de Renault F1 Team, est tout autant connu pour son flair en affaires, que pour son management intraitable, notre Jean Alesi l&rsquo;a ainsi tour \u00e0 tour qualifi\u00e9 de requin et de personne malhonn\u00eate. Normal, me direz-vous, pour quelqu&rsquo;un qui arborrait souvent une tr\u00e8s distingu\u00e9e dent de squale en pendentif. Sans parler de [&hellip;]<\/p>\n","protected":false},"author":324,"featured_media":0,"comment_status":"open","ping_status":"open","sticky":false,"template":"","format":"standard","meta":{"footnotes":""},"categories":[3,22,32],"tags":[],"class_list":["post-358","post","type-post","status-publish","format-standard","hentry","category-actualite","category-motogp","category-sport-moto"],"yoast_head":"<!-- This site is optimized with the Yoast SEO plugin v26.0 - https:\/\/yoast.com\/wordpress\/plugins\/seo\/ -->\n<title>Quand Flavio Briatore juge son compatriote Valentino Rossi... - leblogmoto.com<\/title>\n<meta name=\"robots\" content=\"index, follow, max-snippet:-1, max-image-preview:large, max-video-preview:-1\" \/>\n<link rel=\"canonical\" href=\"https:\/\/blogs.thesocialmedia.com\/leblogmoto\/2008\/12\/17\/flavio-briatore\/\" \/>\n<meta name=\"twitter:card\" content=\"summary_large_image\" \/>\n<meta name=\"twitter:title\" content=\"Quand Flavio Briatore juge son compatriote Valentino Rossi... - leblogmoto.com\" \/>\n<meta name=\"twitter:description\" content=\"Flavio Briatore, directeur de Renault F1 Team, est tout autant connu pour son flair en affaires, que pour son management intraitable, notre Jean Alesi l&rsquo;a ainsi tour \u00e0 tour qualifi\u00e9 de requin et de personne malhonn\u00eate. Normal, me direz-vous, pour quelqu&rsquo;un qui arborrait souvent une tr\u00e8s distingu\u00e9e dent de squale en pendentif. Sans parler de [&hellip;]\" \/>\n<meta name=\"twitter:image\" content=\"http:\/\/www.leblogmoto.com\/images\/2008\/12\/17\/rossi_wales_1.jpg\" \/>\n<meta name=\"twitter:label1\" content=\"\u00c9crit par\" \/>\n\t<meta name=\"twitter:data1\" content=\"benoit rieu\" \/>\n\t<meta name=\"twitter:label2\" content=\"Dur\u00e9e de lecture estim\u00e9e\" \/>\n\t<meta name=\"twitter:data2\" content=\"3 minutes\" \/>\n<script type=\"application\/ld+json\" class=\"yoast-schema-graph\">{\"@context\":\"https:\/\/schema.org\",\"@graph\":[{\"@type\":\"WebPage\",\"@id\":\"https:\/\/blogs.thesocialmedia.com\/leblogmoto\/2008\/12\/17\/flavio-briatore\/\",\"url\":\"https:\/\/blogs.thesocialmedia.com\/leblogmoto\/2008\/12\/17\/flavio-briatore\/\",\"name\":\"Quand Flavio Briatore juge son compatriote Valentino Rossi... - leblogmoto.com\",\"isPartOf\":{\"@id\":\"https:\/\/blogs.thesocialmedia.com\/leblogmoto\/#website\"},\"primaryImageOfPage\":{\"@id\":\"https:\/\/blogs.thesocialmedia.com\/leblogmoto\/2008\/12\/17\/flavio-briatore\/#primaryimage\"},\"image\":{\"@id\":\"https:\/\/blogs.thesocialmedia.com\/leblogmoto\/2008\/12\/17\/flavio-briatore\/#primaryimage\"},\"thumbnailUrl\":\"http:\/\/www.leblogmoto.com\/images\/2008\/12\/17\/rossi_wales_1.jpg\",\"datePublished\":\"2008-12-17T20:32:55+00:00\",\"dateModified\":\"2012-07-11T16:43:44+00:00\",\"author\":{\"@id\":\"https:\/\/blogs.thesocialmedia.com\/leblogmoto\/#\/schema\/person\/18bfe773e5725ed6d24f743da805362a\"},\"breadcrumb\":{\"@id\":\"https:\/\/blogs.thesocialmedia.com\/leblogmoto\/2008\/12\/17\/flavio-briatore\/#breadcrumb\"},\"inLanguage\":\"fr-FR\",\"potentialAction\":[{\"@type\":\"ReadAction\",\"target\":[\"https:\/\/blogs.thesocialmedia.com\/leblogmoto\/2008\/12\/17\/flavio-briatore\/\"]}]},{\"@type\":\"ImageObject\",\"inLanguage\":\"fr-FR\",\"@id\":\"https:\/\/blogs.thesocialmedia.com\/leblogmoto\/2008\/12\/17\/flavio-briatore\/#primaryimage\",\"url\":\"http:\/\/www.leblogmoto.com\/images\/2008\/12\/17\/rossi_wales_1.jpg\",\"contentUrl\":\"http:\/\/www.leblogmoto.com\/images\/2008\/12\/17\/rossi_wales_1.jpg\"},{\"@type\":\"BreadcrumbList\",\"@id\":\"https:\/\/blogs.thesocialmedia.com\/leblogmoto\/2008\/12\/17\/flavio-briatore\/#breadcrumb\",\"itemListElement\":[{\"@type\":\"ListItem\",\"position\":1,\"name\":\"Accueil\",\"item\":\"https:\/\/blogs.thesocialmedia.com\/leblogmoto\/\"},{\"@type\":\"ListItem\",\"position\":2,\"name\":\"Quand Flavio Briatore juge son compatriote Valentino Rossi&#8230;\"}]},{\"@type\":\"WebSite\",\"@id\":\"https:\/\/blogs.thesocialmedia.com\/leblogmoto\/#website\",\"url\":\"https:\/\/blogs.thesocialmedia.com\/leblogmoto\/\",\"name\":\"leblogmoto\",\"description\":\"Toute l&#039;actualit\u00e9 des 2 roues\",\"potentialAction\":[{\"@type\":\"SearchAction\",\"target\":{\"@type\":\"EntryPoint\",\"urlTemplate\":\"https:\/\/blogs.thesocialmedia.com\/leblogmoto\/?s={search_term_string}\"},\"query-input\":{\"@type\":\"PropertyValueSpecification\",\"valueRequired\":true,\"valueName\":\"search_term_string\"}}],\"inLanguage\":\"fr-FR\"},{\"@type\":\"Person\",\"@id\":\"https:\/\/blogs.thesocialmedia.com\/leblogmoto\/#\/schema\/person\/18bfe773e5725ed6d24f743da805362a\",\"name\":\"benoit rieu\",\"image\":{\"@type\":\"ImageObject\",\"inLanguage\":\"fr-FR\",\"@id\":\"https:\/\/blogs.thesocialmedia.com\/leblogmoto\/#\/schema\/person\/image\/\",\"url\":\"https:\/\/secure.gravatar.com\/avatar\/?s=96&d=mm&r=g\",\"contentUrl\":\"https:\/\/secure.gravatar.com\/avatar\/?s=96&d=mm&r=g\",\"caption\":\"benoit rieu\"},\"url\":\"https:\/\/blogs.thesocialmedia.com\/leblogmoto\/author\/benoit-rieu\/\"}]}<\/script>\n<!-- \/ Yoast SEO plugin. -->","yoast_head_json":{"title":"Quand Flavio Briatore juge son compatriote Valentino Rossi... - leblogmoto.com","robots":{"index":"index","follow":"follow","max-snippet":"max-snippet:-1","max-image-preview":"max-image-preview:large","max-video-preview":"max-video-preview:-1"},"canonical":"https:\/\/blogs.thesocialmedia.com\/leblogmoto\/2008\/12\/17\/flavio-briatore\/","twitter_card":"summary_large_image","twitter_title":"Quand Flavio Briatore juge son compatriote Valentino Rossi... - leblogmoto.com","twitter_description":"Flavio Briatore, directeur de Renault F1 Team, est tout autant connu pour son flair en affaires, que pour son management intraitable, notre Jean Alesi l&rsquo;a ainsi tour \u00e0 tour qualifi\u00e9 de requin et de personne malhonn\u00eate. Normal, me direz-vous, pour quelqu&rsquo;un qui arborrait souvent une tr\u00e8s distingu\u00e9e dent de squale en pendentif. Sans parler de [&hellip;]","twitter_image":"http:\/\/www.leblogmoto.com\/images\/2008\/12\/17\/rossi_wales_1.jpg","twitter_misc":{"\u00c9crit par":"benoit rieu","Dur\u00e9e de lecture estim\u00e9e":"3 minutes"},"schema":{"@context":"https:\/\/schema.org","@graph":[{"@type":"WebPage","@id":"https:\/\/blogs.thesocialmedia.com\/leblogmoto\/2008\/12\/17\/flavio-briatore\/","url":"https:\/\/blogs.thesocialmedia.com\/leblogmoto\/2008\/12\/17\/flavio-briatore\/","name":"Quand Flavio Briatore juge son compatriote Valentino Rossi... - leblogmoto.com","isPartOf":{"@id":"https:\/\/blogs.thesocialmedia.com\/leblogmoto\/#website"},"primaryImageOfPage":{"@id":"https:\/\/blogs.thesocialmedia.com\/leblogmoto\/2008\/12\/17\/flavio-briatore\/#primaryimage"},"image":{"@id":"https:\/\/blogs.thesocialmedia.com\/leblogmoto\/2008\/12\/17\/flavio-briatore\/#primaryimage"},"thumbnailUrl":"http:\/\/www.leblogmoto.com\/images\/2008\/12\/17\/rossi_wales_1.jpg","datePublished":"2008-12-17T20:32:55+00:00","dateModified":"2012-07-11T16:43:44+00:00","author":{"@id":"https:\/\/blogs.thesocialmedia.com\/leblogmoto\/#\/schema\/person\/18bfe773e5725ed6d24f743da805362a"},"breadcrumb":{"@id":"https:\/\/blogs.thesocialmedia.com\/leblogmoto\/2008\/12\/17\/flavio-briatore\/#breadcrumb"},"inLanguage":"fr-FR","potentialAction":[{"@type":"ReadAction","target":["https:\/\/blogs.thesocialmedia.com\/leblogmoto\/2008\/12\/17\/flavio-briatore\/"]}]},{"@type":"ImageObject","inLanguage":"fr-FR","@id":"https:\/\/blogs.thesocialmedia.com\/leblogmoto\/2008\/12\/17\/flavio-briatore\/#primaryimage","url":"http:\/\/www.leblogmoto.com\/images\/2008\/12\/17\/rossi_wales_1.jpg","contentUrl":"http:\/\/www.leblogmoto.com\/images\/2008\/12\/17\/rossi_wales_1.jpg"},{"@type":"BreadcrumbList","@id":"https:\/\/blogs.thesocialmedia.com\/leblogmoto\/2008\/12\/17\/flavio-briatore\/#breadcrumb","itemListElement":[{"@type":"ListItem","position":1,"name":"Accueil","item":"https:\/\/blogs.thesocialmedia.com\/leblogmoto\/"},{"@type":"ListItem","position":2,"name":"Quand Flavio Briatore juge son compatriote Valentino Rossi&#8230;"}]},{"@type":"WebSite","@id":"https:\/\/blogs.thesocialmedia.com\/leblogmoto\/#website","url":"https:\/\/blogs.thesocialmedia.com\/leblogmoto\/","name":"leblogmoto","description":"Toute l&#039;actualit\u00e9 des 2 roues","potentialAction":[{"@type":"SearchAction","target":{"@type":"EntryPoint","urlTemplate":"https:\/\/blogs.thesocialmedia.com\/leblogmoto\/?s={search_term_string}"},"query-input":{"@type":"PropertyValueSpecification","valueRequired":true,"valueName":"search_term_string"}}],"inLanguage":"fr-FR"},{"@type":"Person","@id":"https:\/\/blogs.thesocialmedia.com\/leblogmoto\/#\/schema\/person\/18bfe773e5725ed6d24f743da805362a","name":"benoit rieu","image":{"@type":"ImageObject","inLanguage":"fr-FR","@id":"https:\/\/blogs.thesocialmedia.com\/leblogmoto\/#\/schema\/person\/image\/","url":"https:\/\/secure.gravatar.com\/avatar\/?s=96&d=mm&r=g","contentUrl":"https:\/\/secure.gravatar.com\/avatar\/?s=96&d=mm&r=g","caption":"benoit rieu"},"url":"https:\/\/blogs.thesocialmedia.com\/leblogmoto\/author\/benoit-rieu\/"}]}},"_links":{"self":[{"href":"https:\/\/blogs.thesocialmedia.com\/leblogmoto\/wp-json\/wp\/v2\/posts\/358","targetHints":{"allow":["GET"]}}],"collection":[{"href":"https:\/\/blogs.thesocialmedia.com\/leblogmoto\/wp-json\/wp\/v2\/posts"}],"about":[{"href":"https:\/\/blogs.thesocialmedia.com\/leblogmoto\/wp-json\/wp\/v2\/types\/post"}],"author":[{"embeddable":true,"href":"https:\/\/blogs.thesocialmedia.com\/leblogmoto\/wp-json\/wp\/v2\/users\/324"}],"replies":[{"embeddable":true,"href":"https:\/\/blogs.thesocialmedia.com\/leblogmoto\/wp-json\/wp\/v2\/comments?post=358"}],"version-history":[{"count":2,"href":"https:\/\/blogs.thesocialmedia.com\/leblogmoto\/wp-json\/wp\/v2\/posts\/358\/revisions"}],"predecessor-version":[{"id":12343,"href":"https:\/\/blogs.thesocialmedia.com\/leblogmoto\/wp-json\/wp\/v2\/posts\/358\/revisions\/12343"}],"wp:attachment":[{"href":"https:\/\/blogs.thesocialmedia.com\/leblogmoto\/wp-json\/wp\/v2\/media?parent=358"}],"wp:term":[{"taxonomy":"category","embeddable":true,"href":"https:\/\/blogs.thesocialmedia.com\/leblogmoto\/wp-json\/wp\/v2\/categories?post=358"},{"taxonomy":"post_tag","embeddable":true,"href":"https:\/\/blogs.thesocialmedia.com\/leblogmoto\/wp-json\/wp\/v2\/tags?post=358"}],"curies":[{"name":"wp","href":"https:\/\/api.w.org\/{rel}","templated":true}]}}