{"id":36,"date":"2009-11-03T20:24:00","date_gmt":"2009-11-03T20:24:00","guid":{"rendered":"http:\/\/blogs.thesocialmedia.com\/leblogmoto\/2009\/11\/03\/ktm-super-duke-special-montreal\/"},"modified":"2012-07-11T17:41:26","modified_gmt":"2012-07-11T17:41:26","slug":"ktm-super-duke-special-montreal","status":"publish","type":"post","link":"https:\/\/blogs.thesocialmedia.com\/leblogmoto\/2009\/11\/03\/ktm-super-duke-special-montreal\/","title":{"rendered":"KTM Super Duke &#8211; Sp\u00e9cial Montr\u00e9al"},"content":{"rendered":"<p><a href=\"http:\/\/blogs.thesocialmedia.com\/leblogmoto\/files\/2012\/07\/6a00d83451b18369e20120a69a46e1970c-popup.png\"><img decoding=\"async\" alt=\"Duc\" class=\"asset asset-image at-xid-6a00d83451b18369e20120a69a46e1970c \" src=\"http:\/\/blogs.thesocialmedia.com\/leblogmoto\/files\/2012\/07\/6a00d83451b18369e20120a69a46e1970c-500wi.jpg\" style=\"width: 470px\" \/><\/a>  <\/p>\n<p>L\u2019oisivet\u00e9 engendre bien des maux, m\u00eame si parfois certains maux, comme cette foutue grippe qui m\u2019attache devant mon ordinateur \u00e0 la maison, faute de mieux, peut provoquer le d\u00e9s\u0153uvrement. Suffit d\u2019y ajouter un peu de fi\u00e8vre et l\u2019esprit s\u2019emballe, avec le d\u00e9lire jamais bien loin. Mais je pr\u00e9f\u00e8re parler d\u2019euphorie, comme celle qui m\u2019a amen\u00e9 \u00e0 perdre quelques heures de cette journ\u00e9e de cong\u00e9 forc\u00e9, pour mettre en pixels la vision que mon esprit congestionn\u00e9 et lancinant a fait surgir.<br \/>Tout a d\u00e9but\u00e9 <a href=\"http:\/\/blogs.thesocialmedia.com\/leblogmoto\/files\/2012\/07\/essai-ktm-super-duke.html_.png\">en septembre avec l\u2019essai<\/a> de la <a href=\"http:\/\/www.ktm.com\/990-Super-Duke.46.7.html\">Super Duke de KTM<\/a>. Une moto urbaine de caract\u00e8re et avec de bien belles qualit\u00e9s, mais dont l\u2019esth\u00e9tisme me laissait plus que froid.<\/p>\n<p> J\u2019ai donc entrepris une op\u00e9ration d\u2019effeuillage, enlevant les machins que les designers se croient oblig\u00e9s d\u2019ajouter sous pr\u00e9texte de quelconques justifications. Comme si l\u2019essence d\u2019une moto prenait sa source dans un ajout en plastique ou dans la couleur du r\u00e9tro \u00e9clairage du bloc d\u2019instrumentation. Pour leur d\u00e9fense, ils doivent composer avec les imp\u00e9ratifs commerciaux de la marque, les diverses r\u00e9glementations et la couleur pr\u00e9f\u00e9r\u00e9e du patron.<br \/>Et comme il est toujours plus simple d\u2019en enlever que d\u2019en rajouter (c\u2019est pour \u00e7a que les designers travaillent de longues heures et sont indispensables), ma t\u00e2che est simple, mettre au rebut ce qui ne me pla\u00eet pas.<\/p>\n<p><a href=\"http:\/\/clabedan.typepad.com\/.a\/6a00d83451b18369e20120a69a4745970c-popup\"><img decoding=\"async\" alt=\"Duc1\" class=\"asset asset-image at-xid-6a00d83451b18369e20120a69a4745970c \" src=\"http:\/\/blogs.thesocialmedia.com\/leblogmoto\/files\/2012\/07\/6a00d83451b18369e20120a69a4745970c-500wi.jpg\" style=\"width: 470px\" \/><\/a> <\/p>\n<p>Premi\u00e8re \u00e9tape, le phare&#160;: Vous pouvez m\u2019accuser de nostalgie, d\u2019\u00eatre un vieux r\u00e9actionnaire n\u2019y comprenant rien, et c\u2019est peut-\u00eatre vrai, mais j\u2019assume enti\u00e8rement cette incompr\u00e9hension devant le style de phare sur les motos r\u00e9centes. Un bon gros phare rond peut tr\u00e8s bien s\u2019acquitter du travail, c\u2019est l\u2019\u0153il qui compte, pas le maquillage autour.<br \/>Deuxi\u00e8me \u00e9tape, les panneaux&#160;: Le jour o\u00f9 les motos pourront s\u2019arracher \u00e0 la gravit\u00e9 sans que ce ne soit d\u00fb qu\u2019\u00e0 la perte de contr\u00f4le de son pilote, les volets auront alors une utilit\u00e9 certaine, mais pour l\u2019instant, ce n\u2019est que de la d\u00e9coration, une figure de style. Au recyclage ce plastique, car avec un si beau moteur, pourquoi le cacher?<br \/>Troisi\u00e8me \u00e9tape, l\u2019\u00e9chappement&#160;: Le principal probl\u00e8me du Duc est son \u00e9chappement. \u00c0 quoi bon donner l\u2019illusion d\u2019une deuxi\u00e8me place sur la selle si celle-ci s\u2019av\u00e8re impraticable? Qui s\u2019y frotte s\u2019y br\u00fble, et esth\u00e9tiquement parlant, l\u2019ensemble n\u2019est pas tr\u00e8s \u00e9l\u00e9gant, trop coinc\u00e9 dans son coin, les fesses serr\u00e9s, l\u2019arri\u00e8re du Super Duke semble constip\u00e9. On d\u00e9gage le tout en supprimant la partie passager, inutile de toute fa\u00e7on, et on remplace les pots d\u2019origine par des&#160;<a href=\"http:\/\/www.akrapovic.com\/motorcycle-exhaust\/\">Akrapovic<\/a> suspendus, permettant ainsi de les admirer.\u00c9videmment, d\u00e9pouill\u00e9 ainsi, ce n\u2019est plus un Super Duke, mais une moto g\u00e9n\u00e9rique, sans trait de caract\u00e8res particuliers, une moto noire toute simple, comme la petite robe du m\u00eame nom, mais quand ce qu\u2019il y a dessous est splendide, cet emballage minimaliste acqui\u00e8re une tout autre \u00e9loquence.<br \/>Voil\u00e0, ma journ\u00e9e de cong\u00e9 grippal \u00e0 fait d\u2019un Super Duc, une simple duchesse. Mais comme la royaut\u00e9 n\u2019est plus ce qu\u2019elle \u00e9tait, autant y racler le fond dans l\u2019espoir d\u2019y ramasser les p\u00e9pites qui s\u2019y trouvent encore, plut\u00f4t que de se contenter de la dilution flottant en perdition en surface.<\/p>\n<p><a href=\"http:\/\/clabedan.typepad.com\/.a\/6a00d83451b18369e20120a644db04970b-popup\"><img decoding=\"async\" alt=\"Duc2\" class=\"asset asset-image at-xid-6a00d83451b18369e20120a644db04970b \" src=\"http:\/\/blogs.thesocialmedia.com\/leblogmoto\/files\/2012\/07\/6a00d83451b18369e20120a644db04970b-500wi.jpg\" style=\"width: 470px\" \/><\/a> <\/p>\n","protected":false},"excerpt":{"rendered":"<p>L\u2019oisivet\u00e9 engendre bien des maux, m\u00eame si parfois certains maux, comme cette foutue grippe qui m\u2019attache devant mon ordinateur \u00e0 la maison, faute de mieux, peut provoquer le d\u00e9s\u0153uvrement. Suffit d\u2019y ajouter un peu de fi\u00e8vre et l\u2019esprit s\u2019emballe, avec le d\u00e9lire jamais bien loin. Mais je pr\u00e9f\u00e8re parler d\u2019euphorie, comme celle qui m\u2019a amen\u00e9 [&hellip;]<\/p>\n","protected":false},"author":325,"featured_media":14288,"comment_status":"open","ping_status":"open","sticky":false,"template":"","format":"standard","meta":{"footnotes":""},"categories":[38,39],"tags":[],"class_list":["post-36","post","type-post","status-publish","format-standard","has-post-thumbnail","hentry","category-atelier","category-ktm"],"yoast_head":"<!-- This site is optimized with the Yoast SEO plugin v26.0 - https:\/\/yoast.com\/wordpress\/plugins\/seo\/ -->\n<title>KTM Super Duke - Sp\u00e9cial Montr\u00e9al - leblogmoto.com<\/title>\n<meta name=\"robots\" content=\"index, follow, max-snippet:-1, max-image-preview:large, max-video-preview:-1\" \/>\n<link rel=\"canonical\" href=\"https:\/\/blogs.thesocialmedia.com\/leblogmoto\/2009\/11\/03\/ktm-super-duke-special-montreal\/\" \/>\n<meta name=\"twitter:card\" content=\"summary_large_image\" \/>\n<meta name=\"twitter:title\" content=\"KTM Super Duke - Sp\u00e9cial Montr\u00e9al - leblogmoto.com\" \/>\n<meta name=\"twitter:description\" content=\"L\u2019oisivet\u00e9 engendre bien des maux, m\u00eame si parfois certains maux, comme cette foutue grippe qui m\u2019attache devant mon ordinateur \u00e0 la maison, faute de mieux, peut provoquer le d\u00e9s\u0153uvrement. Suffit d\u2019y ajouter un peu de fi\u00e8vre et l\u2019esprit s\u2019emballe, avec le d\u00e9lire jamais bien loin. Mais je pr\u00e9f\u00e8re parler d\u2019euphorie, comme celle qui m\u2019a amen\u00e9 [&hellip;]\" \/>\n<meta name=\"twitter:image\" content=\"https:\/\/blogs.thesocialmedia.com\/leblogmoto\/files\/2012\/07\/6a00d83451b18369e20120a69a46e1970c-500wi.jpg\" \/>\n<meta name=\"twitter:label1\" content=\"\u00c9crit par\" \/>\n\t<meta name=\"twitter:data1\" content=\"jacques lesage\" \/>\n\t<meta name=\"twitter:label2\" content=\"Dur\u00e9e de lecture estim\u00e9e\" \/>\n\t<meta name=\"twitter:data2\" content=\"3 minutes\" \/>\n<script type=\"application\/ld+json\" class=\"yoast-schema-graph\">{\"@context\":\"https:\/\/schema.org\",\"@graph\":[{\"@type\":\"WebPage\",\"@id\":\"https:\/\/blogs.thesocialmedia.com\/leblogmoto\/2009\/11\/03\/ktm-super-duke-special-montreal\/\",\"url\":\"https:\/\/blogs.thesocialmedia.com\/leblogmoto\/2009\/11\/03\/ktm-super-duke-special-montreal\/\",\"name\":\"KTM Super Duke - Sp\u00e9cial Montr\u00e9al - leblogmoto.com\",\"isPartOf\":{\"@id\":\"https:\/\/blogs.thesocialmedia.com\/leblogmoto\/#website\"},\"primaryImageOfPage\":{\"@id\":\"https:\/\/blogs.thesocialmedia.com\/leblogmoto\/2009\/11\/03\/ktm-super-duke-special-montreal\/#primaryimage\"},\"image\":{\"@id\":\"https:\/\/blogs.thesocialmedia.com\/leblogmoto\/2009\/11\/03\/ktm-super-duke-special-montreal\/#primaryimage\"},\"thumbnailUrl\":\"https:\/\/blogs.thesocialmedia.com\/leblogmoto\/files\/2012\/07\/6a00d83451b18369e20120a69a46e1970c-500wi.jpg\",\"datePublished\":\"2009-11-03T20:24:00+00:00\",\"dateModified\":\"2012-07-11T17:41:26+00:00\",\"author\":{\"@id\":\"https:\/\/blogs.thesocialmedia.com\/leblogmoto\/#\/schema\/person\/e82a0ca8a9a63d031586097a3ed58526\"},\"breadcrumb\":{\"@id\":\"https:\/\/blogs.thesocialmedia.com\/leblogmoto\/2009\/11\/03\/ktm-super-duke-special-montreal\/#breadcrumb\"},\"inLanguage\":\"fr-FR\",\"potentialAction\":[{\"@type\":\"ReadAction\",\"target\":[\"https:\/\/blogs.thesocialmedia.com\/leblogmoto\/2009\/11\/03\/ktm-super-duke-special-montreal\/\"]}]},{\"@type\":\"ImageObject\",\"inLanguage\":\"fr-FR\",\"@id\":\"https:\/\/blogs.thesocialmedia.com\/leblogmoto\/2009\/11\/03\/ktm-super-duke-special-montreal\/#primaryimage\",\"url\":\"https:\/\/blogs.thesocialmedia.com\/leblogmoto\/files\/2012\/07\/6a00d83451b18369e20120a69a46e1970c-500wi.jpg\",\"contentUrl\":\"https:\/\/blogs.thesocialmedia.com\/leblogmoto\/files\/2012\/07\/6a00d83451b18369e20120a69a46e1970c-500wi.jpg\",\"width\":\"500\",\"height\":\"753\"},{\"@type\":\"BreadcrumbList\",\"@id\":\"https:\/\/blogs.thesocialmedia.com\/leblogmoto\/2009\/11\/03\/ktm-super-duke-special-montreal\/#breadcrumb\",\"itemListElement\":[{\"@type\":\"ListItem\",\"position\":1,\"name\":\"Accueil\",\"item\":\"https:\/\/blogs.thesocialmedia.com\/leblogmoto\/\"},{\"@type\":\"ListItem\",\"position\":2,\"name\":\"KTM Super Duke &#8211; Sp\u00e9cial Montr\u00e9al\"}]},{\"@type\":\"WebSite\",\"@id\":\"https:\/\/blogs.thesocialmedia.com\/leblogmoto\/#website\",\"url\":\"https:\/\/blogs.thesocialmedia.com\/leblogmoto\/\",\"name\":\"leblogmoto\",\"description\":\"Toute l&#039;actualit\u00e9 des 2 roues\",\"potentialAction\":[{\"@type\":\"SearchAction\",\"target\":{\"@type\":\"EntryPoint\",\"urlTemplate\":\"https:\/\/blogs.thesocialmedia.com\/leblogmoto\/?s={search_term_string}\"},\"query-input\":{\"@type\":\"PropertyValueSpecification\",\"valueRequired\":true,\"valueName\":\"search_term_string\"}}],\"inLanguage\":\"fr-FR\"},{\"@type\":\"Person\",\"@id\":\"https:\/\/blogs.thesocialmedia.com\/leblogmoto\/#\/schema\/person\/e82a0ca8a9a63d031586097a3ed58526\",\"name\":\"jacques lesage\",\"image\":{\"@type\":\"ImageObject\",\"inLanguage\":\"fr-FR\",\"@id\":\"https:\/\/blogs.thesocialmedia.com\/leblogmoto\/#\/schema\/person\/image\/\",\"url\":\"https:\/\/secure.gravatar.com\/avatar\/?s=96&d=mm&r=g\",\"contentUrl\":\"https:\/\/secure.gravatar.com\/avatar\/?s=96&d=mm&r=g\",\"caption\":\"jacques lesage\"},\"url\":\"https:\/\/blogs.thesocialmedia.com\/leblogmoto\/author\/jacques-lesage\/\"}]}<\/script>\n<!-- \/ Yoast SEO plugin. -->","yoast_head_json":{"title":"KTM Super Duke - Sp\u00e9cial Montr\u00e9al - leblogmoto.com","robots":{"index":"index","follow":"follow","max-snippet":"max-snippet:-1","max-image-preview":"max-image-preview:large","max-video-preview":"max-video-preview:-1"},"canonical":"https:\/\/blogs.thesocialmedia.com\/leblogmoto\/2009\/11\/03\/ktm-super-duke-special-montreal\/","twitter_card":"summary_large_image","twitter_title":"KTM Super Duke - Sp\u00e9cial Montr\u00e9al - leblogmoto.com","twitter_description":"L\u2019oisivet\u00e9 engendre bien des maux, m\u00eame si parfois certains maux, comme cette foutue grippe qui m\u2019attache devant mon ordinateur \u00e0 la maison, faute de mieux, peut provoquer le d\u00e9s\u0153uvrement. Suffit d\u2019y ajouter un peu de fi\u00e8vre et l\u2019esprit s\u2019emballe, avec le d\u00e9lire jamais bien loin. Mais je pr\u00e9f\u00e8re parler d\u2019euphorie, comme celle qui m\u2019a amen\u00e9 [&hellip;]","twitter_image":"https:\/\/blogs.thesocialmedia.com\/leblogmoto\/files\/2012\/07\/6a00d83451b18369e20120a69a46e1970c-500wi.jpg","twitter_misc":{"\u00c9crit par":"jacques lesage","Dur\u00e9e de lecture estim\u00e9e":"3 minutes"},"schema":{"@context":"https:\/\/schema.org","@graph":[{"@type":"WebPage","@id":"https:\/\/blogs.thesocialmedia.com\/leblogmoto\/2009\/11\/03\/ktm-super-duke-special-montreal\/","url":"https:\/\/blogs.thesocialmedia.com\/leblogmoto\/2009\/11\/03\/ktm-super-duke-special-montreal\/","name":"KTM Super Duke - Sp\u00e9cial Montr\u00e9al - leblogmoto.com","isPartOf":{"@id":"https:\/\/blogs.thesocialmedia.com\/leblogmoto\/#website"},"primaryImageOfPage":{"@id":"https:\/\/blogs.thesocialmedia.com\/leblogmoto\/2009\/11\/03\/ktm-super-duke-special-montreal\/#primaryimage"},"image":{"@id":"https:\/\/blogs.thesocialmedia.com\/leblogmoto\/2009\/11\/03\/ktm-super-duke-special-montreal\/#primaryimage"},"thumbnailUrl":"https:\/\/blogs.thesocialmedia.com\/leblogmoto\/files\/2012\/07\/6a00d83451b18369e20120a69a46e1970c-500wi.jpg","datePublished":"2009-11-03T20:24:00+00:00","dateModified":"2012-07-11T17:41:26+00:00","author":{"@id":"https:\/\/blogs.thesocialmedia.com\/leblogmoto\/#\/schema\/person\/e82a0ca8a9a63d031586097a3ed58526"},"breadcrumb":{"@id":"https:\/\/blogs.thesocialmedia.com\/leblogmoto\/2009\/11\/03\/ktm-super-duke-special-montreal\/#breadcrumb"},"inLanguage":"fr-FR","potentialAction":[{"@type":"ReadAction","target":["https:\/\/blogs.thesocialmedia.com\/leblogmoto\/2009\/11\/03\/ktm-super-duke-special-montreal\/"]}]},{"@type":"ImageObject","inLanguage":"fr-FR","@id":"https:\/\/blogs.thesocialmedia.com\/leblogmoto\/2009\/11\/03\/ktm-super-duke-special-montreal\/#primaryimage","url":"https:\/\/blogs.thesocialmedia.com\/leblogmoto\/files\/2012\/07\/6a00d83451b18369e20120a69a46e1970c-500wi.jpg","contentUrl":"https:\/\/blogs.thesocialmedia.com\/leblogmoto\/files\/2012\/07\/6a00d83451b18369e20120a69a46e1970c-500wi.jpg","width":"500","height":"753"},{"@type":"BreadcrumbList","@id":"https:\/\/blogs.thesocialmedia.com\/leblogmoto\/2009\/11\/03\/ktm-super-duke-special-montreal\/#breadcrumb","itemListElement":[{"@type":"ListItem","position":1,"name":"Accueil","item":"https:\/\/blogs.thesocialmedia.com\/leblogmoto\/"},{"@type":"ListItem","position":2,"name":"KTM Super Duke &#8211; Sp\u00e9cial Montr\u00e9al"}]},{"@type":"WebSite","@id":"https:\/\/blogs.thesocialmedia.com\/leblogmoto\/#website","url":"https:\/\/blogs.thesocialmedia.com\/leblogmoto\/","name":"leblogmoto","description":"Toute l&#039;actualit\u00e9 des 2 roues","potentialAction":[{"@type":"SearchAction","target":{"@type":"EntryPoint","urlTemplate":"https:\/\/blogs.thesocialmedia.com\/leblogmoto\/?s={search_term_string}"},"query-input":{"@type":"PropertyValueSpecification","valueRequired":true,"valueName":"search_term_string"}}],"inLanguage":"fr-FR"},{"@type":"Person","@id":"https:\/\/blogs.thesocialmedia.com\/leblogmoto\/#\/schema\/person\/e82a0ca8a9a63d031586097a3ed58526","name":"jacques lesage","image":{"@type":"ImageObject","inLanguage":"fr-FR","@id":"https:\/\/blogs.thesocialmedia.com\/leblogmoto\/#\/schema\/person\/image\/","url":"https:\/\/secure.gravatar.com\/avatar\/?s=96&d=mm&r=g","contentUrl":"https:\/\/secure.gravatar.com\/avatar\/?s=96&d=mm&r=g","caption":"jacques lesage"},"url":"https:\/\/blogs.thesocialmedia.com\/leblogmoto\/author\/jacques-lesage\/"}]}},"_links":{"self":[{"href":"https:\/\/blogs.thesocialmedia.com\/leblogmoto\/wp-json\/wp\/v2\/posts\/36","targetHints":{"allow":["GET"]}}],"collection":[{"href":"https:\/\/blogs.thesocialmedia.com\/leblogmoto\/wp-json\/wp\/v2\/posts"}],"about":[{"href":"https:\/\/blogs.thesocialmedia.com\/leblogmoto\/wp-json\/wp\/v2\/types\/post"}],"author":[{"embeddable":true,"href":"https:\/\/blogs.thesocialmedia.com\/leblogmoto\/wp-json\/wp\/v2\/users\/325"}],"replies":[{"embeddable":true,"href":"https:\/\/blogs.thesocialmedia.com\/leblogmoto\/wp-json\/wp\/v2\/comments?post=36"}],"version-history":[{"count":2,"href":"https:\/\/blogs.thesocialmedia.com\/leblogmoto\/wp-json\/wp\/v2\/posts\/36\/revisions"}],"predecessor-version":[{"id":14292,"href":"https:\/\/blogs.thesocialmedia.com\/leblogmoto\/wp-json\/wp\/v2\/posts\/36\/revisions\/14292"}],"wp:featuredmedia":[{"embeddable":true,"href":"https:\/\/blogs.thesocialmedia.com\/leblogmoto\/wp-json\/wp\/v2\/media\/14288"}],"wp:attachment":[{"href":"https:\/\/blogs.thesocialmedia.com\/leblogmoto\/wp-json\/wp\/v2\/media?parent=36"}],"wp:term":[{"taxonomy":"category","embeddable":true,"href":"https:\/\/blogs.thesocialmedia.com\/leblogmoto\/wp-json\/wp\/v2\/categories?post=36"},{"taxonomy":"post_tag","embeddable":true,"href":"https:\/\/blogs.thesocialmedia.com\/leblogmoto\/wp-json\/wp\/v2\/tags?post=36"}],"curies":[{"name":"wp","href":"https:\/\/api.w.org\/{rel}","templated":true}]}}