{"id":360,"date":"2008-12-16T23:57:28","date_gmt":"2008-12-16T23:57:28","guid":{"rendered":"http:\/\/blogs.thesocialmedia.com\/leblogmoto\/2008\/12\/16\/des-selles-o-lo\/"},"modified":"2012-07-11T16:43:22","modified_gmt":"2012-07-11T16:43:22","slug":"des-selles-o-lo","status":"publish","type":"post","link":"https:\/\/blogs.thesocialmedia.com\/leblogmoto\/2008\/12\/16\/des-selles-o-lo\/","title":{"rendered":"Des selles sur lesquelles on regrette presque de s&rsquo;asseoir."},"content":{"rendered":"<p><a href=\"http:\/\/blogs.thesocialmedia.com\/leblogmoto\/files\/2012\/07\/moto_selle_cuir_1.jpg\"><img loading=\"lazy\" decoding=\"async\" height=\"587\"  width=\"470\" src=\"http:\/\/www.leblogmoto.com\/images\/2008\/12\/15\/moto_selle_cuir_1.jpg\" alt=\"Moto_selle_cuir_1\" \/><\/a> <\/p>\n<p>Remarqu\u00e9 sur <a href=\"http:\/\/www.knucklebusterinc.com\/\">Knucklebuster<\/a>, voici les \u0153uvres de David Theobald de l&rsquo;Ohio. Sur son <a href=\"http:\/\/www.theobaldleather.com\/default.htm\">site<\/a>, Dave explique qu&rsquo;il est venu \u00e0 la sellerie presque par accident, alors qu&rsquo;il r\u00e9alisait des couteaux et leurs \u00e9tuis. Son fils impressionn\u00e9 par son travail&nbsp; sur ces derniers, lui a demand\u00e9 de r\u00e9aliser les cuirs de sa nouvelle moto. Sa premi\u00e8re &quot;bavette&quot; a donc \u00e9t\u00e9 la reproduction du tatouage de son rejeton, en l&rsquo;esp\u00e8ce, un roi de c\u0153ur. S&rsquo;en est suivi son premier travail sur commande pour une b\u00e9cane d&rsquo;expo, un V twin, \u00e0 Cincinnati. Depuis cette premi\u00e8re r\u00e9alisation commerciale pass\u00e9e il y a trois ans, il a r\u00e9alis\u00e9 plus de 200 selles. Pas surprenant que les deux qui sont pr\u00e9sent\u00e9es ici aient d\u00e9croch\u00e9 le meilleur prix \u00e0 l&rsquo;International <a href=\"http:\/\/www.ifolg.org\/\">Federation<\/a> of Leather Guilds Show en septembre dernier, qui se tenait justement \u00e0 Columbus, dans &quot;son&quot; <em>Buckeye state<\/em>. Et puisque l&rsquo;on parle de travail (extr\u00eamement) soign\u00e9, c&rsquo;est l&rsquo;occasion pour nous de vous faire red\u00e9couvrir le <a href=\"http:\/\/www.leblogauto.com\/2006\/08\/pin_striping_la.html\">pin striping<\/a> de hot rods et de r\u00e9servoirs de choppers, d\u00e9j\u00e0 montr\u00e9 chez le Blog Auto. Un grand fr\u00e8re auquel en passant on souhaite un joyeux anniversaire (quatre ans !).<\/p>\n<p><img loading=\"lazy\" decoding=\"async\" height=\"587\"  width=\"470\" src=\"http:\/\/www.leblogmoto.com\/images\/2008\/12\/15\/moto_selle_cuir_2.jpg\" alt=\"Moto_selle_cuir_2\" \/><\/p>\n<p><a href=\"http:\/\/blogs.thesocialmedia.com\/leblogmoto\/files\/2012\/07\/moto_selle_cuir_3.jpg\"><img loading=\"lazy\" decoding=\"async\" height=\"587\"  width=\"470\" src=\"http:\/\/www.leblogmoto.com\/images\/2008\/12\/15\/moto_selle_cuir_3.jpg\" alt=\"Moto_selle_cuir_3\" \/><\/a><a href=\"http:\/\/clabedan.typepad.com\/.shared\/image.html?\/photos\/uncategorized\/2008\/12\/15\/moto_selle_cuir_2.jpg\">&nbsp;<\/a><\/p>\n","protected":false},"excerpt":{"rendered":"<p>Remarqu\u00e9 sur Knucklebuster, voici les \u0153uvres de David Theobald de l&rsquo;Ohio. Sur son site, Dave explique qu&rsquo;il est venu \u00e0 la sellerie presque par accident, alors qu&rsquo;il r\u00e9alisait des couteaux et leurs \u00e9tuis. Son fils impressionn\u00e9 par son travail&nbsp; sur ces derniers, lui a demand\u00e9 de r\u00e9aliser les cuirs de sa nouvelle moto. Sa premi\u00e8re [&hellip;]<\/p>\n","protected":false},"author":324,"featured_media":0,"comment_status":"open","ping_status":"open","sticky":false,"template":"","format":"standard","meta":{"footnotes":""},"categories":[16,8],"tags":[],"class_list":["post-360","post","type-post","status-publish","format-standard","hentry","category-art-moto","category-chaines-et-cuirs"],"yoast_head":"<!-- This site is optimized with the Yoast SEO plugin v26.0 - https:\/\/yoast.com\/wordpress\/plugins\/seo\/ -->\n<title>Des selles sur lesquelles on regrette presque de s&#039;asseoir. - leblogmoto.com<\/title>\n<meta name=\"robots\" content=\"index, follow, max-snippet:-1, max-image-preview:large, max-video-preview:-1\" \/>\n<link rel=\"canonical\" href=\"https:\/\/blogs.thesocialmedia.com\/leblogmoto\/2008\/12\/16\/des-selles-o-lo\/\" \/>\n<meta name=\"twitter:card\" content=\"summary_large_image\" \/>\n<meta name=\"twitter:title\" content=\"Des selles sur lesquelles on regrette presque de s&#039;asseoir. - leblogmoto.com\" \/>\n<meta name=\"twitter:description\" content=\"Remarqu\u00e9 sur Knucklebuster, voici les \u0153uvres de David Theobald de l&rsquo;Ohio. Sur son site, Dave explique qu&rsquo;il est venu \u00e0 la sellerie presque par accident, alors qu&rsquo;il r\u00e9alisait des couteaux et leurs \u00e9tuis. Son fils impressionn\u00e9 par son travail&nbsp; sur ces derniers, lui a demand\u00e9 de r\u00e9aliser les cuirs de sa nouvelle moto. Sa premi\u00e8re [&hellip;]\" \/>\n<meta name=\"twitter:image\" content=\"http:\/\/www.leblogmoto.com\/images\/2008\/12\/15\/moto_selle_cuir_1.jpg\" \/>\n<meta name=\"twitter:label1\" content=\"\u00c9crit par\" \/>\n\t<meta name=\"twitter:data1\" content=\"benoit rieu\" \/>\n\t<meta name=\"twitter:label2\" content=\"Dur\u00e9e de lecture estim\u00e9e\" \/>\n\t<meta name=\"twitter:data2\" content=\"1 minute\" \/>\n<script type=\"application\/ld+json\" class=\"yoast-schema-graph\">{\"@context\":\"https:\/\/schema.org\",\"@graph\":[{\"@type\":\"WebPage\",\"@id\":\"https:\/\/blogs.thesocialmedia.com\/leblogmoto\/2008\/12\/16\/des-selles-o-lo\/\",\"url\":\"https:\/\/blogs.thesocialmedia.com\/leblogmoto\/2008\/12\/16\/des-selles-o-lo\/\",\"name\":\"Des selles sur lesquelles on regrette presque de s'asseoir. - leblogmoto.com\",\"isPartOf\":{\"@id\":\"https:\/\/blogs.thesocialmedia.com\/leblogmoto\/#website\"},\"primaryImageOfPage\":{\"@id\":\"https:\/\/blogs.thesocialmedia.com\/leblogmoto\/2008\/12\/16\/des-selles-o-lo\/#primaryimage\"},\"image\":{\"@id\":\"https:\/\/blogs.thesocialmedia.com\/leblogmoto\/2008\/12\/16\/des-selles-o-lo\/#primaryimage\"},\"thumbnailUrl\":\"http:\/\/www.leblogmoto.com\/images\/2008\/12\/15\/moto_selle_cuir_1.jpg\",\"datePublished\":\"2008-12-16T23:57:28+00:00\",\"dateModified\":\"2012-07-11T16:43:22+00:00\",\"author\":{\"@id\":\"https:\/\/blogs.thesocialmedia.com\/leblogmoto\/#\/schema\/person\/18bfe773e5725ed6d24f743da805362a\"},\"breadcrumb\":{\"@id\":\"https:\/\/blogs.thesocialmedia.com\/leblogmoto\/2008\/12\/16\/des-selles-o-lo\/#breadcrumb\"},\"inLanguage\":\"fr-FR\",\"potentialAction\":[{\"@type\":\"ReadAction\",\"target\":[\"https:\/\/blogs.thesocialmedia.com\/leblogmoto\/2008\/12\/16\/des-selles-o-lo\/\"]}]},{\"@type\":\"ImageObject\",\"inLanguage\":\"fr-FR\",\"@id\":\"https:\/\/blogs.thesocialmedia.com\/leblogmoto\/2008\/12\/16\/des-selles-o-lo\/#primaryimage\",\"url\":\"http:\/\/www.leblogmoto.com\/images\/2008\/12\/15\/moto_selle_cuir_1.jpg\",\"contentUrl\":\"http:\/\/www.leblogmoto.com\/images\/2008\/12\/15\/moto_selle_cuir_1.jpg\"},{\"@type\":\"BreadcrumbList\",\"@id\":\"https:\/\/blogs.thesocialmedia.com\/leblogmoto\/2008\/12\/16\/des-selles-o-lo\/#breadcrumb\",\"itemListElement\":[{\"@type\":\"ListItem\",\"position\":1,\"name\":\"Accueil\",\"item\":\"https:\/\/blogs.thesocialmedia.com\/leblogmoto\/\"},{\"@type\":\"ListItem\",\"position\":2,\"name\":\"Des selles sur lesquelles on regrette presque de s&rsquo;asseoir.\"}]},{\"@type\":\"WebSite\",\"@id\":\"https:\/\/blogs.thesocialmedia.com\/leblogmoto\/#website\",\"url\":\"https:\/\/blogs.thesocialmedia.com\/leblogmoto\/\",\"name\":\"leblogmoto\",\"description\":\"Toute l&#039;actualit\u00e9 des 2 roues\",\"potentialAction\":[{\"@type\":\"SearchAction\",\"target\":{\"@type\":\"EntryPoint\",\"urlTemplate\":\"https:\/\/blogs.thesocialmedia.com\/leblogmoto\/?s={search_term_string}\"},\"query-input\":{\"@type\":\"PropertyValueSpecification\",\"valueRequired\":true,\"valueName\":\"search_term_string\"}}],\"inLanguage\":\"fr-FR\"},{\"@type\":\"Person\",\"@id\":\"https:\/\/blogs.thesocialmedia.com\/leblogmoto\/#\/schema\/person\/18bfe773e5725ed6d24f743da805362a\",\"name\":\"benoit rieu\",\"image\":{\"@type\":\"ImageObject\",\"inLanguage\":\"fr-FR\",\"@id\":\"https:\/\/blogs.thesocialmedia.com\/leblogmoto\/#\/schema\/person\/image\/\",\"url\":\"https:\/\/secure.gravatar.com\/avatar\/?s=96&d=mm&r=g\",\"contentUrl\":\"https:\/\/secure.gravatar.com\/avatar\/?s=96&d=mm&r=g\",\"caption\":\"benoit rieu\"},\"url\":\"https:\/\/blogs.thesocialmedia.com\/leblogmoto\/author\/benoit-rieu\/\"}]}<\/script>\n<!-- \/ Yoast SEO plugin. -->","yoast_head_json":{"title":"Des selles sur lesquelles on regrette presque de s'asseoir. - leblogmoto.com","robots":{"index":"index","follow":"follow","max-snippet":"max-snippet:-1","max-image-preview":"max-image-preview:large","max-video-preview":"max-video-preview:-1"},"canonical":"https:\/\/blogs.thesocialmedia.com\/leblogmoto\/2008\/12\/16\/des-selles-o-lo\/","twitter_card":"summary_large_image","twitter_title":"Des selles sur lesquelles on regrette presque de s'asseoir. - leblogmoto.com","twitter_description":"Remarqu\u00e9 sur Knucklebuster, voici les \u0153uvres de David Theobald de l&rsquo;Ohio. Sur son site, Dave explique qu&rsquo;il est venu \u00e0 la sellerie presque par accident, alors qu&rsquo;il r\u00e9alisait des couteaux et leurs \u00e9tuis. Son fils impressionn\u00e9 par son travail&nbsp; sur ces derniers, lui a demand\u00e9 de r\u00e9aliser les cuirs de sa nouvelle moto. Sa premi\u00e8re [&hellip;]","twitter_image":"http:\/\/www.leblogmoto.com\/images\/2008\/12\/15\/moto_selle_cuir_1.jpg","twitter_misc":{"\u00c9crit par":"benoit rieu","Dur\u00e9e de lecture estim\u00e9e":"1 minute"},"schema":{"@context":"https:\/\/schema.org","@graph":[{"@type":"WebPage","@id":"https:\/\/blogs.thesocialmedia.com\/leblogmoto\/2008\/12\/16\/des-selles-o-lo\/","url":"https:\/\/blogs.thesocialmedia.com\/leblogmoto\/2008\/12\/16\/des-selles-o-lo\/","name":"Des selles sur lesquelles on regrette presque de s'asseoir. - leblogmoto.com","isPartOf":{"@id":"https:\/\/blogs.thesocialmedia.com\/leblogmoto\/#website"},"primaryImageOfPage":{"@id":"https:\/\/blogs.thesocialmedia.com\/leblogmoto\/2008\/12\/16\/des-selles-o-lo\/#primaryimage"},"image":{"@id":"https:\/\/blogs.thesocialmedia.com\/leblogmoto\/2008\/12\/16\/des-selles-o-lo\/#primaryimage"},"thumbnailUrl":"http:\/\/www.leblogmoto.com\/images\/2008\/12\/15\/moto_selle_cuir_1.jpg","datePublished":"2008-12-16T23:57:28+00:00","dateModified":"2012-07-11T16:43:22+00:00","author":{"@id":"https:\/\/blogs.thesocialmedia.com\/leblogmoto\/#\/schema\/person\/18bfe773e5725ed6d24f743da805362a"},"breadcrumb":{"@id":"https:\/\/blogs.thesocialmedia.com\/leblogmoto\/2008\/12\/16\/des-selles-o-lo\/#breadcrumb"},"inLanguage":"fr-FR","potentialAction":[{"@type":"ReadAction","target":["https:\/\/blogs.thesocialmedia.com\/leblogmoto\/2008\/12\/16\/des-selles-o-lo\/"]}]},{"@type":"ImageObject","inLanguage":"fr-FR","@id":"https:\/\/blogs.thesocialmedia.com\/leblogmoto\/2008\/12\/16\/des-selles-o-lo\/#primaryimage","url":"http:\/\/www.leblogmoto.com\/images\/2008\/12\/15\/moto_selle_cuir_1.jpg","contentUrl":"http:\/\/www.leblogmoto.com\/images\/2008\/12\/15\/moto_selle_cuir_1.jpg"},{"@type":"BreadcrumbList","@id":"https:\/\/blogs.thesocialmedia.com\/leblogmoto\/2008\/12\/16\/des-selles-o-lo\/#breadcrumb","itemListElement":[{"@type":"ListItem","position":1,"name":"Accueil","item":"https:\/\/blogs.thesocialmedia.com\/leblogmoto\/"},{"@type":"ListItem","position":2,"name":"Des selles sur lesquelles on regrette presque de s&rsquo;asseoir."}]},{"@type":"WebSite","@id":"https:\/\/blogs.thesocialmedia.com\/leblogmoto\/#website","url":"https:\/\/blogs.thesocialmedia.com\/leblogmoto\/","name":"leblogmoto","description":"Toute l&#039;actualit\u00e9 des 2 roues","potentialAction":[{"@type":"SearchAction","target":{"@type":"EntryPoint","urlTemplate":"https:\/\/blogs.thesocialmedia.com\/leblogmoto\/?s={search_term_string}"},"query-input":{"@type":"PropertyValueSpecification","valueRequired":true,"valueName":"search_term_string"}}],"inLanguage":"fr-FR"},{"@type":"Person","@id":"https:\/\/blogs.thesocialmedia.com\/leblogmoto\/#\/schema\/person\/18bfe773e5725ed6d24f743da805362a","name":"benoit rieu","image":{"@type":"ImageObject","inLanguage":"fr-FR","@id":"https:\/\/blogs.thesocialmedia.com\/leblogmoto\/#\/schema\/person\/image\/","url":"https:\/\/secure.gravatar.com\/avatar\/?s=96&d=mm&r=g","contentUrl":"https:\/\/secure.gravatar.com\/avatar\/?s=96&d=mm&r=g","caption":"benoit rieu"},"url":"https:\/\/blogs.thesocialmedia.com\/leblogmoto\/author\/benoit-rieu\/"}]}},"_links":{"self":[{"href":"https:\/\/blogs.thesocialmedia.com\/leblogmoto\/wp-json\/wp\/v2\/posts\/360","targetHints":{"allow":["GET"]}}],"collection":[{"href":"https:\/\/blogs.thesocialmedia.com\/leblogmoto\/wp-json\/wp\/v2\/posts"}],"about":[{"href":"https:\/\/blogs.thesocialmedia.com\/leblogmoto\/wp-json\/wp\/v2\/types\/post"}],"author":[{"embeddable":true,"href":"https:\/\/blogs.thesocialmedia.com\/leblogmoto\/wp-json\/wp\/v2\/users\/324"}],"replies":[{"embeddable":true,"href":"https:\/\/blogs.thesocialmedia.com\/leblogmoto\/wp-json\/wp\/v2\/comments?post=360"}],"version-history":[{"count":2,"href":"https:\/\/blogs.thesocialmedia.com\/leblogmoto\/wp-json\/wp\/v2\/posts\/360\/revisions"}],"predecessor-version":[{"id":12331,"href":"https:\/\/blogs.thesocialmedia.com\/leblogmoto\/wp-json\/wp\/v2\/posts\/360\/revisions\/12331"}],"wp:attachment":[{"href":"https:\/\/blogs.thesocialmedia.com\/leblogmoto\/wp-json\/wp\/v2\/media?parent=360"}],"wp:term":[{"taxonomy":"category","embeddable":true,"href":"https:\/\/blogs.thesocialmedia.com\/leblogmoto\/wp-json\/wp\/v2\/categories?post=360"},{"taxonomy":"post_tag","embeddable":true,"href":"https:\/\/blogs.thesocialmedia.com\/leblogmoto\/wp-json\/wp\/v2\/tags?post=360"}],"curies":[{"name":"wp","href":"https:\/\/api.w.org\/{rel}","templated":true}]}}