{"id":364,"date":"2008-12-15T05:22:56","date_gmt":"2008-12-15T05:22:56","guid":{"rendered":"http:\/\/blogs.thesocialmedia.com\/leblogmoto\/2008\/12\/15\/ama-superbike-h\/"},"modified":"2012-07-11T16:43:07","modified_gmt":"2012-07-11T16:43:07","slug":"ama-superbike-h","status":"publish","type":"post","link":"https:\/\/blogs.thesocialmedia.com\/leblogmoto\/2008\/12\/15\/ama-superbike-h\/","title":{"rendered":"AMA Superbike, Honda se retire"},"content":{"rendered":"<p><em><a href=\"http:\/\/blogs.thesocialmedia.com\/leblogmoto\/files\/2012\/07\/ama13.jpg\"><img loading=\"lazy\" decoding=\"async\" width=\"470\" height=\"312\"  src=\"http:\/\/www.leblogmoto.com\/images\/2008\/12\/14\/ama1.jpg\" alt=\"Ama1\" \/><\/a> <br \/>Photos Brian J. Nelson<\/em><\/p>\n<p>Apr\u00e8s la grogne exprim\u00e9e par les \u00e9quipes d&rsquo;usine de Kawasaki et Suzuki concernant les nouvelles r\u00e8gles du jeu en AMA Superbike, voil\u00e0 que Honda, qui prenait une position de banquette arri\u00e8re dans cette affaire, ayant m\u00eame particip\u00e9 aux essais pneumatiques de Daytona la semaine derni\u00e8re, annonce qu&rsquo;il se retire du championnat 2009. Sous pr\u00e9texte d&rsquo;une mauvaise conjecture \u00e9conomique, <a href=\"http:\/\/www.hondaredriders.com\/roadracing\/teamdetail.asp?TeamID=090111c080125f07&amp;bhcp=1\">American Honda<\/a> n&rsquo;est plus, m\u00eame si son implication avec deux \u00e9curies satellites, <a href=\"http:\/\/www.erionracing.com\/racing.htm\">Erion Racing<\/a> et le <a href=\"http:\/\/www.corona-racing.com\/html\/news.html\">Corona Honda Team<\/a> va continuer.<\/p>\n<p>Mais sous la raison officielle, l&rsquo;on peut se demander d&rsquo;o\u00f9 vient la d\u00e9cision. Du haut de la pyramide, o\u00f9 apr\u00e8s la F1 qui n&rsquo;allait nulle part pour Honda, on coupe l\u00e0 ou ce n&rsquo;est pas n\u00e9cessaire, o\u00f9 tout simplement, on se d\u00e9laisse de sa participation dans une s\u00e9rie qui fait la vie dure aux manufacturiers, une forme de pied de nez au Daytona Motorsports Group (DMG) en mani\u00e8re de dire, tu me bouscules, je ne joue plus? Nah!<br \/>Reste \u00e0 voir si la nouvelle structure, le USSB (<a href=\"http:\/\/www.ussbchampionship.com\/\">US Superbike Chanpionship<\/a>) mis sur pied par les manufacturiers cet automne pour protester contre les nouvelles mesures du DMG, verra vraiment le jour en 2009. Soit les annonces se bousculent, ou bien il ne se passe rien et l&rsquo;\u00e9cran de fum\u00e9e se dissipera sans rien d\u00e9voiler.<\/p>\n<p>Plusieurs voient Neil Hogson avec Erion en 2009, puisqu&rsquo;il faut bien honorer son contrat, ce qui laisse Miguel Duhamel, qui \u00e9tait sans contrat depuis la fin de la saison derni\u00e8re, dans les limbes. Une annonce d&rsquo;une r\u00e9orientation de carri\u00e8re, le Nascar Canadien l&rsquo;int\u00e9resse, devrait se faire, si cette s\u00e9rie survit aux m\u00e9saventures des constructeurs am\u00e9ricains. Car malgr\u00e9 l&rsquo;annonce d&rsquo;une aide d&rsquo;urgence par le gouvernement am\u00e9ricain, les licenciements par milliers et les fermetures d&rsquo;usines, pas certain que l&rsquo;implication dans des s\u00e9ries co\u00fbteuses sera renouvel\u00e9e. On verra bien, ou on verra mal.<\/p>\n<p>Revenons en Superbike pour conclure. L&rsquo;ironie de la chose est que les nouvelles mesures annonc\u00e9es par DMG visaient \u00e0 mettre un frein \u00e0 la domination d&rsquo;une seule \u00e9quipe, mais suite \u00e0 la d\u00e9fection annonc\u00e9e de Honda, et celles en devenir de Suzuki et Kawasaki, il ne restera plus que Yamaha avec une \u00e9quipe d&rsquo;usine. Bonjour les podiums bleus en 2009, et les petites foules peu enthousiastes pour un spectacle de seconde classe. Il doit y avoir des promoteurs qui commencent \u00e0 regretter leur implication dans cette s\u00e9rie. Les n\u00e9gociations pour 2010 risquent d&rsquo;\u00eatre joyeuses et divertissantes.<\/p>\n<p><em>Images des essais pneumatiques de Daytona &#8211; D\u00e9cembre 2008<\/p>\n<p><a href=\"http:\/\/clabedan.typepad.com\/.shared\/image.html?\/photos\/uncategorized\/2008\/12\/14\/ama2.jpg\"><img loading=\"lazy\" decoding=\"async\" width=\"470\" height=\"312\"  src=\"http:\/\/www.leblogmoto.com\/images\/2008\/12\/14\/ama2.jpg\" alt=\"Ama2\" \/><\/a><\/p>\n<p><a href=\"http:\/\/blogs.thesocialmedia.com\/leblogmoto\/files\/2012\/07\/ama35.jpg\"><img loading=\"lazy\" decoding=\"async\" width=\"470\" height=\"312\"  src=\"http:\/\/www.leblogmoto.com\/images\/2008\/12\/14\/ama3.jpg\" alt=\"Ama3\" \/><\/a><\/p>\n<p><a href=\"http:\/\/blogs.thesocialmedia.com\/leblogmoto\/files\/2012\/07\/ama44.jpg\"><img loading=\"lazy\" decoding=\"async\" width=\"470\" height=\"312\"  src=\"http:\/\/www.leblogmoto.com\/images\/2008\/12\/14\/ama4.jpg\" alt=\"Ama4\" \/><\/a><\/p>\n<p><a href=\"http:\/\/blogs.thesocialmedia.com\/leblogmoto\/files\/2012\/07\/ama53.jpg\"><img loading=\"lazy\" decoding=\"async\" width=\"470\" height=\"312\"  src=\"http:\/\/www.leblogmoto.com\/images\/2008\/12\/14\/ama5.jpg\" alt=\"Ama5\" \/><\/a><\/p>\n<p><a href=\"http:\/\/blogs.thesocialmedia.com\/leblogmoto\/files\/2012\/07\/ama64.jpg\"><img loading=\"lazy\" decoding=\"async\" width=\"470\" height=\"312\"  src=\"http:\/\/www.leblogmoto.com\/images\/2008\/12\/14\/ama6.jpg\" alt=\"Ama6\" \/><\/a><\/em> <\/p>\n","protected":false},"excerpt":{"rendered":"<p>Photos Brian J. Nelson Apr\u00e8s la grogne exprim\u00e9e par les \u00e9quipes d&rsquo;usine de Kawasaki et Suzuki concernant les nouvelles r\u00e8gles du jeu en AMA Superbike, voil\u00e0 que Honda, qui prenait une position de banquette arri\u00e8re dans cette affaire, ayant m\u00eame particip\u00e9 aux essais pneumatiques de Daytona la semaine derni\u00e8re, annonce qu&rsquo;il se retire du championnat [&hellip;]<\/p>\n","protected":false},"author":325,"featured_media":0,"comment_status":"open","ping_status":"open","sticky":false,"template":"","format":"standard","meta":{"footnotes":""},"categories":[3,74,14,45,51,44],"tags":[],"class_list":["post-364","post","type-post","status-publish","format-standard","hentry","category-actualite","category-ama-superbike","category-honda","category-kawasaki","category-suzuki","category-yamaha"],"yoast_head":"<!-- This site is optimized with the Yoast SEO plugin v26.0 - https:\/\/yoast.com\/wordpress\/plugins\/seo\/ -->\n<title>AMA Superbike, Honda se retire - leblogmoto.com<\/title>\n<meta name=\"robots\" content=\"index, follow, max-snippet:-1, max-image-preview:large, max-video-preview:-1\" \/>\n<link rel=\"canonical\" href=\"https:\/\/blogs.thesocialmedia.com\/leblogmoto\/2008\/12\/15\/ama-superbike-h\/\" \/>\n<meta name=\"twitter:card\" content=\"summary_large_image\" \/>\n<meta name=\"twitter:title\" content=\"AMA Superbike, Honda se retire - leblogmoto.com\" \/>\n<meta name=\"twitter:description\" content=\"Photos Brian J. Nelson Apr\u00e8s la grogne exprim\u00e9e par les \u00e9quipes d&rsquo;usine de Kawasaki et Suzuki concernant les nouvelles r\u00e8gles du jeu en AMA Superbike, voil\u00e0 que Honda, qui prenait une position de banquette arri\u00e8re dans cette affaire, ayant m\u00eame particip\u00e9 aux essais pneumatiques de Daytona la semaine derni\u00e8re, annonce qu&rsquo;il se retire du championnat [&hellip;]\" \/>\n<meta name=\"twitter:image\" content=\"http:\/\/www.leblogmoto.com\/images\/2008\/12\/14\/ama1.jpg\" \/>\n<meta name=\"twitter:label1\" content=\"\u00c9crit par\" \/>\n\t<meta name=\"twitter:data1\" content=\"jacques lesage\" \/>\n\t<meta name=\"twitter:label2\" content=\"Dur\u00e9e de lecture estim\u00e9e\" \/>\n\t<meta name=\"twitter:data2\" content=\"2 minutes\" \/>\n<script type=\"application\/ld+json\" class=\"yoast-schema-graph\">{\"@context\":\"https:\/\/schema.org\",\"@graph\":[{\"@type\":\"WebPage\",\"@id\":\"https:\/\/blogs.thesocialmedia.com\/leblogmoto\/2008\/12\/15\/ama-superbike-h\/\",\"url\":\"https:\/\/blogs.thesocialmedia.com\/leblogmoto\/2008\/12\/15\/ama-superbike-h\/\",\"name\":\"AMA Superbike, Honda se retire - leblogmoto.com\",\"isPartOf\":{\"@id\":\"https:\/\/blogs.thesocialmedia.com\/leblogmoto\/#website\"},\"primaryImageOfPage\":{\"@id\":\"https:\/\/blogs.thesocialmedia.com\/leblogmoto\/2008\/12\/15\/ama-superbike-h\/#primaryimage\"},\"image\":{\"@id\":\"https:\/\/blogs.thesocialmedia.com\/leblogmoto\/2008\/12\/15\/ama-superbike-h\/#primaryimage\"},\"thumbnailUrl\":\"http:\/\/www.leblogmoto.com\/images\/2008\/12\/14\/ama1.jpg\",\"datePublished\":\"2008-12-15T05:22:56+00:00\",\"dateModified\":\"2012-07-11T16:43:07+00:00\",\"author\":{\"@id\":\"https:\/\/blogs.thesocialmedia.com\/leblogmoto\/#\/schema\/person\/e82a0ca8a9a63d031586097a3ed58526\"},\"breadcrumb\":{\"@id\":\"https:\/\/blogs.thesocialmedia.com\/leblogmoto\/2008\/12\/15\/ama-superbike-h\/#breadcrumb\"},\"inLanguage\":\"fr-FR\",\"potentialAction\":[{\"@type\":\"ReadAction\",\"target\":[\"https:\/\/blogs.thesocialmedia.com\/leblogmoto\/2008\/12\/15\/ama-superbike-h\/\"]}]},{\"@type\":\"ImageObject\",\"inLanguage\":\"fr-FR\",\"@id\":\"https:\/\/blogs.thesocialmedia.com\/leblogmoto\/2008\/12\/15\/ama-superbike-h\/#primaryimage\",\"url\":\"http:\/\/www.leblogmoto.com\/images\/2008\/12\/14\/ama1.jpg\",\"contentUrl\":\"http:\/\/www.leblogmoto.com\/images\/2008\/12\/14\/ama1.jpg\"},{\"@type\":\"BreadcrumbList\",\"@id\":\"https:\/\/blogs.thesocialmedia.com\/leblogmoto\/2008\/12\/15\/ama-superbike-h\/#breadcrumb\",\"itemListElement\":[{\"@type\":\"ListItem\",\"position\":1,\"name\":\"Accueil\",\"item\":\"https:\/\/blogs.thesocialmedia.com\/leblogmoto\/\"},{\"@type\":\"ListItem\",\"position\":2,\"name\":\"AMA Superbike, Honda se retire\"}]},{\"@type\":\"WebSite\",\"@id\":\"https:\/\/blogs.thesocialmedia.com\/leblogmoto\/#website\",\"url\":\"https:\/\/blogs.thesocialmedia.com\/leblogmoto\/\",\"name\":\"leblogmoto\",\"description\":\"Toute l&#039;actualit\u00e9 des 2 roues\",\"potentialAction\":[{\"@type\":\"SearchAction\",\"target\":{\"@type\":\"EntryPoint\",\"urlTemplate\":\"https:\/\/blogs.thesocialmedia.com\/leblogmoto\/?s={search_term_string}\"},\"query-input\":{\"@type\":\"PropertyValueSpecification\",\"valueRequired\":true,\"valueName\":\"search_term_string\"}}],\"inLanguage\":\"fr-FR\"},{\"@type\":\"Person\",\"@id\":\"https:\/\/blogs.thesocialmedia.com\/leblogmoto\/#\/schema\/person\/e82a0ca8a9a63d031586097a3ed58526\",\"name\":\"jacques lesage\",\"image\":{\"@type\":\"ImageObject\",\"inLanguage\":\"fr-FR\",\"@id\":\"https:\/\/blogs.thesocialmedia.com\/leblogmoto\/#\/schema\/person\/image\/\",\"url\":\"https:\/\/secure.gravatar.com\/avatar\/?s=96&d=mm&r=g\",\"contentUrl\":\"https:\/\/secure.gravatar.com\/avatar\/?s=96&d=mm&r=g\",\"caption\":\"jacques lesage\"},\"url\":\"https:\/\/blogs.thesocialmedia.com\/leblogmoto\/author\/jacques-lesage\/\"}]}<\/script>\n<!-- \/ Yoast SEO plugin. -->","yoast_head_json":{"title":"AMA Superbike, Honda se retire - leblogmoto.com","robots":{"index":"index","follow":"follow","max-snippet":"max-snippet:-1","max-image-preview":"max-image-preview:large","max-video-preview":"max-video-preview:-1"},"canonical":"https:\/\/blogs.thesocialmedia.com\/leblogmoto\/2008\/12\/15\/ama-superbike-h\/","twitter_card":"summary_large_image","twitter_title":"AMA Superbike, Honda se retire - leblogmoto.com","twitter_description":"Photos Brian J. Nelson Apr\u00e8s la grogne exprim\u00e9e par les \u00e9quipes d&rsquo;usine de Kawasaki et Suzuki concernant les nouvelles r\u00e8gles du jeu en AMA Superbike, voil\u00e0 que Honda, qui prenait une position de banquette arri\u00e8re dans cette affaire, ayant m\u00eame particip\u00e9 aux essais pneumatiques de Daytona la semaine derni\u00e8re, annonce qu&rsquo;il se retire du championnat [&hellip;]","twitter_image":"http:\/\/www.leblogmoto.com\/images\/2008\/12\/14\/ama1.jpg","twitter_misc":{"\u00c9crit par":"jacques lesage","Dur\u00e9e de lecture estim\u00e9e":"2 minutes"},"schema":{"@context":"https:\/\/schema.org","@graph":[{"@type":"WebPage","@id":"https:\/\/blogs.thesocialmedia.com\/leblogmoto\/2008\/12\/15\/ama-superbike-h\/","url":"https:\/\/blogs.thesocialmedia.com\/leblogmoto\/2008\/12\/15\/ama-superbike-h\/","name":"AMA Superbike, Honda se retire - leblogmoto.com","isPartOf":{"@id":"https:\/\/blogs.thesocialmedia.com\/leblogmoto\/#website"},"primaryImageOfPage":{"@id":"https:\/\/blogs.thesocialmedia.com\/leblogmoto\/2008\/12\/15\/ama-superbike-h\/#primaryimage"},"image":{"@id":"https:\/\/blogs.thesocialmedia.com\/leblogmoto\/2008\/12\/15\/ama-superbike-h\/#primaryimage"},"thumbnailUrl":"http:\/\/www.leblogmoto.com\/images\/2008\/12\/14\/ama1.jpg","datePublished":"2008-12-15T05:22:56+00:00","dateModified":"2012-07-11T16:43:07+00:00","author":{"@id":"https:\/\/blogs.thesocialmedia.com\/leblogmoto\/#\/schema\/person\/e82a0ca8a9a63d031586097a3ed58526"},"breadcrumb":{"@id":"https:\/\/blogs.thesocialmedia.com\/leblogmoto\/2008\/12\/15\/ama-superbike-h\/#breadcrumb"},"inLanguage":"fr-FR","potentialAction":[{"@type":"ReadAction","target":["https:\/\/blogs.thesocialmedia.com\/leblogmoto\/2008\/12\/15\/ama-superbike-h\/"]}]},{"@type":"ImageObject","inLanguage":"fr-FR","@id":"https:\/\/blogs.thesocialmedia.com\/leblogmoto\/2008\/12\/15\/ama-superbike-h\/#primaryimage","url":"http:\/\/www.leblogmoto.com\/images\/2008\/12\/14\/ama1.jpg","contentUrl":"http:\/\/www.leblogmoto.com\/images\/2008\/12\/14\/ama1.jpg"},{"@type":"BreadcrumbList","@id":"https:\/\/blogs.thesocialmedia.com\/leblogmoto\/2008\/12\/15\/ama-superbike-h\/#breadcrumb","itemListElement":[{"@type":"ListItem","position":1,"name":"Accueil","item":"https:\/\/blogs.thesocialmedia.com\/leblogmoto\/"},{"@type":"ListItem","position":2,"name":"AMA Superbike, Honda se retire"}]},{"@type":"WebSite","@id":"https:\/\/blogs.thesocialmedia.com\/leblogmoto\/#website","url":"https:\/\/blogs.thesocialmedia.com\/leblogmoto\/","name":"leblogmoto","description":"Toute l&#039;actualit\u00e9 des 2 roues","potentialAction":[{"@type":"SearchAction","target":{"@type":"EntryPoint","urlTemplate":"https:\/\/blogs.thesocialmedia.com\/leblogmoto\/?s={search_term_string}"},"query-input":{"@type":"PropertyValueSpecification","valueRequired":true,"valueName":"search_term_string"}}],"inLanguage":"fr-FR"},{"@type":"Person","@id":"https:\/\/blogs.thesocialmedia.com\/leblogmoto\/#\/schema\/person\/e82a0ca8a9a63d031586097a3ed58526","name":"jacques lesage","image":{"@type":"ImageObject","inLanguage":"fr-FR","@id":"https:\/\/blogs.thesocialmedia.com\/leblogmoto\/#\/schema\/person\/image\/","url":"https:\/\/secure.gravatar.com\/avatar\/?s=96&d=mm&r=g","contentUrl":"https:\/\/secure.gravatar.com\/avatar\/?s=96&d=mm&r=g","caption":"jacques lesage"},"url":"https:\/\/blogs.thesocialmedia.com\/leblogmoto\/author\/jacques-lesage\/"}]}},"_links":{"self":[{"href":"https:\/\/blogs.thesocialmedia.com\/leblogmoto\/wp-json\/wp\/v2\/posts\/364","targetHints":{"allow":["GET"]}}],"collection":[{"href":"https:\/\/blogs.thesocialmedia.com\/leblogmoto\/wp-json\/wp\/v2\/posts"}],"about":[{"href":"https:\/\/blogs.thesocialmedia.com\/leblogmoto\/wp-json\/wp\/v2\/types\/post"}],"author":[{"embeddable":true,"href":"https:\/\/blogs.thesocialmedia.com\/leblogmoto\/wp-json\/wp\/v2\/users\/325"}],"replies":[{"embeddable":true,"href":"https:\/\/blogs.thesocialmedia.com\/leblogmoto\/wp-json\/wp\/v2\/comments?post=364"}],"version-history":[{"count":2,"href":"https:\/\/blogs.thesocialmedia.com\/leblogmoto\/wp-json\/wp\/v2\/posts\/364\/revisions"}],"predecessor-version":[{"id":12325,"href":"https:\/\/blogs.thesocialmedia.com\/leblogmoto\/wp-json\/wp\/v2\/posts\/364\/revisions\/12325"}],"wp:attachment":[{"href":"https:\/\/blogs.thesocialmedia.com\/leblogmoto\/wp-json\/wp\/v2\/media?parent=364"}],"wp:term":[{"taxonomy":"category","embeddable":true,"href":"https:\/\/blogs.thesocialmedia.com\/leblogmoto\/wp-json\/wp\/v2\/categories?post=364"},{"taxonomy":"post_tag","embeddable":true,"href":"https:\/\/blogs.thesocialmedia.com\/leblogmoto\/wp-json\/wp\/v2\/tags?post=364"}],"curies":[{"name":"wp","href":"https:\/\/api.w.org\/{rel}","templated":true}]}}