{"id":369,"date":"2008-12-09T04:04:28","date_gmt":"2008-12-09T04:04:28","guid":{"rendered":"http:\/\/blogs.thesocialmedia.com\/leblogmoto\/2008\/12\/09\/premire-neige-l\/"},"modified":"2012-07-11T16:42:24","modified_gmt":"2012-07-11T16:42:24","slug":"premire-neige-l","status":"publish","type":"post","link":"https:\/\/blogs.thesocialmedia.com\/leblogmoto\/2008\/12\/09\/premire-neige-l\/","title":{"rendered":"Premi\u00e8re neige, les chenilles sont de sorties"},"content":{"rendered":"<p><a href=\"http:\/\/blogs.thesocialmedia.com\/leblogmoto\/files\/2012\/07\/neige.jpg\"><img loading=\"lazy\" decoding=\"async\" width=\"470\" height=\"146\"  src=\"http:\/\/www.leblogmoto.com\/images\/2008\/12\/08\/neige.jpg\" alt=\"Neige\" \/><\/a> <\/p>\n<p>Avec la premi\u00e8re neige sur Montr\u00e9al dimanche, les -20 Celsius d\u2019hier et la pluie d\u2019aujourd\u2019hui, l\u2019hiver est bel et bien install\u00e9 avec tous ses d\u00e9bordements.<br \/>Parlant de d\u00e9mesure, voici quelques motoneiges qui ne p\u00eachent pas par exc\u00e8s de modestie, et qui tentent au passage de r\u00e9inventer une formule qui semble bien ancr\u00e9e dans ses certitudes depuis que <a href=\"http:\/\/www.museebombardier.com\/fr\/content\/musee\/musee.htm\">J. Armand Bombardier<\/a> en a eu l\u2019id\u00e9e \u00e0 la fin des ann\u00e9es 50.<\/p>\n<p>Mais qui est l\u2019inventeur de la motoneige? Loin de moi l\u2019id\u00e9e d\u2019en contester la paternit\u00e9 au Qu\u00e9b\u00e9cois, m\u00eame si des brevets pour ce type de moyen de transport existent depuis les ann\u00e9es 20, d\u2019ailleurs, le cheminement de sa pens\u00e9e allait plut\u00f4t dans le sens d\u2019un v\u00e9hicule inspir\u00e9 de l\u2019automobile. Ses premi\u00e8res autoneiges rempla\u00e7aient les roues par des chenilles \u00e0 l\u2019arri\u00e8re pour la propulsion et des skis \u00e0 l\u2019avant pour la direction. La motoneige n\u2019est qu\u2019une version de poche du m\u00eame principe, loin de l\u2019id\u00e9e propos\u00e9e par le fran\u00e7ais Lehaitre en 1936 avec sa <a href=\"http:\/\/modelarchives.free.fr\/Bestiaire\/Lehaitre_P\/index.html\">motochenille<\/a>.<br \/>Le terrain de jeu appr\u00e9hend\u00e9 de l\u2019engin \u00e9tait les tranch\u00e9es boueuses et les champs ravag\u00e9s par les obus des champs de bataille. Blind\u00e9e, sa motochenille s\u2019av\u00e9ra beaucoup trop lourde et difficilement maniable pour une application v\u00e9ritable. D\u2019ailleurs, l\u2019apparition de petites roues montre bien l\u2019\u00e9quilibre pr\u00e9caire que devait \u00e9prouver son pilote. L\u2019arm\u00e9e fran\u00e7aise rejeta rapidement ce projet qui aurait sans aucun doute fait plus de bless\u00e9s lors des chutes qu\u2019au combat.<\/p>\n<p><a href=\"http:\/\/clabedan.typepad.com\/.shared\/image.html?\/photos\/uncategorized\/2008\/12\/08\/neige9.jpg\"><img loading=\"lazy\" decoding=\"async\" width=\"470\" height=\"467\"  src=\"http:\/\/www.leblogmoto.com\/images\/2008\/12\/08\/neige9.jpg\" alt=\"Neige9\" \/><\/a> <\/p>\n<p>Mais les mauvaises id\u00e9es ont la vie dure, et aucune ne r\u00e9siste \u00e0 une bonne dose d\u2019ing\u00e9niosit\u00e9 agr\u00e9ment\u00e9e de perc\u00e9e technologique assist\u00e9e par ordinateur.<br \/>Ce projet pr\u00e9sent\u00e9 en 2006 au <a href=\"http:\/\/www.carbodydesign.com\/archive\/2006\/02\/06-michelin-challenge-design-2006\/michelin-challenge-design-2006.php\">Michelin Challenge Design<\/a> est d\u00fb \u00e0 Tilmann Schlootz et Olivier Keller d\u2019Allemagne. L\u2019id\u00e9e est la m\u00eame, une chenille tout le tour, un moteur au milieu et un cobaye dessus. Celui-ci a la particularit\u00e9 d&rsquo;\u00eatre articul\u00e9 en son centre pour une meilleure manoeuvrabilit\u00e9. Un autre beau projet qui restera du domaine de la simulation 3D.<\/p>\n<p><a href=\"http:\/\/clabedan.typepad.com\/.shared\/image.html?\/photos\/uncategorized\/2008\/12\/08\/neige6.jpg\"><img loading=\"lazy\" decoding=\"async\" width=\"470\" height=\"306\"  src=\"http:\/\/www.leblogmoto.com\/images\/2008\/12\/08\/neige6.jpg\" alt=\"Neige6\" \/><\/a> <\/p>\n<p>Revenons sur terre, ou plut\u00f4t dans la neige avec cette derni\u00e8re proposition par <a href=\"http:\/\/www.dominicschindler.com\/\">Dominic Schindler<\/a>. La motoneige traditionnelle porte le ski devant, alors, pourquoi ne pas faire le contraire? Voici donc la motoneige \u00e0 traction avant, avec une technologie d\u00e9j\u00e0 en usage, ces chenilles se retrouvent sur les quads. Suffit d&rsquo;ajouter une luge derri\u00e8re et on est en affaire. La machine ne manque pas de chien, m\u00eame si sa viabilit\u00e9 demande \u00e0 subir de v\u00e9ritables tests.<\/p>\n<p><a href=\"http:\/\/clabedan.typepad.com\/.shared\/image.html?\/photos\/uncategorized\/2008\/12\/08\/neige1.jpg\"><img loading=\"lazy\" decoding=\"async\" width=\"470\" height=\"213\"  src=\"http:\/\/www.leblogmoto.com\/images\/2008\/12\/08\/neige1.jpg\" alt=\"Neige1\" \/><\/a> <\/p>\n<p>Apr\u00e8s 50 ans d&rsquo;un design, \u00e9prouv\u00e9 certes, mais qui b\u00e9n\u00e9ficierait d&rsquo;un petit coup de jeunesse, la motoneige se doit d&rsquo;innover en mati\u00e8re de design pour aborder son \u00abandropause \u00bb sereinement, sans jeunisme, mais avec maturit\u00e9. C&rsquo;est ce qu&rsquo;on appelle un projet de vie.<\/p>\n<p><a href=\"http:\/\/blogs.thesocialmedia.com\/leblogmoto\/files\/2012\/07\/neige31.jpg\"><img loading=\"lazy\" decoding=\"async\" width=\"470\" height=\"304\"  src=\"http:\/\/www.leblogmoto.com\/images\/2008\/12\/08\/neige3.jpg\" alt=\"Neige3\" \/><\/a> <\/p>\n<p><a href=\"http:\/\/blogs.thesocialmedia.com\/leblogmoto\/files\/2012\/07\/neige4.jpg\"><img loading=\"lazy\" decoding=\"async\" width=\"470\" height=\"303\"  src=\"http:\/\/www.leblogmoto.com\/images\/2008\/12\/08\/neige4.jpg\" alt=\"Neige4\" \/><\/a> <\/p>\n<p><a href=\"http:\/\/blogs.thesocialmedia.com\/leblogmoto\/files\/2012\/07\/neige7.jpg\"><img loading=\"lazy\" decoding=\"async\" width=\"470\" height=\"415\"  src=\"http:\/\/www.leblogmoto.com\/images\/2008\/12\/08\/neige7.jpg\" alt=\"Neige7\" \/><\/a> <\/p>\n<p><a href=\"http:\/\/blogs.thesocialmedia.com\/leblogmoto\/files\/2012\/07\/neige8.jpg\"><img loading=\"lazy\" decoding=\"async\" width=\"470\" height=\"313\"  src=\"http:\/\/www.leblogmoto.com\/images\/2008\/12\/08\/neige8.jpg\" alt=\"Neige8\" \/><\/a> <\/p>\n<p><a href=\"http:\/\/blogs.thesocialmedia.com\/leblogmoto\/files\/2012\/07\/neige11.jpg\"><img loading=\"lazy\" decoding=\"async\" width=\"470\" height=\"317\"  src=\"http:\/\/www.leblogmoto.com\/images\/2008\/12\/08\/neige11.jpg\" alt=\"Neige11\" \/><\/a> <\/p>\n<p><a href=\"http:\/\/blogs.thesocialmedia.com\/leblogmoto\/files\/2012\/07\/neige10.jpg\"><img loading=\"lazy\" decoding=\"async\" width=\"470\" height=\"364\"  src=\"http:\/\/www.leblogmoto.com\/images\/2008\/12\/08\/neige10.jpg\" alt=\"Neige10\" \/><\/a> <\/p>\n","protected":false},"excerpt":{"rendered":"<p>Avec la premi\u00e8re neige sur Montr\u00e9al dimanche, les -20 Celsius d\u2019hier et la pluie d\u2019aujourd\u2019hui, l\u2019hiver est bel et bien install\u00e9 avec tous ses d\u00e9bordements.Parlant de d\u00e9mesure, voici quelques motoneiges qui ne p\u00eachent pas par exc\u00e8s de modestie, et qui tentent au passage de r\u00e9inventer une formule qui semble bien ancr\u00e9e dans ses certitudes depuis [&hellip;]<\/p>\n","protected":false},"author":325,"featured_media":0,"comment_status":"open","ping_status":"open","sticky":false,"template":"","format":"standard","meta":{"footnotes":""},"categories":[13,67,33,17],"tags":[],"class_list":["post-369","post","type-post","status-publish","format-standard","hentry","category-aventure","category-brp","category-concept-bike","category-divers"],"yoast_head":"<!-- This site is optimized with the Yoast SEO plugin v26.0 - https:\/\/yoast.com\/wordpress\/plugins\/seo\/ -->\n<title>Premi\u00e8re neige, les chenilles sont de sorties - leblogmoto.com<\/title>\n<meta name=\"robots\" content=\"index, follow, max-snippet:-1, max-image-preview:large, max-video-preview:-1\" \/>\n<link rel=\"canonical\" href=\"https:\/\/blogs.thesocialmedia.com\/leblogmoto\/2008\/12\/09\/premire-neige-l\/\" \/>\n<meta name=\"twitter:card\" content=\"summary_large_image\" \/>\n<meta name=\"twitter:title\" content=\"Premi\u00e8re neige, les chenilles sont de sorties - leblogmoto.com\" \/>\n<meta name=\"twitter:description\" content=\"Avec la premi\u00e8re neige sur Montr\u00e9al dimanche, les -20 Celsius d\u2019hier et la pluie d\u2019aujourd\u2019hui, l\u2019hiver est bel et bien install\u00e9 avec tous ses d\u00e9bordements.Parlant de d\u00e9mesure, voici quelques motoneiges qui ne p\u00eachent pas par exc\u00e8s de modestie, et qui tentent au passage de r\u00e9inventer une formule qui semble bien ancr\u00e9e dans ses certitudes depuis [&hellip;]\" \/>\n<meta name=\"twitter:image\" content=\"http:\/\/www.leblogmoto.com\/images\/2008\/12\/08\/neige.jpg\" \/>\n<meta name=\"twitter:label1\" content=\"\u00c9crit par\" \/>\n\t<meta name=\"twitter:data1\" content=\"jacques lesage\" \/>\n\t<meta name=\"twitter:label2\" content=\"Dur\u00e9e de lecture estim\u00e9e\" \/>\n\t<meta name=\"twitter:data2\" content=\"3 minutes\" \/>\n<script type=\"application\/ld+json\" class=\"yoast-schema-graph\">{\"@context\":\"https:\/\/schema.org\",\"@graph\":[{\"@type\":\"WebPage\",\"@id\":\"https:\/\/blogs.thesocialmedia.com\/leblogmoto\/2008\/12\/09\/premire-neige-l\/\",\"url\":\"https:\/\/blogs.thesocialmedia.com\/leblogmoto\/2008\/12\/09\/premire-neige-l\/\",\"name\":\"Premi\u00e8re neige, les chenilles sont de sorties - leblogmoto.com\",\"isPartOf\":{\"@id\":\"https:\/\/blogs.thesocialmedia.com\/leblogmoto\/#website\"},\"primaryImageOfPage\":{\"@id\":\"https:\/\/blogs.thesocialmedia.com\/leblogmoto\/2008\/12\/09\/premire-neige-l\/#primaryimage\"},\"image\":{\"@id\":\"https:\/\/blogs.thesocialmedia.com\/leblogmoto\/2008\/12\/09\/premire-neige-l\/#primaryimage\"},\"thumbnailUrl\":\"http:\/\/www.leblogmoto.com\/images\/2008\/12\/08\/neige.jpg\",\"datePublished\":\"2008-12-09T04:04:28+00:00\",\"dateModified\":\"2012-07-11T16:42:24+00:00\",\"author\":{\"@id\":\"https:\/\/blogs.thesocialmedia.com\/leblogmoto\/#\/schema\/person\/e82a0ca8a9a63d031586097a3ed58526\"},\"breadcrumb\":{\"@id\":\"https:\/\/blogs.thesocialmedia.com\/leblogmoto\/2008\/12\/09\/premire-neige-l\/#breadcrumb\"},\"inLanguage\":\"fr-FR\",\"potentialAction\":[{\"@type\":\"ReadAction\",\"target\":[\"https:\/\/blogs.thesocialmedia.com\/leblogmoto\/2008\/12\/09\/premire-neige-l\/\"]}]},{\"@type\":\"ImageObject\",\"inLanguage\":\"fr-FR\",\"@id\":\"https:\/\/blogs.thesocialmedia.com\/leblogmoto\/2008\/12\/09\/premire-neige-l\/#primaryimage\",\"url\":\"http:\/\/www.leblogmoto.com\/images\/2008\/12\/08\/neige.jpg\",\"contentUrl\":\"http:\/\/www.leblogmoto.com\/images\/2008\/12\/08\/neige.jpg\"},{\"@type\":\"BreadcrumbList\",\"@id\":\"https:\/\/blogs.thesocialmedia.com\/leblogmoto\/2008\/12\/09\/premire-neige-l\/#breadcrumb\",\"itemListElement\":[{\"@type\":\"ListItem\",\"position\":1,\"name\":\"Accueil\",\"item\":\"https:\/\/blogs.thesocialmedia.com\/leblogmoto\/\"},{\"@type\":\"ListItem\",\"position\":2,\"name\":\"Premi\u00e8re neige, les chenilles sont de sorties\"}]},{\"@type\":\"WebSite\",\"@id\":\"https:\/\/blogs.thesocialmedia.com\/leblogmoto\/#website\",\"url\":\"https:\/\/blogs.thesocialmedia.com\/leblogmoto\/\",\"name\":\"leblogmoto\",\"description\":\"Toute l&#039;actualit\u00e9 des 2 roues\",\"potentialAction\":[{\"@type\":\"SearchAction\",\"target\":{\"@type\":\"EntryPoint\",\"urlTemplate\":\"https:\/\/blogs.thesocialmedia.com\/leblogmoto\/?s={search_term_string}\"},\"query-input\":{\"@type\":\"PropertyValueSpecification\",\"valueRequired\":true,\"valueName\":\"search_term_string\"}}],\"inLanguage\":\"fr-FR\"},{\"@type\":\"Person\",\"@id\":\"https:\/\/blogs.thesocialmedia.com\/leblogmoto\/#\/schema\/person\/e82a0ca8a9a63d031586097a3ed58526\",\"name\":\"jacques lesage\",\"image\":{\"@type\":\"ImageObject\",\"inLanguage\":\"fr-FR\",\"@id\":\"https:\/\/blogs.thesocialmedia.com\/leblogmoto\/#\/schema\/person\/image\/\",\"url\":\"https:\/\/secure.gravatar.com\/avatar\/?s=96&d=mm&r=g\",\"contentUrl\":\"https:\/\/secure.gravatar.com\/avatar\/?s=96&d=mm&r=g\",\"caption\":\"jacques lesage\"},\"url\":\"https:\/\/blogs.thesocialmedia.com\/leblogmoto\/author\/jacques-lesage\/\"}]}<\/script>\n<!-- \/ Yoast SEO plugin. -->","yoast_head_json":{"title":"Premi\u00e8re neige, les chenilles sont de sorties - leblogmoto.com","robots":{"index":"index","follow":"follow","max-snippet":"max-snippet:-1","max-image-preview":"max-image-preview:large","max-video-preview":"max-video-preview:-1"},"canonical":"https:\/\/blogs.thesocialmedia.com\/leblogmoto\/2008\/12\/09\/premire-neige-l\/","twitter_card":"summary_large_image","twitter_title":"Premi\u00e8re neige, les chenilles sont de sorties - leblogmoto.com","twitter_description":"Avec la premi\u00e8re neige sur Montr\u00e9al dimanche, les -20 Celsius d\u2019hier et la pluie d\u2019aujourd\u2019hui, l\u2019hiver est bel et bien install\u00e9 avec tous ses d\u00e9bordements.Parlant de d\u00e9mesure, voici quelques motoneiges qui ne p\u00eachent pas par exc\u00e8s de modestie, et qui tentent au passage de r\u00e9inventer une formule qui semble bien ancr\u00e9e dans ses certitudes depuis [&hellip;]","twitter_image":"http:\/\/www.leblogmoto.com\/images\/2008\/12\/08\/neige.jpg","twitter_misc":{"\u00c9crit par":"jacques lesage","Dur\u00e9e de lecture estim\u00e9e":"3 minutes"},"schema":{"@context":"https:\/\/schema.org","@graph":[{"@type":"WebPage","@id":"https:\/\/blogs.thesocialmedia.com\/leblogmoto\/2008\/12\/09\/premire-neige-l\/","url":"https:\/\/blogs.thesocialmedia.com\/leblogmoto\/2008\/12\/09\/premire-neige-l\/","name":"Premi\u00e8re neige, les chenilles sont de sorties - leblogmoto.com","isPartOf":{"@id":"https:\/\/blogs.thesocialmedia.com\/leblogmoto\/#website"},"primaryImageOfPage":{"@id":"https:\/\/blogs.thesocialmedia.com\/leblogmoto\/2008\/12\/09\/premire-neige-l\/#primaryimage"},"image":{"@id":"https:\/\/blogs.thesocialmedia.com\/leblogmoto\/2008\/12\/09\/premire-neige-l\/#primaryimage"},"thumbnailUrl":"http:\/\/www.leblogmoto.com\/images\/2008\/12\/08\/neige.jpg","datePublished":"2008-12-09T04:04:28+00:00","dateModified":"2012-07-11T16:42:24+00:00","author":{"@id":"https:\/\/blogs.thesocialmedia.com\/leblogmoto\/#\/schema\/person\/e82a0ca8a9a63d031586097a3ed58526"},"breadcrumb":{"@id":"https:\/\/blogs.thesocialmedia.com\/leblogmoto\/2008\/12\/09\/premire-neige-l\/#breadcrumb"},"inLanguage":"fr-FR","potentialAction":[{"@type":"ReadAction","target":["https:\/\/blogs.thesocialmedia.com\/leblogmoto\/2008\/12\/09\/premire-neige-l\/"]}]},{"@type":"ImageObject","inLanguage":"fr-FR","@id":"https:\/\/blogs.thesocialmedia.com\/leblogmoto\/2008\/12\/09\/premire-neige-l\/#primaryimage","url":"http:\/\/www.leblogmoto.com\/images\/2008\/12\/08\/neige.jpg","contentUrl":"http:\/\/www.leblogmoto.com\/images\/2008\/12\/08\/neige.jpg"},{"@type":"BreadcrumbList","@id":"https:\/\/blogs.thesocialmedia.com\/leblogmoto\/2008\/12\/09\/premire-neige-l\/#breadcrumb","itemListElement":[{"@type":"ListItem","position":1,"name":"Accueil","item":"https:\/\/blogs.thesocialmedia.com\/leblogmoto\/"},{"@type":"ListItem","position":2,"name":"Premi\u00e8re neige, les chenilles sont de sorties"}]},{"@type":"WebSite","@id":"https:\/\/blogs.thesocialmedia.com\/leblogmoto\/#website","url":"https:\/\/blogs.thesocialmedia.com\/leblogmoto\/","name":"leblogmoto","description":"Toute l&#039;actualit\u00e9 des 2 roues","potentialAction":[{"@type":"SearchAction","target":{"@type":"EntryPoint","urlTemplate":"https:\/\/blogs.thesocialmedia.com\/leblogmoto\/?s={search_term_string}"},"query-input":{"@type":"PropertyValueSpecification","valueRequired":true,"valueName":"search_term_string"}}],"inLanguage":"fr-FR"},{"@type":"Person","@id":"https:\/\/blogs.thesocialmedia.com\/leblogmoto\/#\/schema\/person\/e82a0ca8a9a63d031586097a3ed58526","name":"jacques lesage","image":{"@type":"ImageObject","inLanguage":"fr-FR","@id":"https:\/\/blogs.thesocialmedia.com\/leblogmoto\/#\/schema\/person\/image\/","url":"https:\/\/secure.gravatar.com\/avatar\/?s=96&d=mm&r=g","contentUrl":"https:\/\/secure.gravatar.com\/avatar\/?s=96&d=mm&r=g","caption":"jacques lesage"},"url":"https:\/\/blogs.thesocialmedia.com\/leblogmoto\/author\/jacques-lesage\/"}]}},"_links":{"self":[{"href":"https:\/\/blogs.thesocialmedia.com\/leblogmoto\/wp-json\/wp\/v2\/posts\/369","targetHints":{"allow":["GET"]}}],"collection":[{"href":"https:\/\/blogs.thesocialmedia.com\/leblogmoto\/wp-json\/wp\/v2\/posts"}],"about":[{"href":"https:\/\/blogs.thesocialmedia.com\/leblogmoto\/wp-json\/wp\/v2\/types\/post"}],"author":[{"embeddable":true,"href":"https:\/\/blogs.thesocialmedia.com\/leblogmoto\/wp-json\/wp\/v2\/users\/325"}],"replies":[{"embeddable":true,"href":"https:\/\/blogs.thesocialmedia.com\/leblogmoto\/wp-json\/wp\/v2\/comments?post=369"}],"version-history":[{"count":2,"href":"https:\/\/blogs.thesocialmedia.com\/leblogmoto\/wp-json\/wp\/v2\/posts\/369\/revisions"}],"predecessor-version":[{"id":12297,"href":"https:\/\/blogs.thesocialmedia.com\/leblogmoto\/wp-json\/wp\/v2\/posts\/369\/revisions\/12297"}],"wp:attachment":[{"href":"https:\/\/blogs.thesocialmedia.com\/leblogmoto\/wp-json\/wp\/v2\/media?parent=369"}],"wp:term":[{"taxonomy":"category","embeddable":true,"href":"https:\/\/blogs.thesocialmedia.com\/leblogmoto\/wp-json\/wp\/v2\/categories?post=369"},{"taxonomy":"post_tag","embeddable":true,"href":"https:\/\/blogs.thesocialmedia.com\/leblogmoto\/wp-json\/wp\/v2\/tags?post=369"}],"curies":[{"name":"wp","href":"https:\/\/api.w.org\/{rel}","templated":true}]}}