{"id":372,"date":"2008-12-05T21:37:40","date_gmt":"2008-12-05T21:37:40","guid":{"rendered":"http:\/\/blogs.thesocialmedia.com\/leblogmoto\/2008\/12\/05\/chopper-the-dra\/"},"modified":"2012-07-11T16:42:01","modified_gmt":"2012-07-11T16:42:01","slug":"chopper-the-dra","status":"publish","type":"post","link":"https:\/\/blogs.thesocialmedia.com\/leblogmoto\/2008\/12\/05\/chopper-the-dra\/","title":{"rendered":"Chopper The Dragon, ce (tr\u00e8s) cher custom prim\u00e9."},"content":{"rendered":"<p><a href=\"http:\/\/blogs.thesocialmedia.com\/leblogmoto\/files\/2012\/07\/moto_thedragon_3.jpg\"><img loading=\"lazy\" decoding=\"async\"  alt=\"Moto_thedragon_3\" src=\"http:\/\/www.leblogmoto.com\/images\/2008\/12\/02\/moto_thedragon_3.jpg\" width=\"470\" height=\"309\" \/><\/a><\/p>\n<p>Rep\u00e9r\u00e9 sur un <a href=\"http:\/\/www.likecool.com\/The_Dragon--Motorcycle--Car.html\">site<\/a> pour geeks consacr\u00e9 aux gadgets en tout genre, voici le chopper The Dragon r\u00e9alis\u00e9 par <a href=\"http:\/\/www.wikkedcustoms.com\/\">Wikked Kustoms<\/a>, des cr\u00e9ateurs de Floride qui op\u00e8rent sur une base Harley Davidson. La b\u00eate a \u00e9t\u00e9 pr\u00e9sent\u00e9e il y a quelque mois au Festival of Speed d&rsquo;Orlando, d\u00e9j\u00e0 pr\u00e9c\u00e9d\u00e9e par sa r\u00e9putation, puisqu&rsquo;elle avait auparavant remport\u00e9 un prix en 2008 \u00e0 un festival des constructeurs de Tampa Bay. Dans le pur esprit du Sunshine State, la sellerie est r\u00e9alis\u00e9e, selon le site, en crocodile (plus probablement en alligator). Au vu de ses formes et de sa couleur, je l&rsquo;attribuerai plut\u00f4t au <a href=\"http:\/\/en.wikipedia.org\/wiki\/Green_Goblin\">Green Goblin<\/a> (le Bouffon vert chez nous), l&rsquo;ennemi de Spiderman, qu&rsquo;au reptile l\u00e9gendaire, malgr\u00e9 l&rsquo;appellation retenue par ses concepteurs. Question tarif, sachez qu&rsquo;il vous en co\u00fbtera tout de m\u00eame 69.000 $ pour parader \u00e0 son guidon.<\/p>\n<p><a href=\"http:\/\/clabedan.typepad.com\/.shared\/image.html?\/photos\/uncategorized\/2008\/12\/02\/moto_thedragon_2_2.jpg\"><img loading=\"lazy\" decoding=\"async\"  alt=\"Moto_thedragon_2_2\" src=\"http:\/\/www.leblogmoto.com\/images\/2008\/12\/02\/moto_thedragon_2_2.jpg\" width=\"470\" height=\"262\" \/><\/a> <\/p>\n","protected":false},"excerpt":{"rendered":"<p>Rep\u00e9r\u00e9 sur un site pour geeks consacr\u00e9 aux gadgets en tout genre, voici le chopper The Dragon r\u00e9alis\u00e9 par Wikked Kustoms, des cr\u00e9ateurs de Floride qui op\u00e8rent sur une base Harley Davidson. La b\u00eate a \u00e9t\u00e9 pr\u00e9sent\u00e9e il y a quelque mois au Festival of Speed d&rsquo;Orlando, d\u00e9j\u00e0 pr\u00e9c\u00e9d\u00e9e par sa r\u00e9putation, puisqu&rsquo;elle avait auparavant [&hellip;]<\/p>\n","protected":false},"author":324,"featured_media":0,"comment_status":"open","ping_status":"open","sticky":false,"template":"","format":"standard","meta":{"footnotes":""},"categories":[38,8,29,58],"tags":[],"class_list":["post-372","post","type-post","status-publish","format-standard","hentry","category-atelier","category-chaines-et-cuirs","category-harley-davidson","category-insolite"],"yoast_head":"<!-- This site is optimized with the Yoast SEO plugin v26.0 - https:\/\/yoast.com\/wordpress\/plugins\/seo\/ -->\n<title>Chopper The Dragon, ce (tr\u00e8s) cher custom prim\u00e9. - leblogmoto.com<\/title>\n<meta name=\"robots\" content=\"index, follow, max-snippet:-1, max-image-preview:large, max-video-preview:-1\" \/>\n<link rel=\"canonical\" href=\"https:\/\/blogs.thesocialmedia.com\/leblogmoto\/2008\/12\/05\/chopper-the-dra\/\" \/>\n<meta name=\"twitter:card\" content=\"summary_large_image\" \/>\n<meta name=\"twitter:title\" content=\"Chopper The Dragon, ce (tr\u00e8s) cher custom prim\u00e9. - leblogmoto.com\" \/>\n<meta name=\"twitter:description\" content=\"Rep\u00e9r\u00e9 sur un site pour geeks consacr\u00e9 aux gadgets en tout genre, voici le chopper The Dragon r\u00e9alis\u00e9 par Wikked Kustoms, des cr\u00e9ateurs de Floride qui op\u00e8rent sur une base Harley Davidson. La b\u00eate a \u00e9t\u00e9 pr\u00e9sent\u00e9e il y a quelque mois au Festival of Speed d&rsquo;Orlando, d\u00e9j\u00e0 pr\u00e9c\u00e9d\u00e9e par sa r\u00e9putation, puisqu&rsquo;elle avait auparavant [&hellip;]\" \/>\n<meta name=\"twitter:image\" content=\"http:\/\/www.leblogmoto.com\/images\/2008\/12\/02\/moto_thedragon_3.jpg\" \/>\n<meta name=\"twitter:label1\" content=\"\u00c9crit par\" \/>\n\t<meta name=\"twitter:data1\" content=\"benoit rieu\" \/>\n\t<meta name=\"twitter:label2\" content=\"Dur\u00e9e de lecture estim\u00e9e\" \/>\n\t<meta name=\"twitter:data2\" content=\"1 minute\" \/>\n<script type=\"application\/ld+json\" class=\"yoast-schema-graph\">{\"@context\":\"https:\/\/schema.org\",\"@graph\":[{\"@type\":\"WebPage\",\"@id\":\"https:\/\/blogs.thesocialmedia.com\/leblogmoto\/2008\/12\/05\/chopper-the-dra\/\",\"url\":\"https:\/\/blogs.thesocialmedia.com\/leblogmoto\/2008\/12\/05\/chopper-the-dra\/\",\"name\":\"Chopper The Dragon, ce (tr\u00e8s) cher custom prim\u00e9. - leblogmoto.com\",\"isPartOf\":{\"@id\":\"https:\/\/blogs.thesocialmedia.com\/leblogmoto\/#website\"},\"primaryImageOfPage\":{\"@id\":\"https:\/\/blogs.thesocialmedia.com\/leblogmoto\/2008\/12\/05\/chopper-the-dra\/#primaryimage\"},\"image\":{\"@id\":\"https:\/\/blogs.thesocialmedia.com\/leblogmoto\/2008\/12\/05\/chopper-the-dra\/#primaryimage\"},\"thumbnailUrl\":\"http:\/\/www.leblogmoto.com\/images\/2008\/12\/02\/moto_thedragon_3.jpg\",\"datePublished\":\"2008-12-05T21:37:40+00:00\",\"dateModified\":\"2012-07-11T16:42:01+00:00\",\"author\":{\"@id\":\"https:\/\/blogs.thesocialmedia.com\/leblogmoto\/#\/schema\/person\/18bfe773e5725ed6d24f743da805362a\"},\"breadcrumb\":{\"@id\":\"https:\/\/blogs.thesocialmedia.com\/leblogmoto\/2008\/12\/05\/chopper-the-dra\/#breadcrumb\"},\"inLanguage\":\"fr-FR\",\"potentialAction\":[{\"@type\":\"ReadAction\",\"target\":[\"https:\/\/blogs.thesocialmedia.com\/leblogmoto\/2008\/12\/05\/chopper-the-dra\/\"]}]},{\"@type\":\"ImageObject\",\"inLanguage\":\"fr-FR\",\"@id\":\"https:\/\/blogs.thesocialmedia.com\/leblogmoto\/2008\/12\/05\/chopper-the-dra\/#primaryimage\",\"url\":\"http:\/\/www.leblogmoto.com\/images\/2008\/12\/02\/moto_thedragon_3.jpg\",\"contentUrl\":\"http:\/\/www.leblogmoto.com\/images\/2008\/12\/02\/moto_thedragon_3.jpg\"},{\"@type\":\"BreadcrumbList\",\"@id\":\"https:\/\/blogs.thesocialmedia.com\/leblogmoto\/2008\/12\/05\/chopper-the-dra\/#breadcrumb\",\"itemListElement\":[{\"@type\":\"ListItem\",\"position\":1,\"name\":\"Accueil\",\"item\":\"https:\/\/blogs.thesocialmedia.com\/leblogmoto\/\"},{\"@type\":\"ListItem\",\"position\":2,\"name\":\"Chopper The Dragon, ce (tr\u00e8s) cher custom prim\u00e9.\"}]},{\"@type\":\"WebSite\",\"@id\":\"https:\/\/blogs.thesocialmedia.com\/leblogmoto\/#website\",\"url\":\"https:\/\/blogs.thesocialmedia.com\/leblogmoto\/\",\"name\":\"leblogmoto\",\"description\":\"Toute l&#039;actualit\u00e9 des 2 roues\",\"potentialAction\":[{\"@type\":\"SearchAction\",\"target\":{\"@type\":\"EntryPoint\",\"urlTemplate\":\"https:\/\/blogs.thesocialmedia.com\/leblogmoto\/?s={search_term_string}\"},\"query-input\":{\"@type\":\"PropertyValueSpecification\",\"valueRequired\":true,\"valueName\":\"search_term_string\"}}],\"inLanguage\":\"fr-FR\"},{\"@type\":\"Person\",\"@id\":\"https:\/\/blogs.thesocialmedia.com\/leblogmoto\/#\/schema\/person\/18bfe773e5725ed6d24f743da805362a\",\"name\":\"benoit rieu\",\"image\":{\"@type\":\"ImageObject\",\"inLanguage\":\"fr-FR\",\"@id\":\"https:\/\/blogs.thesocialmedia.com\/leblogmoto\/#\/schema\/person\/image\/\",\"url\":\"https:\/\/secure.gravatar.com\/avatar\/?s=96&d=mm&r=g\",\"contentUrl\":\"https:\/\/secure.gravatar.com\/avatar\/?s=96&d=mm&r=g\",\"caption\":\"benoit rieu\"},\"url\":\"https:\/\/blogs.thesocialmedia.com\/leblogmoto\/author\/benoit-rieu\/\"}]}<\/script>\n<!-- \/ Yoast SEO plugin. -->","yoast_head_json":{"title":"Chopper The Dragon, ce (tr\u00e8s) cher custom prim\u00e9. - leblogmoto.com","robots":{"index":"index","follow":"follow","max-snippet":"max-snippet:-1","max-image-preview":"max-image-preview:large","max-video-preview":"max-video-preview:-1"},"canonical":"https:\/\/blogs.thesocialmedia.com\/leblogmoto\/2008\/12\/05\/chopper-the-dra\/","twitter_card":"summary_large_image","twitter_title":"Chopper The Dragon, ce (tr\u00e8s) cher custom prim\u00e9. - leblogmoto.com","twitter_description":"Rep\u00e9r\u00e9 sur un site pour geeks consacr\u00e9 aux gadgets en tout genre, voici le chopper The Dragon r\u00e9alis\u00e9 par Wikked Kustoms, des cr\u00e9ateurs de Floride qui op\u00e8rent sur une base Harley Davidson. La b\u00eate a \u00e9t\u00e9 pr\u00e9sent\u00e9e il y a quelque mois au Festival of Speed d&rsquo;Orlando, d\u00e9j\u00e0 pr\u00e9c\u00e9d\u00e9e par sa r\u00e9putation, puisqu&rsquo;elle avait auparavant [&hellip;]","twitter_image":"http:\/\/www.leblogmoto.com\/images\/2008\/12\/02\/moto_thedragon_3.jpg","twitter_misc":{"\u00c9crit par":"benoit rieu","Dur\u00e9e de lecture estim\u00e9e":"1 minute"},"schema":{"@context":"https:\/\/schema.org","@graph":[{"@type":"WebPage","@id":"https:\/\/blogs.thesocialmedia.com\/leblogmoto\/2008\/12\/05\/chopper-the-dra\/","url":"https:\/\/blogs.thesocialmedia.com\/leblogmoto\/2008\/12\/05\/chopper-the-dra\/","name":"Chopper The Dragon, ce (tr\u00e8s) cher custom prim\u00e9. - leblogmoto.com","isPartOf":{"@id":"https:\/\/blogs.thesocialmedia.com\/leblogmoto\/#website"},"primaryImageOfPage":{"@id":"https:\/\/blogs.thesocialmedia.com\/leblogmoto\/2008\/12\/05\/chopper-the-dra\/#primaryimage"},"image":{"@id":"https:\/\/blogs.thesocialmedia.com\/leblogmoto\/2008\/12\/05\/chopper-the-dra\/#primaryimage"},"thumbnailUrl":"http:\/\/www.leblogmoto.com\/images\/2008\/12\/02\/moto_thedragon_3.jpg","datePublished":"2008-12-05T21:37:40+00:00","dateModified":"2012-07-11T16:42:01+00:00","author":{"@id":"https:\/\/blogs.thesocialmedia.com\/leblogmoto\/#\/schema\/person\/18bfe773e5725ed6d24f743da805362a"},"breadcrumb":{"@id":"https:\/\/blogs.thesocialmedia.com\/leblogmoto\/2008\/12\/05\/chopper-the-dra\/#breadcrumb"},"inLanguage":"fr-FR","potentialAction":[{"@type":"ReadAction","target":["https:\/\/blogs.thesocialmedia.com\/leblogmoto\/2008\/12\/05\/chopper-the-dra\/"]}]},{"@type":"ImageObject","inLanguage":"fr-FR","@id":"https:\/\/blogs.thesocialmedia.com\/leblogmoto\/2008\/12\/05\/chopper-the-dra\/#primaryimage","url":"http:\/\/www.leblogmoto.com\/images\/2008\/12\/02\/moto_thedragon_3.jpg","contentUrl":"http:\/\/www.leblogmoto.com\/images\/2008\/12\/02\/moto_thedragon_3.jpg"},{"@type":"BreadcrumbList","@id":"https:\/\/blogs.thesocialmedia.com\/leblogmoto\/2008\/12\/05\/chopper-the-dra\/#breadcrumb","itemListElement":[{"@type":"ListItem","position":1,"name":"Accueil","item":"https:\/\/blogs.thesocialmedia.com\/leblogmoto\/"},{"@type":"ListItem","position":2,"name":"Chopper The Dragon, ce (tr\u00e8s) cher custom prim\u00e9."}]},{"@type":"WebSite","@id":"https:\/\/blogs.thesocialmedia.com\/leblogmoto\/#website","url":"https:\/\/blogs.thesocialmedia.com\/leblogmoto\/","name":"leblogmoto","description":"Toute l&#039;actualit\u00e9 des 2 roues","potentialAction":[{"@type":"SearchAction","target":{"@type":"EntryPoint","urlTemplate":"https:\/\/blogs.thesocialmedia.com\/leblogmoto\/?s={search_term_string}"},"query-input":{"@type":"PropertyValueSpecification","valueRequired":true,"valueName":"search_term_string"}}],"inLanguage":"fr-FR"},{"@type":"Person","@id":"https:\/\/blogs.thesocialmedia.com\/leblogmoto\/#\/schema\/person\/18bfe773e5725ed6d24f743da805362a","name":"benoit rieu","image":{"@type":"ImageObject","inLanguage":"fr-FR","@id":"https:\/\/blogs.thesocialmedia.com\/leblogmoto\/#\/schema\/person\/image\/","url":"https:\/\/secure.gravatar.com\/avatar\/?s=96&d=mm&r=g","contentUrl":"https:\/\/secure.gravatar.com\/avatar\/?s=96&d=mm&r=g","caption":"benoit rieu"},"url":"https:\/\/blogs.thesocialmedia.com\/leblogmoto\/author\/benoit-rieu\/"}]}},"_links":{"self":[{"href":"https:\/\/blogs.thesocialmedia.com\/leblogmoto\/wp-json\/wp\/v2\/posts\/372","targetHints":{"allow":["GET"]}}],"collection":[{"href":"https:\/\/blogs.thesocialmedia.com\/leblogmoto\/wp-json\/wp\/v2\/posts"}],"about":[{"href":"https:\/\/blogs.thesocialmedia.com\/leblogmoto\/wp-json\/wp\/v2\/types\/post"}],"author":[{"embeddable":true,"href":"https:\/\/blogs.thesocialmedia.com\/leblogmoto\/wp-json\/wp\/v2\/users\/324"}],"replies":[{"embeddable":true,"href":"https:\/\/blogs.thesocialmedia.com\/leblogmoto\/wp-json\/wp\/v2\/comments?post=372"}],"version-history":[{"count":2,"href":"https:\/\/blogs.thesocialmedia.com\/leblogmoto\/wp-json\/wp\/v2\/posts\/372\/revisions"}],"predecessor-version":[{"id":12286,"href":"https:\/\/blogs.thesocialmedia.com\/leblogmoto\/wp-json\/wp\/v2\/posts\/372\/revisions\/12286"}],"wp:attachment":[{"href":"https:\/\/blogs.thesocialmedia.com\/leblogmoto\/wp-json\/wp\/v2\/media?parent=372"}],"wp:term":[{"taxonomy":"category","embeddable":true,"href":"https:\/\/blogs.thesocialmedia.com\/leblogmoto\/wp-json\/wp\/v2\/categories?post=372"},{"taxonomy":"post_tag","embeddable":true,"href":"https:\/\/blogs.thesocialmedia.com\/leblogmoto\/wp-json\/wp\/v2\/tags?post=372"}],"curies":[{"name":"wp","href":"https:\/\/api.w.org\/{rel}","templated":true}]}}