{"id":374,"date":"2008-12-05T00:14:31","date_gmt":"2008-12-05T00:14:31","guid":{"rendered":"http:\/\/blogs.thesocialmedia.com\/leblogmoto\/2008\/12\/05\/album-du-vendre-4\/"},"modified":"2012-07-11T16:41:55","modified_gmt":"2012-07-11T16:41:55","slug":"album-du-vendre-4","status":"publish","type":"post","link":"https:\/\/blogs.thesocialmedia.com\/leblogmoto\/2008\/12\/05\/album-du-vendre-4\/","title":{"rendered":"Album du vendredi, Hell Ride"},"content":{"rendered":"<p><a href=\"http:\/\/blogs.thesocialmedia.com\/leblogmoto\/files\/2012\/07\/hell01.jpg\"><img loading=\"lazy\" decoding=\"async\" width=\"470\" height=\"200\"  src=\"http:\/\/www.leblogmoto.com\/images\/2008\/12\/04\/hell01.jpg\" alt=\"Hell01\" \/><\/a> <\/p>\n<p>Avec une sortie toute en discr\u00e9tion, pour ne pas dire dans l\u2019indiff\u00e9rence g\u00e9n\u00e9rale, <a href=\"http:\/\/www.imdb.com\/title\/tt0411475\/\">Hell Ride<\/a>, ce film de m\u00e9chants motards aux c\u0153urs tendres sombres d\u00e9j\u00e0 dans l\u2019oubli alors que ses <a href=\"http:\/\/www.hellridemovie.com\/\">copies DVD<\/a> prennent la poussi\u00e8re sur les rayons esseul\u00e9s.<\/p>\n<p>Et comme pour mes mauvaises rimes, les <a href=\"http:\/\/www.cinematical.com\/2008\/01\/29\/sundance-review-hell-ride\/\">critiques<\/a> ne furent <a href=\"http:\/\/www.timeout.com\/film\/newyork\/reviews\/85650\/Hell_Ride.html\">gu\u00e8re plus tendres<\/a> avec ce film, m\u00eame si <a href=\"http:\/\/www.firstshowing.net\/2008\/01\/22\/sundance-review-quentin-tarantino-presents-hell-ride\/\">certains aiment<\/a>, alors, pour qui, et vous \u00eates tr\u00e8s certainement nombreux, ne l\u2019aurait pas vu, morceaux choisis.<\/p>\n<p><a href=\"http:\/\/clabedan.typepad.com\/.shared\/image.html?\/photos\/uncategorized\/2008\/12\/04\/hell02.jpg\"><img loading=\"lazy\" decoding=\"async\" width=\"470\" height=\"201\"  src=\"http:\/\/www.leblogmoto.com\/images\/2008\/12\/04\/hell02.jpg\" alt=\"Hell02\" \/><\/a> <\/p>\n<p><a href=\"http:\/\/blogs.thesocialmedia.com\/leblogmoto\/files\/2012\/07\/hell03.jpg\"><img loading=\"lazy\" decoding=\"async\" width=\"470\" height=\"201\"  src=\"http:\/\/www.leblogmoto.com\/images\/2008\/12\/04\/hell03.jpg\" alt=\"Hell03\" \/><\/a> <\/p>\n<p><a href=\"http:\/\/blogs.thesocialmedia.com\/leblogmoto\/files\/2012\/07\/hell04.jpg\"><img loading=\"lazy\" decoding=\"async\" width=\"470\" height=\"199\"  src=\"http:\/\/www.leblogmoto.com\/images\/2008\/12\/04\/hell04.jpg\" alt=\"Hell04\" \/><\/a> <\/p>\n<p><a href=\"http:\/\/blogs.thesocialmedia.com\/leblogmoto\/files\/2012\/07\/hell05.jpg\"><img loading=\"lazy\" decoding=\"async\" width=\"470\" height=\"201\"  src=\"http:\/\/www.leblogmoto.com\/images\/2008\/12\/04\/hell05.jpg\" alt=\"Hell05\" \/><\/a> <\/p>\n<p><a href=\"http:\/\/blogs.thesocialmedia.com\/leblogmoto\/files\/2012\/07\/hell06.jpg\"><img loading=\"lazy\" decoding=\"async\" width=\"470\" height=\"200\"  src=\"http:\/\/www.leblogmoto.com\/images\/2008\/12\/04\/hell06.jpg\" alt=\"Hell06\" \/><\/a> <\/p>\n<p><a href=\"http:\/\/blogs.thesocialmedia.com\/leblogmoto\/files\/2012\/07\/hell07.jpg\"><img loading=\"lazy\" decoding=\"async\" width=\"470\" height=\"201\"  src=\"http:\/\/www.leblogmoto.com\/images\/2008\/12\/04\/hell07.jpg\" alt=\"Hell07\" \/><\/a> <\/p>\n<p><a href=\"http:\/\/blogs.thesocialmedia.com\/leblogmoto\/files\/2012\/07\/hell08.jpg\"><img loading=\"lazy\" decoding=\"async\" width=\"470\" height=\"201\"  src=\"http:\/\/www.leblogmoto.com\/images\/2008\/12\/04\/hell08.jpg\" alt=\"Hell08\" \/><\/a> <\/p>\n<p><a href=\"http:\/\/blogs.thesocialmedia.com\/leblogmoto\/files\/2012\/07\/hell09.jpg\"><img loading=\"lazy\" decoding=\"async\" width=\"470\" height=\"201\"  src=\"http:\/\/www.leblogmoto.com\/images\/2008\/12\/04\/hell09.jpg\" alt=\"Hell09\" \/><\/a> <\/p>\n<p><a href=\"http:\/\/blogs.thesocialmedia.com\/leblogmoto\/files\/2012\/07\/hell10.jpg\"><img loading=\"lazy\" decoding=\"async\" width=\"470\" height=\"201\"  src=\"http:\/\/www.leblogmoto.com\/images\/2008\/12\/04\/hell10.jpg\" alt=\"Hell10\" \/><\/a> <\/p>\n<p><a href=\"http:\/\/blogs.thesocialmedia.com\/leblogmoto\/files\/2012\/07\/hell11.jpg\"><img loading=\"lazy\" decoding=\"async\" width=\"470\" height=\"201\"  src=\"http:\/\/www.leblogmoto.com\/images\/2008\/12\/04\/hell11.jpg\" alt=\"Hell11\" \/><\/a> <\/p>\n<p><a href=\"http:\/\/blogs.thesocialmedia.com\/leblogmoto\/files\/2012\/07\/hell12.jpg\"><img loading=\"lazy\" decoding=\"async\" width=\"470\" height=\"201\"  src=\"http:\/\/www.leblogmoto.com\/images\/2008\/12\/04\/hell12.jpg\" alt=\"Hell12\" \/><\/a> <\/p>\n<p><a href=\"http:\/\/blogs.thesocialmedia.com\/leblogmoto\/files\/2012\/07\/hell13.jpg\"><img loading=\"lazy\" decoding=\"async\" width=\"470\" height=\"201\"  src=\"http:\/\/www.leblogmoto.com\/images\/2008\/12\/04\/hell13.jpg\" alt=\"Hell13\" \/><\/a> <\/p>\n","protected":false},"excerpt":{"rendered":"<p>Avec une sortie toute en discr\u00e9tion, pour ne pas dire dans l\u2019indiff\u00e9rence g\u00e9n\u00e9rale, Hell Ride, ce film de m\u00e9chants motards aux c\u0153urs tendres sombres d\u00e9j\u00e0 dans l\u2019oubli alors que ses copies DVD prennent la poussi\u00e8re sur les rayons esseul\u00e9s. Et comme pour mes mauvaises rimes, les critiques ne furent gu\u00e8re plus tendres avec ce film, [&hellip;]<\/p>\n","protected":false},"author":325,"featured_media":0,"comment_status":"open","ping_status":"open","sticky":false,"template":"","format":"standard","meta":{"footnotes":""},"categories":[13,8,17],"tags":[],"class_list":["post-374","post","type-post","status-publish","format-standard","hentry","category-aventure","category-chaines-et-cuirs","category-divers"],"yoast_head":"<!-- This site is optimized with the Yoast SEO plugin v26.0 - https:\/\/yoast.com\/wordpress\/plugins\/seo\/ -->\n<title>Album du vendredi, Hell Ride - leblogmoto.com<\/title>\n<meta name=\"robots\" content=\"index, follow, max-snippet:-1, max-image-preview:large, max-video-preview:-1\" \/>\n<link rel=\"canonical\" href=\"https:\/\/blogs.thesocialmedia.com\/leblogmoto\/2008\/12\/05\/album-du-vendre-4\/\" \/>\n<meta name=\"twitter:card\" content=\"summary_large_image\" \/>\n<meta name=\"twitter:title\" content=\"Album du vendredi, Hell Ride - leblogmoto.com\" \/>\n<meta name=\"twitter:description\" content=\"Avec une sortie toute en discr\u00e9tion, pour ne pas dire dans l\u2019indiff\u00e9rence g\u00e9n\u00e9rale, Hell Ride, ce film de m\u00e9chants motards aux c\u0153urs tendres sombres d\u00e9j\u00e0 dans l\u2019oubli alors que ses copies DVD prennent la poussi\u00e8re sur les rayons esseul\u00e9s. Et comme pour mes mauvaises rimes, les critiques ne furent gu\u00e8re plus tendres avec ce film, [&hellip;]\" \/>\n<meta name=\"twitter:image\" content=\"http:\/\/www.leblogmoto.com\/images\/2008\/12\/04\/hell01.jpg\" \/>\n<meta name=\"twitter:label1\" content=\"\u00c9crit par\" \/>\n\t<meta name=\"twitter:data1\" content=\"jacques lesage\" \/>\n<script type=\"application\/ld+json\" class=\"yoast-schema-graph\">{\"@context\":\"https:\/\/schema.org\",\"@graph\":[{\"@type\":\"WebPage\",\"@id\":\"https:\/\/blogs.thesocialmedia.com\/leblogmoto\/2008\/12\/05\/album-du-vendre-4\/\",\"url\":\"https:\/\/blogs.thesocialmedia.com\/leblogmoto\/2008\/12\/05\/album-du-vendre-4\/\",\"name\":\"Album du vendredi, Hell Ride - leblogmoto.com\",\"isPartOf\":{\"@id\":\"https:\/\/blogs.thesocialmedia.com\/leblogmoto\/#website\"},\"primaryImageOfPage\":{\"@id\":\"https:\/\/blogs.thesocialmedia.com\/leblogmoto\/2008\/12\/05\/album-du-vendre-4\/#primaryimage\"},\"image\":{\"@id\":\"https:\/\/blogs.thesocialmedia.com\/leblogmoto\/2008\/12\/05\/album-du-vendre-4\/#primaryimage\"},\"thumbnailUrl\":\"http:\/\/www.leblogmoto.com\/images\/2008\/12\/04\/hell01.jpg\",\"datePublished\":\"2008-12-05T00:14:31+00:00\",\"dateModified\":\"2012-07-11T16:41:55+00:00\",\"author\":{\"@id\":\"https:\/\/blogs.thesocialmedia.com\/leblogmoto\/#\/schema\/person\/e82a0ca8a9a63d031586097a3ed58526\"},\"breadcrumb\":{\"@id\":\"https:\/\/blogs.thesocialmedia.com\/leblogmoto\/2008\/12\/05\/album-du-vendre-4\/#breadcrumb\"},\"inLanguage\":\"fr-FR\",\"potentialAction\":[{\"@type\":\"ReadAction\",\"target\":[\"https:\/\/blogs.thesocialmedia.com\/leblogmoto\/2008\/12\/05\/album-du-vendre-4\/\"]}]},{\"@type\":\"ImageObject\",\"inLanguage\":\"fr-FR\",\"@id\":\"https:\/\/blogs.thesocialmedia.com\/leblogmoto\/2008\/12\/05\/album-du-vendre-4\/#primaryimage\",\"url\":\"http:\/\/www.leblogmoto.com\/images\/2008\/12\/04\/hell01.jpg\",\"contentUrl\":\"http:\/\/www.leblogmoto.com\/images\/2008\/12\/04\/hell01.jpg\"},{\"@type\":\"BreadcrumbList\",\"@id\":\"https:\/\/blogs.thesocialmedia.com\/leblogmoto\/2008\/12\/05\/album-du-vendre-4\/#breadcrumb\",\"itemListElement\":[{\"@type\":\"ListItem\",\"position\":1,\"name\":\"Accueil\",\"item\":\"https:\/\/blogs.thesocialmedia.com\/leblogmoto\/\"},{\"@type\":\"ListItem\",\"position\":2,\"name\":\"Album du vendredi, Hell Ride\"}]},{\"@type\":\"WebSite\",\"@id\":\"https:\/\/blogs.thesocialmedia.com\/leblogmoto\/#website\",\"url\":\"https:\/\/blogs.thesocialmedia.com\/leblogmoto\/\",\"name\":\"leblogmoto\",\"description\":\"Toute l&#039;actualit\u00e9 des 2 roues\",\"potentialAction\":[{\"@type\":\"SearchAction\",\"target\":{\"@type\":\"EntryPoint\",\"urlTemplate\":\"https:\/\/blogs.thesocialmedia.com\/leblogmoto\/?s={search_term_string}\"},\"query-input\":{\"@type\":\"PropertyValueSpecification\",\"valueRequired\":true,\"valueName\":\"search_term_string\"}}],\"inLanguage\":\"fr-FR\"},{\"@type\":\"Person\",\"@id\":\"https:\/\/blogs.thesocialmedia.com\/leblogmoto\/#\/schema\/person\/e82a0ca8a9a63d031586097a3ed58526\",\"name\":\"jacques lesage\",\"image\":{\"@type\":\"ImageObject\",\"inLanguage\":\"fr-FR\",\"@id\":\"https:\/\/blogs.thesocialmedia.com\/leblogmoto\/#\/schema\/person\/image\/\",\"url\":\"https:\/\/secure.gravatar.com\/avatar\/?s=96&d=mm&r=g\",\"contentUrl\":\"https:\/\/secure.gravatar.com\/avatar\/?s=96&d=mm&r=g\",\"caption\":\"jacques lesage\"},\"url\":\"https:\/\/blogs.thesocialmedia.com\/leblogmoto\/author\/jacques-lesage\/\"}]}<\/script>\n<!-- \/ Yoast SEO plugin. -->","yoast_head_json":{"title":"Album du vendredi, Hell Ride - leblogmoto.com","robots":{"index":"index","follow":"follow","max-snippet":"max-snippet:-1","max-image-preview":"max-image-preview:large","max-video-preview":"max-video-preview:-1"},"canonical":"https:\/\/blogs.thesocialmedia.com\/leblogmoto\/2008\/12\/05\/album-du-vendre-4\/","twitter_card":"summary_large_image","twitter_title":"Album du vendredi, Hell Ride - leblogmoto.com","twitter_description":"Avec une sortie toute en discr\u00e9tion, pour ne pas dire dans l\u2019indiff\u00e9rence g\u00e9n\u00e9rale, Hell Ride, ce film de m\u00e9chants motards aux c\u0153urs tendres sombres d\u00e9j\u00e0 dans l\u2019oubli alors que ses copies DVD prennent la poussi\u00e8re sur les rayons esseul\u00e9s. Et comme pour mes mauvaises rimes, les critiques ne furent gu\u00e8re plus tendres avec ce film, [&hellip;]","twitter_image":"http:\/\/www.leblogmoto.com\/images\/2008\/12\/04\/hell01.jpg","twitter_misc":{"\u00c9crit par":"jacques lesage"},"schema":{"@context":"https:\/\/schema.org","@graph":[{"@type":"WebPage","@id":"https:\/\/blogs.thesocialmedia.com\/leblogmoto\/2008\/12\/05\/album-du-vendre-4\/","url":"https:\/\/blogs.thesocialmedia.com\/leblogmoto\/2008\/12\/05\/album-du-vendre-4\/","name":"Album du vendredi, Hell Ride - leblogmoto.com","isPartOf":{"@id":"https:\/\/blogs.thesocialmedia.com\/leblogmoto\/#website"},"primaryImageOfPage":{"@id":"https:\/\/blogs.thesocialmedia.com\/leblogmoto\/2008\/12\/05\/album-du-vendre-4\/#primaryimage"},"image":{"@id":"https:\/\/blogs.thesocialmedia.com\/leblogmoto\/2008\/12\/05\/album-du-vendre-4\/#primaryimage"},"thumbnailUrl":"http:\/\/www.leblogmoto.com\/images\/2008\/12\/04\/hell01.jpg","datePublished":"2008-12-05T00:14:31+00:00","dateModified":"2012-07-11T16:41:55+00:00","author":{"@id":"https:\/\/blogs.thesocialmedia.com\/leblogmoto\/#\/schema\/person\/e82a0ca8a9a63d031586097a3ed58526"},"breadcrumb":{"@id":"https:\/\/blogs.thesocialmedia.com\/leblogmoto\/2008\/12\/05\/album-du-vendre-4\/#breadcrumb"},"inLanguage":"fr-FR","potentialAction":[{"@type":"ReadAction","target":["https:\/\/blogs.thesocialmedia.com\/leblogmoto\/2008\/12\/05\/album-du-vendre-4\/"]}]},{"@type":"ImageObject","inLanguage":"fr-FR","@id":"https:\/\/blogs.thesocialmedia.com\/leblogmoto\/2008\/12\/05\/album-du-vendre-4\/#primaryimage","url":"http:\/\/www.leblogmoto.com\/images\/2008\/12\/04\/hell01.jpg","contentUrl":"http:\/\/www.leblogmoto.com\/images\/2008\/12\/04\/hell01.jpg"},{"@type":"BreadcrumbList","@id":"https:\/\/blogs.thesocialmedia.com\/leblogmoto\/2008\/12\/05\/album-du-vendre-4\/#breadcrumb","itemListElement":[{"@type":"ListItem","position":1,"name":"Accueil","item":"https:\/\/blogs.thesocialmedia.com\/leblogmoto\/"},{"@type":"ListItem","position":2,"name":"Album du vendredi, Hell Ride"}]},{"@type":"WebSite","@id":"https:\/\/blogs.thesocialmedia.com\/leblogmoto\/#website","url":"https:\/\/blogs.thesocialmedia.com\/leblogmoto\/","name":"leblogmoto","description":"Toute l&#039;actualit\u00e9 des 2 roues","potentialAction":[{"@type":"SearchAction","target":{"@type":"EntryPoint","urlTemplate":"https:\/\/blogs.thesocialmedia.com\/leblogmoto\/?s={search_term_string}"},"query-input":{"@type":"PropertyValueSpecification","valueRequired":true,"valueName":"search_term_string"}}],"inLanguage":"fr-FR"},{"@type":"Person","@id":"https:\/\/blogs.thesocialmedia.com\/leblogmoto\/#\/schema\/person\/e82a0ca8a9a63d031586097a3ed58526","name":"jacques lesage","image":{"@type":"ImageObject","inLanguage":"fr-FR","@id":"https:\/\/blogs.thesocialmedia.com\/leblogmoto\/#\/schema\/person\/image\/","url":"https:\/\/secure.gravatar.com\/avatar\/?s=96&d=mm&r=g","contentUrl":"https:\/\/secure.gravatar.com\/avatar\/?s=96&d=mm&r=g","caption":"jacques lesage"},"url":"https:\/\/blogs.thesocialmedia.com\/leblogmoto\/author\/jacques-lesage\/"}]}},"_links":{"self":[{"href":"https:\/\/blogs.thesocialmedia.com\/leblogmoto\/wp-json\/wp\/v2\/posts\/374","targetHints":{"allow":["GET"]}}],"collection":[{"href":"https:\/\/blogs.thesocialmedia.com\/leblogmoto\/wp-json\/wp\/v2\/posts"}],"about":[{"href":"https:\/\/blogs.thesocialmedia.com\/leblogmoto\/wp-json\/wp\/v2\/types\/post"}],"author":[{"embeddable":true,"href":"https:\/\/blogs.thesocialmedia.com\/leblogmoto\/wp-json\/wp\/v2\/users\/325"}],"replies":[{"embeddable":true,"href":"https:\/\/blogs.thesocialmedia.com\/leblogmoto\/wp-json\/wp\/v2\/comments?post=374"}],"version-history":[{"count":2,"href":"https:\/\/blogs.thesocialmedia.com\/leblogmoto\/wp-json\/wp\/v2\/posts\/374\/revisions"}],"predecessor-version":[{"id":12282,"href":"https:\/\/blogs.thesocialmedia.com\/leblogmoto\/wp-json\/wp\/v2\/posts\/374\/revisions\/12282"}],"wp:attachment":[{"href":"https:\/\/blogs.thesocialmedia.com\/leblogmoto\/wp-json\/wp\/v2\/media?parent=374"}],"wp:term":[{"taxonomy":"category","embeddable":true,"href":"https:\/\/blogs.thesocialmedia.com\/leblogmoto\/wp-json\/wp\/v2\/categories?post=374"},{"taxonomy":"post_tag","embeddable":true,"href":"https:\/\/blogs.thesocialmedia.com\/leblogmoto\/wp-json\/wp\/v2\/tags?post=374"}],"curies":[{"name":"wp","href":"https:\/\/api.w.org\/{rel}","templated":true}]}}