{"id":380,"date":"2008-12-03T02:43:40","date_gmt":"2008-12-03T02:43:40","guid":{"rendered":"http:\/\/blogs.thesocialmedia.com\/leblogmoto\/2008\/12\/03\/harley-davidson-2\/"},"modified":"2012-07-11T16:41:23","modified_gmt":"2012-07-11T16:41:23","slug":"harley-davidson-2","status":"publish","type":"post","link":"https:\/\/blogs.thesocialmedia.com\/leblogmoto\/2008\/12\/03\/harley-davidson-2\/","title":{"rendered":"Harley-Davidson XR-1200, Le chemin des Am\u00e9riques"},"content":{"rendered":"<p><a href=\"http:\/\/blogs.thesocialmedia.com\/leblogmoto\/files\/2012\/07\/xr01.jpg\"><img loading=\"lazy\" decoding=\"async\" width=\"470\" height=\"276\"  alt=\"Xr01\" src=\"http:\/\/www.leblogmoto.com\/images\/2008\/12\/02\/xr01.jpg\" \/><\/a> <\/p>\n<p><a href=\"http:\/\/www.harley-davidson.com\/wcm\/Content\/Pages\/2009_Motorcycles\/2009_Motorcycles.jsp?locale=fr_FR&amp;#\/model\/xr1200\">Harley- Davidson<\/a> rendait officiel en d\u00e9but de semaine la disponibilit\u00e9 de son XR1200 pour tous ses march\u00e9s.,<\/p>\n<p>Apr\u00e8s l\u2019Europe le printemps dernier qui accueillait avec sympathie la descendance du XR750, c\u2019est l\u2019Am\u00e9rique maintenant qui pourra oublier sa ranc\u0153ur d\u2019avoir vu H-D servir le vieux continent en premier, et mettre enfin \u00e0 l\u2019\u00e9preuve de ses grands espaces cette nouveaut\u00e9.<\/p>\n<p>Propuls\u00e9 par le V-Twin Evolution de 1200 cm3 et d\u00e9livrant 95 chevaux, chauss\u00e9s de Dunlop Qualifier D209 et comptant sur des suspensions Showa et des freins Nissin (je crois bien avoir nomm\u00e9 tout le monde), le nouveau Harley a su s\u2019offrir du beau linge, bien que certains trouvent que \u00e7a lui tombe mal sur les \u00e9paules.<\/p>\n<p><a href=\"http:\/\/clabedan.typepad.com\/.shared\/image.html?\/photos\/uncategorized\/2008\/12\/02\/xr04.jpg\"><img loading=\"lazy\" decoding=\"async\" width=\"470\" height=\"331\"  src=\"http:\/\/www.leblogmoto.com\/images\/2008\/12\/02\/xr04.jpg\" alt=\"Xr04\" \/><\/a> <\/p>\n<p>Certes, le XR-750 avait une gr\u00e2ce que le XR-1200 ne pouvait m\u00eame pas esp\u00e9rer toucher, et on peut trouver l\u2019hommage maladroit, mais l\u2019exercice est tout de m\u00eame convaincant et, si succ\u00e8s, pourrait sans doute ouvrir la voie vers d\u2019autres avenues pour H-D.<br \/>Parfois, les p\u00e9riodes de crises et d\u2019incertitudes obligent \u00e0 une certaine prise de risques. L\u2019imagination au pouvoir, c\u2019est maintenant, et si cela pouvait arriver chez Harley-Davidson, ce serait plus que bienvenu.<\/p>\n<p>Ce XR-1200 montre la voie, esp\u00e9rons qu\u2019\u00e0 <a href=\"http:\/\/www.harley-davidson.com\/wcm\/Content\/Pages\/2009_Motorcycles\/2009_Motorcycles.jsp?locale=fr_FR&amp;#\/model\/xr1200\">Milwaukee<\/a>, on n\u2019h\u00e9sitera pas trop avant de la suivre.<\/p>\n<p><a href=\"http:\/\/clabedan.typepad.com\/.shared\/image.html?\/photos\/uncategorized\/2008\/12\/02\/xr03.jpg\"><img loading=\"lazy\" decoding=\"async\" width=\"470\" height=\"273\"  src=\"http:\/\/www.leblogmoto.com\/images\/2008\/12\/02\/xr03.jpg\" alt=\"Xr03\" \/><\/a> <\/p>\n<p><a href=\"http:\/\/blogs.thesocialmedia.com\/leblogmoto\/files\/2012\/07\/xr02.jpg\"><img loading=\"lazy\" decoding=\"async\" width=\"470\" height=\"276\"  src=\"http:\/\/www.leblogmoto.com\/images\/2008\/12\/02\/xr02.jpg\" alt=\"Xr02\" \/><\/a> <\/p>\n<p><object width=\"425\" height=\"349\"><param name=\"movie\" value=\"http:\/\/www.youtube.com\/v\/7EGZCdtQvPk&amp;hl=fr&amp;fs=1&amp;rel=0&amp;border=1&amp;ap=%2526fmt%3D18\" \/><param name=\"allowFullScreen\" value=\"true\" \/><param name=\"allowscriptaccess\" value=\"always\" \/><embed width=\"425\" height=\"349\" src=\"http:\/\/www.youtube.com\/v\/7EGZCdtQvPk&amp;hl=fr&amp;fs=1&amp;rel=0&amp;border=1&amp;ap=%2526fmt%3D18\" type=\"application\/x-shockwave-flash\"><\/embed><\/object><\/p>\n","protected":false},"excerpt":{"rendered":"<p>Harley- Davidson rendait officiel en d\u00e9but de semaine la disponibilit\u00e9 de son XR1200 pour tous ses march\u00e9s., Apr\u00e8s l\u2019Europe le printemps dernier qui accueillait avec sympathie la descendance du XR750, c\u2019est l\u2019Am\u00e9rique maintenant qui pourra oublier sa ranc\u0153ur d\u2019avoir vu H-D servir le vieux continent en premier, et mettre enfin \u00e0 l\u2019\u00e9preuve de ses grands [&hellip;]<\/p>\n","protected":false},"author":325,"featured_media":0,"comment_status":"open","ping_status":"open","sticky":false,"template":"","format":"standard","meta":{"footnotes":""},"categories":[49,29,12],"tags":[],"class_list":["post-380","post","type-post","status-publish","format-standard","hentry","category-actualites-entreprise","category-harley-davidson","category-videos"],"yoast_head":"<!-- This site is optimized with the Yoast SEO plugin v26.0 - https:\/\/yoast.com\/wordpress\/plugins\/seo\/ -->\n<title>Harley-Davidson XR-1200, Le chemin des Am\u00e9riques - leblogmoto.com<\/title>\n<meta name=\"robots\" content=\"index, follow, max-snippet:-1, max-image-preview:large, max-video-preview:-1\" \/>\n<link rel=\"canonical\" href=\"https:\/\/blogs.thesocialmedia.com\/leblogmoto\/2008\/12\/03\/harley-davidson-2\/\" \/>\n<meta name=\"twitter:card\" content=\"summary_large_image\" \/>\n<meta name=\"twitter:title\" content=\"Harley-Davidson XR-1200, Le chemin des Am\u00e9riques - leblogmoto.com\" \/>\n<meta name=\"twitter:description\" content=\"Harley- Davidson rendait officiel en d\u00e9but de semaine la disponibilit\u00e9 de son XR1200 pour tous ses march\u00e9s., Apr\u00e8s l\u2019Europe le printemps dernier qui accueillait avec sympathie la descendance du XR750, c\u2019est l\u2019Am\u00e9rique maintenant qui pourra oublier sa ranc\u0153ur d\u2019avoir vu H-D servir le vieux continent en premier, et mettre enfin \u00e0 l\u2019\u00e9preuve de ses grands [&hellip;]\" \/>\n<meta name=\"twitter:image\" content=\"http:\/\/www.leblogmoto.com\/images\/2008\/12\/02\/xr01.jpg\" \/>\n<meta name=\"twitter:label1\" content=\"\u00c9crit par\" \/>\n\t<meta name=\"twitter:data1\" content=\"jacques lesage\" \/>\n\t<meta name=\"twitter:label2\" content=\"Dur\u00e9e de lecture estim\u00e9e\" \/>\n\t<meta name=\"twitter:data2\" content=\"1 minute\" \/>\n<script type=\"application\/ld+json\" class=\"yoast-schema-graph\">{\"@context\":\"https:\/\/schema.org\",\"@graph\":[{\"@type\":\"WebPage\",\"@id\":\"https:\/\/blogs.thesocialmedia.com\/leblogmoto\/2008\/12\/03\/harley-davidson-2\/\",\"url\":\"https:\/\/blogs.thesocialmedia.com\/leblogmoto\/2008\/12\/03\/harley-davidson-2\/\",\"name\":\"Harley-Davidson XR-1200, Le chemin des Am\u00e9riques - leblogmoto.com\",\"isPartOf\":{\"@id\":\"https:\/\/blogs.thesocialmedia.com\/leblogmoto\/#website\"},\"primaryImageOfPage\":{\"@id\":\"https:\/\/blogs.thesocialmedia.com\/leblogmoto\/2008\/12\/03\/harley-davidson-2\/#primaryimage\"},\"image\":{\"@id\":\"https:\/\/blogs.thesocialmedia.com\/leblogmoto\/2008\/12\/03\/harley-davidson-2\/#primaryimage\"},\"thumbnailUrl\":\"http:\/\/www.leblogmoto.com\/images\/2008\/12\/02\/xr01.jpg\",\"datePublished\":\"2008-12-03T02:43:40+00:00\",\"dateModified\":\"2012-07-11T16:41:23+00:00\",\"author\":{\"@id\":\"https:\/\/blogs.thesocialmedia.com\/leblogmoto\/#\/schema\/person\/e82a0ca8a9a63d031586097a3ed58526\"},\"breadcrumb\":{\"@id\":\"https:\/\/blogs.thesocialmedia.com\/leblogmoto\/2008\/12\/03\/harley-davidson-2\/#breadcrumb\"},\"inLanguage\":\"fr-FR\",\"potentialAction\":[{\"@type\":\"ReadAction\",\"target\":[\"https:\/\/blogs.thesocialmedia.com\/leblogmoto\/2008\/12\/03\/harley-davidson-2\/\"]}]},{\"@type\":\"ImageObject\",\"inLanguage\":\"fr-FR\",\"@id\":\"https:\/\/blogs.thesocialmedia.com\/leblogmoto\/2008\/12\/03\/harley-davidson-2\/#primaryimage\",\"url\":\"http:\/\/www.leblogmoto.com\/images\/2008\/12\/02\/xr01.jpg\",\"contentUrl\":\"http:\/\/www.leblogmoto.com\/images\/2008\/12\/02\/xr01.jpg\"},{\"@type\":\"BreadcrumbList\",\"@id\":\"https:\/\/blogs.thesocialmedia.com\/leblogmoto\/2008\/12\/03\/harley-davidson-2\/#breadcrumb\",\"itemListElement\":[{\"@type\":\"ListItem\",\"position\":1,\"name\":\"Accueil\",\"item\":\"https:\/\/blogs.thesocialmedia.com\/leblogmoto\/\"},{\"@type\":\"ListItem\",\"position\":2,\"name\":\"Harley-Davidson XR-1200, Le chemin des Am\u00e9riques\"}]},{\"@type\":\"WebSite\",\"@id\":\"https:\/\/blogs.thesocialmedia.com\/leblogmoto\/#website\",\"url\":\"https:\/\/blogs.thesocialmedia.com\/leblogmoto\/\",\"name\":\"leblogmoto\",\"description\":\"Toute l&#039;actualit\u00e9 des 2 roues\",\"potentialAction\":[{\"@type\":\"SearchAction\",\"target\":{\"@type\":\"EntryPoint\",\"urlTemplate\":\"https:\/\/blogs.thesocialmedia.com\/leblogmoto\/?s={search_term_string}\"},\"query-input\":{\"@type\":\"PropertyValueSpecification\",\"valueRequired\":true,\"valueName\":\"search_term_string\"}}],\"inLanguage\":\"fr-FR\"},{\"@type\":\"Person\",\"@id\":\"https:\/\/blogs.thesocialmedia.com\/leblogmoto\/#\/schema\/person\/e82a0ca8a9a63d031586097a3ed58526\",\"name\":\"jacques lesage\",\"image\":{\"@type\":\"ImageObject\",\"inLanguage\":\"fr-FR\",\"@id\":\"https:\/\/blogs.thesocialmedia.com\/leblogmoto\/#\/schema\/person\/image\/\",\"url\":\"https:\/\/secure.gravatar.com\/avatar\/?s=96&d=mm&r=g\",\"contentUrl\":\"https:\/\/secure.gravatar.com\/avatar\/?s=96&d=mm&r=g\",\"caption\":\"jacques lesage\"},\"url\":\"https:\/\/blogs.thesocialmedia.com\/leblogmoto\/author\/jacques-lesage\/\"}]}<\/script>\n<!-- \/ Yoast SEO plugin. -->","yoast_head_json":{"title":"Harley-Davidson XR-1200, Le chemin des Am\u00e9riques - leblogmoto.com","robots":{"index":"index","follow":"follow","max-snippet":"max-snippet:-1","max-image-preview":"max-image-preview:large","max-video-preview":"max-video-preview:-1"},"canonical":"https:\/\/blogs.thesocialmedia.com\/leblogmoto\/2008\/12\/03\/harley-davidson-2\/","twitter_card":"summary_large_image","twitter_title":"Harley-Davidson XR-1200, Le chemin des Am\u00e9riques - leblogmoto.com","twitter_description":"Harley- Davidson rendait officiel en d\u00e9but de semaine la disponibilit\u00e9 de son XR1200 pour tous ses march\u00e9s., Apr\u00e8s l\u2019Europe le printemps dernier qui accueillait avec sympathie la descendance du XR750, c\u2019est l\u2019Am\u00e9rique maintenant qui pourra oublier sa ranc\u0153ur d\u2019avoir vu H-D servir le vieux continent en premier, et mettre enfin \u00e0 l\u2019\u00e9preuve de ses grands [&hellip;]","twitter_image":"http:\/\/www.leblogmoto.com\/images\/2008\/12\/02\/xr01.jpg","twitter_misc":{"\u00c9crit par":"jacques lesage","Dur\u00e9e de lecture estim\u00e9e":"1 minute"},"schema":{"@context":"https:\/\/schema.org","@graph":[{"@type":"WebPage","@id":"https:\/\/blogs.thesocialmedia.com\/leblogmoto\/2008\/12\/03\/harley-davidson-2\/","url":"https:\/\/blogs.thesocialmedia.com\/leblogmoto\/2008\/12\/03\/harley-davidson-2\/","name":"Harley-Davidson XR-1200, Le chemin des Am\u00e9riques - leblogmoto.com","isPartOf":{"@id":"https:\/\/blogs.thesocialmedia.com\/leblogmoto\/#website"},"primaryImageOfPage":{"@id":"https:\/\/blogs.thesocialmedia.com\/leblogmoto\/2008\/12\/03\/harley-davidson-2\/#primaryimage"},"image":{"@id":"https:\/\/blogs.thesocialmedia.com\/leblogmoto\/2008\/12\/03\/harley-davidson-2\/#primaryimage"},"thumbnailUrl":"http:\/\/www.leblogmoto.com\/images\/2008\/12\/02\/xr01.jpg","datePublished":"2008-12-03T02:43:40+00:00","dateModified":"2012-07-11T16:41:23+00:00","author":{"@id":"https:\/\/blogs.thesocialmedia.com\/leblogmoto\/#\/schema\/person\/e82a0ca8a9a63d031586097a3ed58526"},"breadcrumb":{"@id":"https:\/\/blogs.thesocialmedia.com\/leblogmoto\/2008\/12\/03\/harley-davidson-2\/#breadcrumb"},"inLanguage":"fr-FR","potentialAction":[{"@type":"ReadAction","target":["https:\/\/blogs.thesocialmedia.com\/leblogmoto\/2008\/12\/03\/harley-davidson-2\/"]}]},{"@type":"ImageObject","inLanguage":"fr-FR","@id":"https:\/\/blogs.thesocialmedia.com\/leblogmoto\/2008\/12\/03\/harley-davidson-2\/#primaryimage","url":"http:\/\/www.leblogmoto.com\/images\/2008\/12\/02\/xr01.jpg","contentUrl":"http:\/\/www.leblogmoto.com\/images\/2008\/12\/02\/xr01.jpg"},{"@type":"BreadcrumbList","@id":"https:\/\/blogs.thesocialmedia.com\/leblogmoto\/2008\/12\/03\/harley-davidson-2\/#breadcrumb","itemListElement":[{"@type":"ListItem","position":1,"name":"Accueil","item":"https:\/\/blogs.thesocialmedia.com\/leblogmoto\/"},{"@type":"ListItem","position":2,"name":"Harley-Davidson XR-1200, Le chemin des Am\u00e9riques"}]},{"@type":"WebSite","@id":"https:\/\/blogs.thesocialmedia.com\/leblogmoto\/#website","url":"https:\/\/blogs.thesocialmedia.com\/leblogmoto\/","name":"leblogmoto","description":"Toute l&#039;actualit\u00e9 des 2 roues","potentialAction":[{"@type":"SearchAction","target":{"@type":"EntryPoint","urlTemplate":"https:\/\/blogs.thesocialmedia.com\/leblogmoto\/?s={search_term_string}"},"query-input":{"@type":"PropertyValueSpecification","valueRequired":true,"valueName":"search_term_string"}}],"inLanguage":"fr-FR"},{"@type":"Person","@id":"https:\/\/blogs.thesocialmedia.com\/leblogmoto\/#\/schema\/person\/e82a0ca8a9a63d031586097a3ed58526","name":"jacques lesage","image":{"@type":"ImageObject","inLanguage":"fr-FR","@id":"https:\/\/blogs.thesocialmedia.com\/leblogmoto\/#\/schema\/person\/image\/","url":"https:\/\/secure.gravatar.com\/avatar\/?s=96&d=mm&r=g","contentUrl":"https:\/\/secure.gravatar.com\/avatar\/?s=96&d=mm&r=g","caption":"jacques lesage"},"url":"https:\/\/blogs.thesocialmedia.com\/leblogmoto\/author\/jacques-lesage\/"}]}},"_links":{"self":[{"href":"https:\/\/blogs.thesocialmedia.com\/leblogmoto\/wp-json\/wp\/v2\/posts\/380","targetHints":{"allow":["GET"]}}],"collection":[{"href":"https:\/\/blogs.thesocialmedia.com\/leblogmoto\/wp-json\/wp\/v2\/posts"}],"about":[{"href":"https:\/\/blogs.thesocialmedia.com\/leblogmoto\/wp-json\/wp\/v2\/types\/post"}],"author":[{"embeddable":true,"href":"https:\/\/blogs.thesocialmedia.com\/leblogmoto\/wp-json\/wp\/v2\/users\/325"}],"replies":[{"embeddable":true,"href":"https:\/\/blogs.thesocialmedia.com\/leblogmoto\/wp-json\/wp\/v2\/comments?post=380"}],"version-history":[{"count":2,"href":"https:\/\/blogs.thesocialmedia.com\/leblogmoto\/wp-json\/wp\/v2\/posts\/380\/revisions"}],"predecessor-version":[{"id":12261,"href":"https:\/\/blogs.thesocialmedia.com\/leblogmoto\/wp-json\/wp\/v2\/posts\/380\/revisions\/12261"}],"wp:attachment":[{"href":"https:\/\/blogs.thesocialmedia.com\/leblogmoto\/wp-json\/wp\/v2\/media?parent=380"}],"wp:term":[{"taxonomy":"category","embeddable":true,"href":"https:\/\/blogs.thesocialmedia.com\/leblogmoto\/wp-json\/wp\/v2\/categories?post=380"},{"taxonomy":"post_tag","embeddable":true,"href":"https:\/\/blogs.thesocialmedia.com\/leblogmoto\/wp-json\/wp\/v2\/tags?post=380"}],"curies":[{"name":"wp","href":"https:\/\/api.w.org\/{rel}","templated":true}]}}