{"id":384,"date":"2008-11-28T05:32:10","date_gmt":"2008-11-28T05:32:10","guid":{"rendered":"http:\/\/blogs.thesocialmedia.com\/leblogmoto\/2008\/11\/28\/album-du-vend-3-4\/"},"modified":"2012-07-11T16:40:20","modified_gmt":"2012-07-11T16:40:20","slug":"album-du-vend-3-4","status":"publish","type":"post","link":"https:\/\/blogs.thesocialmedia.com\/leblogmoto\/2008\/11\/28\/album-du-vend-3-4\/","title":{"rendered":"Album du vendredi, Calendrier Pirelli 2009"},"content":{"rendered":"<p><a href=\"http:\/\/blogs.thesocialmedia.com\/leblogmoto\/files\/2012\/07\/pir1.jpg\"><img loading=\"lazy\" decoding=\"async\" width=\"470\" height=\"312\"  alt=\"Pir1\" src=\"http:\/\/www.leblogmoto.com\/images\/2008\/11\/27\/pir1.jpg\" \/><\/a> <\/p>\n<p>\u00c0 la demande g\u00e9n\u00e9rale (bon d&rsquo;accord, c&rsquo;est uniquement Beno\u00eet, mais son influence est incommensurable), et profitant de l&rsquo;<a href=\"http:\/\/www.enmodefashion.com\/events\/exposition-patrick-demarchelier-au-petit-palais\">expo de Patrick Demarchelier<\/a> au Petit Palais, jusqu&rsquo;au 4 janvier 2009, lui qui signait les \u00e9ditions 2005 et 2008, l&rsquo;Album du vendredi vous pr\u00e9sente donc, en trois parties, les dames du Pirelli.<\/p>\n<p>Ce fameux calendrier est n\u00e9 en Angleterre en 1964 de la division britannique de Pirelli. Le succ\u00e8s fut tel, d\u00fb au talent des photographes et \u00e0 la beaut\u00e9 des paysages tout comme sa raret\u00e9, quoique maintenant les compilations sur papier glac\u00e9e se trouvent partout \u00e0 prix de liquidation, que le ph\u00e9nom\u00e8ne sera rapidement global, tout en faisant na\u00eetre une flopp\u00e9e d&rsquo;imitation.<\/p>\n<p>Le Pirelli 2009 est l&rsquo;oeuvre de <a href=\"http:\/\/www.peterbeard.com\/index.htm\">Peter Beard<\/a>. Sa famille fit fortune dans les chemins de fer au 19e si\u00e8cle, puis en en remettant une couche une&nbsp; ou deux g\u00e9n\u00e9rations plus tard en inventant le <a href=\"http:\/\/fr.wikipedia.org\/wiki\/Smoking_(v%C3%AAtement)\">smoking<\/a>. Ind\u00e9pendant de fortune et raffin\u00e9, cet aventurier du jet-set qui tout en c\u00f4toyant les lumi\u00e8res dans toutes les m\u00e9tropoles de la plan\u00e8te, est aussi et surtout un artiste dont l&rsquo;oeuvre est intimement li\u00e9e \u00e0 son amour pour l&rsquo;Afrique.<br \/>D\u00e8s les ann\u00e9es 60, il d\u00e9non\u00e7ait les atrocit\u00e9s commises au nom du progr\u00e8s de notre civilisation. Il publiera plusieurs livres sur le sujet, d\u00e9non\u00e7ant toujours, malgr\u00e9 les menaces et les repr\u00e9sailles dont il sera l&rsquo;objet.<br \/>Sa vie est son oeuvre, mais elle fut document\u00e9e dans d&rsquo;immenses cahiers, maintenant \u00e9dit\u00e9s, m\u00e9lange d&rsquo;images, d&rsquo;id\u00e9e et d&rsquo;objets, d\u00e9bordant les pages et le cadre de ce qu&rsquo;un journal intime peut-\u00eatre.<\/p>\n<p>Voici donc ce premier Album consacr\u00e9 au ph\u00e9nom\u00e8ne qu&rsquo;est le calendrier Pirelli. Suivront le \u00abmaking of\u00bb et le \u00abbest of\u00bb.<\/p>\n<p><a href=\"http:\/\/clabedan.typepad.com\/.shared\/image.html?\/photos\/uncategorized\/2008\/11\/27\/pir2.jpg\"><img loading=\"lazy\" decoding=\"async\" width=\"470\" height=\"309\"  src=\"http:\/\/www.leblogmoto.com\/images\/2008\/11\/27\/pir2.jpg\" alt=\"Pir2\" \/><\/a> <\/p>\n<p><a href=\"http:\/\/blogs.thesocialmedia.com\/leblogmoto\/files\/2012\/07\/pir3.jpg\"><img loading=\"lazy\" decoding=\"async\" width=\"470\" height=\"311\"  src=\"http:\/\/www.leblogmoto.com\/images\/2008\/11\/27\/pir3.jpg\" alt=\"Pir3\" \/><\/a> <\/p>\n<p><a href=\"http:\/\/blogs.thesocialmedia.com\/leblogmoto\/files\/2012\/07\/pir4.jpg\"><img loading=\"lazy\" decoding=\"async\" width=\"470\" height=\"310\"  src=\"http:\/\/www.leblogmoto.com\/images\/2008\/11\/27\/pir4.jpg\" alt=\"Pir4\" \/><\/a> <\/p>\n<p><a href=\"http:\/\/blogs.thesocialmedia.com\/leblogmoto\/files\/2012\/07\/pir5.jpg\"><img loading=\"lazy\" decoding=\"async\" width=\"470\" height=\"309\"  src=\"http:\/\/www.leblogmoto.com\/images\/2008\/11\/27\/pir5.jpg\" alt=\"Pir5\" \/><\/a> <\/p>\n<p><a href=\"http:\/\/blogs.thesocialmedia.com\/leblogmoto\/files\/2012\/07\/pir6.jpg\"><img loading=\"lazy\" decoding=\"async\" width=\"470\" height=\"309\"  src=\"http:\/\/www.leblogmoto.com\/images\/2008\/11\/27\/pir6.jpg\" alt=\"Pir6\" \/><\/a> <\/p>\n<p><a href=\"http:\/\/blogs.thesocialmedia.com\/leblogmoto\/files\/2012\/07\/pir7.jpg\"><img loading=\"lazy\" decoding=\"async\" width=\"470\" height=\"309\"  src=\"http:\/\/www.leblogmoto.com\/images\/2008\/11\/27\/pir7.jpg\" alt=\"Pir7\" \/><\/a> <\/p>\n<p><a href=\"http:\/\/blogs.thesocialmedia.com\/leblogmoto\/files\/2012\/07\/pir8.jpg\"><img loading=\"lazy\" decoding=\"async\" width=\"470\" height=\"309\"  src=\"http:\/\/www.leblogmoto.com\/images\/2008\/11\/27\/pir8.jpg\" alt=\"Pir8\" \/><\/a> <\/p>\n<p><a href=\"http:\/\/blogs.thesocialmedia.com\/leblogmoto\/files\/2012\/07\/pir9.jpg\"><img loading=\"lazy\" decoding=\"async\" width=\"470\" height=\"312\"  src=\"http:\/\/www.leblogmoto.com\/images\/2008\/11\/27\/pir9.jpg\" alt=\"Pir9\" \/><\/a> <\/p>\n<p><a href=\"http:\/\/blogs.thesocialmedia.com\/leblogmoto\/files\/2012\/07\/pir10.jpg\"><img loading=\"lazy\" decoding=\"async\" width=\"470\" height=\"309\"  src=\"http:\/\/www.leblogmoto.com\/images\/2008\/11\/27\/pir10.jpg\" alt=\"Pir10\" \/><\/a> <\/p>\n<p><a href=\"http:\/\/blogs.thesocialmedia.com\/leblogmoto\/files\/2012\/07\/pir11.jpg\"><img loading=\"lazy\" decoding=\"async\" width=\"470\" height=\"309\"  src=\"http:\/\/www.leblogmoto.com\/images\/2008\/11\/27\/pir11.jpg\" alt=\"Pir11\" \/><\/a> <\/p>\n<p><a href=\"http:\/\/blogs.thesocialmedia.com\/leblogmoto\/files\/2012\/07\/pir12.jpg\"><img loading=\"lazy\" decoding=\"async\" width=\"470\" height=\"311\"  src=\"http:\/\/www.leblogmoto.com\/images\/2008\/11\/27\/pir12.jpg\" alt=\"Pir12\" \/><\/a> <\/p>\n<p><a href=\"http:\/\/blogs.thesocialmedia.com\/leblogmoto\/files\/2012\/07\/pir13.jpg\"><img loading=\"lazy\" decoding=\"async\" width=\"470\" height=\"309\"  src=\"http:\/\/www.leblogmoto.com\/images\/2008\/11\/27\/pir13.jpg\" alt=\"Pir13\" \/><\/a> <\/p>\n<p><a href=\"http:\/\/blogs.thesocialmedia.com\/leblogmoto\/files\/2012\/07\/pir14.jpg\"><img loading=\"lazy\" decoding=\"async\" width=\"470\" height=\"308\"  src=\"http:\/\/www.leblogmoto.com\/images\/2008\/11\/27\/pir14.jpg\" alt=\"Pir14\" \/><\/a> <\/p>\n<p><a href=\"http:\/\/blogs.thesocialmedia.com\/leblogmoto\/files\/2012\/07\/pir15.jpg\"><img loading=\"lazy\" decoding=\"async\" width=\"470\" height=\"309\"  src=\"http:\/\/www.leblogmoto.com\/images\/2008\/11\/27\/pir15.jpg\" alt=\"Pir15\" \/><\/a> <\/p>\n<p><a href=\"http:\/\/blogs.thesocialmedia.com\/leblogmoto\/files\/2012\/07\/pir16.jpg\"><img loading=\"lazy\" decoding=\"async\" width=\"470\" height=\"309\"  src=\"http:\/\/www.leblogmoto.com\/images\/2008\/11\/27\/pir16.jpg\" alt=\"Pir16\" \/><\/a> <\/p>\n<p><a href=\"http:\/\/www.leblogmoto.com\/2008\/11\/album-du-vend-4.html\">Les coulisses<\/a><br \/><a href=\"http:\/\/www.leblogmoto.com\/2008\/11\/album-du-vend-5.html\">Coups de c\u0153ur<\/a><em><\/em><\/p>\n","protected":false},"excerpt":{"rendered":"<p>\u00c0 la demande g\u00e9n\u00e9rale (bon d&rsquo;accord, c&rsquo;est uniquement Beno\u00eet, mais son influence est incommensurable), et profitant de l&rsquo;expo de Patrick Demarchelier au Petit Palais, jusqu&rsquo;au 4 janvier 2009, lui qui signait les \u00e9ditions 2005 et 2008, l&rsquo;Album du vendredi vous pr\u00e9sente donc, en trois parties, les dames du Pirelli. Ce fameux calendrier est n\u00e9 en [&hellip;]<\/p>\n","protected":false},"author":325,"featured_media":0,"comment_status":"open","ping_status":"open","sticky":false,"template":"","format":"standard","meta":{"footnotes":""},"categories":[13,17,58],"tags":[],"class_list":["post-384","post","type-post","status-publish","format-standard","hentry","category-aventure","category-divers","category-insolite"],"yoast_head":"<!-- This site is optimized with the Yoast SEO plugin v26.0 - https:\/\/yoast.com\/wordpress\/plugins\/seo\/ -->\n<title>Album du vendredi, Calendrier Pirelli 2009 - leblogmoto.com<\/title>\n<meta name=\"robots\" content=\"index, follow, max-snippet:-1, max-image-preview:large, max-video-preview:-1\" \/>\n<link rel=\"canonical\" href=\"https:\/\/blogs.thesocialmedia.com\/leblogmoto\/2008\/11\/28\/album-du-vend-3-4\/\" \/>\n<meta name=\"twitter:card\" content=\"summary_large_image\" \/>\n<meta name=\"twitter:title\" content=\"Album du vendredi, Calendrier Pirelli 2009 - leblogmoto.com\" \/>\n<meta name=\"twitter:description\" content=\"\u00c0 la demande g\u00e9n\u00e9rale (bon d&rsquo;accord, c&rsquo;est uniquement Beno\u00eet, mais son influence est incommensurable), et profitant de l&rsquo;expo de Patrick Demarchelier au Petit Palais, jusqu&rsquo;au 4 janvier 2009, lui qui signait les \u00e9ditions 2005 et 2008, l&rsquo;Album du vendredi vous pr\u00e9sente donc, en trois parties, les dames du Pirelli. Ce fameux calendrier est n\u00e9 en [&hellip;]\" \/>\n<meta name=\"twitter:image\" content=\"http:\/\/www.leblogmoto.com\/images\/2008\/11\/27\/pir1.jpg\" \/>\n<meta name=\"twitter:label1\" content=\"\u00c9crit par\" \/>\n\t<meta name=\"twitter:data1\" content=\"jacques lesage\" \/>\n\t<meta name=\"twitter:label2\" content=\"Dur\u00e9e de lecture estim\u00e9e\" \/>\n\t<meta name=\"twitter:data2\" content=\"2 minutes\" \/>\n<script type=\"application\/ld+json\" class=\"yoast-schema-graph\">{\"@context\":\"https:\/\/schema.org\",\"@graph\":[{\"@type\":\"WebPage\",\"@id\":\"https:\/\/blogs.thesocialmedia.com\/leblogmoto\/2008\/11\/28\/album-du-vend-3-4\/\",\"url\":\"https:\/\/blogs.thesocialmedia.com\/leblogmoto\/2008\/11\/28\/album-du-vend-3-4\/\",\"name\":\"Album du vendredi, Calendrier Pirelli 2009 - leblogmoto.com\",\"isPartOf\":{\"@id\":\"https:\/\/blogs.thesocialmedia.com\/leblogmoto\/#website\"},\"primaryImageOfPage\":{\"@id\":\"https:\/\/blogs.thesocialmedia.com\/leblogmoto\/2008\/11\/28\/album-du-vend-3-4\/#primaryimage\"},\"image\":{\"@id\":\"https:\/\/blogs.thesocialmedia.com\/leblogmoto\/2008\/11\/28\/album-du-vend-3-4\/#primaryimage\"},\"thumbnailUrl\":\"http:\/\/www.leblogmoto.com\/images\/2008\/11\/27\/pir1.jpg\",\"datePublished\":\"2008-11-28T05:32:10+00:00\",\"dateModified\":\"2012-07-11T16:40:20+00:00\",\"author\":{\"@id\":\"https:\/\/blogs.thesocialmedia.com\/leblogmoto\/#\/schema\/person\/e82a0ca8a9a63d031586097a3ed58526\"},\"breadcrumb\":{\"@id\":\"https:\/\/blogs.thesocialmedia.com\/leblogmoto\/2008\/11\/28\/album-du-vend-3-4\/#breadcrumb\"},\"inLanguage\":\"fr-FR\",\"potentialAction\":[{\"@type\":\"ReadAction\",\"target\":[\"https:\/\/blogs.thesocialmedia.com\/leblogmoto\/2008\/11\/28\/album-du-vend-3-4\/\"]}]},{\"@type\":\"ImageObject\",\"inLanguage\":\"fr-FR\",\"@id\":\"https:\/\/blogs.thesocialmedia.com\/leblogmoto\/2008\/11\/28\/album-du-vend-3-4\/#primaryimage\",\"url\":\"http:\/\/www.leblogmoto.com\/images\/2008\/11\/27\/pir1.jpg\",\"contentUrl\":\"http:\/\/www.leblogmoto.com\/images\/2008\/11\/27\/pir1.jpg\"},{\"@type\":\"BreadcrumbList\",\"@id\":\"https:\/\/blogs.thesocialmedia.com\/leblogmoto\/2008\/11\/28\/album-du-vend-3-4\/#breadcrumb\",\"itemListElement\":[{\"@type\":\"ListItem\",\"position\":1,\"name\":\"Accueil\",\"item\":\"https:\/\/blogs.thesocialmedia.com\/leblogmoto\/\"},{\"@type\":\"ListItem\",\"position\":2,\"name\":\"Album du vendredi, Calendrier Pirelli 2009\"}]},{\"@type\":\"WebSite\",\"@id\":\"https:\/\/blogs.thesocialmedia.com\/leblogmoto\/#website\",\"url\":\"https:\/\/blogs.thesocialmedia.com\/leblogmoto\/\",\"name\":\"leblogmoto\",\"description\":\"Toute l&#039;actualit\u00e9 des 2 roues\",\"potentialAction\":[{\"@type\":\"SearchAction\",\"target\":{\"@type\":\"EntryPoint\",\"urlTemplate\":\"https:\/\/blogs.thesocialmedia.com\/leblogmoto\/?s={search_term_string}\"},\"query-input\":{\"@type\":\"PropertyValueSpecification\",\"valueRequired\":true,\"valueName\":\"search_term_string\"}}],\"inLanguage\":\"fr-FR\"},{\"@type\":\"Person\",\"@id\":\"https:\/\/blogs.thesocialmedia.com\/leblogmoto\/#\/schema\/person\/e82a0ca8a9a63d031586097a3ed58526\",\"name\":\"jacques lesage\",\"image\":{\"@type\":\"ImageObject\",\"inLanguage\":\"fr-FR\",\"@id\":\"https:\/\/blogs.thesocialmedia.com\/leblogmoto\/#\/schema\/person\/image\/\",\"url\":\"https:\/\/secure.gravatar.com\/avatar\/?s=96&d=mm&r=g\",\"contentUrl\":\"https:\/\/secure.gravatar.com\/avatar\/?s=96&d=mm&r=g\",\"caption\":\"jacques lesage\"},\"url\":\"https:\/\/blogs.thesocialmedia.com\/leblogmoto\/author\/jacques-lesage\/\"}]}<\/script>\n<!-- \/ Yoast SEO plugin. -->","yoast_head_json":{"title":"Album du vendredi, Calendrier Pirelli 2009 - leblogmoto.com","robots":{"index":"index","follow":"follow","max-snippet":"max-snippet:-1","max-image-preview":"max-image-preview:large","max-video-preview":"max-video-preview:-1"},"canonical":"https:\/\/blogs.thesocialmedia.com\/leblogmoto\/2008\/11\/28\/album-du-vend-3-4\/","twitter_card":"summary_large_image","twitter_title":"Album du vendredi, Calendrier Pirelli 2009 - leblogmoto.com","twitter_description":"\u00c0 la demande g\u00e9n\u00e9rale (bon d&rsquo;accord, c&rsquo;est uniquement Beno\u00eet, mais son influence est incommensurable), et profitant de l&rsquo;expo de Patrick Demarchelier au Petit Palais, jusqu&rsquo;au 4 janvier 2009, lui qui signait les \u00e9ditions 2005 et 2008, l&rsquo;Album du vendredi vous pr\u00e9sente donc, en trois parties, les dames du Pirelli. Ce fameux calendrier est n\u00e9 en [&hellip;]","twitter_image":"http:\/\/www.leblogmoto.com\/images\/2008\/11\/27\/pir1.jpg","twitter_misc":{"\u00c9crit par":"jacques lesage","Dur\u00e9e de lecture estim\u00e9e":"2 minutes"},"schema":{"@context":"https:\/\/schema.org","@graph":[{"@type":"WebPage","@id":"https:\/\/blogs.thesocialmedia.com\/leblogmoto\/2008\/11\/28\/album-du-vend-3-4\/","url":"https:\/\/blogs.thesocialmedia.com\/leblogmoto\/2008\/11\/28\/album-du-vend-3-4\/","name":"Album du vendredi, Calendrier Pirelli 2009 - leblogmoto.com","isPartOf":{"@id":"https:\/\/blogs.thesocialmedia.com\/leblogmoto\/#website"},"primaryImageOfPage":{"@id":"https:\/\/blogs.thesocialmedia.com\/leblogmoto\/2008\/11\/28\/album-du-vend-3-4\/#primaryimage"},"image":{"@id":"https:\/\/blogs.thesocialmedia.com\/leblogmoto\/2008\/11\/28\/album-du-vend-3-4\/#primaryimage"},"thumbnailUrl":"http:\/\/www.leblogmoto.com\/images\/2008\/11\/27\/pir1.jpg","datePublished":"2008-11-28T05:32:10+00:00","dateModified":"2012-07-11T16:40:20+00:00","author":{"@id":"https:\/\/blogs.thesocialmedia.com\/leblogmoto\/#\/schema\/person\/e82a0ca8a9a63d031586097a3ed58526"},"breadcrumb":{"@id":"https:\/\/blogs.thesocialmedia.com\/leblogmoto\/2008\/11\/28\/album-du-vend-3-4\/#breadcrumb"},"inLanguage":"fr-FR","potentialAction":[{"@type":"ReadAction","target":["https:\/\/blogs.thesocialmedia.com\/leblogmoto\/2008\/11\/28\/album-du-vend-3-4\/"]}]},{"@type":"ImageObject","inLanguage":"fr-FR","@id":"https:\/\/blogs.thesocialmedia.com\/leblogmoto\/2008\/11\/28\/album-du-vend-3-4\/#primaryimage","url":"http:\/\/www.leblogmoto.com\/images\/2008\/11\/27\/pir1.jpg","contentUrl":"http:\/\/www.leblogmoto.com\/images\/2008\/11\/27\/pir1.jpg"},{"@type":"BreadcrumbList","@id":"https:\/\/blogs.thesocialmedia.com\/leblogmoto\/2008\/11\/28\/album-du-vend-3-4\/#breadcrumb","itemListElement":[{"@type":"ListItem","position":1,"name":"Accueil","item":"https:\/\/blogs.thesocialmedia.com\/leblogmoto\/"},{"@type":"ListItem","position":2,"name":"Album du vendredi, Calendrier Pirelli 2009"}]},{"@type":"WebSite","@id":"https:\/\/blogs.thesocialmedia.com\/leblogmoto\/#website","url":"https:\/\/blogs.thesocialmedia.com\/leblogmoto\/","name":"leblogmoto","description":"Toute l&#039;actualit\u00e9 des 2 roues","potentialAction":[{"@type":"SearchAction","target":{"@type":"EntryPoint","urlTemplate":"https:\/\/blogs.thesocialmedia.com\/leblogmoto\/?s={search_term_string}"},"query-input":{"@type":"PropertyValueSpecification","valueRequired":true,"valueName":"search_term_string"}}],"inLanguage":"fr-FR"},{"@type":"Person","@id":"https:\/\/blogs.thesocialmedia.com\/leblogmoto\/#\/schema\/person\/e82a0ca8a9a63d031586097a3ed58526","name":"jacques lesage","image":{"@type":"ImageObject","inLanguage":"fr-FR","@id":"https:\/\/blogs.thesocialmedia.com\/leblogmoto\/#\/schema\/person\/image\/","url":"https:\/\/secure.gravatar.com\/avatar\/?s=96&d=mm&r=g","contentUrl":"https:\/\/secure.gravatar.com\/avatar\/?s=96&d=mm&r=g","caption":"jacques lesage"},"url":"https:\/\/blogs.thesocialmedia.com\/leblogmoto\/author\/jacques-lesage\/"}]}},"_links":{"self":[{"href":"https:\/\/blogs.thesocialmedia.com\/leblogmoto\/wp-json\/wp\/v2\/posts\/384","targetHints":{"allow":["GET"]}}],"collection":[{"href":"https:\/\/blogs.thesocialmedia.com\/leblogmoto\/wp-json\/wp\/v2\/posts"}],"about":[{"href":"https:\/\/blogs.thesocialmedia.com\/leblogmoto\/wp-json\/wp\/v2\/types\/post"}],"author":[{"embeddable":true,"href":"https:\/\/blogs.thesocialmedia.com\/leblogmoto\/wp-json\/wp\/v2\/users\/325"}],"replies":[{"embeddable":true,"href":"https:\/\/blogs.thesocialmedia.com\/leblogmoto\/wp-json\/wp\/v2\/comments?post=384"}],"version-history":[{"count":2,"href":"https:\/\/blogs.thesocialmedia.com\/leblogmoto\/wp-json\/wp\/v2\/posts\/384\/revisions"}],"predecessor-version":[{"id":12223,"href":"https:\/\/blogs.thesocialmedia.com\/leblogmoto\/wp-json\/wp\/v2\/posts\/384\/revisions\/12223"}],"wp:attachment":[{"href":"https:\/\/blogs.thesocialmedia.com\/leblogmoto\/wp-json\/wp\/v2\/media?parent=384"}],"wp:term":[{"taxonomy":"category","embeddable":true,"href":"https:\/\/blogs.thesocialmedia.com\/leblogmoto\/wp-json\/wp\/v2\/categories?post=384"},{"taxonomy":"post_tag","embeddable":true,"href":"https:\/\/blogs.thesocialmedia.com\/leblogmoto\/wp-json\/wp\/v2\/tags?post=384"}],"curies":[{"name":"wp","href":"https:\/\/api.w.org\/{rel}","templated":true}]}}