{"id":385,"date":"2008-11-27T11:36:04","date_gmt":"2008-11-27T11:36:04","guid":{"rendered":"http:\/\/blogs.thesocialmedia.com\/leblogmoto\/2008\/11\/27\/philippe-monner\/"},"modified":"2012-07-11T16:39:47","modified_gmt":"2012-07-11T16:39:47","slug":"philippe-monner","status":"publish","type":"post","link":"https:\/\/blogs.thesocialmedia.com\/leblogmoto\/2008\/11\/27\/philippe-monner\/","title":{"rendered":"Philippe Monneret rejoint le blog moto!"},"content":{"rendered":"<p><a href=\"http:\/\/blogs.thesocialmedia.com\/leblogmoto\/files\/2012\/07\/philipe_monneret_leblogmotocom.jpg\"><img loading=\"lazy\" decoding=\"async\" height=\"242\"  width=\"250\" src=\"http:\/\/www.leblogmoto.com\/images\/2008\/11\/27\/philipe_monneret_leblogmotocom.jpg\" alt=\"Philipe_monneret_leblogmotocom\" style=\"margin: 0px 5px 5px 0px;float: left\" \/><\/a> &quot;Salut \u00e0 tous,<br \/>Je suis ravi d\u2019intervenir r\u00e9guli\u00e8rement sur le blog moto que ce soit pour des essais moto, des commentaires sur des grands prix ou des questions d\u2019actus moto en g\u00e9n\u00e9ral.<br \/>Bonne route et \u00e0 tr\u00e8s bient\u00f4t sur le blog moto&quot;.&nbsp; &nbsp;&nbsp; &nbsp;&nbsp; &nbsp;&nbsp; &nbsp;&nbsp; &nbsp;&nbsp; &nbsp;&nbsp; &nbsp;&nbsp; &nbsp;&nbsp; &nbsp;&nbsp; &nbsp;&nbsp; &nbsp;&nbsp; &nbsp;&nbsp; &nbsp;&nbsp; &nbsp;&nbsp; &nbsp;&nbsp; &nbsp;&nbsp; &nbsp;&nbsp; &nbsp;&nbsp; &nbsp;&nbsp; &nbsp;&nbsp; &nbsp;&nbsp; &nbsp;&nbsp; &nbsp;&nbsp; &nbsp;&nbsp; &nbsp;&nbsp; &nbsp;&nbsp; &nbsp;&nbsp; &nbsp;&nbsp; &nbsp;&nbsp; &nbsp;&nbsp; &nbsp;&nbsp; &nbsp;&nbsp; &nbsp;&nbsp; &nbsp; <\/p>\n<p>Philippe Monneret<\/p>\n<p><a href=\"http:\/\/clabedan.typepad.com\/.shared\/image.html?\/photos\/uncategorized\/2008\/11\/27\/signature_philippe_monneret.jpg\"><br \/><\/a> <\/p>\n<p>Ce champion de moto qui met son exp\u00e9rience, son dynamisme et sa renomm\u00e9e au service de la moto depuis des ann\u00e9es fait son entr\u00e9e sur le blogmoto.<\/p>\n<p> Chez les <a href=\"http:\/\/www.monneret.com\/\">Monneret<\/a>, la moto c\u2019est une histoire de famille !<br \/> Apr\u00e8s Georges Monneret, l\u2019homme aux 499 victoires, Philippe Monneret, a suivi les traces de son p\u00e8re en devenant vice champion du monde et vainqueur des 24hrs du Mans moto, consultant moto pour TF1 et Eurosport, conseiller moto pour Axa et vice pr\u00e9sident du Club 14 et consultant moto sur le circuit Paul Ricard HTTT.<br \/> Aujourd\u2019hui avec ses <a href=\"http:\/\/www.monneret.com\/\">\u00e9coles de conduite<\/a> et ses activit\u00e9s m\u00e9diatiques, Philippe Monneret v\u00e9hicule une image positive du deux roues \u00e0 l\u2019image de sa personnalit\u00e9 bien \u00e0 lui.<br \/> D\u00e9sormais, ce sp\u00e9cialiste de la moto interviendra r\u00e9guli\u00e8rement sur le blogmoto en fonction de l\u2019actualit\u00e9 pour le plus grand plaisir de tous les passionn\u00e9s du deux roues.<\/p>\n<p><a href=\"http:\/\/www.monneret.com\/\">http:\/\/www.monneret.com\/<\/a><\/p>\n","protected":false},"excerpt":{"rendered":"<p>&quot;Salut \u00e0 tous,Je suis ravi d\u2019intervenir r\u00e9guli\u00e8rement sur le blog moto que ce soit pour des essais moto, des commentaires sur des grands prix ou des questions d\u2019actus moto en g\u00e9n\u00e9ral.Bonne route et \u00e0 tr\u00e8s bient\u00f4t sur le blog moto&quot;.&nbsp; &nbsp;&nbsp; &nbsp;&nbsp; &nbsp;&nbsp; &nbsp;&nbsp; &nbsp;&nbsp; &nbsp;&nbsp; &nbsp;&nbsp; &nbsp;&nbsp; &nbsp;&nbsp; &nbsp;&nbsp; &nbsp;&nbsp; &nbsp;&nbsp; &nbsp;&nbsp; &nbsp;&nbsp; &nbsp;&nbsp; [&hellip;]<\/p>\n","protected":false},"author":219,"featured_media":0,"comment_status":"open","ping_status":"open","sticky":false,"template":"","format":"standard","meta":{"footnotes":""},"categories":[3,17,32,80,12,44],"tags":[],"class_list":["post-385","post","type-post","status-publish","format-standard","hentry","category-actualite","category-divers","category-sport-moto","category-trucs-et-astuces","category-videos","category-yamaha"],"yoast_head":"<!-- This site is optimized with the Yoast SEO plugin v26.0 - https:\/\/yoast.com\/wordpress\/plugins\/seo\/ -->\n<title>Philippe Monneret rejoint le blog moto! - leblogmoto.com<\/title>\n<meta name=\"robots\" content=\"index, follow, max-snippet:-1, max-image-preview:large, max-video-preview:-1\" \/>\n<link rel=\"canonical\" href=\"https:\/\/blogs.thesocialmedia.com\/leblogmoto\/2008\/11\/27\/philippe-monner\/\" \/>\n<meta name=\"twitter:card\" content=\"summary_large_image\" \/>\n<meta name=\"twitter:title\" content=\"Philippe Monneret rejoint le blog moto! - leblogmoto.com\" \/>\n<meta name=\"twitter:description\" content=\"&quot;Salut \u00e0 tous,Je suis ravi d\u2019intervenir r\u00e9guli\u00e8rement sur le blog moto que ce soit pour des essais moto, des commentaires sur des grands prix ou des questions d\u2019actus moto en g\u00e9n\u00e9ral.Bonne route et \u00e0 tr\u00e8s bient\u00f4t sur le blog moto&quot;.&nbsp; &nbsp;&nbsp; &nbsp;&nbsp; &nbsp;&nbsp; &nbsp;&nbsp; &nbsp;&nbsp; &nbsp;&nbsp; &nbsp;&nbsp; &nbsp;&nbsp; &nbsp;&nbsp; &nbsp;&nbsp; &nbsp;&nbsp; &nbsp;&nbsp; &nbsp;&nbsp; &nbsp;&nbsp; &nbsp;&nbsp; [&hellip;]\" \/>\n<meta name=\"twitter:image\" content=\"http:\/\/www.leblogmoto.com\/images\/2008\/11\/27\/philipe_monneret_leblogmotocom.jpg\" \/>\n<meta name=\"twitter:label1\" content=\"\u00c9crit par\" \/>\n\t<meta name=\"twitter:data1\" content=\"David Christian Koskas\" \/>\n\t<meta name=\"twitter:label2\" content=\"Dur\u00e9e de lecture estim\u00e9e\" \/>\n\t<meta name=\"twitter:data2\" content=\"1 minute\" \/>\n<script type=\"application\/ld+json\" class=\"yoast-schema-graph\">{\"@context\":\"https:\/\/schema.org\",\"@graph\":[{\"@type\":\"WebPage\",\"@id\":\"https:\/\/blogs.thesocialmedia.com\/leblogmoto\/2008\/11\/27\/philippe-monner\/\",\"url\":\"https:\/\/blogs.thesocialmedia.com\/leblogmoto\/2008\/11\/27\/philippe-monner\/\",\"name\":\"Philippe Monneret rejoint le blog moto! - leblogmoto.com\",\"isPartOf\":{\"@id\":\"https:\/\/blogs.thesocialmedia.com\/leblogmoto\/#website\"},\"primaryImageOfPage\":{\"@id\":\"https:\/\/blogs.thesocialmedia.com\/leblogmoto\/2008\/11\/27\/philippe-monner\/#primaryimage\"},\"image\":{\"@id\":\"https:\/\/blogs.thesocialmedia.com\/leblogmoto\/2008\/11\/27\/philippe-monner\/#primaryimage\"},\"thumbnailUrl\":\"http:\/\/www.leblogmoto.com\/images\/2008\/11\/27\/philipe_monneret_leblogmotocom.jpg\",\"datePublished\":\"2008-11-27T11:36:04+00:00\",\"dateModified\":\"2012-07-11T16:39:47+00:00\",\"author\":{\"@id\":\"https:\/\/blogs.thesocialmedia.com\/leblogmoto\/#\/schema\/person\/deb0b0db470c11cf82cbc870c241f979\"},\"breadcrumb\":{\"@id\":\"https:\/\/blogs.thesocialmedia.com\/leblogmoto\/2008\/11\/27\/philippe-monner\/#breadcrumb\"},\"inLanguage\":\"fr-FR\",\"potentialAction\":[{\"@type\":\"ReadAction\",\"target\":[\"https:\/\/blogs.thesocialmedia.com\/leblogmoto\/2008\/11\/27\/philippe-monner\/\"]}]},{\"@type\":\"ImageObject\",\"inLanguage\":\"fr-FR\",\"@id\":\"https:\/\/blogs.thesocialmedia.com\/leblogmoto\/2008\/11\/27\/philippe-monner\/#primaryimage\",\"url\":\"http:\/\/www.leblogmoto.com\/images\/2008\/11\/27\/philipe_monneret_leblogmotocom.jpg\",\"contentUrl\":\"http:\/\/www.leblogmoto.com\/images\/2008\/11\/27\/philipe_monneret_leblogmotocom.jpg\"},{\"@type\":\"BreadcrumbList\",\"@id\":\"https:\/\/blogs.thesocialmedia.com\/leblogmoto\/2008\/11\/27\/philippe-monner\/#breadcrumb\",\"itemListElement\":[{\"@type\":\"ListItem\",\"position\":1,\"name\":\"Accueil\",\"item\":\"https:\/\/blogs.thesocialmedia.com\/leblogmoto\/\"},{\"@type\":\"ListItem\",\"position\":2,\"name\":\"Philippe Monneret rejoint le blog moto!\"}]},{\"@type\":\"WebSite\",\"@id\":\"https:\/\/blogs.thesocialmedia.com\/leblogmoto\/#website\",\"url\":\"https:\/\/blogs.thesocialmedia.com\/leblogmoto\/\",\"name\":\"leblogmoto\",\"description\":\"Toute l&#039;actualit\u00e9 des 2 roues\",\"potentialAction\":[{\"@type\":\"SearchAction\",\"target\":{\"@type\":\"EntryPoint\",\"urlTemplate\":\"https:\/\/blogs.thesocialmedia.com\/leblogmoto\/?s={search_term_string}\"},\"query-input\":{\"@type\":\"PropertyValueSpecification\",\"valueRequired\":true,\"valueName\":\"search_term_string\"}}],\"inLanguage\":\"fr-FR\"},{\"@type\":\"Person\",\"@id\":\"https:\/\/blogs.thesocialmedia.com\/leblogmoto\/#\/schema\/person\/deb0b0db470c11cf82cbc870c241f979\",\"name\":\"David Christian Koskas\",\"image\":{\"@type\":\"ImageObject\",\"inLanguage\":\"fr-FR\",\"@id\":\"https:\/\/blogs.thesocialmedia.com\/leblogmoto\/#\/schema\/person\/image\/\",\"url\":\"https:\/\/secure.gravatar.com\/avatar\/3b119f8169c8019feae7e6b32a2a6c3a?s=96&d=mm&r=g\",\"contentUrl\":\"https:\/\/secure.gravatar.com\/avatar\/3b119f8169c8019feae7e6b32a2a6c3a?s=96&d=mm&r=g\",\"caption\":\"David Christian Koskas\"},\"url\":\"https:\/\/blogs.thesocialmedia.com\/leblogmoto\/author\/david-koskas\/\"}]}<\/script>\n<!-- \/ Yoast SEO plugin. -->","yoast_head_json":{"title":"Philippe Monneret rejoint le blog moto! - leblogmoto.com","robots":{"index":"index","follow":"follow","max-snippet":"max-snippet:-1","max-image-preview":"max-image-preview:large","max-video-preview":"max-video-preview:-1"},"canonical":"https:\/\/blogs.thesocialmedia.com\/leblogmoto\/2008\/11\/27\/philippe-monner\/","twitter_card":"summary_large_image","twitter_title":"Philippe Monneret rejoint le blog moto! - leblogmoto.com","twitter_description":"&quot;Salut \u00e0 tous,Je suis ravi d\u2019intervenir r\u00e9guli\u00e8rement sur le blog moto que ce soit pour des essais moto, des commentaires sur des grands prix ou des questions d\u2019actus moto en g\u00e9n\u00e9ral.Bonne route et \u00e0 tr\u00e8s bient\u00f4t sur le blog moto&quot;.&nbsp; &nbsp;&nbsp; &nbsp;&nbsp; &nbsp;&nbsp; &nbsp;&nbsp; &nbsp;&nbsp; &nbsp;&nbsp; &nbsp;&nbsp; &nbsp;&nbsp; &nbsp;&nbsp; &nbsp;&nbsp; &nbsp;&nbsp; &nbsp;&nbsp; &nbsp;&nbsp; &nbsp;&nbsp; &nbsp;&nbsp; [&hellip;]","twitter_image":"http:\/\/www.leblogmoto.com\/images\/2008\/11\/27\/philipe_monneret_leblogmotocom.jpg","twitter_misc":{"\u00c9crit par":"David Christian Koskas","Dur\u00e9e de lecture estim\u00e9e":"1 minute"},"schema":{"@context":"https:\/\/schema.org","@graph":[{"@type":"WebPage","@id":"https:\/\/blogs.thesocialmedia.com\/leblogmoto\/2008\/11\/27\/philippe-monner\/","url":"https:\/\/blogs.thesocialmedia.com\/leblogmoto\/2008\/11\/27\/philippe-monner\/","name":"Philippe Monneret rejoint le blog moto! - leblogmoto.com","isPartOf":{"@id":"https:\/\/blogs.thesocialmedia.com\/leblogmoto\/#website"},"primaryImageOfPage":{"@id":"https:\/\/blogs.thesocialmedia.com\/leblogmoto\/2008\/11\/27\/philippe-monner\/#primaryimage"},"image":{"@id":"https:\/\/blogs.thesocialmedia.com\/leblogmoto\/2008\/11\/27\/philippe-monner\/#primaryimage"},"thumbnailUrl":"http:\/\/www.leblogmoto.com\/images\/2008\/11\/27\/philipe_monneret_leblogmotocom.jpg","datePublished":"2008-11-27T11:36:04+00:00","dateModified":"2012-07-11T16:39:47+00:00","author":{"@id":"https:\/\/blogs.thesocialmedia.com\/leblogmoto\/#\/schema\/person\/deb0b0db470c11cf82cbc870c241f979"},"breadcrumb":{"@id":"https:\/\/blogs.thesocialmedia.com\/leblogmoto\/2008\/11\/27\/philippe-monner\/#breadcrumb"},"inLanguage":"fr-FR","potentialAction":[{"@type":"ReadAction","target":["https:\/\/blogs.thesocialmedia.com\/leblogmoto\/2008\/11\/27\/philippe-monner\/"]}]},{"@type":"ImageObject","inLanguage":"fr-FR","@id":"https:\/\/blogs.thesocialmedia.com\/leblogmoto\/2008\/11\/27\/philippe-monner\/#primaryimage","url":"http:\/\/www.leblogmoto.com\/images\/2008\/11\/27\/philipe_monneret_leblogmotocom.jpg","contentUrl":"http:\/\/www.leblogmoto.com\/images\/2008\/11\/27\/philipe_monneret_leblogmotocom.jpg"},{"@type":"BreadcrumbList","@id":"https:\/\/blogs.thesocialmedia.com\/leblogmoto\/2008\/11\/27\/philippe-monner\/#breadcrumb","itemListElement":[{"@type":"ListItem","position":1,"name":"Accueil","item":"https:\/\/blogs.thesocialmedia.com\/leblogmoto\/"},{"@type":"ListItem","position":2,"name":"Philippe Monneret rejoint le blog moto!"}]},{"@type":"WebSite","@id":"https:\/\/blogs.thesocialmedia.com\/leblogmoto\/#website","url":"https:\/\/blogs.thesocialmedia.com\/leblogmoto\/","name":"leblogmoto","description":"Toute l&#039;actualit\u00e9 des 2 roues","potentialAction":[{"@type":"SearchAction","target":{"@type":"EntryPoint","urlTemplate":"https:\/\/blogs.thesocialmedia.com\/leblogmoto\/?s={search_term_string}"},"query-input":{"@type":"PropertyValueSpecification","valueRequired":true,"valueName":"search_term_string"}}],"inLanguage":"fr-FR"},{"@type":"Person","@id":"https:\/\/blogs.thesocialmedia.com\/leblogmoto\/#\/schema\/person\/deb0b0db470c11cf82cbc870c241f979","name":"David Christian Koskas","image":{"@type":"ImageObject","inLanguage":"fr-FR","@id":"https:\/\/blogs.thesocialmedia.com\/leblogmoto\/#\/schema\/person\/image\/","url":"https:\/\/secure.gravatar.com\/avatar\/3b119f8169c8019feae7e6b32a2a6c3a?s=96&d=mm&r=g","contentUrl":"https:\/\/secure.gravatar.com\/avatar\/3b119f8169c8019feae7e6b32a2a6c3a?s=96&d=mm&r=g","caption":"David Christian Koskas"},"url":"https:\/\/blogs.thesocialmedia.com\/leblogmoto\/author\/david-koskas\/"}]}},"_links":{"self":[{"href":"https:\/\/blogs.thesocialmedia.com\/leblogmoto\/wp-json\/wp\/v2\/posts\/385","targetHints":{"allow":["GET"]}}],"collection":[{"href":"https:\/\/blogs.thesocialmedia.com\/leblogmoto\/wp-json\/wp\/v2\/posts"}],"about":[{"href":"https:\/\/blogs.thesocialmedia.com\/leblogmoto\/wp-json\/wp\/v2\/types\/post"}],"author":[{"embeddable":true,"href":"https:\/\/blogs.thesocialmedia.com\/leblogmoto\/wp-json\/wp\/v2\/users\/219"}],"replies":[{"embeddable":true,"href":"https:\/\/blogs.thesocialmedia.com\/leblogmoto\/wp-json\/wp\/v2\/comments?post=385"}],"version-history":[{"count":2,"href":"https:\/\/blogs.thesocialmedia.com\/leblogmoto\/wp-json\/wp\/v2\/posts\/385\/revisions"}],"predecessor-version":[{"id":12207,"href":"https:\/\/blogs.thesocialmedia.com\/leblogmoto\/wp-json\/wp\/v2\/posts\/385\/revisions\/12207"}],"wp:attachment":[{"href":"https:\/\/blogs.thesocialmedia.com\/leblogmoto\/wp-json\/wp\/v2\/media?parent=385"}],"wp:term":[{"taxonomy":"category","embeddable":true,"href":"https:\/\/blogs.thesocialmedia.com\/leblogmoto\/wp-json\/wp\/v2\/categories?post=385"},{"taxonomy":"post_tag","embeddable":true,"href":"https:\/\/blogs.thesocialmedia.com\/leblogmoto\/wp-json\/wp\/v2\/tags?post=385"}],"curies":[{"name":"wp","href":"https:\/\/api.w.org\/{rel}","templated":true}]}}