{"id":386,"date":"2008-11-27T05:23:31","date_gmt":"2008-11-27T05:23:31","guid":{"rendered":"http:\/\/blogs.thesocialmedia.com\/leblogmoto\/2008\/11\/27\/ben-spies-un-ti\/"},"modified":"2012-07-11T16:39:39","modified_gmt":"2012-07-11T16:39:39","slug":"ben-spies-un-ti","status":"publish","type":"post","link":"https:\/\/blogs.thesocialmedia.com\/leblogmoto\/2008\/11\/27\/ben-spies-un-ti\/","title":{"rendered":"Ben Spies, un titre qu&rsquo;il n&rsquo;aura pas"},"content":{"rendered":"<p>Avec un 5e championnat en AMA Superbike et 10 victoires dont 7 \u00e0 la file cette saison, ce palmar\u00e8s ne fut tout de m\u00eame pas suffisant \u00e0 Ben Spies pour remporter le titre d\u2019athl\u00e8te de l\u2019ann\u00e9e 2008.<\/p>\n<p><a href=\"http:\/\/blogs.thesocialmedia.com\/leblogmoto\/files\/2012\/07\/ama34.jpg\"><img loading=\"lazy\" decoding=\"async\" width=\"470\" height=\"320\"  src=\"http:\/\/www.leblogmoto.com\/images\/2008\/11\/26\/ama3.jpg\" alt=\"Ama3\" \/><\/a> <\/p>\n<p>L\u2019honneur supr\u00eame revient plut\u00f4t \u00e0 James Stewart, champion <a href=\"http:\/\/www.amamotocross.com\/\">AMA 2008 de Motocross<\/a>, qui a fait main basse sur la saison compl\u00e8te. Difficile de faire mieux.<\/p>\n<p><a href=\"http:\/\/clabedan.typepad.com\/.shared\/image.html?\/photos\/uncategorized\/2008\/11\/26\/spies1.jpg\"><img loading=\"lazy\" decoding=\"async\" width=\"470\" height=\"289\"  src=\"http:\/\/www.leblogmoto.com\/images\/2008\/11\/26\/spies1.jpg\" alt=\"Spies1\" \/><\/a> <\/p>\n<p>Mais Spies a de quoi se consoler. Un guidon avec <a href=\"http:\/\/www.yamaha-racing.com\/Racing\/wsb\/\">Yamaha<\/a> en World Superbike, des temps canons \u00e0 ses premiers essais \u00e0 Portimao au Portugal avec une machine, la Yamaha R1 WSB 2009, dont il voyait la couleur (assez grise) pour la premi\u00e8re fois, de nouveaux pneumatiques, un circuit inconnu, un nouveau co\u00e9quipier, Tom Sykes et une nouvelle \u00e9quipe, pour ne pas dire un nouveau continent. Voil\u00e0 bien des nouveaut\u00e9s que l\u2019athl\u00e8te devra assimiler, mais si ses premiers tours de roue sont repr\u00e9sentatifs de ce qu\u2019il pourra accomplir cette saison, une bataille pour le championnat ne semble pas exclue.<\/p>\n<p>D\u2019ailleurs, on voit mal comment dans sa t\u00eate, il pourrait penser autrement, se voyant sans doute d\u00e9j\u00e0 remplacer un certain m\u00e9decin italien dans la s\u00e9rie reine.<\/p>\n<p>Et pour mettre toutes les chances de son c\u00f4t\u00e9, on apprenait r\u00e9cemment qu\u2019il avait choisi le num\u00e9ro 19 pour habiller sa Yamaha. Le hasard semble-t-il mettant ce num\u00e9ro sur sa route r\u00e9guli\u00e8rement. C\u2019\u00e9tait aussi le num\u00e9ro de l\u2019un de ses amis d\u00e9c\u00e9d\u00e9 dans un accident de moto r\u00e9cemment. Spies ne se dit pas superstitieux, mais il est pr\u00eat \u00e0 accepter toute l\u2019aide disponible, qu\u2019importe d\u2019o\u00f9 elle vient.<\/p>\n<p><a href=\"http:\/\/clabedan.typepad.com\/.shared\/image.html?\/photos\/uncategorized\/2008\/11\/26\/spies2.jpg\"><img loading=\"lazy\" decoding=\"async\" width=\"470\" height=\"310\"  src=\"http:\/\/www.leblogmoto.com\/images\/2008\/11\/26\/spies2.jpg\" alt=\"Spies2\" \/><\/a> <\/p>\n<p><a href=\"http:\/\/blogs.thesocialmedia.com\/leblogmoto\/files\/2012\/07\/spies32.jpg\"><img loading=\"lazy\" decoding=\"async\" width=\"470\" height=\"286\"  src=\"http:\/\/www.leblogmoto.com\/images\/2008\/11\/26\/spies3.jpg\" alt=\"Spies3\" \/><\/a> <\/p>\n<p><a href=\"http:\/\/blogs.thesocialmedia.com\/leblogmoto\/files\/2012\/07\/spies4.jpg\"><img loading=\"lazy\" decoding=\"async\" width=\"470\" height=\"287\"  src=\"http:\/\/www.leblogmoto.com\/images\/2008\/11\/26\/spies4.jpg\" alt=\"Spies4\" \/><\/a> <\/p>\n","protected":false},"excerpt":{"rendered":"<p>Avec un 5e championnat en AMA Superbike et 10 victoires dont 7 \u00e0 la file cette saison, ce palmar\u00e8s ne fut tout de m\u00eame pas suffisant \u00e0 Ben Spies pour remporter le titre d\u2019athl\u00e8te de l\u2019ann\u00e9e 2008. L\u2019honneur supr\u00eame revient plut\u00f4t \u00e0 James Stewart, champion AMA 2008 de Motocross, qui a fait main basse sur [&hellip;]<\/p>\n","protected":false},"author":325,"featured_media":0,"comment_status":"open","ping_status":"open","sticky":false,"template":"","format":"standard","meta":{"footnotes":""},"categories":[74,66,43,44],"tags":[],"class_list":["post-386","post","type-post","status-publish","format-standard","hentry","category-ama-superbike","category-moto-cross","category-wsbk","category-yamaha"],"yoast_head":"<!-- This site is optimized with the Yoast SEO plugin v26.0 - https:\/\/yoast.com\/wordpress\/plugins\/seo\/ -->\n<title>Ben Spies, un titre qu&#039;il n&#039;aura pas - leblogmoto.com<\/title>\n<meta name=\"robots\" content=\"index, follow, max-snippet:-1, max-image-preview:large, max-video-preview:-1\" \/>\n<link rel=\"canonical\" href=\"https:\/\/blogs.thesocialmedia.com\/leblogmoto\/2008\/11\/27\/ben-spies-un-ti\/\" \/>\n<meta name=\"twitter:card\" content=\"summary_large_image\" \/>\n<meta name=\"twitter:title\" content=\"Ben Spies, un titre qu&#039;il n&#039;aura pas - leblogmoto.com\" \/>\n<meta name=\"twitter:description\" content=\"Avec un 5e championnat en AMA Superbike et 10 victoires dont 7 \u00e0 la file cette saison, ce palmar\u00e8s ne fut tout de m\u00eame pas suffisant \u00e0 Ben Spies pour remporter le titre d\u2019athl\u00e8te de l\u2019ann\u00e9e 2008. L\u2019honneur supr\u00eame revient plut\u00f4t \u00e0 James Stewart, champion AMA 2008 de Motocross, qui a fait main basse sur [&hellip;]\" \/>\n<meta name=\"twitter:image\" content=\"http:\/\/www.leblogmoto.com\/images\/2008\/11\/26\/ama3.jpg\" \/>\n<meta name=\"twitter:label1\" content=\"\u00c9crit par\" \/>\n\t<meta name=\"twitter:data1\" content=\"jacques lesage\" \/>\n\t<meta name=\"twitter:label2\" content=\"Dur\u00e9e de lecture estim\u00e9e\" \/>\n\t<meta name=\"twitter:data2\" content=\"1 minute\" \/>\n<script type=\"application\/ld+json\" class=\"yoast-schema-graph\">{\"@context\":\"https:\/\/schema.org\",\"@graph\":[{\"@type\":\"WebPage\",\"@id\":\"https:\/\/blogs.thesocialmedia.com\/leblogmoto\/2008\/11\/27\/ben-spies-un-ti\/\",\"url\":\"https:\/\/blogs.thesocialmedia.com\/leblogmoto\/2008\/11\/27\/ben-spies-un-ti\/\",\"name\":\"Ben Spies, un titre qu'il n'aura pas - leblogmoto.com\",\"isPartOf\":{\"@id\":\"https:\/\/blogs.thesocialmedia.com\/leblogmoto\/#website\"},\"primaryImageOfPage\":{\"@id\":\"https:\/\/blogs.thesocialmedia.com\/leblogmoto\/2008\/11\/27\/ben-spies-un-ti\/#primaryimage\"},\"image\":{\"@id\":\"https:\/\/blogs.thesocialmedia.com\/leblogmoto\/2008\/11\/27\/ben-spies-un-ti\/#primaryimage\"},\"thumbnailUrl\":\"http:\/\/www.leblogmoto.com\/images\/2008\/11\/26\/ama3.jpg\",\"datePublished\":\"2008-11-27T05:23:31+00:00\",\"dateModified\":\"2012-07-11T16:39:39+00:00\",\"author\":{\"@id\":\"https:\/\/blogs.thesocialmedia.com\/leblogmoto\/#\/schema\/person\/e82a0ca8a9a63d031586097a3ed58526\"},\"breadcrumb\":{\"@id\":\"https:\/\/blogs.thesocialmedia.com\/leblogmoto\/2008\/11\/27\/ben-spies-un-ti\/#breadcrumb\"},\"inLanguage\":\"fr-FR\",\"potentialAction\":[{\"@type\":\"ReadAction\",\"target\":[\"https:\/\/blogs.thesocialmedia.com\/leblogmoto\/2008\/11\/27\/ben-spies-un-ti\/\"]}]},{\"@type\":\"ImageObject\",\"inLanguage\":\"fr-FR\",\"@id\":\"https:\/\/blogs.thesocialmedia.com\/leblogmoto\/2008\/11\/27\/ben-spies-un-ti\/#primaryimage\",\"url\":\"http:\/\/www.leblogmoto.com\/images\/2008\/11\/26\/ama3.jpg\",\"contentUrl\":\"http:\/\/www.leblogmoto.com\/images\/2008\/11\/26\/ama3.jpg\"},{\"@type\":\"BreadcrumbList\",\"@id\":\"https:\/\/blogs.thesocialmedia.com\/leblogmoto\/2008\/11\/27\/ben-spies-un-ti\/#breadcrumb\",\"itemListElement\":[{\"@type\":\"ListItem\",\"position\":1,\"name\":\"Accueil\",\"item\":\"https:\/\/blogs.thesocialmedia.com\/leblogmoto\/\"},{\"@type\":\"ListItem\",\"position\":2,\"name\":\"Ben Spies, un titre qu&rsquo;il n&rsquo;aura pas\"}]},{\"@type\":\"WebSite\",\"@id\":\"https:\/\/blogs.thesocialmedia.com\/leblogmoto\/#website\",\"url\":\"https:\/\/blogs.thesocialmedia.com\/leblogmoto\/\",\"name\":\"leblogmoto\",\"description\":\"Toute l&#039;actualit\u00e9 des 2 roues\",\"potentialAction\":[{\"@type\":\"SearchAction\",\"target\":{\"@type\":\"EntryPoint\",\"urlTemplate\":\"https:\/\/blogs.thesocialmedia.com\/leblogmoto\/?s={search_term_string}\"},\"query-input\":{\"@type\":\"PropertyValueSpecification\",\"valueRequired\":true,\"valueName\":\"search_term_string\"}}],\"inLanguage\":\"fr-FR\"},{\"@type\":\"Person\",\"@id\":\"https:\/\/blogs.thesocialmedia.com\/leblogmoto\/#\/schema\/person\/e82a0ca8a9a63d031586097a3ed58526\",\"name\":\"jacques lesage\",\"image\":{\"@type\":\"ImageObject\",\"inLanguage\":\"fr-FR\",\"@id\":\"https:\/\/blogs.thesocialmedia.com\/leblogmoto\/#\/schema\/person\/image\/\",\"url\":\"https:\/\/secure.gravatar.com\/avatar\/?s=96&d=mm&r=g\",\"contentUrl\":\"https:\/\/secure.gravatar.com\/avatar\/?s=96&d=mm&r=g\",\"caption\":\"jacques lesage\"},\"url\":\"https:\/\/blogs.thesocialmedia.com\/leblogmoto\/author\/jacques-lesage\/\"}]}<\/script>\n<!-- \/ Yoast SEO plugin. -->","yoast_head_json":{"title":"Ben Spies, un titre qu'il n'aura pas - leblogmoto.com","robots":{"index":"index","follow":"follow","max-snippet":"max-snippet:-1","max-image-preview":"max-image-preview:large","max-video-preview":"max-video-preview:-1"},"canonical":"https:\/\/blogs.thesocialmedia.com\/leblogmoto\/2008\/11\/27\/ben-spies-un-ti\/","twitter_card":"summary_large_image","twitter_title":"Ben Spies, un titre qu'il n'aura pas - leblogmoto.com","twitter_description":"Avec un 5e championnat en AMA Superbike et 10 victoires dont 7 \u00e0 la file cette saison, ce palmar\u00e8s ne fut tout de m\u00eame pas suffisant \u00e0 Ben Spies pour remporter le titre d\u2019athl\u00e8te de l\u2019ann\u00e9e 2008. L\u2019honneur supr\u00eame revient plut\u00f4t \u00e0 James Stewart, champion AMA 2008 de Motocross, qui a fait main basse sur [&hellip;]","twitter_image":"http:\/\/www.leblogmoto.com\/images\/2008\/11\/26\/ama3.jpg","twitter_misc":{"\u00c9crit par":"jacques lesage","Dur\u00e9e de lecture estim\u00e9e":"1 minute"},"schema":{"@context":"https:\/\/schema.org","@graph":[{"@type":"WebPage","@id":"https:\/\/blogs.thesocialmedia.com\/leblogmoto\/2008\/11\/27\/ben-spies-un-ti\/","url":"https:\/\/blogs.thesocialmedia.com\/leblogmoto\/2008\/11\/27\/ben-spies-un-ti\/","name":"Ben Spies, un titre qu'il n'aura pas - leblogmoto.com","isPartOf":{"@id":"https:\/\/blogs.thesocialmedia.com\/leblogmoto\/#website"},"primaryImageOfPage":{"@id":"https:\/\/blogs.thesocialmedia.com\/leblogmoto\/2008\/11\/27\/ben-spies-un-ti\/#primaryimage"},"image":{"@id":"https:\/\/blogs.thesocialmedia.com\/leblogmoto\/2008\/11\/27\/ben-spies-un-ti\/#primaryimage"},"thumbnailUrl":"http:\/\/www.leblogmoto.com\/images\/2008\/11\/26\/ama3.jpg","datePublished":"2008-11-27T05:23:31+00:00","dateModified":"2012-07-11T16:39:39+00:00","author":{"@id":"https:\/\/blogs.thesocialmedia.com\/leblogmoto\/#\/schema\/person\/e82a0ca8a9a63d031586097a3ed58526"},"breadcrumb":{"@id":"https:\/\/blogs.thesocialmedia.com\/leblogmoto\/2008\/11\/27\/ben-spies-un-ti\/#breadcrumb"},"inLanguage":"fr-FR","potentialAction":[{"@type":"ReadAction","target":["https:\/\/blogs.thesocialmedia.com\/leblogmoto\/2008\/11\/27\/ben-spies-un-ti\/"]}]},{"@type":"ImageObject","inLanguage":"fr-FR","@id":"https:\/\/blogs.thesocialmedia.com\/leblogmoto\/2008\/11\/27\/ben-spies-un-ti\/#primaryimage","url":"http:\/\/www.leblogmoto.com\/images\/2008\/11\/26\/ama3.jpg","contentUrl":"http:\/\/www.leblogmoto.com\/images\/2008\/11\/26\/ama3.jpg"},{"@type":"BreadcrumbList","@id":"https:\/\/blogs.thesocialmedia.com\/leblogmoto\/2008\/11\/27\/ben-spies-un-ti\/#breadcrumb","itemListElement":[{"@type":"ListItem","position":1,"name":"Accueil","item":"https:\/\/blogs.thesocialmedia.com\/leblogmoto\/"},{"@type":"ListItem","position":2,"name":"Ben Spies, un titre qu&rsquo;il n&rsquo;aura pas"}]},{"@type":"WebSite","@id":"https:\/\/blogs.thesocialmedia.com\/leblogmoto\/#website","url":"https:\/\/blogs.thesocialmedia.com\/leblogmoto\/","name":"leblogmoto","description":"Toute l&#039;actualit\u00e9 des 2 roues","potentialAction":[{"@type":"SearchAction","target":{"@type":"EntryPoint","urlTemplate":"https:\/\/blogs.thesocialmedia.com\/leblogmoto\/?s={search_term_string}"},"query-input":{"@type":"PropertyValueSpecification","valueRequired":true,"valueName":"search_term_string"}}],"inLanguage":"fr-FR"},{"@type":"Person","@id":"https:\/\/blogs.thesocialmedia.com\/leblogmoto\/#\/schema\/person\/e82a0ca8a9a63d031586097a3ed58526","name":"jacques lesage","image":{"@type":"ImageObject","inLanguage":"fr-FR","@id":"https:\/\/blogs.thesocialmedia.com\/leblogmoto\/#\/schema\/person\/image\/","url":"https:\/\/secure.gravatar.com\/avatar\/?s=96&d=mm&r=g","contentUrl":"https:\/\/secure.gravatar.com\/avatar\/?s=96&d=mm&r=g","caption":"jacques lesage"},"url":"https:\/\/blogs.thesocialmedia.com\/leblogmoto\/author\/jacques-lesage\/"}]}},"_links":{"self":[{"href":"https:\/\/blogs.thesocialmedia.com\/leblogmoto\/wp-json\/wp\/v2\/posts\/386","targetHints":{"allow":["GET"]}}],"collection":[{"href":"https:\/\/blogs.thesocialmedia.com\/leblogmoto\/wp-json\/wp\/v2\/posts"}],"about":[{"href":"https:\/\/blogs.thesocialmedia.com\/leblogmoto\/wp-json\/wp\/v2\/types\/post"}],"author":[{"embeddable":true,"href":"https:\/\/blogs.thesocialmedia.com\/leblogmoto\/wp-json\/wp\/v2\/users\/325"}],"replies":[{"embeddable":true,"href":"https:\/\/blogs.thesocialmedia.com\/leblogmoto\/wp-json\/wp\/v2\/comments?post=386"}],"version-history":[{"count":2,"href":"https:\/\/blogs.thesocialmedia.com\/leblogmoto\/wp-json\/wp\/v2\/posts\/386\/revisions"}],"predecessor-version":[{"id":12205,"href":"https:\/\/blogs.thesocialmedia.com\/leblogmoto\/wp-json\/wp\/v2\/posts\/386\/revisions\/12205"}],"wp:attachment":[{"href":"https:\/\/blogs.thesocialmedia.com\/leblogmoto\/wp-json\/wp\/v2\/media?parent=386"}],"wp:term":[{"taxonomy":"category","embeddable":true,"href":"https:\/\/blogs.thesocialmedia.com\/leblogmoto\/wp-json\/wp\/v2\/categories?post=386"},{"taxonomy":"post_tag","embeddable":true,"href":"https:\/\/blogs.thesocialmedia.com\/leblogmoto\/wp-json\/wp\/v2\/tags?post=386"}],"curies":[{"name":"wp","href":"https:\/\/api.w.org\/{rel}","templated":true}]}}