{"id":389,"date":"2008-11-26T07:12:06","date_gmt":"2008-11-26T07:12:06","guid":{"rendered":"http:\/\/blogs.thesocialmedia.com\/leblogmoto\/2008\/11\/26\/les-essais-de-r\/"},"modified":"2012-07-11T16:38:59","modified_gmt":"2012-07-11T16:38:59","slug":"les-essais-de-r","status":"publish","type":"post","link":"https:\/\/blogs.thesocialmedia.com\/leblogmoto\/2008\/11\/26\/les-essais-de-r\/","title":{"rendered":"Vale tente une nouvelle fois de monter le cheval cabr\u00e9."},"content":{"rendered":"<p><a href=\"http:\/\/blogs.thesocialmedia.com\/leblogmoto\/files\/2012\/07\/rossi_ferrari_6.jpg\"><img loading=\"lazy\" decoding=\"async\"  alt=\"Rossi_ferrari_6\" src=\"http:\/\/www.leblogmoto.com\/images\/2008\/11\/25\/rossi_ferrari_6.jpg\" width=\"470\" height=\"312\" \/><\/a><\/p>\n<p>Valentino Rossi a proc\u00e9d\u00e9 \u00e0 des tests les jeudi et vendredi derniers, tests dont le site <a href=\"http:\/\/www.rossifumi.it\/\">Rossifumi<\/a> vient de mettre en ligne les photos, pour certaines tr\u00e8s r\u00e9ussies. Le champion de MotoGP en 2008 a tent\u00e9 de ma\u00eetriser la monture de la meilleur \u00e9curie de cette saison de Formule 1. Et c&rsquo;est \u00e0 Mugello, circuit qu&rsquo;il conna\u00eet parfaitement pour y \u00eatre imbattable sur deux roues depuis 2002, qu&rsquo;ont eu lieu les retrouvailles d&rsquo;un amour contrari\u00e9. Des essais qu&rsquo;il effectue donc cette fois sans se bercer d&rsquo;illusion, contrairement \u00e0 ceux d&rsquo;il y a trois ans. Et il claqua le premier jour un temps de 1&rsquo;22.550, \u00e0 une seconde et demi (oui, c&rsquo;est beaucoup) du chrono de Kimi Ra\u00efkk\u00f6nen en septembre, sur le m\u00eame trac\u00e9. L&rsquo;apprentissage du pilotage de la F2008 sur les 64 tours que lui a accord\u00e9 la Scuderia ne s&rsquo;est d&rsquo;ailleurs pas effectu\u00e9s sans mal, puisque des t\u00eates-\u00e0-queues ont marqu\u00e9 ses premi\u00e8res boucles. L&rsquo;<a href=\"http:\/\/www.leblogmoto.com\/2008\/10\/alors-la-chance.html\">Italien<\/a> a d\u00e9clar\u00e9 par la suite \u00e0 l&rsquo;agence ANSA, qu&rsquo;il s&rsquo;\u00e9tait sp\u00e9cifiquement entra\u00een\u00e9 en musclant son cou (pour mieux encaisser les G en courbes). Ce qui ne l&#8217;emp\u00eache pas de parler d\u00e9j\u00e0 de son exp\u00e9rience en F1 au pass\u00e9: &quot;Je pense que j&rsquo;avais le potentiel pour \u00eatre un bon pilote, d&rsquo;apr\u00e8s les tests qu&rsquo;on avait r\u00e9alis\u00e9 pr\u00e9c\u00e9demment \u00e0 Fiorano, et plus tard \u00e0 Valencia. Ce que je ne sais pas, c&rsquo;est si j&rsquo;aurais pu devenir un pilote qui gagne, ou pas.&quot; Au sens froid du management, il sera pass\u00e9 de Fiat-Yamaha \u00e0 Fiat-Ferrari le temps d&rsquo;un r\u00eave non concr\u00e9tis\u00e9. Car, en y regardant bien, la firme de feu Giovanni Agnelli est la grande gagnante de cette campagne de com&rsquo; maquill\u00e9e en essais, et non lui. Apr\u00e8s l&rsquo;excitation des d\u00e9buts, le recul dont il fait maintenant preuve, montre qu&rsquo;il l&rsquo;a bien compris.<\/p>\n<p><a href=\"http:\/\/clabedan.typepad.com\/.shared\/image.html?\/photos\/uncategorized\/2008\/11\/25\/rossi_ferrari_7.jpg\"><img loading=\"lazy\" decoding=\"async\"  alt=\"Rossi_ferrari_7\" src=\"http:\/\/www.leblogmoto.com\/images\/2008\/11\/25\/rossi_ferrari_7.jpg\" width=\"470\" height=\"312\" \/><\/a><\/p>\n<p><a href=\"http:\/\/blogs.thesocialmedia.com\/leblogmoto\/files\/2012\/07\/rossi_ferrari_11.jpg\"><img loading=\"lazy\" decoding=\"async\"  alt=\"Rossi_ferrari_1\" src=\"http:\/\/www.leblogmoto.com\/images\/2008\/11\/25\/rossi_ferrari_1.jpg\" width=\"470\" height=\"312\" \/><\/a> <\/p>\n<p><a href=\"http:\/\/blogs.thesocialmedia.com\/leblogmoto\/files\/2012\/07\/rossi_ferrari_3.jpg\"><img loading=\"lazy\" decoding=\"async\"  alt=\"Rossi_ferrari_3\" src=\"http:\/\/www.leblogmoto.com\/images\/2008\/11\/25\/rossi_ferrari_3.jpg\" width=\"470\" height=\"312\" \/><\/a> <\/p>\n<p><a href=\"http:\/\/blogs.thesocialmedia.com\/leblogmoto\/files\/2012\/07\/rossi_ferrari_4.jpg\"><img loading=\"lazy\" decoding=\"async\"  alt=\"Rossi_ferrari_4\" src=\"http:\/\/www.leblogmoto.com\/images\/2008\/11\/25\/rossi_ferrari_4.jpg\" width=\"470\" height=\"312\" \/><\/a> <\/p>\n<p><a href=\"http:\/\/blogs.thesocialmedia.com\/leblogmoto\/files\/2012\/07\/rossi_ferrari_2.jpg\"><img loading=\"lazy\" decoding=\"async\"  alt=\"Rossi_ferrari_2\" src=\"http:\/\/www.leblogmoto.com\/images\/2008\/11\/25\/rossi_ferrari_2.jpg\" width=\"470\" height=\"312\" \/><\/a><\/p>\n<p><a href=\"http:\/\/blogs.thesocialmedia.com\/leblogmoto\/files\/2012\/07\/rossi_ferrari_5.jpg\"><img loading=\"lazy\" decoding=\"async\"  alt=\"Rossi_ferrari_5\" src=\"http:\/\/www.leblogmoto.com\/images\/2008\/11\/25\/rossi_ferrari_5.jpg\" width=\"470\" height=\"312\" \/><\/a> <\/p>\n","protected":false},"excerpt":{"rendered":"<p>Valentino Rossi a proc\u00e9d\u00e9 \u00e0 des tests les jeudi et vendredi derniers, tests dont le site Rossifumi vient de mettre en ligne les photos, pour certaines tr\u00e8s r\u00e9ussies. Le champion de MotoGP en 2008 a tent\u00e9 de ma\u00eetriser la monture de la meilleur \u00e9curie de cette saison de Formule 1. Et c&rsquo;est \u00e0 Mugello, circuit [&hellip;]<\/p>\n","protected":false},"author":324,"featured_media":0,"comment_status":"open","ping_status":"open","sticky":false,"template":"","format":"standard","meta":{"footnotes":""},"categories":[3,22,32],"tags":[],"class_list":["post-389","post","type-post","status-publish","format-standard","hentry","category-actualite","category-motogp","category-sport-moto"],"yoast_head":"<!-- This site is optimized with the Yoast SEO plugin v26.0 - https:\/\/yoast.com\/wordpress\/plugins\/seo\/ -->\n<title>Vale tente une nouvelle fois de monter le cheval cabr\u00e9. - leblogmoto.com<\/title>\n<meta name=\"robots\" content=\"index, follow, max-snippet:-1, max-image-preview:large, max-video-preview:-1\" \/>\n<link rel=\"canonical\" href=\"https:\/\/blogs.thesocialmedia.com\/leblogmoto\/2008\/11\/26\/les-essais-de-r\/\" \/>\n<meta name=\"twitter:card\" content=\"summary_large_image\" \/>\n<meta name=\"twitter:title\" content=\"Vale tente une nouvelle fois de monter le cheval cabr\u00e9. - leblogmoto.com\" \/>\n<meta name=\"twitter:description\" content=\"Valentino Rossi a proc\u00e9d\u00e9 \u00e0 des tests les jeudi et vendredi derniers, tests dont le site Rossifumi vient de mettre en ligne les photos, pour certaines tr\u00e8s r\u00e9ussies. Le champion de MotoGP en 2008 a tent\u00e9 de ma\u00eetriser la monture de la meilleur \u00e9curie de cette saison de Formule 1. Et c&rsquo;est \u00e0 Mugello, circuit [&hellip;]\" \/>\n<meta name=\"twitter:image\" content=\"http:\/\/www.leblogmoto.com\/images\/2008\/11\/25\/rossi_ferrari_6.jpg\" \/>\n<meta name=\"twitter:label1\" content=\"\u00c9crit par\" \/>\n\t<meta name=\"twitter:data1\" content=\"benoit rieu\" \/>\n\t<meta name=\"twitter:label2\" content=\"Dur\u00e9e de lecture estim\u00e9e\" \/>\n\t<meta name=\"twitter:data2\" content=\"2 minutes\" \/>\n<script type=\"application\/ld+json\" class=\"yoast-schema-graph\">{\"@context\":\"https:\/\/schema.org\",\"@graph\":[{\"@type\":\"WebPage\",\"@id\":\"https:\/\/blogs.thesocialmedia.com\/leblogmoto\/2008\/11\/26\/les-essais-de-r\/\",\"url\":\"https:\/\/blogs.thesocialmedia.com\/leblogmoto\/2008\/11\/26\/les-essais-de-r\/\",\"name\":\"Vale tente une nouvelle fois de monter le cheval cabr\u00e9. - leblogmoto.com\",\"isPartOf\":{\"@id\":\"https:\/\/blogs.thesocialmedia.com\/leblogmoto\/#website\"},\"primaryImageOfPage\":{\"@id\":\"https:\/\/blogs.thesocialmedia.com\/leblogmoto\/2008\/11\/26\/les-essais-de-r\/#primaryimage\"},\"image\":{\"@id\":\"https:\/\/blogs.thesocialmedia.com\/leblogmoto\/2008\/11\/26\/les-essais-de-r\/#primaryimage\"},\"thumbnailUrl\":\"http:\/\/www.leblogmoto.com\/images\/2008\/11\/25\/rossi_ferrari_6.jpg\",\"datePublished\":\"2008-11-26T07:12:06+00:00\",\"dateModified\":\"2012-07-11T16:38:59+00:00\",\"author\":{\"@id\":\"https:\/\/blogs.thesocialmedia.com\/leblogmoto\/#\/schema\/person\/18bfe773e5725ed6d24f743da805362a\"},\"breadcrumb\":{\"@id\":\"https:\/\/blogs.thesocialmedia.com\/leblogmoto\/2008\/11\/26\/les-essais-de-r\/#breadcrumb\"},\"inLanguage\":\"fr-FR\",\"potentialAction\":[{\"@type\":\"ReadAction\",\"target\":[\"https:\/\/blogs.thesocialmedia.com\/leblogmoto\/2008\/11\/26\/les-essais-de-r\/\"]}]},{\"@type\":\"ImageObject\",\"inLanguage\":\"fr-FR\",\"@id\":\"https:\/\/blogs.thesocialmedia.com\/leblogmoto\/2008\/11\/26\/les-essais-de-r\/#primaryimage\",\"url\":\"http:\/\/www.leblogmoto.com\/images\/2008\/11\/25\/rossi_ferrari_6.jpg\",\"contentUrl\":\"http:\/\/www.leblogmoto.com\/images\/2008\/11\/25\/rossi_ferrari_6.jpg\"},{\"@type\":\"BreadcrumbList\",\"@id\":\"https:\/\/blogs.thesocialmedia.com\/leblogmoto\/2008\/11\/26\/les-essais-de-r\/#breadcrumb\",\"itemListElement\":[{\"@type\":\"ListItem\",\"position\":1,\"name\":\"Accueil\",\"item\":\"https:\/\/blogs.thesocialmedia.com\/leblogmoto\/\"},{\"@type\":\"ListItem\",\"position\":2,\"name\":\"Vale tente une nouvelle fois de monter le cheval cabr\u00e9.\"}]},{\"@type\":\"WebSite\",\"@id\":\"https:\/\/blogs.thesocialmedia.com\/leblogmoto\/#website\",\"url\":\"https:\/\/blogs.thesocialmedia.com\/leblogmoto\/\",\"name\":\"leblogmoto\",\"description\":\"Toute l&#039;actualit\u00e9 des 2 roues\",\"potentialAction\":[{\"@type\":\"SearchAction\",\"target\":{\"@type\":\"EntryPoint\",\"urlTemplate\":\"https:\/\/blogs.thesocialmedia.com\/leblogmoto\/?s={search_term_string}\"},\"query-input\":{\"@type\":\"PropertyValueSpecification\",\"valueRequired\":true,\"valueName\":\"search_term_string\"}}],\"inLanguage\":\"fr-FR\"},{\"@type\":\"Person\",\"@id\":\"https:\/\/blogs.thesocialmedia.com\/leblogmoto\/#\/schema\/person\/18bfe773e5725ed6d24f743da805362a\",\"name\":\"benoit rieu\",\"image\":{\"@type\":\"ImageObject\",\"inLanguage\":\"fr-FR\",\"@id\":\"https:\/\/blogs.thesocialmedia.com\/leblogmoto\/#\/schema\/person\/image\/\",\"url\":\"https:\/\/secure.gravatar.com\/avatar\/?s=96&d=mm&r=g\",\"contentUrl\":\"https:\/\/secure.gravatar.com\/avatar\/?s=96&d=mm&r=g\",\"caption\":\"benoit rieu\"},\"url\":\"https:\/\/blogs.thesocialmedia.com\/leblogmoto\/author\/benoit-rieu\/\"}]}<\/script>\n<!-- \/ Yoast SEO plugin. -->","yoast_head_json":{"title":"Vale tente une nouvelle fois de monter le cheval cabr\u00e9. - leblogmoto.com","robots":{"index":"index","follow":"follow","max-snippet":"max-snippet:-1","max-image-preview":"max-image-preview:large","max-video-preview":"max-video-preview:-1"},"canonical":"https:\/\/blogs.thesocialmedia.com\/leblogmoto\/2008\/11\/26\/les-essais-de-r\/","twitter_card":"summary_large_image","twitter_title":"Vale tente une nouvelle fois de monter le cheval cabr\u00e9. - leblogmoto.com","twitter_description":"Valentino Rossi a proc\u00e9d\u00e9 \u00e0 des tests les jeudi et vendredi derniers, tests dont le site Rossifumi vient de mettre en ligne les photos, pour certaines tr\u00e8s r\u00e9ussies. Le champion de MotoGP en 2008 a tent\u00e9 de ma\u00eetriser la monture de la meilleur \u00e9curie de cette saison de Formule 1. Et c&rsquo;est \u00e0 Mugello, circuit [&hellip;]","twitter_image":"http:\/\/www.leblogmoto.com\/images\/2008\/11\/25\/rossi_ferrari_6.jpg","twitter_misc":{"\u00c9crit par":"benoit rieu","Dur\u00e9e de lecture estim\u00e9e":"2 minutes"},"schema":{"@context":"https:\/\/schema.org","@graph":[{"@type":"WebPage","@id":"https:\/\/blogs.thesocialmedia.com\/leblogmoto\/2008\/11\/26\/les-essais-de-r\/","url":"https:\/\/blogs.thesocialmedia.com\/leblogmoto\/2008\/11\/26\/les-essais-de-r\/","name":"Vale tente une nouvelle fois de monter le cheval cabr\u00e9. - leblogmoto.com","isPartOf":{"@id":"https:\/\/blogs.thesocialmedia.com\/leblogmoto\/#website"},"primaryImageOfPage":{"@id":"https:\/\/blogs.thesocialmedia.com\/leblogmoto\/2008\/11\/26\/les-essais-de-r\/#primaryimage"},"image":{"@id":"https:\/\/blogs.thesocialmedia.com\/leblogmoto\/2008\/11\/26\/les-essais-de-r\/#primaryimage"},"thumbnailUrl":"http:\/\/www.leblogmoto.com\/images\/2008\/11\/25\/rossi_ferrari_6.jpg","datePublished":"2008-11-26T07:12:06+00:00","dateModified":"2012-07-11T16:38:59+00:00","author":{"@id":"https:\/\/blogs.thesocialmedia.com\/leblogmoto\/#\/schema\/person\/18bfe773e5725ed6d24f743da805362a"},"breadcrumb":{"@id":"https:\/\/blogs.thesocialmedia.com\/leblogmoto\/2008\/11\/26\/les-essais-de-r\/#breadcrumb"},"inLanguage":"fr-FR","potentialAction":[{"@type":"ReadAction","target":["https:\/\/blogs.thesocialmedia.com\/leblogmoto\/2008\/11\/26\/les-essais-de-r\/"]}]},{"@type":"ImageObject","inLanguage":"fr-FR","@id":"https:\/\/blogs.thesocialmedia.com\/leblogmoto\/2008\/11\/26\/les-essais-de-r\/#primaryimage","url":"http:\/\/www.leblogmoto.com\/images\/2008\/11\/25\/rossi_ferrari_6.jpg","contentUrl":"http:\/\/www.leblogmoto.com\/images\/2008\/11\/25\/rossi_ferrari_6.jpg"},{"@type":"BreadcrumbList","@id":"https:\/\/blogs.thesocialmedia.com\/leblogmoto\/2008\/11\/26\/les-essais-de-r\/#breadcrumb","itemListElement":[{"@type":"ListItem","position":1,"name":"Accueil","item":"https:\/\/blogs.thesocialmedia.com\/leblogmoto\/"},{"@type":"ListItem","position":2,"name":"Vale tente une nouvelle fois de monter le cheval cabr\u00e9."}]},{"@type":"WebSite","@id":"https:\/\/blogs.thesocialmedia.com\/leblogmoto\/#website","url":"https:\/\/blogs.thesocialmedia.com\/leblogmoto\/","name":"leblogmoto","description":"Toute l&#039;actualit\u00e9 des 2 roues","potentialAction":[{"@type":"SearchAction","target":{"@type":"EntryPoint","urlTemplate":"https:\/\/blogs.thesocialmedia.com\/leblogmoto\/?s={search_term_string}"},"query-input":{"@type":"PropertyValueSpecification","valueRequired":true,"valueName":"search_term_string"}}],"inLanguage":"fr-FR"},{"@type":"Person","@id":"https:\/\/blogs.thesocialmedia.com\/leblogmoto\/#\/schema\/person\/18bfe773e5725ed6d24f743da805362a","name":"benoit rieu","image":{"@type":"ImageObject","inLanguage":"fr-FR","@id":"https:\/\/blogs.thesocialmedia.com\/leblogmoto\/#\/schema\/person\/image\/","url":"https:\/\/secure.gravatar.com\/avatar\/?s=96&d=mm&r=g","contentUrl":"https:\/\/secure.gravatar.com\/avatar\/?s=96&d=mm&r=g","caption":"benoit rieu"},"url":"https:\/\/blogs.thesocialmedia.com\/leblogmoto\/author\/benoit-rieu\/"}]}},"_links":{"self":[{"href":"https:\/\/blogs.thesocialmedia.com\/leblogmoto\/wp-json\/wp\/v2\/posts\/389","targetHints":{"allow":["GET"]}}],"collection":[{"href":"https:\/\/blogs.thesocialmedia.com\/leblogmoto\/wp-json\/wp\/v2\/posts"}],"about":[{"href":"https:\/\/blogs.thesocialmedia.com\/leblogmoto\/wp-json\/wp\/v2\/types\/post"}],"author":[{"embeddable":true,"href":"https:\/\/blogs.thesocialmedia.com\/leblogmoto\/wp-json\/wp\/v2\/users\/324"}],"replies":[{"embeddable":true,"href":"https:\/\/blogs.thesocialmedia.com\/leblogmoto\/wp-json\/wp\/v2\/comments?post=389"}],"version-history":[{"count":2,"href":"https:\/\/blogs.thesocialmedia.com\/leblogmoto\/wp-json\/wp\/v2\/posts\/389\/revisions"}],"predecessor-version":[{"id":12183,"href":"https:\/\/blogs.thesocialmedia.com\/leblogmoto\/wp-json\/wp\/v2\/posts\/389\/revisions\/12183"}],"wp:attachment":[{"href":"https:\/\/blogs.thesocialmedia.com\/leblogmoto\/wp-json\/wp\/v2\/media?parent=389"}],"wp:term":[{"taxonomy":"category","embeddable":true,"href":"https:\/\/blogs.thesocialmedia.com\/leblogmoto\/wp-json\/wp\/v2\/categories?post=389"},{"taxonomy":"post_tag","embeddable":true,"href":"https:\/\/blogs.thesocialmedia.com\/leblogmoto\/wp-json\/wp\/v2\/tags?post=389"}],"curies":[{"name":"wp","href":"https:\/\/api.w.org\/{rel}","templated":true}]}}