{"id":390,"date":"2008-11-26T03:39:02","date_gmt":"2008-11-26T03:39:02","guid":{"rendered":"http:\/\/blogs.thesocialmedia.com\/leblogmoto\/2008\/11\/26\/la-vie-rve-des\/"},"modified":"2012-07-11T16:38:44","modified_gmt":"2012-07-11T16:38:44","slug":"la-vie-rve-des","status":"publish","type":"post","link":"https:\/\/blogs.thesocialmedia.com\/leblogmoto\/2008\/11\/26\/la-vie-rve-des\/","title":{"rendered":"La vie r\u00eav\u00e9e des Bambis"},"content":{"rendered":"<p><a href=\"http:\/\/blogs.thesocialmedia.com\/leblogmoto\/files\/2012\/07\/carter1.jpg\"><img loading=\"lazy\" decoding=\"async\" width=\"470\" height=\"186\"  src=\"http:\/\/www.leblogmoto.com\/images\/2008\/11\/25\/carter1.jpg\" alt=\"Carter1\" \/><\/a> <\/p>\n<p>\u00abIls devaient \u00eatre 10, j\u2019en comptais 8, o\u00f9 sont les autres que je demande?<\/p>\n<p>&#8211; Se sont plant\u00e9s. En Bolivie, le premier a frapp\u00e9 une barri\u00e8re de police, presque d\u00e9capit\u00e9e, \u00e0 peine eu le temps de pencher la t\u00eate, mais touch\u00e9 au sternum et aux vert\u00e8bres. L\u2019autre a frapp\u00e9 une <a href=\"http:\/\/fr.wikipedia.org\/wiki\/Vigogne\">vigogne<\/a>, bras et \u00e9paule cass\u00e9s, les deux ont \u00e9t\u00e9 rapatri\u00e9s.<\/p>\n<p>D\u00e9capit\u00e9 et rapatri\u00e9, beau couple! Et vous que je demande encore?<\/p>\n<p>&#8211; Roul\u00e9 dans le sable, chut\u00e9, deux c\u00f4tes cass\u00e9es. Mais j\u2019ai un bon analg\u00e9sique.<\/p>\n<p>Et le dernier de dire :&nbsp; Je l\u2019ai \u00e9chapp\u00e9, b\u00eatement. Premier jour en Argentine, \u00e7a roulait bien, 130 km\/h, et premi\u00e8re chose que j\u2019ai su, je me suis retrouv\u00e9 sur le bitume.<\/p>\n<p>G\u00e9nial. Et il faut bien l\u2019avouer, j\u2019\u00e9tais plut\u00f4t nerveux \u00e0 l\u2019id\u00e9e d\u2019entreprendre ma premi\u00e8re exp\u00e9dition \u00e0 moto en Am\u00e9rique du Sud, pr\u00e9voyant rouler avec eux jusqu\u2019\u00e0 Cordoba en Argentine. Mais maintenant, entour\u00e9 de figurants d\u2019un film catastrophe, j\u2019en fais dans mon froc, pour employer le terme technique.\u00bb<\/p>\n<p>Ainsi d\u00e9bute l\u2019aventure de Mike Carter, journaliste au Guardian (d\u00e9j\u00e0 <a href=\"http:\/\/www.leblogmoto.com\/2008\/03\/ted-bishop-et-m.html\">pr\u00e9sent\u00e9 ici<\/a> pour son tour d\u2019Europe) en Am\u00e9rique du Sud.<br \/>\u00c0 moins de tomber sur des pirates, les croisi\u00e8res sont plus relaxantes, mais rien ne vaut l\u2019aventure, m\u00eame organis\u00e9e. Ce type de tourisme est en plein essor, et les Bambis (Born again mid-life bikers) du titre en sont de plus en plus friands.<br \/>Ce n\u2019est \u00e9videmment pas gratuit, 5 semaines en Am\u00e9rique du Sud ou ailleurs, tout comprit, motos, assistance routi\u00e8re, h\u00e9bergement, rapatriement si n\u00e9cessaire, pas \u00e9tonnant que certains \u00e9conomisent plusieurs ann\u00e9es pour se payer un tel voyage.<br \/>Mais le r\u00e9cit et les images font r\u00eaver, et chaque continent offre son lot de d\u00e9paysements et d\u2019aventures.<\/p>\n<p><a href=\"http:\/\/clabedan.typepad.com\/.shared\/image.html?\/photos\/uncategorized\/2008\/11\/25\/carter2.jpg\"><img loading=\"lazy\" decoding=\"async\" width=\"470\" height=\"307\"  src=\"http:\/\/www.leblogmoto.com\/images\/2008\/11\/25\/carter2.jpg\" alt=\"Carter2\" \/><\/a> <\/p>\n<p>Ils sont aussi de plus en plus nombreux \u00e0 offrir ce type de voyage. Pas de recommandations par contre, mais une recherche bien cibl\u00e9e dans votre moteur de recherche favori vous offrira plusieurs options, et ne pas n\u00e9gliger les forums de discussion, pour essayer d\u2019\u00e9viter ceux qui s\u2019improvisent organisateur en chef.<\/p>\n<p><a href=\"http:\/\/www.guardian.co.uk\/travel\/gallery\/2008\/jun\/17\/southamerica.roadtrips?picture=334985869\">Diaporama<\/a><\/p>\n<p>Article, <a href=\"http:\/\/www.guardian.co.uk\/travel\/2008\/jun\/17\/chile.roadtrips?page=all\">premi\u00e8re<\/a> partie, <a href=\"http:\/\/www.guardian.co.uk\/travel\/2008\/jun\/18\/southamerica.chile\">deuxi\u00e8me<\/a> et <a href=\"http:\/\/www.guardian.co.uk\/travel\/2008\/jun\/19\/roadtrips.southamerica\">troisi\u00e8me<\/a>.<\/p>\n<p><a href=\"http:\/\/clabedan.typepad.com\/.shared\/image.html?\/photos\/uncategorized\/2008\/11\/25\/carter3.jpg\"><img loading=\"lazy\" decoding=\"async\" width=\"470\" height=\"308\"  src=\"http:\/\/www.leblogmoto.com\/images\/2008\/11\/25\/carter3.jpg\" alt=\"Carter3\" \/><\/a> <\/p>\n","protected":false},"excerpt":{"rendered":"<p>\u00abIls devaient \u00eatre 10, j\u2019en comptais 8, o\u00f9 sont les autres que je demande? &#8211; Se sont plant\u00e9s. En Bolivie, le premier a frapp\u00e9 une barri\u00e8re de police, presque d\u00e9capit\u00e9e, \u00e0 peine eu le temps de pencher la t\u00eate, mais touch\u00e9 au sternum et aux vert\u00e8bres. L\u2019autre a frapp\u00e9 une vigogne, bras et \u00e9paule cass\u00e9s, [&hellip;]<\/p>\n","protected":false},"author":325,"featured_media":0,"comment_status":"open","ping_status":"open","sticky":false,"template":"","format":"standard","meta":{"footnotes":""},"categories":[13],"tags":[],"class_list":["post-390","post","type-post","status-publish","format-standard","hentry","category-aventure"],"yoast_head":"<!-- This site is optimized with the Yoast SEO plugin v26.0 - https:\/\/yoast.com\/wordpress\/plugins\/seo\/ -->\n<title>La vie r\u00eav\u00e9e des Bambis - leblogmoto.com<\/title>\n<meta name=\"robots\" content=\"index, follow, max-snippet:-1, max-image-preview:large, max-video-preview:-1\" \/>\n<link rel=\"canonical\" href=\"https:\/\/blogs.thesocialmedia.com\/leblogmoto\/2008\/11\/26\/la-vie-rve-des\/\" \/>\n<meta name=\"twitter:card\" content=\"summary_large_image\" \/>\n<meta name=\"twitter:title\" content=\"La vie r\u00eav\u00e9e des Bambis - leblogmoto.com\" \/>\n<meta name=\"twitter:description\" content=\"\u00abIls devaient \u00eatre 10, j\u2019en comptais 8, o\u00f9 sont les autres que je demande? &#8211; Se sont plant\u00e9s. En Bolivie, le premier a frapp\u00e9 une barri\u00e8re de police, presque d\u00e9capit\u00e9e, \u00e0 peine eu le temps de pencher la t\u00eate, mais touch\u00e9 au sternum et aux vert\u00e8bres. L\u2019autre a frapp\u00e9 une vigogne, bras et \u00e9paule cass\u00e9s, [&hellip;]\" \/>\n<meta name=\"twitter:image\" content=\"http:\/\/www.leblogmoto.com\/images\/2008\/11\/25\/carter1.jpg\" \/>\n<meta name=\"twitter:label1\" content=\"\u00c9crit par\" \/>\n\t<meta name=\"twitter:data1\" content=\"jacques lesage\" \/>\n\t<meta name=\"twitter:label2\" content=\"Dur\u00e9e de lecture estim\u00e9e\" \/>\n\t<meta name=\"twitter:data2\" content=\"2 minutes\" \/>\n<script type=\"application\/ld+json\" class=\"yoast-schema-graph\">{\"@context\":\"https:\/\/schema.org\",\"@graph\":[{\"@type\":\"WebPage\",\"@id\":\"https:\/\/blogs.thesocialmedia.com\/leblogmoto\/2008\/11\/26\/la-vie-rve-des\/\",\"url\":\"https:\/\/blogs.thesocialmedia.com\/leblogmoto\/2008\/11\/26\/la-vie-rve-des\/\",\"name\":\"La vie r\u00eav\u00e9e des Bambis - leblogmoto.com\",\"isPartOf\":{\"@id\":\"https:\/\/blogs.thesocialmedia.com\/leblogmoto\/#website\"},\"primaryImageOfPage\":{\"@id\":\"https:\/\/blogs.thesocialmedia.com\/leblogmoto\/2008\/11\/26\/la-vie-rve-des\/#primaryimage\"},\"image\":{\"@id\":\"https:\/\/blogs.thesocialmedia.com\/leblogmoto\/2008\/11\/26\/la-vie-rve-des\/#primaryimage\"},\"thumbnailUrl\":\"http:\/\/www.leblogmoto.com\/images\/2008\/11\/25\/carter1.jpg\",\"datePublished\":\"2008-11-26T03:39:02+00:00\",\"dateModified\":\"2012-07-11T16:38:44+00:00\",\"author\":{\"@id\":\"https:\/\/blogs.thesocialmedia.com\/leblogmoto\/#\/schema\/person\/e82a0ca8a9a63d031586097a3ed58526\"},\"breadcrumb\":{\"@id\":\"https:\/\/blogs.thesocialmedia.com\/leblogmoto\/2008\/11\/26\/la-vie-rve-des\/#breadcrumb\"},\"inLanguage\":\"fr-FR\",\"potentialAction\":[{\"@type\":\"ReadAction\",\"target\":[\"https:\/\/blogs.thesocialmedia.com\/leblogmoto\/2008\/11\/26\/la-vie-rve-des\/\"]}]},{\"@type\":\"ImageObject\",\"inLanguage\":\"fr-FR\",\"@id\":\"https:\/\/blogs.thesocialmedia.com\/leblogmoto\/2008\/11\/26\/la-vie-rve-des\/#primaryimage\",\"url\":\"http:\/\/www.leblogmoto.com\/images\/2008\/11\/25\/carter1.jpg\",\"contentUrl\":\"http:\/\/www.leblogmoto.com\/images\/2008\/11\/25\/carter1.jpg\"},{\"@type\":\"BreadcrumbList\",\"@id\":\"https:\/\/blogs.thesocialmedia.com\/leblogmoto\/2008\/11\/26\/la-vie-rve-des\/#breadcrumb\",\"itemListElement\":[{\"@type\":\"ListItem\",\"position\":1,\"name\":\"Accueil\",\"item\":\"https:\/\/blogs.thesocialmedia.com\/leblogmoto\/\"},{\"@type\":\"ListItem\",\"position\":2,\"name\":\"La vie r\u00eav\u00e9e des Bambis\"}]},{\"@type\":\"WebSite\",\"@id\":\"https:\/\/blogs.thesocialmedia.com\/leblogmoto\/#website\",\"url\":\"https:\/\/blogs.thesocialmedia.com\/leblogmoto\/\",\"name\":\"leblogmoto\",\"description\":\"Toute l&#039;actualit\u00e9 des 2 roues\",\"potentialAction\":[{\"@type\":\"SearchAction\",\"target\":{\"@type\":\"EntryPoint\",\"urlTemplate\":\"https:\/\/blogs.thesocialmedia.com\/leblogmoto\/?s={search_term_string}\"},\"query-input\":{\"@type\":\"PropertyValueSpecification\",\"valueRequired\":true,\"valueName\":\"search_term_string\"}}],\"inLanguage\":\"fr-FR\"},{\"@type\":\"Person\",\"@id\":\"https:\/\/blogs.thesocialmedia.com\/leblogmoto\/#\/schema\/person\/e82a0ca8a9a63d031586097a3ed58526\",\"name\":\"jacques lesage\",\"image\":{\"@type\":\"ImageObject\",\"inLanguage\":\"fr-FR\",\"@id\":\"https:\/\/blogs.thesocialmedia.com\/leblogmoto\/#\/schema\/person\/image\/\",\"url\":\"https:\/\/secure.gravatar.com\/avatar\/?s=96&d=mm&r=g\",\"contentUrl\":\"https:\/\/secure.gravatar.com\/avatar\/?s=96&d=mm&r=g\",\"caption\":\"jacques lesage\"},\"url\":\"https:\/\/blogs.thesocialmedia.com\/leblogmoto\/author\/jacques-lesage\/\"}]}<\/script>\n<!-- \/ Yoast SEO plugin. -->","yoast_head_json":{"title":"La vie r\u00eav\u00e9e des Bambis - leblogmoto.com","robots":{"index":"index","follow":"follow","max-snippet":"max-snippet:-1","max-image-preview":"max-image-preview:large","max-video-preview":"max-video-preview:-1"},"canonical":"https:\/\/blogs.thesocialmedia.com\/leblogmoto\/2008\/11\/26\/la-vie-rve-des\/","twitter_card":"summary_large_image","twitter_title":"La vie r\u00eav\u00e9e des Bambis - leblogmoto.com","twitter_description":"\u00abIls devaient \u00eatre 10, j\u2019en comptais 8, o\u00f9 sont les autres que je demande? &#8211; Se sont plant\u00e9s. En Bolivie, le premier a frapp\u00e9 une barri\u00e8re de police, presque d\u00e9capit\u00e9e, \u00e0 peine eu le temps de pencher la t\u00eate, mais touch\u00e9 au sternum et aux vert\u00e8bres. L\u2019autre a frapp\u00e9 une vigogne, bras et \u00e9paule cass\u00e9s, [&hellip;]","twitter_image":"http:\/\/www.leblogmoto.com\/images\/2008\/11\/25\/carter1.jpg","twitter_misc":{"\u00c9crit par":"jacques lesage","Dur\u00e9e de lecture estim\u00e9e":"2 minutes"},"schema":{"@context":"https:\/\/schema.org","@graph":[{"@type":"WebPage","@id":"https:\/\/blogs.thesocialmedia.com\/leblogmoto\/2008\/11\/26\/la-vie-rve-des\/","url":"https:\/\/blogs.thesocialmedia.com\/leblogmoto\/2008\/11\/26\/la-vie-rve-des\/","name":"La vie r\u00eav\u00e9e des Bambis - leblogmoto.com","isPartOf":{"@id":"https:\/\/blogs.thesocialmedia.com\/leblogmoto\/#website"},"primaryImageOfPage":{"@id":"https:\/\/blogs.thesocialmedia.com\/leblogmoto\/2008\/11\/26\/la-vie-rve-des\/#primaryimage"},"image":{"@id":"https:\/\/blogs.thesocialmedia.com\/leblogmoto\/2008\/11\/26\/la-vie-rve-des\/#primaryimage"},"thumbnailUrl":"http:\/\/www.leblogmoto.com\/images\/2008\/11\/25\/carter1.jpg","datePublished":"2008-11-26T03:39:02+00:00","dateModified":"2012-07-11T16:38:44+00:00","author":{"@id":"https:\/\/blogs.thesocialmedia.com\/leblogmoto\/#\/schema\/person\/e82a0ca8a9a63d031586097a3ed58526"},"breadcrumb":{"@id":"https:\/\/blogs.thesocialmedia.com\/leblogmoto\/2008\/11\/26\/la-vie-rve-des\/#breadcrumb"},"inLanguage":"fr-FR","potentialAction":[{"@type":"ReadAction","target":["https:\/\/blogs.thesocialmedia.com\/leblogmoto\/2008\/11\/26\/la-vie-rve-des\/"]}]},{"@type":"ImageObject","inLanguage":"fr-FR","@id":"https:\/\/blogs.thesocialmedia.com\/leblogmoto\/2008\/11\/26\/la-vie-rve-des\/#primaryimage","url":"http:\/\/www.leblogmoto.com\/images\/2008\/11\/25\/carter1.jpg","contentUrl":"http:\/\/www.leblogmoto.com\/images\/2008\/11\/25\/carter1.jpg"},{"@type":"BreadcrumbList","@id":"https:\/\/blogs.thesocialmedia.com\/leblogmoto\/2008\/11\/26\/la-vie-rve-des\/#breadcrumb","itemListElement":[{"@type":"ListItem","position":1,"name":"Accueil","item":"https:\/\/blogs.thesocialmedia.com\/leblogmoto\/"},{"@type":"ListItem","position":2,"name":"La vie r\u00eav\u00e9e des Bambis"}]},{"@type":"WebSite","@id":"https:\/\/blogs.thesocialmedia.com\/leblogmoto\/#website","url":"https:\/\/blogs.thesocialmedia.com\/leblogmoto\/","name":"leblogmoto","description":"Toute l&#039;actualit\u00e9 des 2 roues","potentialAction":[{"@type":"SearchAction","target":{"@type":"EntryPoint","urlTemplate":"https:\/\/blogs.thesocialmedia.com\/leblogmoto\/?s={search_term_string}"},"query-input":{"@type":"PropertyValueSpecification","valueRequired":true,"valueName":"search_term_string"}}],"inLanguage":"fr-FR"},{"@type":"Person","@id":"https:\/\/blogs.thesocialmedia.com\/leblogmoto\/#\/schema\/person\/e82a0ca8a9a63d031586097a3ed58526","name":"jacques lesage","image":{"@type":"ImageObject","inLanguage":"fr-FR","@id":"https:\/\/blogs.thesocialmedia.com\/leblogmoto\/#\/schema\/person\/image\/","url":"https:\/\/secure.gravatar.com\/avatar\/?s=96&d=mm&r=g","contentUrl":"https:\/\/secure.gravatar.com\/avatar\/?s=96&d=mm&r=g","caption":"jacques lesage"},"url":"https:\/\/blogs.thesocialmedia.com\/leblogmoto\/author\/jacques-lesage\/"}]}},"_links":{"self":[{"href":"https:\/\/blogs.thesocialmedia.com\/leblogmoto\/wp-json\/wp\/v2\/posts\/390","targetHints":{"allow":["GET"]}}],"collection":[{"href":"https:\/\/blogs.thesocialmedia.com\/leblogmoto\/wp-json\/wp\/v2\/posts"}],"about":[{"href":"https:\/\/blogs.thesocialmedia.com\/leblogmoto\/wp-json\/wp\/v2\/types\/post"}],"author":[{"embeddable":true,"href":"https:\/\/blogs.thesocialmedia.com\/leblogmoto\/wp-json\/wp\/v2\/users\/325"}],"replies":[{"embeddable":true,"href":"https:\/\/blogs.thesocialmedia.com\/leblogmoto\/wp-json\/wp\/v2\/comments?post=390"}],"version-history":[{"count":2,"href":"https:\/\/blogs.thesocialmedia.com\/leblogmoto\/wp-json\/wp\/v2\/posts\/390\/revisions"}],"predecessor-version":[{"id":12176,"href":"https:\/\/blogs.thesocialmedia.com\/leblogmoto\/wp-json\/wp\/v2\/posts\/390\/revisions\/12176"}],"wp:attachment":[{"href":"https:\/\/blogs.thesocialmedia.com\/leblogmoto\/wp-json\/wp\/v2\/media?parent=390"}],"wp:term":[{"taxonomy":"category","embeddable":true,"href":"https:\/\/blogs.thesocialmedia.com\/leblogmoto\/wp-json\/wp\/v2\/categories?post=390"},{"taxonomy":"post_tag","embeddable":true,"href":"https:\/\/blogs.thesocialmedia.com\/leblogmoto\/wp-json\/wp\/v2\/tags?post=390"}],"curies":[{"name":"wp","href":"https:\/\/api.w.org\/{rel}","templated":true}]}}