{"id":391,"date":"2008-11-25T23:59:08","date_gmt":"2008-11-25T23:59:08","guid":{"rendered":"http:\/\/blogs.thesocialmedia.com\/leblogmoto\/2008\/11\/25\/prochaine-tape\/"},"modified":"2012-07-11T16:38:42","modified_gmt":"2012-07-11T16:38:42","slug":"prochaine-tape","status":"publish","type":"post","link":"https:\/\/blogs.thesocialmedia.com\/leblogmoto\/2008\/11\/25\/prochaine-tape\/","title":{"rendered":"Prochaine \u00e9tape du MotoGP, r\u00e9duire l&#8217;emprise de l&rsquo;\u00e9lectronique."},"content":{"rendered":"<p><a href=\"http:\/\/blogs.thesocialmedia.com\/leblogmoto\/files\/2012\/07\/moto_yamaha_racing.jpg\"><img loading=\"lazy\" decoding=\"async\"  alt=\"Moto_yamaha_racing\" src=\"http:\/\/www.leblogmoto.com\/images\/2008\/11\/21\/moto_yamaha_racing.jpg\" width=\"470\" height=\"304\" \/><\/a><\/p>\n<p>Dans l&rsquo;interview qu&rsquo;il a donn\u00e9 au magazine italien <a href=\"http:\/\/www.motosprint.it\/\"><em>Motosprint<\/em><\/a>, Carmelo Ezpeleta, pr\u00e9sident de la Dorna, affirme qu&rsquo;apr\u00e8s l&rsquo;adoption de la <em>single tyre rule,<\/em> la prochaine r\u00e9glementation majeure visera \u00e0 diminuer les aides au pilotage dans le championnat. Et notamment le <em>traction control<\/em> qui rend les machines plus faciles \u00e0 piloter, et auquel certains journalistes attribuent les succ\u00e8s de Stoner en MotoGP. Une aide qui fait dire \u00e0 des pilotes comme Dovizioso que les diff\u00e9rences sont plus importantes entre la 125 et la 250cc qu&rsquo;entre cette derni\u00e8re et les 800 (ici, les pilote am\u00e9ricains et anglais Colin Edwards et <a href=\"http:\/\/www.leblogmoto.com\/2008\/07\/libration-bross.html\">James Toseland<\/a>). Un comble quand on se pare des atours de la &quot;cat\u00e9gorie reine&quot;. Il a donc confirm\u00e9 que ces modifications \u00e9taient le prochain sujet \u00e0 l&rsquo;ordre du jour, apr\u00e8s la mise en route du manufacturier unique. Selon Ezpeleta, le MotoGP doit se mettre \u00e0 en discuter, comme tout le monde l&rsquo;a fait en sports m\u00e9ca. D&rsquo;ores et d\u00e9j\u00e0, il pr\u00e9vient: &quot;J&rsquo;ai demand\u00e9 aux constructeurs de chercher une solution pour commencer le d\u00e9bat, mais nous ne verrons rien \u00e0 ce sujet en 2009, nous avons besoin de temps&quot;.<\/p>\n<p><a href=\"http:\/\/clabedan.typepad.com\/.shared\/image.html?\/photos\/uncategorized\/2008\/11\/25\/motogp_colin_edwards_2.jpg\"><img loading=\"lazy\" decoding=\"async\"  alt=\"Motogp_colin_edwards_2\" src=\"http:\/\/www.leblogmoto.com\/images\/2008\/11\/25\/motogp_colin_edwards_2.jpg\" width=\"470\" height=\"679\" \/><\/a> <\/p>\n<p>Il nie que les r\u00e8glementations actuelles ont rendu les r\u00e9centes saisons moins int\u00e9ressantes, et d\u00e9clare que la bataille de 2008 entre Vale, Stoner et Pedrosa a \u00e9t\u00e9 une excellente publicit\u00e9 pour le MotoGP. D&rsquo;apr\u00e8s lui &quot;2008 a \u00e9t\u00e9 un grand championnat: Valentino, Casey et Dani ont fait des choses incroyables&quot;. <\/p>\n<p>Et se montre plus qu&rsquo;\u00e9logieux sur les talents de l&rsquo;Italien: &quot;On ne doit pas penser que Vale l&rsquo;a emport\u00e9 facilement, il a fourni des efforts \u00e9normes et a gagn\u00e9 gr\u00e2ce \u00e0 son g\u00e9nie. Et il a montr\u00e9 son g\u00e9nie au monde entier, donc c&rsquo;est un spectacle \u00e0 son plus haut niveau. Vous n&rsquo;avez qu&rsquo;\u00e0 vous rappeler de la course de Laguna Seca.&quot; <\/p>\n<p>&quot;C&rsquo;est une saison o\u00f9 la strat\u00e9gie de Vale a beaucoup compt\u00e9 et il a gagn\u00e9 car il a mis Stoner sous pression. Et si nous ajoutons \u00e0 cela Pedrosa qui jusqu&rsquo;\u00e0 la mi-saison \u00e9tait en t\u00eate, le niveau de cette saison a \u00e9t\u00e9 tr\u00e8s haut. Donc le titre a une valeur extraordinaire (sic).&quot;<\/p>\n<p><a href=\"http:\/\/blogs.thesocialmedia.com\/leblogmoto\/files\/2012\/07\/moto_gp_toseland_lorenzo.jpg\"><img loading=\"lazy\" decoding=\"async\"  alt=\"Moto_gp_toseland_lorenzo\" src=\"http:\/\/www.leblogmoto.com\/images\/2008\/11\/25\/moto_gp_toseland_lorenzo.jpg\" width=\"470\" height=\"304\" \/><\/a> <\/p>\n<p>On objectera que seuls les Rossi fans (que l&rsquo;on est un peu tous, faut le reconna\u00eetre) se satisfont d&rsquo;une domination sans partage, et surtout qu&rsquo;un talent dominateur ne fait pas tout ! <\/p>\n<p>Cat\u00e9gorie reine pour cat\u00e9gorie reine, la Formule 1 a ainsi propos\u00e9 un suspense jusqu&rsquo;\u00e0 la derni\u00e8re course, mais les capacit\u00e9s intrins\u00e8ques des pilotes de F1 et surtout leur ma\u00eetrise, \u00e9taient, \u00e0 mon avis, bien inf\u00e9rieures \u00e0 celles des motards (voir les six t\u00eates \u00e0 queue de Felipe Massa en un seul GP, Lewis Hamilton qui se crashe dans Kimi, et qui joue &quot;petit bras&quot; au Br\u00e9sil). <\/p>\n<p>Et pourtant, gr\u00e2ce \u00e0 ce plateau plus \u00e9quilibr\u00e9, la Formule 1 a drain\u00e9 les foules. Toute proportion gard\u00e9e, je doute sinc\u00e8rement qu&rsquo; Eurosport (maintenant M6 et des miettes \u00e0 W9) conna\u00eetra un jour les audiences que celles qu&rsquo;a connu TF1 pour Interlagos. <\/p>\n<p>Je reproche \u00e9galement \u00e0 Carmelo d&rsquo;oublier dans ses f\u00e9licitations le jeune Espagnol Jorge Lorenzo (ici faisant racler les sliders devant Toseland). Je reste persuad\u00e9 qu&rsquo;en l&rsquo;absence de cette lourde chute en Chine, 2008 aurait eu une autre gueule. Oh, pas de quoi contester \u00e0 Rossi son sixi\u00e8me titre en MotoGP, mais au moins chasser Casey ou Dani du tierc\u00e9 de t\u00eate. <\/p>\n<p>Qu&rsquo;on se rassure, Valentino lui n&rsquo;a pas oubli\u00e9 son d\u00e9but de saison \u00e0 couteaux tir\u00e9s avec le prodige ib\u00e8re, puisque m\u00eame si les deux machines sont d\u00e9sormais en montes Bridgestone, il se refuse toujours \u00e0 abattre la cloison qui les s\u00e9pare chez Fiat-Yamaha. Mur qui trouvait une certaine justification lorsque le souverain de Lorenzoland restait chauss\u00e9 des Bibendum. La confiance r\u00e8gne.<\/p>\n<p>Source et traduction partielle d&rsquo;<a href=\"http:\/\/www.autosport.com\/news\/report.php\/id\/72179\">Autosport<\/a>.<\/p>\n<p><a href=\"http:\/\/clabedan.typepad.com\/.shared\/image.html?\/photos\/uncategorized\/2008\/11\/25\/motogp_colin_edwards_3.jpg\"><img loading=\"lazy\" decoding=\"async\"  alt=\"Motogp_colin_edwards_3\" src=\"http:\/\/www.leblogmoto.com\/images\/2008\/11\/25\/motogp_colin_edwards_3.jpg\" width=\"470\" height=\"676\" \/><\/a> <\/p>\n","protected":false},"excerpt":{"rendered":"<p>Dans l&rsquo;interview qu&rsquo;il a donn\u00e9 au magazine italien Motosprint, Carmelo Ezpeleta, pr\u00e9sident de la Dorna, affirme qu&rsquo;apr\u00e8s l&rsquo;adoption de la single tyre rule, la prochaine r\u00e9glementation majeure visera \u00e0 diminuer les aides au pilotage dans le championnat. Et notamment le traction control qui rend les machines plus faciles \u00e0 piloter, et auquel certains journalistes attribuent [&hellip;]<\/p>\n","protected":false},"author":324,"featured_media":0,"comment_status":"open","ping_status":"open","sticky":false,"template":"","format":"standard","meta":{"footnotes":""},"categories":[3,22],"tags":[],"class_list":["post-391","post","type-post","status-publish","format-standard","hentry","category-actualite","category-motogp"],"yoast_head":"<!-- This site is optimized with the Yoast SEO plugin v26.0 - https:\/\/yoast.com\/wordpress\/plugins\/seo\/ -->\n<title>Prochaine \u00e9tape du MotoGP, r\u00e9duire l&#039;emprise de l&#039;\u00e9lectronique. - leblogmoto.com<\/title>\n<meta name=\"robots\" content=\"index, follow, max-snippet:-1, max-image-preview:large, max-video-preview:-1\" \/>\n<link rel=\"canonical\" href=\"https:\/\/blogs.thesocialmedia.com\/leblogmoto\/2008\/11\/25\/prochaine-tape\/\" \/>\n<meta name=\"twitter:card\" content=\"summary_large_image\" \/>\n<meta name=\"twitter:title\" content=\"Prochaine \u00e9tape du MotoGP, r\u00e9duire l&#039;emprise de l&#039;\u00e9lectronique. - leblogmoto.com\" \/>\n<meta name=\"twitter:description\" content=\"Dans l&rsquo;interview qu&rsquo;il a donn\u00e9 au magazine italien Motosprint, Carmelo Ezpeleta, pr\u00e9sident de la Dorna, affirme qu&rsquo;apr\u00e8s l&rsquo;adoption de la single tyre rule, la prochaine r\u00e9glementation majeure visera \u00e0 diminuer les aides au pilotage dans le championnat. Et notamment le traction control qui rend les machines plus faciles \u00e0 piloter, et auquel certains journalistes attribuent [&hellip;]\" \/>\n<meta name=\"twitter:image\" content=\"http:\/\/www.leblogmoto.com\/images\/2008\/11\/21\/moto_yamaha_racing.jpg\" \/>\n<meta name=\"twitter:label1\" content=\"\u00c9crit par\" \/>\n\t<meta name=\"twitter:data1\" content=\"benoit rieu\" \/>\n\t<meta name=\"twitter:label2\" content=\"Dur\u00e9e de lecture estim\u00e9e\" \/>\n\t<meta name=\"twitter:data2\" content=\"3 minutes\" \/>\n<script type=\"application\/ld+json\" class=\"yoast-schema-graph\">{\"@context\":\"https:\/\/schema.org\",\"@graph\":[{\"@type\":\"WebPage\",\"@id\":\"https:\/\/blogs.thesocialmedia.com\/leblogmoto\/2008\/11\/25\/prochaine-tape\/\",\"url\":\"https:\/\/blogs.thesocialmedia.com\/leblogmoto\/2008\/11\/25\/prochaine-tape\/\",\"name\":\"Prochaine \u00e9tape du MotoGP, r\u00e9duire l'emprise de l'\u00e9lectronique. - leblogmoto.com\",\"isPartOf\":{\"@id\":\"https:\/\/blogs.thesocialmedia.com\/leblogmoto\/#website\"},\"primaryImageOfPage\":{\"@id\":\"https:\/\/blogs.thesocialmedia.com\/leblogmoto\/2008\/11\/25\/prochaine-tape\/#primaryimage\"},\"image\":{\"@id\":\"https:\/\/blogs.thesocialmedia.com\/leblogmoto\/2008\/11\/25\/prochaine-tape\/#primaryimage\"},\"thumbnailUrl\":\"http:\/\/www.leblogmoto.com\/images\/2008\/11\/21\/moto_yamaha_racing.jpg\",\"datePublished\":\"2008-11-25T23:59:08+00:00\",\"dateModified\":\"2012-07-11T16:38:42+00:00\",\"author\":{\"@id\":\"https:\/\/blogs.thesocialmedia.com\/leblogmoto\/#\/schema\/person\/18bfe773e5725ed6d24f743da805362a\"},\"breadcrumb\":{\"@id\":\"https:\/\/blogs.thesocialmedia.com\/leblogmoto\/2008\/11\/25\/prochaine-tape\/#breadcrumb\"},\"inLanguage\":\"fr-FR\",\"potentialAction\":[{\"@type\":\"ReadAction\",\"target\":[\"https:\/\/blogs.thesocialmedia.com\/leblogmoto\/2008\/11\/25\/prochaine-tape\/\"]}]},{\"@type\":\"ImageObject\",\"inLanguage\":\"fr-FR\",\"@id\":\"https:\/\/blogs.thesocialmedia.com\/leblogmoto\/2008\/11\/25\/prochaine-tape\/#primaryimage\",\"url\":\"http:\/\/www.leblogmoto.com\/images\/2008\/11\/21\/moto_yamaha_racing.jpg\",\"contentUrl\":\"http:\/\/www.leblogmoto.com\/images\/2008\/11\/21\/moto_yamaha_racing.jpg\"},{\"@type\":\"BreadcrumbList\",\"@id\":\"https:\/\/blogs.thesocialmedia.com\/leblogmoto\/2008\/11\/25\/prochaine-tape\/#breadcrumb\",\"itemListElement\":[{\"@type\":\"ListItem\",\"position\":1,\"name\":\"Accueil\",\"item\":\"https:\/\/blogs.thesocialmedia.com\/leblogmoto\/\"},{\"@type\":\"ListItem\",\"position\":2,\"name\":\"Prochaine \u00e9tape du MotoGP, r\u00e9duire l&#8217;emprise de l&rsquo;\u00e9lectronique.\"}]},{\"@type\":\"WebSite\",\"@id\":\"https:\/\/blogs.thesocialmedia.com\/leblogmoto\/#website\",\"url\":\"https:\/\/blogs.thesocialmedia.com\/leblogmoto\/\",\"name\":\"leblogmoto\",\"description\":\"Toute l&#039;actualit\u00e9 des 2 roues\",\"potentialAction\":[{\"@type\":\"SearchAction\",\"target\":{\"@type\":\"EntryPoint\",\"urlTemplate\":\"https:\/\/blogs.thesocialmedia.com\/leblogmoto\/?s={search_term_string}\"},\"query-input\":{\"@type\":\"PropertyValueSpecification\",\"valueRequired\":true,\"valueName\":\"search_term_string\"}}],\"inLanguage\":\"fr-FR\"},{\"@type\":\"Person\",\"@id\":\"https:\/\/blogs.thesocialmedia.com\/leblogmoto\/#\/schema\/person\/18bfe773e5725ed6d24f743da805362a\",\"name\":\"benoit rieu\",\"image\":{\"@type\":\"ImageObject\",\"inLanguage\":\"fr-FR\",\"@id\":\"https:\/\/blogs.thesocialmedia.com\/leblogmoto\/#\/schema\/person\/image\/\",\"url\":\"https:\/\/secure.gravatar.com\/avatar\/?s=96&d=mm&r=g\",\"contentUrl\":\"https:\/\/secure.gravatar.com\/avatar\/?s=96&d=mm&r=g\",\"caption\":\"benoit rieu\"},\"url\":\"https:\/\/blogs.thesocialmedia.com\/leblogmoto\/author\/benoit-rieu\/\"}]}<\/script>\n<!-- \/ Yoast SEO plugin. -->","yoast_head_json":{"title":"Prochaine \u00e9tape du MotoGP, r\u00e9duire l'emprise de l'\u00e9lectronique. - leblogmoto.com","robots":{"index":"index","follow":"follow","max-snippet":"max-snippet:-1","max-image-preview":"max-image-preview:large","max-video-preview":"max-video-preview:-1"},"canonical":"https:\/\/blogs.thesocialmedia.com\/leblogmoto\/2008\/11\/25\/prochaine-tape\/","twitter_card":"summary_large_image","twitter_title":"Prochaine \u00e9tape du MotoGP, r\u00e9duire l'emprise de l'\u00e9lectronique. - leblogmoto.com","twitter_description":"Dans l&rsquo;interview qu&rsquo;il a donn\u00e9 au magazine italien Motosprint, Carmelo Ezpeleta, pr\u00e9sident de la Dorna, affirme qu&rsquo;apr\u00e8s l&rsquo;adoption de la single tyre rule, la prochaine r\u00e9glementation majeure visera \u00e0 diminuer les aides au pilotage dans le championnat. Et notamment le traction control qui rend les machines plus faciles \u00e0 piloter, et auquel certains journalistes attribuent [&hellip;]","twitter_image":"http:\/\/www.leblogmoto.com\/images\/2008\/11\/21\/moto_yamaha_racing.jpg","twitter_misc":{"\u00c9crit par":"benoit rieu","Dur\u00e9e de lecture estim\u00e9e":"3 minutes"},"schema":{"@context":"https:\/\/schema.org","@graph":[{"@type":"WebPage","@id":"https:\/\/blogs.thesocialmedia.com\/leblogmoto\/2008\/11\/25\/prochaine-tape\/","url":"https:\/\/blogs.thesocialmedia.com\/leblogmoto\/2008\/11\/25\/prochaine-tape\/","name":"Prochaine \u00e9tape du MotoGP, r\u00e9duire l'emprise de l'\u00e9lectronique. - leblogmoto.com","isPartOf":{"@id":"https:\/\/blogs.thesocialmedia.com\/leblogmoto\/#website"},"primaryImageOfPage":{"@id":"https:\/\/blogs.thesocialmedia.com\/leblogmoto\/2008\/11\/25\/prochaine-tape\/#primaryimage"},"image":{"@id":"https:\/\/blogs.thesocialmedia.com\/leblogmoto\/2008\/11\/25\/prochaine-tape\/#primaryimage"},"thumbnailUrl":"http:\/\/www.leblogmoto.com\/images\/2008\/11\/21\/moto_yamaha_racing.jpg","datePublished":"2008-11-25T23:59:08+00:00","dateModified":"2012-07-11T16:38:42+00:00","author":{"@id":"https:\/\/blogs.thesocialmedia.com\/leblogmoto\/#\/schema\/person\/18bfe773e5725ed6d24f743da805362a"},"breadcrumb":{"@id":"https:\/\/blogs.thesocialmedia.com\/leblogmoto\/2008\/11\/25\/prochaine-tape\/#breadcrumb"},"inLanguage":"fr-FR","potentialAction":[{"@type":"ReadAction","target":["https:\/\/blogs.thesocialmedia.com\/leblogmoto\/2008\/11\/25\/prochaine-tape\/"]}]},{"@type":"ImageObject","inLanguage":"fr-FR","@id":"https:\/\/blogs.thesocialmedia.com\/leblogmoto\/2008\/11\/25\/prochaine-tape\/#primaryimage","url":"http:\/\/www.leblogmoto.com\/images\/2008\/11\/21\/moto_yamaha_racing.jpg","contentUrl":"http:\/\/www.leblogmoto.com\/images\/2008\/11\/21\/moto_yamaha_racing.jpg"},{"@type":"BreadcrumbList","@id":"https:\/\/blogs.thesocialmedia.com\/leblogmoto\/2008\/11\/25\/prochaine-tape\/#breadcrumb","itemListElement":[{"@type":"ListItem","position":1,"name":"Accueil","item":"https:\/\/blogs.thesocialmedia.com\/leblogmoto\/"},{"@type":"ListItem","position":2,"name":"Prochaine \u00e9tape du MotoGP, r\u00e9duire l&#8217;emprise de l&rsquo;\u00e9lectronique."}]},{"@type":"WebSite","@id":"https:\/\/blogs.thesocialmedia.com\/leblogmoto\/#website","url":"https:\/\/blogs.thesocialmedia.com\/leblogmoto\/","name":"leblogmoto","description":"Toute l&#039;actualit\u00e9 des 2 roues","potentialAction":[{"@type":"SearchAction","target":{"@type":"EntryPoint","urlTemplate":"https:\/\/blogs.thesocialmedia.com\/leblogmoto\/?s={search_term_string}"},"query-input":{"@type":"PropertyValueSpecification","valueRequired":true,"valueName":"search_term_string"}}],"inLanguage":"fr-FR"},{"@type":"Person","@id":"https:\/\/blogs.thesocialmedia.com\/leblogmoto\/#\/schema\/person\/18bfe773e5725ed6d24f743da805362a","name":"benoit rieu","image":{"@type":"ImageObject","inLanguage":"fr-FR","@id":"https:\/\/blogs.thesocialmedia.com\/leblogmoto\/#\/schema\/person\/image\/","url":"https:\/\/secure.gravatar.com\/avatar\/?s=96&d=mm&r=g","contentUrl":"https:\/\/secure.gravatar.com\/avatar\/?s=96&d=mm&r=g","caption":"benoit rieu"},"url":"https:\/\/blogs.thesocialmedia.com\/leblogmoto\/author\/benoit-rieu\/"}]}},"_links":{"self":[{"href":"https:\/\/blogs.thesocialmedia.com\/leblogmoto\/wp-json\/wp\/v2\/posts\/391","targetHints":{"allow":["GET"]}}],"collection":[{"href":"https:\/\/blogs.thesocialmedia.com\/leblogmoto\/wp-json\/wp\/v2\/posts"}],"about":[{"href":"https:\/\/blogs.thesocialmedia.com\/leblogmoto\/wp-json\/wp\/v2\/types\/post"}],"author":[{"embeddable":true,"href":"https:\/\/blogs.thesocialmedia.com\/leblogmoto\/wp-json\/wp\/v2\/users\/324"}],"replies":[{"embeddable":true,"href":"https:\/\/blogs.thesocialmedia.com\/leblogmoto\/wp-json\/wp\/v2\/comments?post=391"}],"version-history":[{"count":2,"href":"https:\/\/blogs.thesocialmedia.com\/leblogmoto\/wp-json\/wp\/v2\/posts\/391\/revisions"}],"predecessor-version":[{"id":12174,"href":"https:\/\/blogs.thesocialmedia.com\/leblogmoto\/wp-json\/wp\/v2\/posts\/391\/revisions\/12174"}],"wp:attachment":[{"href":"https:\/\/blogs.thesocialmedia.com\/leblogmoto\/wp-json\/wp\/v2\/media?parent=391"}],"wp:term":[{"taxonomy":"category","embeddable":true,"href":"https:\/\/blogs.thesocialmedia.com\/leblogmoto\/wp-json\/wp\/v2\/categories?post=391"},{"taxonomy":"post_tag","embeddable":true,"href":"https:\/\/blogs.thesocialmedia.com\/leblogmoto\/wp-json\/wp\/v2\/tags?post=391"}],"curies":[{"name":"wp","href":"https:\/\/api.w.org\/{rel}","templated":true}]}}