{"id":392,"date":"2008-11-25T23:57:13","date_gmt":"2008-11-25T23:57:13","guid":{"rendered":"http:\/\/blogs.thesocialmedia.com\/leblogmoto\/2008\/11\/25\/des-ptits-jeune\/"},"modified":"2012-07-11T16:38:38","modified_gmt":"2012-07-11T16:38:38","slug":"des-ptits-jeune","status":"publish","type":"post","link":"https:\/\/blogs.thesocialmedia.com\/leblogmoto\/2008\/11\/25\/des-ptits-jeune\/","title":{"rendered":"Des p&rsquo;tits jeunes habillent le Voxan Cafe Racer d&rsquo;un nouveau car\u00e9nage."},"content":{"rendered":"<p><a href=\"http:\/\/blogs.thesocialmedia.com\/leblogmoto\/files\/2012\/07\/iut_limoges_droit.jpg\"><img loading=\"lazy\" decoding=\"async\" height=\"385\"  width=\"470\" alt=\"Iut_limoges_droit\" src=\"http:\/\/www.leblogmoto.com\/images\/2008\/11\/25\/iut_limoges_droit.jpg\" \/><\/a><\/p>\n<p>R\u00e9alis\u00e9e par les \u00e9tudiants d&rsquo;un IUT de Limoges, cette robe ne fera \u00e9videmment pas de l&rsquo;ombre aux lignes de la belle et rarissime 1000 VB1 des Auvergnats. Mais elle constitue, selon nous, une r\u00e9ussite, \u00e0 quelques exceptions pr\u00e8s. D&rsquo;apr\u00e8s <a href=\"http:\/\/www.vadimof.fr\/nouvelles\/index.html\">Vadimof<\/a> (pour Vous avez dit moto fran\u00e7aise ?), nos futurs pros cherchent un professionnel de la profession capable de produire cet habillage en petite s\u00e9rie. On se joint \u00e0 eux en fournissant le num\u00e9ro de cellulaire du responsable: 06 08 33 79 99. Le site pr\u00e9cise \u00e9galement qu&rsquo;en vue de diminuer les co\u00fbts, optiques et bavette d&rsquo;origine sont conserv\u00e9s, et note que le feu arri\u00e8re \u00e0 diodes est celui qui \u00e9quipe la 650 SV de Suzuki. Pas de probl\u00e8me pour s&rsquo;approvisionner donc, et \u00e0 bas prix qui plus est. Cependant je serai l\u00e9g\u00e8rement moins \u00e9logieux que Vadimof: quel dommage en effet d&rsquo;avoir conserv\u00e9 les r\u00e9tros trop basiques de la <a href=\"http:\/\/www.voxan.com\/\">Voxan<\/a> originale. On remarque aussi un (faux) probl\u00e8me de finition \u00e0 l&rsquo;arri\u00e8re avec un capot de selle qui aurait pu \u00eatre pr\u00e9sent\u00e9 ferm\u00e9, je veux dire <em>compl\u00e8tement<\/em> ferm\u00e9. Mais cela ne nuit pas \u00e0 l&rsquo;impression g\u00e9n\u00e9rale de boulot bien fait, pour un produit dans l&rsquo;air du temps avec cette livr\u00e9e blanche aux liser\u00e9s dor\u00e9s, tr\u00e8s \u00e0 la mode. C&rsquo;est du caf\u00e9 en thermos, mais un tr\u00e8s joli thermos. A lire sur le m\u00eame site, les r\u00e9actions des quidams face \u00e0 ces b\u00e9canes &quot;bien de chez nous&quot; engag\u00e9es sur le Dark Dog Moto Tour. Des r\u00e9actions qui indiquent que la partie est loin d&rsquo;\u00eatre gagn\u00e9e pour la marque d&rsquo;Issoire: &quot;Qu&rsquo;est-ce que \u00e7a devient ?&quot; ou &quot;\u00e7a existe encore ?&quot; Des attitudes qui trahissent un manque de visibilit\u00e9 \u00e9vident du constructeur de la tr\u00e8s r\u00e9ussie Charade.<\/p>\n<p><a href=\"http:\/\/clabedan.typepad.com\/.shared\/image.html?\/photos\/uncategorized\/2008\/11\/25\/iut_limoges_arrie8re.jpg\"><img loading=\"lazy\" decoding=\"async\" height=\"383\"  width=\"470\" alt=\"Iut_limoges_arrie8re\" src=\"http:\/\/www.leblogmoto.com\/images\/2008\/11\/25\/iut_limoges_arrie8re.jpg\" \/><\/a><\/p>\n<p><a href=\"http:\/\/blogs.thesocialmedia.com\/leblogmoto\/files\/2012\/07\/iut_limoges_gauche.jpg\"><img loading=\"lazy\" decoding=\"async\" height=\"293\"  width=\"470\" alt=\"Iut_limoges_gauche\" src=\"http:\/\/www.leblogmoto.com\/images\/2008\/11\/25\/iut_limoges_gauche.jpg\" \/><\/a> <\/p>\n<p><a href=\"http:\/\/blogs.thesocialmedia.com\/leblogmoto\/files\/2012\/07\/iut_limoges_face.jpg\"><img loading=\"lazy\" decoding=\"async\" height=\"652\"  width=\"470\" alt=\"Iut_limoges_face\" src=\"http:\/\/www.leblogmoto.com\/images\/2008\/11\/25\/iut_limoges_face.jpg\" \/><\/a> <\/p>\n","protected":false},"excerpt":{"rendered":"<p>R\u00e9alis\u00e9e par les \u00e9tudiants d&rsquo;un IUT de Limoges, cette robe ne fera \u00e9videmment pas de l&rsquo;ombre aux lignes de la belle et rarissime 1000 VB1 des Auvergnats. Mais elle constitue, selon nous, une r\u00e9ussite, \u00e0 quelques exceptions pr\u00e8s. D&rsquo;apr\u00e8s Vadimof (pour Vous avez dit moto fran\u00e7aise ?), nos futurs pros cherchent un professionnel de la [&hellip;]<\/p>\n","protected":false},"author":324,"featured_media":0,"comment_status":"open","ping_status":"open","sticky":false,"template":"","format":"standard","meta":{"footnotes":""},"categories":[3,38],"tags":[],"class_list":["post-392","post","type-post","status-publish","format-standard","hentry","category-actualite","category-atelier"],"yoast_head":"<!-- This site is optimized with the Yoast SEO plugin v26.0 - https:\/\/yoast.com\/wordpress\/plugins\/seo\/ -->\n<title>Des p&#039;tits jeunes habillent le Voxan Cafe Racer d&#039;un nouveau car\u00e9nage. - leblogmoto.com<\/title>\n<meta name=\"robots\" content=\"index, follow, max-snippet:-1, max-image-preview:large, max-video-preview:-1\" \/>\n<link rel=\"canonical\" href=\"https:\/\/blogs.thesocialmedia.com\/leblogmoto\/2008\/11\/25\/des-ptits-jeune\/\" \/>\n<meta name=\"twitter:card\" content=\"summary_large_image\" \/>\n<meta name=\"twitter:title\" content=\"Des p&#039;tits jeunes habillent le Voxan Cafe Racer d&#039;un nouveau car\u00e9nage. - leblogmoto.com\" \/>\n<meta name=\"twitter:description\" content=\"R\u00e9alis\u00e9e par les \u00e9tudiants d&rsquo;un IUT de Limoges, cette robe ne fera \u00e9videmment pas de l&rsquo;ombre aux lignes de la belle et rarissime 1000 VB1 des Auvergnats. Mais elle constitue, selon nous, une r\u00e9ussite, \u00e0 quelques exceptions pr\u00e8s. D&rsquo;apr\u00e8s Vadimof (pour Vous avez dit moto fran\u00e7aise ?), nos futurs pros cherchent un professionnel de la [&hellip;]\" \/>\n<meta name=\"twitter:image\" content=\"http:\/\/www.leblogmoto.com\/images\/2008\/11\/25\/iut_limoges_droit.jpg\" \/>\n<meta name=\"twitter:label1\" content=\"\u00c9crit par\" \/>\n\t<meta name=\"twitter:data1\" content=\"benoit rieu\" \/>\n\t<meta name=\"twitter:label2\" content=\"Dur\u00e9e de lecture estim\u00e9e\" \/>\n\t<meta name=\"twitter:data2\" content=\"2 minutes\" \/>\n<script type=\"application\/ld+json\" class=\"yoast-schema-graph\">{\"@context\":\"https:\/\/schema.org\",\"@graph\":[{\"@type\":\"WebPage\",\"@id\":\"https:\/\/blogs.thesocialmedia.com\/leblogmoto\/2008\/11\/25\/des-ptits-jeune\/\",\"url\":\"https:\/\/blogs.thesocialmedia.com\/leblogmoto\/2008\/11\/25\/des-ptits-jeune\/\",\"name\":\"Des p'tits jeunes habillent le Voxan Cafe Racer d'un nouveau car\u00e9nage. - leblogmoto.com\",\"isPartOf\":{\"@id\":\"https:\/\/blogs.thesocialmedia.com\/leblogmoto\/#website\"},\"primaryImageOfPage\":{\"@id\":\"https:\/\/blogs.thesocialmedia.com\/leblogmoto\/2008\/11\/25\/des-ptits-jeune\/#primaryimage\"},\"image\":{\"@id\":\"https:\/\/blogs.thesocialmedia.com\/leblogmoto\/2008\/11\/25\/des-ptits-jeune\/#primaryimage\"},\"thumbnailUrl\":\"http:\/\/www.leblogmoto.com\/images\/2008\/11\/25\/iut_limoges_droit.jpg\",\"datePublished\":\"2008-11-25T23:57:13+00:00\",\"dateModified\":\"2012-07-11T16:38:38+00:00\",\"author\":{\"@id\":\"https:\/\/blogs.thesocialmedia.com\/leblogmoto\/#\/schema\/person\/18bfe773e5725ed6d24f743da805362a\"},\"breadcrumb\":{\"@id\":\"https:\/\/blogs.thesocialmedia.com\/leblogmoto\/2008\/11\/25\/des-ptits-jeune\/#breadcrumb\"},\"inLanguage\":\"fr-FR\",\"potentialAction\":[{\"@type\":\"ReadAction\",\"target\":[\"https:\/\/blogs.thesocialmedia.com\/leblogmoto\/2008\/11\/25\/des-ptits-jeune\/\"]}]},{\"@type\":\"ImageObject\",\"inLanguage\":\"fr-FR\",\"@id\":\"https:\/\/blogs.thesocialmedia.com\/leblogmoto\/2008\/11\/25\/des-ptits-jeune\/#primaryimage\",\"url\":\"http:\/\/www.leblogmoto.com\/images\/2008\/11\/25\/iut_limoges_droit.jpg\",\"contentUrl\":\"http:\/\/www.leblogmoto.com\/images\/2008\/11\/25\/iut_limoges_droit.jpg\"},{\"@type\":\"BreadcrumbList\",\"@id\":\"https:\/\/blogs.thesocialmedia.com\/leblogmoto\/2008\/11\/25\/des-ptits-jeune\/#breadcrumb\",\"itemListElement\":[{\"@type\":\"ListItem\",\"position\":1,\"name\":\"Accueil\",\"item\":\"https:\/\/blogs.thesocialmedia.com\/leblogmoto\/\"},{\"@type\":\"ListItem\",\"position\":2,\"name\":\"Des p&rsquo;tits jeunes habillent le Voxan Cafe Racer d&rsquo;un nouveau car\u00e9nage.\"}]},{\"@type\":\"WebSite\",\"@id\":\"https:\/\/blogs.thesocialmedia.com\/leblogmoto\/#website\",\"url\":\"https:\/\/blogs.thesocialmedia.com\/leblogmoto\/\",\"name\":\"leblogmoto\",\"description\":\"Toute l&#039;actualit\u00e9 des 2 roues\",\"potentialAction\":[{\"@type\":\"SearchAction\",\"target\":{\"@type\":\"EntryPoint\",\"urlTemplate\":\"https:\/\/blogs.thesocialmedia.com\/leblogmoto\/?s={search_term_string}\"},\"query-input\":{\"@type\":\"PropertyValueSpecification\",\"valueRequired\":true,\"valueName\":\"search_term_string\"}}],\"inLanguage\":\"fr-FR\"},{\"@type\":\"Person\",\"@id\":\"https:\/\/blogs.thesocialmedia.com\/leblogmoto\/#\/schema\/person\/18bfe773e5725ed6d24f743da805362a\",\"name\":\"benoit rieu\",\"image\":{\"@type\":\"ImageObject\",\"inLanguage\":\"fr-FR\",\"@id\":\"https:\/\/blogs.thesocialmedia.com\/leblogmoto\/#\/schema\/person\/image\/\",\"url\":\"https:\/\/secure.gravatar.com\/avatar\/?s=96&d=mm&r=g\",\"contentUrl\":\"https:\/\/secure.gravatar.com\/avatar\/?s=96&d=mm&r=g\",\"caption\":\"benoit rieu\"},\"url\":\"https:\/\/blogs.thesocialmedia.com\/leblogmoto\/author\/benoit-rieu\/\"}]}<\/script>\n<!-- \/ Yoast SEO plugin. -->","yoast_head_json":{"title":"Des p'tits jeunes habillent le Voxan Cafe Racer d'un nouveau car\u00e9nage. - leblogmoto.com","robots":{"index":"index","follow":"follow","max-snippet":"max-snippet:-1","max-image-preview":"max-image-preview:large","max-video-preview":"max-video-preview:-1"},"canonical":"https:\/\/blogs.thesocialmedia.com\/leblogmoto\/2008\/11\/25\/des-ptits-jeune\/","twitter_card":"summary_large_image","twitter_title":"Des p'tits jeunes habillent le Voxan Cafe Racer d'un nouveau car\u00e9nage. - leblogmoto.com","twitter_description":"R\u00e9alis\u00e9e par les \u00e9tudiants d&rsquo;un IUT de Limoges, cette robe ne fera \u00e9videmment pas de l&rsquo;ombre aux lignes de la belle et rarissime 1000 VB1 des Auvergnats. Mais elle constitue, selon nous, une r\u00e9ussite, \u00e0 quelques exceptions pr\u00e8s. D&rsquo;apr\u00e8s Vadimof (pour Vous avez dit moto fran\u00e7aise ?), nos futurs pros cherchent un professionnel de la [&hellip;]","twitter_image":"http:\/\/www.leblogmoto.com\/images\/2008\/11\/25\/iut_limoges_droit.jpg","twitter_misc":{"\u00c9crit par":"benoit rieu","Dur\u00e9e de lecture estim\u00e9e":"2 minutes"},"schema":{"@context":"https:\/\/schema.org","@graph":[{"@type":"WebPage","@id":"https:\/\/blogs.thesocialmedia.com\/leblogmoto\/2008\/11\/25\/des-ptits-jeune\/","url":"https:\/\/blogs.thesocialmedia.com\/leblogmoto\/2008\/11\/25\/des-ptits-jeune\/","name":"Des p'tits jeunes habillent le Voxan Cafe Racer d'un nouveau car\u00e9nage. - leblogmoto.com","isPartOf":{"@id":"https:\/\/blogs.thesocialmedia.com\/leblogmoto\/#website"},"primaryImageOfPage":{"@id":"https:\/\/blogs.thesocialmedia.com\/leblogmoto\/2008\/11\/25\/des-ptits-jeune\/#primaryimage"},"image":{"@id":"https:\/\/blogs.thesocialmedia.com\/leblogmoto\/2008\/11\/25\/des-ptits-jeune\/#primaryimage"},"thumbnailUrl":"http:\/\/www.leblogmoto.com\/images\/2008\/11\/25\/iut_limoges_droit.jpg","datePublished":"2008-11-25T23:57:13+00:00","dateModified":"2012-07-11T16:38:38+00:00","author":{"@id":"https:\/\/blogs.thesocialmedia.com\/leblogmoto\/#\/schema\/person\/18bfe773e5725ed6d24f743da805362a"},"breadcrumb":{"@id":"https:\/\/blogs.thesocialmedia.com\/leblogmoto\/2008\/11\/25\/des-ptits-jeune\/#breadcrumb"},"inLanguage":"fr-FR","potentialAction":[{"@type":"ReadAction","target":["https:\/\/blogs.thesocialmedia.com\/leblogmoto\/2008\/11\/25\/des-ptits-jeune\/"]}]},{"@type":"ImageObject","inLanguage":"fr-FR","@id":"https:\/\/blogs.thesocialmedia.com\/leblogmoto\/2008\/11\/25\/des-ptits-jeune\/#primaryimage","url":"http:\/\/www.leblogmoto.com\/images\/2008\/11\/25\/iut_limoges_droit.jpg","contentUrl":"http:\/\/www.leblogmoto.com\/images\/2008\/11\/25\/iut_limoges_droit.jpg"},{"@type":"BreadcrumbList","@id":"https:\/\/blogs.thesocialmedia.com\/leblogmoto\/2008\/11\/25\/des-ptits-jeune\/#breadcrumb","itemListElement":[{"@type":"ListItem","position":1,"name":"Accueil","item":"https:\/\/blogs.thesocialmedia.com\/leblogmoto\/"},{"@type":"ListItem","position":2,"name":"Des p&rsquo;tits jeunes habillent le Voxan Cafe Racer d&rsquo;un nouveau car\u00e9nage."}]},{"@type":"WebSite","@id":"https:\/\/blogs.thesocialmedia.com\/leblogmoto\/#website","url":"https:\/\/blogs.thesocialmedia.com\/leblogmoto\/","name":"leblogmoto","description":"Toute l&#039;actualit\u00e9 des 2 roues","potentialAction":[{"@type":"SearchAction","target":{"@type":"EntryPoint","urlTemplate":"https:\/\/blogs.thesocialmedia.com\/leblogmoto\/?s={search_term_string}"},"query-input":{"@type":"PropertyValueSpecification","valueRequired":true,"valueName":"search_term_string"}}],"inLanguage":"fr-FR"},{"@type":"Person","@id":"https:\/\/blogs.thesocialmedia.com\/leblogmoto\/#\/schema\/person\/18bfe773e5725ed6d24f743da805362a","name":"benoit rieu","image":{"@type":"ImageObject","inLanguage":"fr-FR","@id":"https:\/\/blogs.thesocialmedia.com\/leblogmoto\/#\/schema\/person\/image\/","url":"https:\/\/secure.gravatar.com\/avatar\/?s=96&d=mm&r=g","contentUrl":"https:\/\/secure.gravatar.com\/avatar\/?s=96&d=mm&r=g","caption":"benoit rieu"},"url":"https:\/\/blogs.thesocialmedia.com\/leblogmoto\/author\/benoit-rieu\/"}]}},"_links":{"self":[{"href":"https:\/\/blogs.thesocialmedia.com\/leblogmoto\/wp-json\/wp\/v2\/posts\/392","targetHints":{"allow":["GET"]}}],"collection":[{"href":"https:\/\/blogs.thesocialmedia.com\/leblogmoto\/wp-json\/wp\/v2\/posts"}],"about":[{"href":"https:\/\/blogs.thesocialmedia.com\/leblogmoto\/wp-json\/wp\/v2\/types\/post"}],"author":[{"embeddable":true,"href":"https:\/\/blogs.thesocialmedia.com\/leblogmoto\/wp-json\/wp\/v2\/users\/324"}],"replies":[{"embeddable":true,"href":"https:\/\/blogs.thesocialmedia.com\/leblogmoto\/wp-json\/wp\/v2\/comments?post=392"}],"version-history":[{"count":2,"href":"https:\/\/blogs.thesocialmedia.com\/leblogmoto\/wp-json\/wp\/v2\/posts\/392\/revisions"}],"predecessor-version":[{"id":12171,"href":"https:\/\/blogs.thesocialmedia.com\/leblogmoto\/wp-json\/wp\/v2\/posts\/392\/revisions\/12171"}],"wp:attachment":[{"href":"https:\/\/blogs.thesocialmedia.com\/leblogmoto\/wp-json\/wp\/v2\/media?parent=392"}],"wp:term":[{"taxonomy":"category","embeddable":true,"href":"https:\/\/blogs.thesocialmedia.com\/leblogmoto\/wp-json\/wp\/v2\/categories?post=392"},{"taxonomy":"post_tag","embeddable":true,"href":"https:\/\/blogs.thesocialmedia.com\/leblogmoto\/wp-json\/wp\/v2\/tags?post=392"}],"curies":[{"name":"wp","href":"https:\/\/api.w.org\/{rel}","templated":true}]}}