{"id":396,"date":"2008-11-24T23:41:05","date_gmt":"2008-11-24T23:41:05","guid":{"rendered":"http:\/\/blogs.thesocialmedia.com\/leblogmoto\/2008\/11\/24\/vido-de-la-red\/"},"modified":"2008-11-24T23:41:05","modified_gmt":"2008-11-24T23:41:05","slug":"vido-de-la-red","status":"publish","type":"post","link":"https:\/\/blogs.thesocialmedia.com\/leblogmoto\/2008\/11\/24\/vido-de-la-red\/","title":{"rendered":"Vid\u00e9o de la Red Bull Knock Out remport\u00e9e par Steve Ramon."},"content":{"rendered":"<p><object height=\"288\" width=\"480\"><param name=\"movie\" value=\"http:\/\/play.freecaster.com\/v3\/FCPlayer.swf?id=cEtleT0yJmFwSUQ9MTAwMDAwMyZjSUQ9MTAwNjM2NyZlSUQ9MTAwMDExMCZ4aXRpSUQ9MTQ=\" \/><param name=\"FlashVars\" value=\"autoplay=0\" \/><embed height=\"288\" width=\"480\" src=\"http:\/\/play.freecaster.com\/v3\/FCPlayer.swf?id=cEtleT0yJmFwSUQ9MTAwMDAwMyZjSUQ9MTAwNjM2NyZlSUQ9MTAwMDExMCZ4aXRpSUQ9MTQ=\" type=\"application\/x-shockwave-flash\"><\/embed><p>&nbsp;<\/p>\n<p>Une vid\u00e9o de la sauvage troisi\u00e8me <a href=\"http:\/\/www.redbullknockout.nl\/\">Red Bull Knock Out<\/a> qui se d\u00e9roulait \u00e0 Scheveningen, il y a un peu plus d&rsquo;une semaine. Cette sorte d&rsquo;Enduro du Touquet en terres bataves, a vu le pilote officiel Suzuki Teka, Steve Ramon, l&#8217;emporter dans les derniers tours devant Arnaud Demeester, \u00e0 47 secondes du vainqueur, et Johan Boonen. Et le moins que l&rsquo;on puisse dire c&rsquo;est qu&rsquo;il y a eu un sacr\u00e9 \u00e9cr\u00e9mage dans les rangs, mais qui s&rsquo;en \u00e9tonnera, puisque sur 605 pilotes au d\u00e9part, 102 seulement franchiront la ligne d&rsquo;arriv\u00e9e. Parmi les d\u00e9ceptions, Marc de Reuver, Timote\u00ef Potisek et David Knight ont d\u00fb abandonner sur panne m\u00e9canique. A noter que Potisek s&rsquo;est bien refait depuis, puisqu&rsquo;il a remport\u00e9 la Ronde des Sables \u00e0 Loon-Plage pas plus tard qu&rsquo;hier, devant&#8230; Steve Ramon. Nous y reviendrons dans un autre article.<\/p><\/object><\/p>\n","protected":false},"excerpt":{"rendered":"<p>&nbsp; Une vid\u00e9o de la sauvage troisi\u00e8me Red Bull Knock Out qui se d\u00e9roulait \u00e0 Scheveningen, il y a un peu plus d&rsquo;une semaine. Cette sorte d&rsquo;Enduro du Touquet en terres bataves, a vu le pilote officiel Suzuki Teka, Steve Ramon, l&#8217;emporter dans les derniers tours devant Arnaud Demeester, \u00e0 47 secondes du vainqueur, et [&hellip;]<\/p>\n","protected":false},"author":324,"featured_media":0,"comment_status":"open","ping_status":"open","sticky":false,"template":"","format":"standard","meta":{"footnotes":""},"categories":[3,60,66,12],"tags":[],"class_list":["post-396","post","type-post","status-publish","format-standard","hentry","category-actualite","category-enduro","category-moto-cross","category-videos"],"yoast_head":"<!-- This site is optimized with the Yoast SEO plugin v26.0 - https:\/\/yoast.com\/wordpress\/plugins\/seo\/ -->\n<title>Vid\u00e9o de la Red Bull Knock Out remport\u00e9e par Steve Ramon. - leblogmoto.com<\/title>\n<meta name=\"robots\" content=\"index, follow, max-snippet:-1, max-image-preview:large, max-video-preview:-1\" \/>\n<link rel=\"canonical\" href=\"https:\/\/blogs.thesocialmedia.com\/leblogmoto\/2008\/11\/24\/vido-de-la-red\/\" \/>\n<meta name=\"twitter:card\" content=\"summary_large_image\" \/>\n<meta name=\"twitter:title\" content=\"Vid\u00e9o de la Red Bull Knock Out remport\u00e9e par Steve Ramon. - leblogmoto.com\" \/>\n<meta name=\"twitter:description\" content=\"&nbsp; Une vid\u00e9o de la sauvage troisi\u00e8me Red Bull Knock Out qui se d\u00e9roulait \u00e0 Scheveningen, il y a un peu plus d&rsquo;une semaine. Cette sorte d&rsquo;Enduro du Touquet en terres bataves, a vu le pilote officiel Suzuki Teka, Steve Ramon, l&#8217;emporter dans les derniers tours devant Arnaud Demeester, \u00e0 47 secondes du vainqueur, et [&hellip;]\" \/>\n<meta name=\"twitter:label1\" content=\"\u00c9crit par\" \/>\n\t<meta name=\"twitter:data1\" content=\"benoit rieu\" \/>\n\t<meta name=\"twitter:label2\" content=\"Dur\u00e9e de lecture estim\u00e9e\" \/>\n\t<meta name=\"twitter:data2\" content=\"1 minute\" \/>\n<script type=\"application\/ld+json\" class=\"yoast-schema-graph\">{\"@context\":\"https:\/\/schema.org\",\"@graph\":[{\"@type\":\"WebPage\",\"@id\":\"https:\/\/blogs.thesocialmedia.com\/leblogmoto\/2008\/11\/24\/vido-de-la-red\/\",\"url\":\"https:\/\/blogs.thesocialmedia.com\/leblogmoto\/2008\/11\/24\/vido-de-la-red\/\",\"name\":\"Vid\u00e9o de la Red Bull Knock Out remport\u00e9e par Steve Ramon. - leblogmoto.com\",\"isPartOf\":{\"@id\":\"https:\/\/blogs.thesocialmedia.com\/leblogmoto\/#website\"},\"datePublished\":\"2008-11-24T23:41:05+00:00\",\"author\":{\"@id\":\"https:\/\/blogs.thesocialmedia.com\/leblogmoto\/#\/schema\/person\/18bfe773e5725ed6d24f743da805362a\"},\"breadcrumb\":{\"@id\":\"https:\/\/blogs.thesocialmedia.com\/leblogmoto\/2008\/11\/24\/vido-de-la-red\/#breadcrumb\"},\"inLanguage\":\"fr-FR\",\"potentialAction\":[{\"@type\":\"ReadAction\",\"target\":[\"https:\/\/blogs.thesocialmedia.com\/leblogmoto\/2008\/11\/24\/vido-de-la-red\/\"]}]},{\"@type\":\"BreadcrumbList\",\"@id\":\"https:\/\/blogs.thesocialmedia.com\/leblogmoto\/2008\/11\/24\/vido-de-la-red\/#breadcrumb\",\"itemListElement\":[{\"@type\":\"ListItem\",\"position\":1,\"name\":\"Accueil\",\"item\":\"https:\/\/blogs.thesocialmedia.com\/leblogmoto\/\"},{\"@type\":\"ListItem\",\"position\":2,\"name\":\"Vid\u00e9o de la Red Bull Knock Out remport\u00e9e par Steve Ramon.\"}]},{\"@type\":\"WebSite\",\"@id\":\"https:\/\/blogs.thesocialmedia.com\/leblogmoto\/#website\",\"url\":\"https:\/\/blogs.thesocialmedia.com\/leblogmoto\/\",\"name\":\"leblogmoto\",\"description\":\"Toute l&#039;actualit\u00e9 des 2 roues\",\"potentialAction\":[{\"@type\":\"SearchAction\",\"target\":{\"@type\":\"EntryPoint\",\"urlTemplate\":\"https:\/\/blogs.thesocialmedia.com\/leblogmoto\/?s={search_term_string}\"},\"query-input\":{\"@type\":\"PropertyValueSpecification\",\"valueRequired\":true,\"valueName\":\"search_term_string\"}}],\"inLanguage\":\"fr-FR\"},{\"@type\":\"Person\",\"@id\":\"https:\/\/blogs.thesocialmedia.com\/leblogmoto\/#\/schema\/person\/18bfe773e5725ed6d24f743da805362a\",\"name\":\"benoit rieu\",\"image\":{\"@type\":\"ImageObject\",\"inLanguage\":\"fr-FR\",\"@id\":\"https:\/\/blogs.thesocialmedia.com\/leblogmoto\/#\/schema\/person\/image\/\",\"url\":\"https:\/\/secure.gravatar.com\/avatar\/?s=96&d=mm&r=g\",\"contentUrl\":\"https:\/\/secure.gravatar.com\/avatar\/?s=96&d=mm&r=g\",\"caption\":\"benoit rieu\"},\"url\":\"https:\/\/blogs.thesocialmedia.com\/leblogmoto\/author\/benoit-rieu\/\"}]}<\/script>\n<!-- \/ Yoast SEO plugin. -->","yoast_head_json":{"title":"Vid\u00e9o de la Red Bull Knock Out remport\u00e9e par Steve Ramon. - leblogmoto.com","robots":{"index":"index","follow":"follow","max-snippet":"max-snippet:-1","max-image-preview":"max-image-preview:large","max-video-preview":"max-video-preview:-1"},"canonical":"https:\/\/blogs.thesocialmedia.com\/leblogmoto\/2008\/11\/24\/vido-de-la-red\/","twitter_card":"summary_large_image","twitter_title":"Vid\u00e9o de la Red Bull Knock Out remport\u00e9e par Steve Ramon. - leblogmoto.com","twitter_description":"&nbsp; Une vid\u00e9o de la sauvage troisi\u00e8me Red Bull Knock Out qui se d\u00e9roulait \u00e0 Scheveningen, il y a un peu plus d&rsquo;une semaine. Cette sorte d&rsquo;Enduro du Touquet en terres bataves, a vu le pilote officiel Suzuki Teka, Steve Ramon, l&#8217;emporter dans les derniers tours devant Arnaud Demeester, \u00e0 47 secondes du vainqueur, et [&hellip;]","twitter_misc":{"\u00c9crit par":"benoit rieu","Dur\u00e9e de lecture estim\u00e9e":"1 minute"},"schema":{"@context":"https:\/\/schema.org","@graph":[{"@type":"WebPage","@id":"https:\/\/blogs.thesocialmedia.com\/leblogmoto\/2008\/11\/24\/vido-de-la-red\/","url":"https:\/\/blogs.thesocialmedia.com\/leblogmoto\/2008\/11\/24\/vido-de-la-red\/","name":"Vid\u00e9o de la Red Bull Knock Out remport\u00e9e par Steve Ramon. - leblogmoto.com","isPartOf":{"@id":"https:\/\/blogs.thesocialmedia.com\/leblogmoto\/#website"},"datePublished":"2008-11-24T23:41:05+00:00","author":{"@id":"https:\/\/blogs.thesocialmedia.com\/leblogmoto\/#\/schema\/person\/18bfe773e5725ed6d24f743da805362a"},"breadcrumb":{"@id":"https:\/\/blogs.thesocialmedia.com\/leblogmoto\/2008\/11\/24\/vido-de-la-red\/#breadcrumb"},"inLanguage":"fr-FR","potentialAction":[{"@type":"ReadAction","target":["https:\/\/blogs.thesocialmedia.com\/leblogmoto\/2008\/11\/24\/vido-de-la-red\/"]}]},{"@type":"BreadcrumbList","@id":"https:\/\/blogs.thesocialmedia.com\/leblogmoto\/2008\/11\/24\/vido-de-la-red\/#breadcrumb","itemListElement":[{"@type":"ListItem","position":1,"name":"Accueil","item":"https:\/\/blogs.thesocialmedia.com\/leblogmoto\/"},{"@type":"ListItem","position":2,"name":"Vid\u00e9o de la Red Bull Knock Out remport\u00e9e par Steve Ramon."}]},{"@type":"WebSite","@id":"https:\/\/blogs.thesocialmedia.com\/leblogmoto\/#website","url":"https:\/\/blogs.thesocialmedia.com\/leblogmoto\/","name":"leblogmoto","description":"Toute l&#039;actualit\u00e9 des 2 roues","potentialAction":[{"@type":"SearchAction","target":{"@type":"EntryPoint","urlTemplate":"https:\/\/blogs.thesocialmedia.com\/leblogmoto\/?s={search_term_string}"},"query-input":{"@type":"PropertyValueSpecification","valueRequired":true,"valueName":"search_term_string"}}],"inLanguage":"fr-FR"},{"@type":"Person","@id":"https:\/\/blogs.thesocialmedia.com\/leblogmoto\/#\/schema\/person\/18bfe773e5725ed6d24f743da805362a","name":"benoit rieu","image":{"@type":"ImageObject","inLanguage":"fr-FR","@id":"https:\/\/blogs.thesocialmedia.com\/leblogmoto\/#\/schema\/person\/image\/","url":"https:\/\/secure.gravatar.com\/avatar\/?s=96&d=mm&r=g","contentUrl":"https:\/\/secure.gravatar.com\/avatar\/?s=96&d=mm&r=g","caption":"benoit rieu"},"url":"https:\/\/blogs.thesocialmedia.com\/leblogmoto\/author\/benoit-rieu\/"}]}},"_links":{"self":[{"href":"https:\/\/blogs.thesocialmedia.com\/leblogmoto\/wp-json\/wp\/v2\/posts\/396","targetHints":{"allow":["GET"]}}],"collection":[{"href":"https:\/\/blogs.thesocialmedia.com\/leblogmoto\/wp-json\/wp\/v2\/posts"}],"about":[{"href":"https:\/\/blogs.thesocialmedia.com\/leblogmoto\/wp-json\/wp\/v2\/types\/post"}],"author":[{"embeddable":true,"href":"https:\/\/blogs.thesocialmedia.com\/leblogmoto\/wp-json\/wp\/v2\/users\/324"}],"replies":[{"embeddable":true,"href":"https:\/\/blogs.thesocialmedia.com\/leblogmoto\/wp-json\/wp\/v2\/comments?post=396"}],"version-history":[{"count":0,"href":"https:\/\/blogs.thesocialmedia.com\/leblogmoto\/wp-json\/wp\/v2\/posts\/396\/revisions"}],"wp:attachment":[{"href":"https:\/\/blogs.thesocialmedia.com\/leblogmoto\/wp-json\/wp\/v2\/media?parent=396"}],"wp:term":[{"taxonomy":"category","embeddable":true,"href":"https:\/\/blogs.thesocialmedia.com\/leblogmoto\/wp-json\/wp\/v2\/categories?post=396"},{"taxonomy":"post_tag","embeddable":true,"href":"https:\/\/blogs.thesocialmedia.com\/leblogmoto\/wp-json\/wp\/v2\/tags?post=396"}],"curies":[{"name":"wp","href":"https:\/\/api.w.org\/{rel}","templated":true}]}}