{"id":397,"date":"2008-11-21T04:55:34","date_gmt":"2008-11-21T04:55:34","guid":{"rendered":"http:\/\/blogs.thesocialmedia.com\/leblogmoto\/2008\/11\/21\/album-du-vend-2-4\/"},"modified":"2012-07-11T16:38:15","modified_gmt":"2012-07-11T16:38:15","slug":"album-du-vend-2-4","status":"publish","type":"post","link":"https:\/\/blogs.thesocialmedia.com\/leblogmoto\/2008\/11\/21\/album-du-vend-2-4\/","title":{"rendered":"Album du vendredi, C&rsquo;est la vie"},"content":{"rendered":"<p><em><a href=\"http:\/\/blogs.thesocialmedia.com\/leblogmoto\/files\/2012\/07\/life1.jpg\"><img loading=\"lazy\" decoding=\"async\" width=\"470\" height=\"302\"  src=\"http:\/\/www.leblogmoto.com\/images\/2008\/11\/20\/life1.jpg\" alt=\"Life1\" \/><\/a> <br \/>John Dominis 1971<\/em><\/p>\n<p><a href=\"http:\/\/images.google.com\/hosted\/life\">Google<\/a> en partenariat avec le magazine LIFE rend maintenant disponibles certaines des archives photographiques du c\u00e9l\u00e8bre magazine. Certaines de ces images sont c\u00e9l\u00e8bres et font partit de notre m\u00e9moire collective, d\u2019autres, jamais publi\u00e9es et donc in\u00e9dites peuvent s\u2019av\u00e9r\u00e9es banales, mais on peut y trouver parfois des tr\u00e9sors.<\/p>\n<p>Couvrant toutes les d\u00e9cennies depuis l\u2019invention de la photographie jusqu\u2019aux ann\u00e9es 70, cette nouvelle excroissance du tentaculaire Google risque bien de procurer des heures de plaisirs pour tous les passionn\u00e9s d\u2019histoire et de photographie.<\/p>\n<p>On a donc fait quelques petites recherches sur notre sujet de pr\u00e9dilection, la moto, en voici le r\u00e9sultat.<\/p>\n<p><em><a href=\"http:\/\/clabedan.typepad.com\/.shared\/image.html?\/photos\/uncategorized\/2008\/11\/20\/life2.jpg\"><img loading=\"lazy\" decoding=\"async\" width=\"470\" height=\"617\"  src=\"http:\/\/www.leblogmoto.com\/images\/2008\/11\/20\/life2.jpg\" alt=\"Life2\" \/><\/a> <br \/>Walter Sanders 1949<\/em><\/p>\n<p><em><a href=\"http:\/\/blogs.thesocialmedia.com\/leblogmoto\/files\/2012\/07\/life3.jpg\"><img loading=\"lazy\" decoding=\"async\" width=\"470\" height=\"718\"  src=\"http:\/\/www.leblogmoto.com\/images\/2008\/11\/20\/life3.jpg\" alt=\"Life3\" \/><\/a> <br \/>John Shearer 1971<\/em><\/p>\n<p><em><a href=\"http:\/\/blogs.thesocialmedia.com\/leblogmoto\/files\/2012\/07\/life4.jpg\"><img loading=\"lazy\" decoding=\"async\" width=\"470\" height=\"569\"  src=\"http:\/\/www.leblogmoto.com\/images\/2008\/11\/20\/life4.jpg\" alt=\"Life4\" \/><\/a> <br \/>Loomis Sean 1949<\/em><\/p>\n<p><em><a href=\"http:\/\/blogs.thesocialmedia.com\/leblogmoto\/files\/2012\/07\/life5.jpg\"><img loading=\"lazy\" decoding=\"async\" width=\"470\" height=\"648\"  src=\"http:\/\/www.leblogmoto.com\/images\/2008\/11\/20\/life5.jpg\" alt=\"Life5\" \/><\/a> <br \/>Jenny Cooke 1960<\/em><\/p>\n<p><em><a href=\"http:\/\/blogs.thesocialmedia.com\/leblogmoto\/files\/2012\/07\/life6.jpg\"><img loading=\"lazy\" decoding=\"async\" width=\"470\" height=\"696\"  src=\"http:\/\/www.leblogmoto.com\/images\/2008\/11\/20\/life6.jpg\" alt=\"Life6\" \/><\/a> <br \/>Co Rentmeester 1970<\/em><\/p>\n<p><em><a href=\"http:\/\/blogs.thesocialmedia.com\/leblogmoto\/files\/2012\/07\/life7.jpg\"><img loading=\"lazy\" decoding=\"async\" width=\"470\" height=\"578\"  src=\"http:\/\/www.leblogmoto.com\/images\/2008\/11\/20\/life7.jpg\" alt=\"Life7\" \/><\/a> <br \/>Allan Grant 1948<\/em><\/p>\n<p><em><a href=\"http:\/\/blogs.thesocialmedia.com\/leblogmoto\/files\/2012\/07\/life8.jpg\"><img loading=\"lazy\" decoding=\"async\" width=\"470\" height=\"702\"  src=\"http:\/\/www.leblogmoto.com\/images\/2008\/11\/20\/life8.jpg\" alt=\"Life8\" \/><\/a> <br \/>John Dominis 1959<\/em><\/p>\n<p><em><a href=\"http:\/\/blogs.thesocialmedia.com\/leblogmoto\/files\/2012\/07\/life9.jpg\"><img loading=\"lazy\" decoding=\"async\" width=\"470\" height=\"301\"  src=\"http:\/\/www.leblogmoto.com\/images\/2008\/11\/20\/life9.jpg\" alt=\"Life9\" \/><\/a> <br \/>George Silk 1947<\/em><\/p>\n<p><em><a href=\"http:\/\/blogs.thesocialmedia.com\/leblogmoto\/files\/2012\/07\/life10.jpg\"><img loading=\"lazy\" decoding=\"async\" width=\"470\" height=\"449\"  src=\"http:\/\/www.leblogmoto.com\/images\/2008\/11\/20\/life10.jpg\" alt=\"Life10\" \/><\/a> <br \/>Yale Joel 1949<\/em><\/p>\n<p><em><a href=\"http:\/\/blogs.thesocialmedia.com\/leblogmoto\/files\/2012\/07\/life11.jpg\"><img loading=\"lazy\" decoding=\"async\" width=\"470\" height=\"728\"  src=\"http:\/\/www.leblogmoto.com\/images\/2008\/11\/20\/life11.jpg\" alt=\"Life11\" \/><\/a> <br \/>George Silk 1947<\/em><\/p>\n<p><em><a href=\"http:\/\/blogs.thesocialmedia.com\/leblogmoto\/files\/2012\/07\/life12.jpg\"><img loading=\"lazy\" decoding=\"async\" width=\"470\" height=\"347\"  src=\"http:\/\/www.leblogmoto.com\/images\/2008\/11\/20\/life12.jpg\" alt=\"Life12\" \/><\/a> <br \/>David Lees 1952<\/em><\/p>\n<p><em><a href=\"http:\/\/blogs.thesocialmedia.com\/leblogmoto\/files\/2012\/07\/life13.jpg\"><img loading=\"lazy\" decoding=\"async\" width=\"470\" height=\"597\"  src=\"http:\/\/www.leblogmoto.com\/images\/2008\/11\/20\/life13.jpg\" alt=\"Life13\" \/><\/a> <br \/>Dmitri Kenel 1948<\/em><\/p>\n<p><em><a href=\"http:\/\/blogs.thesocialmedia.com\/leblogmoto\/files\/2012\/07\/life14.jpg\"><img loading=\"lazy\" decoding=\"async\" width=\"470\" height=\"585\"  src=\"http:\/\/www.leblogmoto.com\/images\/2008\/11\/20\/life14.jpg\" alt=\"Life14\" \/><\/a> <br \/>Nina Leen 1942<\/em><\/p>\n","protected":false},"excerpt":{"rendered":"<p>John Dominis 1971 Google en partenariat avec le magazine LIFE rend maintenant disponibles certaines des archives photographiques du c\u00e9l\u00e8bre magazine. Certaines de ces images sont c\u00e9l\u00e8bres et font partit de notre m\u00e9moire collective, d\u2019autres, jamais publi\u00e9es et donc in\u00e9dites peuvent s\u2019av\u00e9r\u00e9es banales, mais on peut y trouver parfois des tr\u00e9sors. Couvrant toutes les d\u00e9cennies depuis [&hellip;]<\/p>\n","protected":false},"author":325,"featured_media":0,"comment_status":"open","ping_status":"open","sticky":false,"template":"","format":"standard","meta":{"footnotes":""},"categories":[9],"tags":[],"class_list":["post-397","post","type-post","status-publish","format-standard","hentry","category-historique"],"yoast_head":"<!-- This site is optimized with the Yoast SEO plugin v26.0 - https:\/\/yoast.com\/wordpress\/plugins\/seo\/ -->\n<title>Album du vendredi, C&#039;est la vie - leblogmoto.com<\/title>\n<meta name=\"robots\" content=\"index, follow, max-snippet:-1, max-image-preview:large, max-video-preview:-1\" \/>\n<link rel=\"canonical\" href=\"https:\/\/blogs.thesocialmedia.com\/leblogmoto\/2008\/11\/21\/album-du-vend-2-4\/\" \/>\n<meta name=\"twitter:card\" content=\"summary_large_image\" \/>\n<meta name=\"twitter:title\" content=\"Album du vendredi, C&#039;est la vie - leblogmoto.com\" \/>\n<meta name=\"twitter:description\" content=\"John Dominis 1971 Google en partenariat avec le magazine LIFE rend maintenant disponibles certaines des archives photographiques du c\u00e9l\u00e8bre magazine. Certaines de ces images sont c\u00e9l\u00e8bres et font partit de notre m\u00e9moire collective, d\u2019autres, jamais publi\u00e9es et donc in\u00e9dites peuvent s\u2019av\u00e9r\u00e9es banales, mais on peut y trouver parfois des tr\u00e9sors. Couvrant toutes les d\u00e9cennies depuis [&hellip;]\" \/>\n<meta name=\"twitter:image\" content=\"http:\/\/www.leblogmoto.com\/images\/2008\/11\/20\/life1.jpg\" \/>\n<meta name=\"twitter:label1\" content=\"\u00c9crit par\" \/>\n\t<meta name=\"twitter:data1\" content=\"jacques lesage\" \/>\n\t<meta name=\"twitter:label2\" content=\"Dur\u00e9e de lecture estim\u00e9e\" \/>\n\t<meta name=\"twitter:data2\" content=\"1 minute\" \/>\n<script type=\"application\/ld+json\" class=\"yoast-schema-graph\">{\"@context\":\"https:\/\/schema.org\",\"@graph\":[{\"@type\":\"WebPage\",\"@id\":\"https:\/\/blogs.thesocialmedia.com\/leblogmoto\/2008\/11\/21\/album-du-vend-2-4\/\",\"url\":\"https:\/\/blogs.thesocialmedia.com\/leblogmoto\/2008\/11\/21\/album-du-vend-2-4\/\",\"name\":\"Album du vendredi, C'est la vie - leblogmoto.com\",\"isPartOf\":{\"@id\":\"https:\/\/blogs.thesocialmedia.com\/leblogmoto\/#website\"},\"primaryImageOfPage\":{\"@id\":\"https:\/\/blogs.thesocialmedia.com\/leblogmoto\/2008\/11\/21\/album-du-vend-2-4\/#primaryimage\"},\"image\":{\"@id\":\"https:\/\/blogs.thesocialmedia.com\/leblogmoto\/2008\/11\/21\/album-du-vend-2-4\/#primaryimage\"},\"thumbnailUrl\":\"http:\/\/www.leblogmoto.com\/images\/2008\/11\/20\/life1.jpg\",\"datePublished\":\"2008-11-21T04:55:34+00:00\",\"dateModified\":\"2012-07-11T16:38:15+00:00\",\"author\":{\"@id\":\"https:\/\/blogs.thesocialmedia.com\/leblogmoto\/#\/schema\/person\/e82a0ca8a9a63d031586097a3ed58526\"},\"breadcrumb\":{\"@id\":\"https:\/\/blogs.thesocialmedia.com\/leblogmoto\/2008\/11\/21\/album-du-vend-2-4\/#breadcrumb\"},\"inLanguage\":\"fr-FR\",\"potentialAction\":[{\"@type\":\"ReadAction\",\"target\":[\"https:\/\/blogs.thesocialmedia.com\/leblogmoto\/2008\/11\/21\/album-du-vend-2-4\/\"]}]},{\"@type\":\"ImageObject\",\"inLanguage\":\"fr-FR\",\"@id\":\"https:\/\/blogs.thesocialmedia.com\/leblogmoto\/2008\/11\/21\/album-du-vend-2-4\/#primaryimage\",\"url\":\"http:\/\/www.leblogmoto.com\/images\/2008\/11\/20\/life1.jpg\",\"contentUrl\":\"http:\/\/www.leblogmoto.com\/images\/2008\/11\/20\/life1.jpg\"},{\"@type\":\"BreadcrumbList\",\"@id\":\"https:\/\/blogs.thesocialmedia.com\/leblogmoto\/2008\/11\/21\/album-du-vend-2-4\/#breadcrumb\",\"itemListElement\":[{\"@type\":\"ListItem\",\"position\":1,\"name\":\"Accueil\",\"item\":\"https:\/\/blogs.thesocialmedia.com\/leblogmoto\/\"},{\"@type\":\"ListItem\",\"position\":2,\"name\":\"Album du vendredi, C&rsquo;est la vie\"}]},{\"@type\":\"WebSite\",\"@id\":\"https:\/\/blogs.thesocialmedia.com\/leblogmoto\/#website\",\"url\":\"https:\/\/blogs.thesocialmedia.com\/leblogmoto\/\",\"name\":\"leblogmoto\",\"description\":\"Toute l&#039;actualit\u00e9 des 2 roues\",\"potentialAction\":[{\"@type\":\"SearchAction\",\"target\":{\"@type\":\"EntryPoint\",\"urlTemplate\":\"https:\/\/blogs.thesocialmedia.com\/leblogmoto\/?s={search_term_string}\"},\"query-input\":{\"@type\":\"PropertyValueSpecification\",\"valueRequired\":true,\"valueName\":\"search_term_string\"}}],\"inLanguage\":\"fr-FR\"},{\"@type\":\"Person\",\"@id\":\"https:\/\/blogs.thesocialmedia.com\/leblogmoto\/#\/schema\/person\/e82a0ca8a9a63d031586097a3ed58526\",\"name\":\"jacques lesage\",\"image\":{\"@type\":\"ImageObject\",\"inLanguage\":\"fr-FR\",\"@id\":\"https:\/\/blogs.thesocialmedia.com\/leblogmoto\/#\/schema\/person\/image\/\",\"url\":\"https:\/\/secure.gravatar.com\/avatar\/?s=96&d=mm&r=g\",\"contentUrl\":\"https:\/\/secure.gravatar.com\/avatar\/?s=96&d=mm&r=g\",\"caption\":\"jacques lesage\"},\"url\":\"https:\/\/blogs.thesocialmedia.com\/leblogmoto\/author\/jacques-lesage\/\"}]}<\/script>\n<!-- \/ Yoast SEO plugin. -->","yoast_head_json":{"title":"Album du vendredi, C'est la vie - leblogmoto.com","robots":{"index":"index","follow":"follow","max-snippet":"max-snippet:-1","max-image-preview":"max-image-preview:large","max-video-preview":"max-video-preview:-1"},"canonical":"https:\/\/blogs.thesocialmedia.com\/leblogmoto\/2008\/11\/21\/album-du-vend-2-4\/","twitter_card":"summary_large_image","twitter_title":"Album du vendredi, C'est la vie - leblogmoto.com","twitter_description":"John Dominis 1971 Google en partenariat avec le magazine LIFE rend maintenant disponibles certaines des archives photographiques du c\u00e9l\u00e8bre magazine. Certaines de ces images sont c\u00e9l\u00e8bres et font partit de notre m\u00e9moire collective, d\u2019autres, jamais publi\u00e9es et donc in\u00e9dites peuvent s\u2019av\u00e9r\u00e9es banales, mais on peut y trouver parfois des tr\u00e9sors. Couvrant toutes les d\u00e9cennies depuis [&hellip;]","twitter_image":"http:\/\/www.leblogmoto.com\/images\/2008\/11\/20\/life1.jpg","twitter_misc":{"\u00c9crit par":"jacques lesage","Dur\u00e9e de lecture estim\u00e9e":"1 minute"},"schema":{"@context":"https:\/\/schema.org","@graph":[{"@type":"WebPage","@id":"https:\/\/blogs.thesocialmedia.com\/leblogmoto\/2008\/11\/21\/album-du-vend-2-4\/","url":"https:\/\/blogs.thesocialmedia.com\/leblogmoto\/2008\/11\/21\/album-du-vend-2-4\/","name":"Album du vendredi, C'est la vie - leblogmoto.com","isPartOf":{"@id":"https:\/\/blogs.thesocialmedia.com\/leblogmoto\/#website"},"primaryImageOfPage":{"@id":"https:\/\/blogs.thesocialmedia.com\/leblogmoto\/2008\/11\/21\/album-du-vend-2-4\/#primaryimage"},"image":{"@id":"https:\/\/blogs.thesocialmedia.com\/leblogmoto\/2008\/11\/21\/album-du-vend-2-4\/#primaryimage"},"thumbnailUrl":"http:\/\/www.leblogmoto.com\/images\/2008\/11\/20\/life1.jpg","datePublished":"2008-11-21T04:55:34+00:00","dateModified":"2012-07-11T16:38:15+00:00","author":{"@id":"https:\/\/blogs.thesocialmedia.com\/leblogmoto\/#\/schema\/person\/e82a0ca8a9a63d031586097a3ed58526"},"breadcrumb":{"@id":"https:\/\/blogs.thesocialmedia.com\/leblogmoto\/2008\/11\/21\/album-du-vend-2-4\/#breadcrumb"},"inLanguage":"fr-FR","potentialAction":[{"@type":"ReadAction","target":["https:\/\/blogs.thesocialmedia.com\/leblogmoto\/2008\/11\/21\/album-du-vend-2-4\/"]}]},{"@type":"ImageObject","inLanguage":"fr-FR","@id":"https:\/\/blogs.thesocialmedia.com\/leblogmoto\/2008\/11\/21\/album-du-vend-2-4\/#primaryimage","url":"http:\/\/www.leblogmoto.com\/images\/2008\/11\/20\/life1.jpg","contentUrl":"http:\/\/www.leblogmoto.com\/images\/2008\/11\/20\/life1.jpg"},{"@type":"BreadcrumbList","@id":"https:\/\/blogs.thesocialmedia.com\/leblogmoto\/2008\/11\/21\/album-du-vend-2-4\/#breadcrumb","itemListElement":[{"@type":"ListItem","position":1,"name":"Accueil","item":"https:\/\/blogs.thesocialmedia.com\/leblogmoto\/"},{"@type":"ListItem","position":2,"name":"Album du vendredi, C&rsquo;est la vie"}]},{"@type":"WebSite","@id":"https:\/\/blogs.thesocialmedia.com\/leblogmoto\/#website","url":"https:\/\/blogs.thesocialmedia.com\/leblogmoto\/","name":"leblogmoto","description":"Toute l&#039;actualit\u00e9 des 2 roues","potentialAction":[{"@type":"SearchAction","target":{"@type":"EntryPoint","urlTemplate":"https:\/\/blogs.thesocialmedia.com\/leblogmoto\/?s={search_term_string}"},"query-input":{"@type":"PropertyValueSpecification","valueRequired":true,"valueName":"search_term_string"}}],"inLanguage":"fr-FR"},{"@type":"Person","@id":"https:\/\/blogs.thesocialmedia.com\/leblogmoto\/#\/schema\/person\/e82a0ca8a9a63d031586097a3ed58526","name":"jacques lesage","image":{"@type":"ImageObject","inLanguage":"fr-FR","@id":"https:\/\/blogs.thesocialmedia.com\/leblogmoto\/#\/schema\/person\/image\/","url":"https:\/\/secure.gravatar.com\/avatar\/?s=96&d=mm&r=g","contentUrl":"https:\/\/secure.gravatar.com\/avatar\/?s=96&d=mm&r=g","caption":"jacques lesage"},"url":"https:\/\/blogs.thesocialmedia.com\/leblogmoto\/author\/jacques-lesage\/"}]}},"_links":{"self":[{"href":"https:\/\/blogs.thesocialmedia.com\/leblogmoto\/wp-json\/wp\/v2\/posts\/397","targetHints":{"allow":["GET"]}}],"collection":[{"href":"https:\/\/blogs.thesocialmedia.com\/leblogmoto\/wp-json\/wp\/v2\/posts"}],"about":[{"href":"https:\/\/blogs.thesocialmedia.com\/leblogmoto\/wp-json\/wp\/v2\/types\/post"}],"author":[{"embeddable":true,"href":"https:\/\/blogs.thesocialmedia.com\/leblogmoto\/wp-json\/wp\/v2\/users\/325"}],"replies":[{"embeddable":true,"href":"https:\/\/blogs.thesocialmedia.com\/leblogmoto\/wp-json\/wp\/v2\/comments?post=397"}],"version-history":[{"count":2,"href":"https:\/\/blogs.thesocialmedia.com\/leblogmoto\/wp-json\/wp\/v2\/posts\/397\/revisions"}],"predecessor-version":[{"id":12157,"href":"https:\/\/blogs.thesocialmedia.com\/leblogmoto\/wp-json\/wp\/v2\/posts\/397\/revisions\/12157"}],"wp:attachment":[{"href":"https:\/\/blogs.thesocialmedia.com\/leblogmoto\/wp-json\/wp\/v2\/media?parent=397"}],"wp:term":[{"taxonomy":"category","embeddable":true,"href":"https:\/\/blogs.thesocialmedia.com\/leblogmoto\/wp-json\/wp\/v2\/categories?post=397"},{"taxonomy":"post_tag","embeddable":true,"href":"https:\/\/blogs.thesocialmedia.com\/leblogmoto\/wp-json\/wp\/v2\/tags?post=397"}],"curies":[{"name":"wp","href":"https:\/\/api.w.org\/{rel}","templated":true}]}}