{"id":399,"date":"2008-11-20T23:40:45","date_gmt":"2008-11-20T23:40:45","guid":{"rendered":"http:\/\/blogs.thesocialmedia.com\/leblogmoto\/2008\/11\/20\/des-bcanes-avc\/"},"modified":"2008-11-20T23:40:45","modified_gmt":"2008-11-20T23:40:45","slug":"des-bcanes-avc","status":"publish","type":"post","link":"https:\/\/blogs.thesocialmedia.com\/leblogmoto\/2008\/11\/20\/des-bcanes-avc\/","title":{"rendered":"Des b\u00e9canes avec et sans roues pour le dernier Star Trek."},"content":{"rendered":"<div><object width=\"480\" height=\"384\"><embed height=\"384\" type=\"application\/x-shockwave-flash\" width=\"480\" src=\"http:\/\/www.dailymotion.com\/swf\/k3WOU6n09GRaUJQtEl&amp;related=0&amp;canvas=medium\"><\/embed><\/object><br \/><strong><a href=\"http:\/\/www.dailymotion.com\/video\/x7g2hl_star-trek-xi-trailer-bandeannonce-v_shortfilms\">Star Trek XI : Bande-Annonce&nbsp; [VF]<\/a><\/strong><\/p>\n<p>Voici le tout dernier Star Trek, le onzi\u00e8me du nom, avec J.J. Abrams aux commandes, le fils prodige et prodigue, sc\u00e9nariste, producteur et r\u00e9alisateur des s\u00e9ries Alias et Lost. Le synopsis de cet \u00e9pisode qui sortira chez nous le 6 mai prochain, raconte la rencontre entre James T.Kirk et Spock, et les suit dans leur toute premi\u00e8re aventure. Le (demi) Vulcain est jou\u00e9 par Zachary Quinto, alias Silar, le d\u00e9coupeur de boites cr\u00e2niennes dans la s\u00e9rie Heroes. Pour ce qui nous concerne, le film fait la part belle aux guidons, du moins dans sa bande annonce. La mise en bouche commence imm\u00e9diatement avec une course poursuite (<a href=\"http:\/\/www.leblogmoto.com\/2008\/10\/disney-met-des.html\">encore<\/a> une !) entre une Corvette Stingray des ann\u00e9es soixante et une moto du type JetBike de la Guerre des Etoiles, la nouvelle majeure \u00e9tant que les policiers auront d\u00e9finitivement abandonn\u00e9 leur BMW baleines et cachalot dans un avenir proche. La seconde b\u00e9cane, beaucoup plus classique, est une belle sportive inconnue, \u00e9quip\u00e9e de curieux prot\u00e8ges-mains, pour lui donner une apparence futuriste sans doute. Pour les int\u00e9gristes de la V.O (dont je suis), le trailer en Anglais est <a href=\"http:\/\/www.dailymotion.com\/relevance\/search\/star%2Btrek%2Bxi\/video\/x7fr40_star-trek-xi-trailer-bandeannonce-h_shortfilms\">ici<\/a>.<\/p>\n<\/div>\n","protected":false},"excerpt":{"rendered":"<p>Star Trek XI : Bande-Annonce&nbsp; [VF] Voici le tout dernier Star Trek, le onzi\u00e8me du nom, avec J.J. Abrams aux commandes, le fils prodige et prodigue, sc\u00e9nariste, producteur et r\u00e9alisateur des s\u00e9ries Alias et Lost. Le synopsis de cet \u00e9pisode qui sortira chez nous le 6 mai prochain, raconte la rencontre entre James T.Kirk et [&hellip;]<\/p>\n","protected":false},"author":324,"featured_media":0,"comment_status":"open","ping_status":"open","sticky":false,"template":"","format":"standard","meta":{"footnotes":""},"categories":[3,17,12],"tags":[],"class_list":["post-399","post","type-post","status-publish","format-standard","hentry","category-actualite","category-divers","category-videos"],"yoast_head":"<!-- This site is optimized with the Yoast SEO plugin v26.0 - https:\/\/yoast.com\/wordpress\/plugins\/seo\/ -->\n<title>Des b\u00e9canes avec et sans roues pour le dernier Star Trek. - leblogmoto.com<\/title>\n<meta name=\"robots\" content=\"index, follow, max-snippet:-1, max-image-preview:large, max-video-preview:-1\" \/>\n<link rel=\"canonical\" href=\"https:\/\/blogs.thesocialmedia.com\/leblogmoto\/2008\/11\/20\/des-bcanes-avc\/\" \/>\n<meta name=\"twitter:card\" content=\"summary_large_image\" \/>\n<meta name=\"twitter:title\" content=\"Des b\u00e9canes avec et sans roues pour le dernier Star Trek. - leblogmoto.com\" \/>\n<meta name=\"twitter:description\" content=\"Star Trek XI : Bande-Annonce&nbsp; [VF] Voici le tout dernier Star Trek, le onzi\u00e8me du nom, avec J.J. Abrams aux commandes, le fils prodige et prodigue, sc\u00e9nariste, producteur et r\u00e9alisateur des s\u00e9ries Alias et Lost. Le synopsis de cet \u00e9pisode qui sortira chez nous le 6 mai prochain, raconte la rencontre entre James T.Kirk et [&hellip;]\" \/>\n<meta name=\"twitter:label1\" content=\"\u00c9crit par\" \/>\n\t<meta name=\"twitter:data1\" content=\"benoit rieu\" \/>\n\t<meta name=\"twitter:label2\" content=\"Dur\u00e9e de lecture estim\u00e9e\" \/>\n\t<meta name=\"twitter:data2\" content=\"1 minute\" \/>\n<script type=\"application\/ld+json\" class=\"yoast-schema-graph\">{\"@context\":\"https:\/\/schema.org\",\"@graph\":[{\"@type\":\"WebPage\",\"@id\":\"https:\/\/blogs.thesocialmedia.com\/leblogmoto\/2008\/11\/20\/des-bcanes-avc\/\",\"url\":\"https:\/\/blogs.thesocialmedia.com\/leblogmoto\/2008\/11\/20\/des-bcanes-avc\/\",\"name\":\"Des b\u00e9canes avec et sans roues pour le dernier Star Trek. - leblogmoto.com\",\"isPartOf\":{\"@id\":\"https:\/\/blogs.thesocialmedia.com\/leblogmoto\/#website\"},\"datePublished\":\"2008-11-20T23:40:45+00:00\",\"author\":{\"@id\":\"https:\/\/blogs.thesocialmedia.com\/leblogmoto\/#\/schema\/person\/18bfe773e5725ed6d24f743da805362a\"},\"breadcrumb\":{\"@id\":\"https:\/\/blogs.thesocialmedia.com\/leblogmoto\/2008\/11\/20\/des-bcanes-avc\/#breadcrumb\"},\"inLanguage\":\"fr-FR\",\"potentialAction\":[{\"@type\":\"ReadAction\",\"target\":[\"https:\/\/blogs.thesocialmedia.com\/leblogmoto\/2008\/11\/20\/des-bcanes-avc\/\"]}]},{\"@type\":\"BreadcrumbList\",\"@id\":\"https:\/\/blogs.thesocialmedia.com\/leblogmoto\/2008\/11\/20\/des-bcanes-avc\/#breadcrumb\",\"itemListElement\":[{\"@type\":\"ListItem\",\"position\":1,\"name\":\"Accueil\",\"item\":\"https:\/\/blogs.thesocialmedia.com\/leblogmoto\/\"},{\"@type\":\"ListItem\",\"position\":2,\"name\":\"Des b\u00e9canes avec et sans roues pour le dernier Star Trek.\"}]},{\"@type\":\"WebSite\",\"@id\":\"https:\/\/blogs.thesocialmedia.com\/leblogmoto\/#website\",\"url\":\"https:\/\/blogs.thesocialmedia.com\/leblogmoto\/\",\"name\":\"leblogmoto\",\"description\":\"Toute l&#039;actualit\u00e9 des 2 roues\",\"potentialAction\":[{\"@type\":\"SearchAction\",\"target\":{\"@type\":\"EntryPoint\",\"urlTemplate\":\"https:\/\/blogs.thesocialmedia.com\/leblogmoto\/?s={search_term_string}\"},\"query-input\":{\"@type\":\"PropertyValueSpecification\",\"valueRequired\":true,\"valueName\":\"search_term_string\"}}],\"inLanguage\":\"fr-FR\"},{\"@type\":\"Person\",\"@id\":\"https:\/\/blogs.thesocialmedia.com\/leblogmoto\/#\/schema\/person\/18bfe773e5725ed6d24f743da805362a\",\"name\":\"benoit rieu\",\"image\":{\"@type\":\"ImageObject\",\"inLanguage\":\"fr-FR\",\"@id\":\"https:\/\/blogs.thesocialmedia.com\/leblogmoto\/#\/schema\/person\/image\/\",\"url\":\"https:\/\/secure.gravatar.com\/avatar\/?s=96&d=mm&r=g\",\"contentUrl\":\"https:\/\/secure.gravatar.com\/avatar\/?s=96&d=mm&r=g\",\"caption\":\"benoit rieu\"},\"url\":\"https:\/\/blogs.thesocialmedia.com\/leblogmoto\/author\/benoit-rieu\/\"}]}<\/script>\n<!-- \/ Yoast SEO plugin. -->","yoast_head_json":{"title":"Des b\u00e9canes avec et sans roues pour le dernier Star Trek. - leblogmoto.com","robots":{"index":"index","follow":"follow","max-snippet":"max-snippet:-1","max-image-preview":"max-image-preview:large","max-video-preview":"max-video-preview:-1"},"canonical":"https:\/\/blogs.thesocialmedia.com\/leblogmoto\/2008\/11\/20\/des-bcanes-avc\/","twitter_card":"summary_large_image","twitter_title":"Des b\u00e9canes avec et sans roues pour le dernier Star Trek. - leblogmoto.com","twitter_description":"Star Trek XI : Bande-Annonce&nbsp; [VF] Voici le tout dernier Star Trek, le onzi\u00e8me du nom, avec J.J. Abrams aux commandes, le fils prodige et prodigue, sc\u00e9nariste, producteur et r\u00e9alisateur des s\u00e9ries Alias et Lost. Le synopsis de cet \u00e9pisode qui sortira chez nous le 6 mai prochain, raconte la rencontre entre James T.Kirk et [&hellip;]","twitter_misc":{"\u00c9crit par":"benoit rieu","Dur\u00e9e de lecture estim\u00e9e":"1 minute"},"schema":{"@context":"https:\/\/schema.org","@graph":[{"@type":"WebPage","@id":"https:\/\/blogs.thesocialmedia.com\/leblogmoto\/2008\/11\/20\/des-bcanes-avc\/","url":"https:\/\/blogs.thesocialmedia.com\/leblogmoto\/2008\/11\/20\/des-bcanes-avc\/","name":"Des b\u00e9canes avec et sans roues pour le dernier Star Trek. - leblogmoto.com","isPartOf":{"@id":"https:\/\/blogs.thesocialmedia.com\/leblogmoto\/#website"},"datePublished":"2008-11-20T23:40:45+00:00","author":{"@id":"https:\/\/blogs.thesocialmedia.com\/leblogmoto\/#\/schema\/person\/18bfe773e5725ed6d24f743da805362a"},"breadcrumb":{"@id":"https:\/\/blogs.thesocialmedia.com\/leblogmoto\/2008\/11\/20\/des-bcanes-avc\/#breadcrumb"},"inLanguage":"fr-FR","potentialAction":[{"@type":"ReadAction","target":["https:\/\/blogs.thesocialmedia.com\/leblogmoto\/2008\/11\/20\/des-bcanes-avc\/"]}]},{"@type":"BreadcrumbList","@id":"https:\/\/blogs.thesocialmedia.com\/leblogmoto\/2008\/11\/20\/des-bcanes-avc\/#breadcrumb","itemListElement":[{"@type":"ListItem","position":1,"name":"Accueil","item":"https:\/\/blogs.thesocialmedia.com\/leblogmoto\/"},{"@type":"ListItem","position":2,"name":"Des b\u00e9canes avec et sans roues pour le dernier Star Trek."}]},{"@type":"WebSite","@id":"https:\/\/blogs.thesocialmedia.com\/leblogmoto\/#website","url":"https:\/\/blogs.thesocialmedia.com\/leblogmoto\/","name":"leblogmoto","description":"Toute l&#039;actualit\u00e9 des 2 roues","potentialAction":[{"@type":"SearchAction","target":{"@type":"EntryPoint","urlTemplate":"https:\/\/blogs.thesocialmedia.com\/leblogmoto\/?s={search_term_string}"},"query-input":{"@type":"PropertyValueSpecification","valueRequired":true,"valueName":"search_term_string"}}],"inLanguage":"fr-FR"},{"@type":"Person","@id":"https:\/\/blogs.thesocialmedia.com\/leblogmoto\/#\/schema\/person\/18bfe773e5725ed6d24f743da805362a","name":"benoit rieu","image":{"@type":"ImageObject","inLanguage":"fr-FR","@id":"https:\/\/blogs.thesocialmedia.com\/leblogmoto\/#\/schema\/person\/image\/","url":"https:\/\/secure.gravatar.com\/avatar\/?s=96&d=mm&r=g","contentUrl":"https:\/\/secure.gravatar.com\/avatar\/?s=96&d=mm&r=g","caption":"benoit rieu"},"url":"https:\/\/blogs.thesocialmedia.com\/leblogmoto\/author\/benoit-rieu\/"}]}},"_links":{"self":[{"href":"https:\/\/blogs.thesocialmedia.com\/leblogmoto\/wp-json\/wp\/v2\/posts\/399","targetHints":{"allow":["GET"]}}],"collection":[{"href":"https:\/\/blogs.thesocialmedia.com\/leblogmoto\/wp-json\/wp\/v2\/posts"}],"about":[{"href":"https:\/\/blogs.thesocialmedia.com\/leblogmoto\/wp-json\/wp\/v2\/types\/post"}],"author":[{"embeddable":true,"href":"https:\/\/blogs.thesocialmedia.com\/leblogmoto\/wp-json\/wp\/v2\/users\/324"}],"replies":[{"embeddable":true,"href":"https:\/\/blogs.thesocialmedia.com\/leblogmoto\/wp-json\/wp\/v2\/comments?post=399"}],"version-history":[{"count":0,"href":"https:\/\/blogs.thesocialmedia.com\/leblogmoto\/wp-json\/wp\/v2\/posts\/399\/revisions"}],"wp:attachment":[{"href":"https:\/\/blogs.thesocialmedia.com\/leblogmoto\/wp-json\/wp\/v2\/media?parent=399"}],"wp:term":[{"taxonomy":"category","embeddable":true,"href":"https:\/\/blogs.thesocialmedia.com\/leblogmoto\/wp-json\/wp\/v2\/categories?post=399"},{"taxonomy":"post_tag","embeddable":true,"href":"https:\/\/blogs.thesocialmedia.com\/leblogmoto\/wp-json\/wp\/v2\/tags?post=399"}],"curies":[{"name":"wp","href":"https:\/\/api.w.org\/{rel}","templated":true}]}}