{"id":40,"date":"2009-10-21T16:18:49","date_gmt":"2009-10-21T16:18:49","guid":{"rendered":"http:\/\/blogs.thesocialmedia.com\/leblogmoto\/2009\/10\/21\/honda-vfr1200f-presentation\/"},"modified":"2012-07-11T17:40:52","modified_gmt":"2012-07-11T17:40:52","slug":"honda-vfr1200f-presentation","status":"publish","type":"post","link":"https:\/\/blogs.thesocialmedia.com\/leblogmoto\/2009\/10\/21\/honda-vfr1200f-presentation\/","title":{"rendered":"Honda VFR1200F, pr\u00e9sentation"},"content":{"rendered":"<p><a href=\"http:\/\/blogs.thesocialmedia.com\/leblogmoto\/files\/2012\/07\/6a00d83451b18369e20120a6634f3d970c-popup.png\"><img decoding=\"async\" alt=\"Vfr1\" class=\"asset asset-image at-xid-6a00d83451b18369e20120a6634f3d970c \" src=\"http:\/\/blogs.thesocialmedia.com\/leblogmoto\/files\/2012\/07\/6a00d83451b18369e20120a6634f3d970c-500wi.jpg\" style=\"width: 470px\" \/><\/a>  <\/p>\n<p>Le voisin de gauche dans ma rue poss\u00e8de une VFR, rouge \u00e9videmment. Il l&#039;utilise tous les jours pour se rendre au boulot, et r\u00e9ussit m\u00eame parfois \u00e0 convaincre sa douce moiti\u00e9 de grimper \u00e0 bord (exactement comme dans <a href=\"http:\/\/www.youtube.com\/user\/FeelV4\">la vid\u00e9o<\/a> ci-dessous, il suffit d&#039;imaginer une cabane au Canada plut\u00f4t qu&#039;un ch\u00e2teau). Je n&#039;ai pas encore eu l&#039;occasion de lui demander son avis sur la nouvelle<a href=\"http:\/\/moto.honda.fr\/\"> VFR1200F,<\/a> qui sera officiellement pr\u00e9sent\u00e9e dans quelques jours au <a href=\"http:\/\/www.tokyo-motorshow.com\/en\/index.html\">Salon de Tokyo<\/a>, mais s&#039;il n&#039;avait pas mis toutes ses \u00e9conomies dans cette nouvelle maison, je crois qu&#039;il pourrait tr\u00e8s facilement se laisser tenter.<\/p>\n<p> L&#039;Interceptor des d\u00e9buts peinerait \u00e0 se reconna\u00eetre, m\u00eame si l&#039;h\u00e9ritage sportif est toujours pr\u00e9sent. Et \u00e0 en pas douter, il sera s\u00fbrement possible d&#039;avoir beaucoup de plaisir sur un circuit au guidon de cette nouvelle VFR, mais de caract\u00e8re, ce sont ces voyages au long cours qui lui si\u00e9ent le mieux.<br \/>La configuration du V4 de 1237cm3 avec son caract\u00e8re permettant un pluralisme d&#039;expression r\u00e9ussira \u00e0 plaire au plus grand nombre sans s&#039;ali\u00e9ner les plus radicaux, qui y trouveront tout de m\u00eame 170 chevaux et tout le couple d\u00e9sir\u00e9.<br \/>La VFR au fil des ans a toujours su alimenter la ferveur de ses nombreux partisans, et cette nouvelle version qui semble vouloir s&#039;en prendre du m\u00eame souffle aux K1300S et K1300GT de <a href=\"http:\/\/www.bmw-motorrad.fr\/fr\/fr\/index.html\">BMW<\/a> a des atouts convaincants. Sportive, mais pas trop, avec une position de conduite plus relev\u00e9e et le temp\u00e9rament homog\u00e8ne d&#039;un V4 compact et aux vibrations sous surveillance, mais pas soporifique pour autant, car plus \u00e9lanc\u00e9e et \u00e9troite avec une meilleure r\u00e9partition des masses, et un moteur plus avanc\u00e9 permettant une meilleure adh\u00e9rence en entr\u00e9e de virage et freinage int\u00e9gral avec ABS de s\u00e9rie.<br \/>Reste cette fameuse bo\u00eete automatique dont l&#039;offre semble encore n\u00e9buleuse selon les march\u00e9s, mais chose certaine, l&#039;\u00e9lectronique va continuer \u00e0 prendre de plus en plus de place, et tant que le plaisir de la conduite en sera am\u00e9lior\u00e9 et non pas amoindri, ils peuvent inventer ce qu&#039;ils veulent.<br \/>Dommage que dans certains pays, dont la France, elle sera brid\u00e9e (ce qui ne devrait pas nuire au plaisir de rouler pendant des heures, sa vocation premi\u00e8re), puis demeure l&#039;incertitude de son prix, que les rumeurs disent d\u00e9raisonnable.<br \/>On verra bien, surtout qu&#039;apr\u00e8s Tokyo, il y a <a href=\"http:\/\/www.eicma.it\/moto\/en\/default.aspx\">Milan<\/a>, et notre esprit, voire notre coeur, risque d&#039;\u00eatre bien vite ailleurs. D\u00e9sol\u00e9 Honda, esp\u00e9rons que vous avez bien identifi\u00e9 votre cible.<\/p>\n<p><a href=\"http:\/\/clabedan.typepad.com\/.a\/6a00d83451b18369e20120a66350e0970c-popup\"><img decoding=\"async\" alt=\"Vfr2\" class=\"asset asset-image at-xid-6a00d83451b18369e20120a66350e0970c \" src=\"http:\/\/blogs.thesocialmedia.com\/leblogmoto\/files\/2012\/07\/6a00d83451b18369e20120a66350e0970c-500wi.jpg\" style=\"width: 470px\" \/><\/a> <\/p>\n<p><a href=\"http:\/\/blogs.thesocialmedia.com\/leblogmoto\/files\/2012\/07\/6a00d83451b18369e20120a66350a0970c-popup.png\"><img decoding=\"async\" alt=\"Vfr3\" class=\"asset asset-image at-xid-6a00d83451b18369e20120a66350a0970c \" src=\"http:\/\/blogs.thesocialmedia.com\/leblogmoto\/files\/2012\/07\/6a00d83451b18369e20120a66350a0970c-500wi.jpg\" style=\"width: 470px\" \/><\/a> <\/p>\n<p><a href=\"http:\/\/blogs.thesocialmedia.com\/leblogmoto\/files\/2012\/07\/6a00d83451b18369e20120a6635040970c-popup.png\"><img decoding=\"async\" alt=\"Vfr4\" class=\"asset asset-image at-xid-6a00d83451b18369e20120a6635040970c \" src=\"http:\/\/blogs.thesocialmedia.com\/leblogmoto\/files\/2012\/07\/6a00d83451b18369e20120a6635040970c-500wi.jpg\" style=\"width: 470px\" \/><\/a> <\/p>\n<p><a href=\"http:\/\/blogs.thesocialmedia.com\/leblogmoto\/files\/2012\/07\/6a00d83451b18369e20120a6634fe4970c-popup.png\"><img decoding=\"async\" alt=\"Vfr5\" class=\"asset asset-image at-xid-6a00d83451b18369e20120a6634fe4970c \" src=\"http:\/\/blogs.thesocialmedia.com\/leblogmoto\/files\/2012\/07\/6a00d83451b18369e20120a6634fe4970c-500wi.jpg\" style=\"width: 470px\" \/><\/a> <\/p>\n<p><a href=\"http:\/\/blogs.thesocialmedia.com\/leblogmoto\/files\/2012\/07\/6a00d83451b18369e20120a60cd25c970b-popup.png\"><img decoding=\"async\" alt=\"Vfr6\" class=\"asset asset-image at-xid-6a00d83451b18369e20120a60cd25c970b \" src=\"http:\/\/blogs.thesocialmedia.com\/leblogmoto\/files\/2012\/07\/6a00d83451b18369e20120a60cd25c970b-500wi.jpg\" style=\"width: 470px\" \/><\/a> <\/p>\n<p><object height=\"295\" width=\"480\"><param name=\"movie\" value=\"http:\/\/www.youtube.com\/v\/Q8GD_yQfQuQ&amp;hl=fr&amp;fs=1&amp;rel=0\" \/><param name=\"allowFullScreen\" value=\"true\" \/><param name=\"allowscriptaccess\" value=\"always\" \/><embed height=\"295\" src=\"http:\/\/www.youtube.com\/v\/Q8GD_yQfQuQ&amp;hl=fr&amp;fs=1&amp;rel=0\" type=\"application\/x-shockwave-flash\" width=\"480\" \/><\/object><\/p>\n","protected":false},"excerpt":{"rendered":"<p>Le voisin de gauche dans ma rue poss\u00e8de une VFR, rouge \u00e9videmment. Il l&#039;utilise tous les jours pour se rendre au boulot, et r\u00e9ussit m\u00eame parfois \u00e0 convaincre sa douce moiti\u00e9 de grimper \u00e0 bord (exactement comme dans la vid\u00e9o ci-dessous, il suffit d&#039;imaginer une cabane au Canada plut\u00f4t qu&#039;un ch\u00e2teau). Je n&#039;ai pas encore [&hellip;]<\/p>\n","protected":false},"author":325,"featured_media":14249,"comment_status":"open","ping_status":"open","sticky":false,"template":"","format":"standard","meta":{"footnotes":""},"categories":[14,12],"tags":[],"class_list":["post-40","post","type-post","status-publish","format-standard","has-post-thumbnail","hentry","category-honda","category-videos"],"yoast_head":"<!-- This site is optimized with the Yoast SEO plugin v26.0 - https:\/\/yoast.com\/wordpress\/plugins\/seo\/ -->\n<title>Honda VFR1200F, pr\u00e9sentation - leblogmoto.com<\/title>\n<meta name=\"robots\" content=\"index, follow, max-snippet:-1, max-image-preview:large, max-video-preview:-1\" \/>\n<link rel=\"canonical\" href=\"https:\/\/blogs.thesocialmedia.com\/leblogmoto\/2009\/10\/21\/honda-vfr1200f-presentation\/\" \/>\n<meta name=\"twitter:card\" content=\"summary_large_image\" \/>\n<meta name=\"twitter:title\" content=\"Honda VFR1200F, pr\u00e9sentation - leblogmoto.com\" \/>\n<meta name=\"twitter:description\" content=\"Le voisin de gauche dans ma rue poss\u00e8de une VFR, rouge \u00e9videmment. Il l&#039;utilise tous les jours pour se rendre au boulot, et r\u00e9ussit m\u00eame parfois \u00e0 convaincre sa douce moiti\u00e9 de grimper \u00e0 bord (exactement comme dans la vid\u00e9o ci-dessous, il suffit d&#039;imaginer une cabane au Canada plut\u00f4t qu&#039;un ch\u00e2teau). Je n&#039;ai pas encore [&hellip;]\" \/>\n<meta name=\"twitter:image\" content=\"https:\/\/blogs.thesocialmedia.com\/leblogmoto\/files\/2012\/07\/6a00d83451b18369e20120a6634f3d970c-500wi.jpg\" \/>\n<meta name=\"twitter:label1\" content=\"\u00c9crit par\" \/>\n\t<meta name=\"twitter:data1\" content=\"jacques lesage\" \/>\n\t<meta name=\"twitter:label2\" content=\"Dur\u00e9e de lecture estim\u00e9e\" \/>\n\t<meta name=\"twitter:data2\" content=\"2 minutes\" \/>\n<script type=\"application\/ld+json\" class=\"yoast-schema-graph\">{\"@context\":\"https:\/\/schema.org\",\"@graph\":[{\"@type\":\"WebPage\",\"@id\":\"https:\/\/blogs.thesocialmedia.com\/leblogmoto\/2009\/10\/21\/honda-vfr1200f-presentation\/\",\"url\":\"https:\/\/blogs.thesocialmedia.com\/leblogmoto\/2009\/10\/21\/honda-vfr1200f-presentation\/\",\"name\":\"Honda VFR1200F, pr\u00e9sentation - leblogmoto.com\",\"isPartOf\":{\"@id\":\"https:\/\/blogs.thesocialmedia.com\/leblogmoto\/#website\"},\"primaryImageOfPage\":{\"@id\":\"https:\/\/blogs.thesocialmedia.com\/leblogmoto\/2009\/10\/21\/honda-vfr1200f-presentation\/#primaryimage\"},\"image\":{\"@id\":\"https:\/\/blogs.thesocialmedia.com\/leblogmoto\/2009\/10\/21\/honda-vfr1200f-presentation\/#primaryimage\"},\"thumbnailUrl\":\"https:\/\/blogs.thesocialmedia.com\/leblogmoto\/files\/2012\/07\/6a00d83451b18369e20120a6634f3d970c-500wi.jpg\",\"datePublished\":\"2009-10-21T16:18:49+00:00\",\"dateModified\":\"2012-07-11T17:40:52+00:00\",\"author\":{\"@id\":\"https:\/\/blogs.thesocialmedia.com\/leblogmoto\/#\/schema\/person\/e82a0ca8a9a63d031586097a3ed58526\"},\"breadcrumb\":{\"@id\":\"https:\/\/blogs.thesocialmedia.com\/leblogmoto\/2009\/10\/21\/honda-vfr1200f-presentation\/#breadcrumb\"},\"inLanguage\":\"fr-FR\",\"potentialAction\":[{\"@type\":\"ReadAction\",\"target\":[\"https:\/\/blogs.thesocialmedia.com\/leblogmoto\/2009\/10\/21\/honda-vfr1200f-presentation\/\"]}]},{\"@type\":\"ImageObject\",\"inLanguage\":\"fr-FR\",\"@id\":\"https:\/\/blogs.thesocialmedia.com\/leblogmoto\/2009\/10\/21\/honda-vfr1200f-presentation\/#primaryimage\",\"url\":\"https:\/\/blogs.thesocialmedia.com\/leblogmoto\/files\/2012\/07\/6a00d83451b18369e20120a6634f3d970c-500wi.jpg\",\"contentUrl\":\"https:\/\/blogs.thesocialmedia.com\/leblogmoto\/files\/2012\/07\/6a00d83451b18369e20120a6634f3d970c-500wi.jpg\",\"width\":\"500\",\"height\":\"375\"},{\"@type\":\"BreadcrumbList\",\"@id\":\"https:\/\/blogs.thesocialmedia.com\/leblogmoto\/2009\/10\/21\/honda-vfr1200f-presentation\/#breadcrumb\",\"itemListElement\":[{\"@type\":\"ListItem\",\"position\":1,\"name\":\"Accueil\",\"item\":\"https:\/\/blogs.thesocialmedia.com\/leblogmoto\/\"},{\"@type\":\"ListItem\",\"position\":2,\"name\":\"Honda VFR1200F, pr\u00e9sentation\"}]},{\"@type\":\"WebSite\",\"@id\":\"https:\/\/blogs.thesocialmedia.com\/leblogmoto\/#website\",\"url\":\"https:\/\/blogs.thesocialmedia.com\/leblogmoto\/\",\"name\":\"leblogmoto\",\"description\":\"Toute l&#039;actualit\u00e9 des 2 roues\",\"potentialAction\":[{\"@type\":\"SearchAction\",\"target\":{\"@type\":\"EntryPoint\",\"urlTemplate\":\"https:\/\/blogs.thesocialmedia.com\/leblogmoto\/?s={search_term_string}\"},\"query-input\":{\"@type\":\"PropertyValueSpecification\",\"valueRequired\":true,\"valueName\":\"search_term_string\"}}],\"inLanguage\":\"fr-FR\"},{\"@type\":\"Person\",\"@id\":\"https:\/\/blogs.thesocialmedia.com\/leblogmoto\/#\/schema\/person\/e82a0ca8a9a63d031586097a3ed58526\",\"name\":\"jacques lesage\",\"image\":{\"@type\":\"ImageObject\",\"inLanguage\":\"fr-FR\",\"@id\":\"https:\/\/blogs.thesocialmedia.com\/leblogmoto\/#\/schema\/person\/image\/\",\"url\":\"https:\/\/secure.gravatar.com\/avatar\/?s=96&d=mm&r=g\",\"contentUrl\":\"https:\/\/secure.gravatar.com\/avatar\/?s=96&d=mm&r=g\",\"caption\":\"jacques lesage\"},\"url\":\"https:\/\/blogs.thesocialmedia.com\/leblogmoto\/author\/jacques-lesage\/\"}]}<\/script>\n<!-- \/ Yoast SEO plugin. -->","yoast_head_json":{"title":"Honda VFR1200F, pr\u00e9sentation - leblogmoto.com","robots":{"index":"index","follow":"follow","max-snippet":"max-snippet:-1","max-image-preview":"max-image-preview:large","max-video-preview":"max-video-preview:-1"},"canonical":"https:\/\/blogs.thesocialmedia.com\/leblogmoto\/2009\/10\/21\/honda-vfr1200f-presentation\/","twitter_card":"summary_large_image","twitter_title":"Honda VFR1200F, pr\u00e9sentation - leblogmoto.com","twitter_description":"Le voisin de gauche dans ma rue poss\u00e8de une VFR, rouge \u00e9videmment. Il l&#039;utilise tous les jours pour se rendre au boulot, et r\u00e9ussit m\u00eame parfois \u00e0 convaincre sa douce moiti\u00e9 de grimper \u00e0 bord (exactement comme dans la vid\u00e9o ci-dessous, il suffit d&#039;imaginer une cabane au Canada plut\u00f4t qu&#039;un ch\u00e2teau). Je n&#039;ai pas encore [&hellip;]","twitter_image":"https:\/\/blogs.thesocialmedia.com\/leblogmoto\/files\/2012\/07\/6a00d83451b18369e20120a6634f3d970c-500wi.jpg","twitter_misc":{"\u00c9crit par":"jacques lesage","Dur\u00e9e de lecture estim\u00e9e":"2 minutes"},"schema":{"@context":"https:\/\/schema.org","@graph":[{"@type":"WebPage","@id":"https:\/\/blogs.thesocialmedia.com\/leblogmoto\/2009\/10\/21\/honda-vfr1200f-presentation\/","url":"https:\/\/blogs.thesocialmedia.com\/leblogmoto\/2009\/10\/21\/honda-vfr1200f-presentation\/","name":"Honda VFR1200F, pr\u00e9sentation - leblogmoto.com","isPartOf":{"@id":"https:\/\/blogs.thesocialmedia.com\/leblogmoto\/#website"},"primaryImageOfPage":{"@id":"https:\/\/blogs.thesocialmedia.com\/leblogmoto\/2009\/10\/21\/honda-vfr1200f-presentation\/#primaryimage"},"image":{"@id":"https:\/\/blogs.thesocialmedia.com\/leblogmoto\/2009\/10\/21\/honda-vfr1200f-presentation\/#primaryimage"},"thumbnailUrl":"https:\/\/blogs.thesocialmedia.com\/leblogmoto\/files\/2012\/07\/6a00d83451b18369e20120a6634f3d970c-500wi.jpg","datePublished":"2009-10-21T16:18:49+00:00","dateModified":"2012-07-11T17:40:52+00:00","author":{"@id":"https:\/\/blogs.thesocialmedia.com\/leblogmoto\/#\/schema\/person\/e82a0ca8a9a63d031586097a3ed58526"},"breadcrumb":{"@id":"https:\/\/blogs.thesocialmedia.com\/leblogmoto\/2009\/10\/21\/honda-vfr1200f-presentation\/#breadcrumb"},"inLanguage":"fr-FR","potentialAction":[{"@type":"ReadAction","target":["https:\/\/blogs.thesocialmedia.com\/leblogmoto\/2009\/10\/21\/honda-vfr1200f-presentation\/"]}]},{"@type":"ImageObject","inLanguage":"fr-FR","@id":"https:\/\/blogs.thesocialmedia.com\/leblogmoto\/2009\/10\/21\/honda-vfr1200f-presentation\/#primaryimage","url":"https:\/\/blogs.thesocialmedia.com\/leblogmoto\/files\/2012\/07\/6a00d83451b18369e20120a6634f3d970c-500wi.jpg","contentUrl":"https:\/\/blogs.thesocialmedia.com\/leblogmoto\/files\/2012\/07\/6a00d83451b18369e20120a6634f3d970c-500wi.jpg","width":"500","height":"375"},{"@type":"BreadcrumbList","@id":"https:\/\/blogs.thesocialmedia.com\/leblogmoto\/2009\/10\/21\/honda-vfr1200f-presentation\/#breadcrumb","itemListElement":[{"@type":"ListItem","position":1,"name":"Accueil","item":"https:\/\/blogs.thesocialmedia.com\/leblogmoto\/"},{"@type":"ListItem","position":2,"name":"Honda VFR1200F, pr\u00e9sentation"}]},{"@type":"WebSite","@id":"https:\/\/blogs.thesocialmedia.com\/leblogmoto\/#website","url":"https:\/\/blogs.thesocialmedia.com\/leblogmoto\/","name":"leblogmoto","description":"Toute l&#039;actualit\u00e9 des 2 roues","potentialAction":[{"@type":"SearchAction","target":{"@type":"EntryPoint","urlTemplate":"https:\/\/blogs.thesocialmedia.com\/leblogmoto\/?s={search_term_string}"},"query-input":{"@type":"PropertyValueSpecification","valueRequired":true,"valueName":"search_term_string"}}],"inLanguage":"fr-FR"},{"@type":"Person","@id":"https:\/\/blogs.thesocialmedia.com\/leblogmoto\/#\/schema\/person\/e82a0ca8a9a63d031586097a3ed58526","name":"jacques lesage","image":{"@type":"ImageObject","inLanguage":"fr-FR","@id":"https:\/\/blogs.thesocialmedia.com\/leblogmoto\/#\/schema\/person\/image\/","url":"https:\/\/secure.gravatar.com\/avatar\/?s=96&d=mm&r=g","contentUrl":"https:\/\/secure.gravatar.com\/avatar\/?s=96&d=mm&r=g","caption":"jacques lesage"},"url":"https:\/\/blogs.thesocialmedia.com\/leblogmoto\/author\/jacques-lesage\/"}]}},"_links":{"self":[{"href":"https:\/\/blogs.thesocialmedia.com\/leblogmoto\/wp-json\/wp\/v2\/posts\/40","targetHints":{"allow":["GET"]}}],"collection":[{"href":"https:\/\/blogs.thesocialmedia.com\/leblogmoto\/wp-json\/wp\/v2\/posts"}],"about":[{"href":"https:\/\/blogs.thesocialmedia.com\/leblogmoto\/wp-json\/wp\/v2\/types\/post"}],"author":[{"embeddable":true,"href":"https:\/\/blogs.thesocialmedia.com\/leblogmoto\/wp-json\/wp\/v2\/users\/325"}],"replies":[{"embeddable":true,"href":"https:\/\/blogs.thesocialmedia.com\/leblogmoto\/wp-json\/wp\/v2\/comments?post=40"}],"version-history":[{"count":2,"href":"https:\/\/blogs.thesocialmedia.com\/leblogmoto\/wp-json\/wp\/v2\/posts\/40\/revisions"}],"predecessor-version":[{"id":14260,"href":"https:\/\/blogs.thesocialmedia.com\/leblogmoto\/wp-json\/wp\/v2\/posts\/40\/revisions\/14260"}],"wp:featuredmedia":[{"embeddable":true,"href":"https:\/\/blogs.thesocialmedia.com\/leblogmoto\/wp-json\/wp\/v2\/media\/14249"}],"wp:attachment":[{"href":"https:\/\/blogs.thesocialmedia.com\/leblogmoto\/wp-json\/wp\/v2\/media?parent=40"}],"wp:term":[{"taxonomy":"category","embeddable":true,"href":"https:\/\/blogs.thesocialmedia.com\/leblogmoto\/wp-json\/wp\/v2\/categories?post=40"},{"taxonomy":"post_tag","embeddable":true,"href":"https:\/\/blogs.thesocialmedia.com\/leblogmoto\/wp-json\/wp\/v2\/tags?post=40"}],"curies":[{"name":"wp","href":"https:\/\/api.w.org\/{rel}","templated":true}]}}