{"id":400,"date":"2008-11-20T23:40:05","date_gmt":"2008-11-20T23:40:05","guid":{"rendered":"http:\/\/blogs.thesocialmedia.com\/leblogmoto\/2008\/11\/20\/transformer-sa\/"},"modified":"2012-07-11T16:36:18","modified_gmt":"2012-07-11T16:36:18","slug":"transformer-sa","status":"publish","type":"post","link":"https:\/\/blogs.thesocialmedia.com\/leblogmoto\/2008\/11\/20\/transformer-sa\/","title":{"rendered":"Transformer sa moto en camping car, un vieux r\u00eave impossible ?"},"content":{"rendered":"<p><a href=\"http:\/\/blogs.thesocialmedia.com\/leblogmoto\/files\/2012\/07\/moto_vintage_trailer.jpg\"><img loading=\"lazy\" decoding=\"async\" height=\"436\"  width=\"470\" src=\"http:\/\/www.leblogmoto.com\/images\/2008\/11\/20\/moto_vintage_trailer.jpg\" alt=\"Moto_vintage_trailer\" \/><\/a><\/p>\n<p>Le blog <a href=\"http:\/\/thekneeslider.com\/\">Kneeslider<\/a> a d\u00e9busqu\u00e9 dans un vieux num\u00e9ro des ann\u00e9es trente de Popular Science (l&rsquo;\u00e9quivalent de notre Science &amp; Vie) cette invention surprenante. Cette cr\u00e9ation digne du concours L\u00e9pine, est issue du cerveau d&rsquo;un inventeur allemand qui souhaitait mettre au service des motards, le confort des automobilistes r\u00e9cemment \u00e9quip\u00e9s de leur caravane. Il dispose d&rsquo;un lit \u00e0 deux places, et d&rsquo;un placard. Les victuailles, ainsi que des fourneaux (!) pour les cuisiners, sont plac\u00e9s dans le coffre, et un cano\u00eb peut m\u00eame \u00eatre attach\u00e9 sur le toit. La b\u00e9cane en elle-m\u00eame ressemble \u00e0 une sorte de bouilloire, sur la seconde image, mais elle r\u00e9v\u00e8le une plus seyante jupe fa\u00e7on Indians sur le premier croquis. Aucune pr\u00e9cision sur la cylindr\u00e9e du deux-roues, mais l&rsquo;a\u00e9rodynamisme de l&rsquo;ensemble laisse Paul Crowe, le r\u00e9dacteur de l&rsquo;article, dubitatif. Il n&rsquo;est pas le seul: C&rsquo;est moi ou la passag\u00e8re a l&rsquo;air inqui\u00e8te ? Un sac de sable inquiet, \u00e7a ne change gu\u00e8re de la r\u00e9alit\u00e9, sauf que sur une documentation destin\u00e9e \u00e0 vendre ou pr\u00e9senter un produit, cela fait d\u00e9sordre.<\/p>\n<p><a href=\"http:\/\/clabedan.typepad.com\/.shared\/image.html?\/photos\/uncategorized\/2008\/11\/20\/moto_vintage_trailer_2.jpg\"><img loading=\"lazy\" decoding=\"async\" height=\"397\"  width=\"470\" src=\"http:\/\/www.leblogmoto.com\/images\/2008\/11\/20\/moto_vintage_trailer_2.jpg\" alt=\"Moto_vintage_trailer_2\" \/><\/a> <\/p>\n","protected":false},"excerpt":{"rendered":"<p>Le blog Kneeslider a d\u00e9busqu\u00e9 dans un vieux num\u00e9ro des ann\u00e9es trente de Popular Science (l&rsquo;\u00e9quivalent de notre Science &amp; Vie) cette invention surprenante. Cette cr\u00e9ation digne du concours L\u00e9pine, est issue du cerveau d&rsquo;un inventeur allemand qui souhaitait mettre au service des motards, le confort des automobilistes r\u00e9cemment \u00e9quip\u00e9s de leur caravane. Il dispose [&hellip;]<\/p>\n","protected":false},"author":324,"featured_media":0,"comment_status":"open","ping_status":"open","sticky":false,"template":"","format":"standard","meta":{"footnotes":""},"categories":[9,58],"tags":[],"class_list":["post-400","post","type-post","status-publish","format-standard","hentry","category-historique","category-insolite"],"yoast_head":"<!-- This site is optimized with the Yoast SEO plugin v26.0 - https:\/\/yoast.com\/wordpress\/plugins\/seo\/ -->\n<title>Transformer sa moto en camping car, un vieux r\u00eave impossible ? - leblogmoto.com<\/title>\n<meta name=\"robots\" content=\"index, follow, max-snippet:-1, max-image-preview:large, max-video-preview:-1\" \/>\n<link rel=\"canonical\" href=\"https:\/\/blogs.thesocialmedia.com\/leblogmoto\/2008\/11\/20\/transformer-sa\/\" \/>\n<meta name=\"twitter:card\" content=\"summary_large_image\" \/>\n<meta name=\"twitter:title\" content=\"Transformer sa moto en camping car, un vieux r\u00eave impossible ? - leblogmoto.com\" \/>\n<meta name=\"twitter:description\" content=\"Le blog Kneeslider a d\u00e9busqu\u00e9 dans un vieux num\u00e9ro des ann\u00e9es trente de Popular Science (l&rsquo;\u00e9quivalent de notre Science &amp; Vie) cette invention surprenante. Cette cr\u00e9ation digne du concours L\u00e9pine, est issue du cerveau d&rsquo;un inventeur allemand qui souhaitait mettre au service des motards, le confort des automobilistes r\u00e9cemment \u00e9quip\u00e9s de leur caravane. Il dispose [&hellip;]\" \/>\n<meta name=\"twitter:image\" content=\"http:\/\/www.leblogmoto.com\/images\/2008\/11\/20\/moto_vintage_trailer.jpg\" \/>\n<meta name=\"twitter:label1\" content=\"\u00c9crit par\" \/>\n\t<meta name=\"twitter:data1\" content=\"benoit rieu\" \/>\n\t<meta name=\"twitter:label2\" content=\"Dur\u00e9e de lecture estim\u00e9e\" \/>\n\t<meta name=\"twitter:data2\" content=\"1 minute\" \/>\n<script type=\"application\/ld+json\" class=\"yoast-schema-graph\">{\"@context\":\"https:\/\/schema.org\",\"@graph\":[{\"@type\":\"WebPage\",\"@id\":\"https:\/\/blogs.thesocialmedia.com\/leblogmoto\/2008\/11\/20\/transformer-sa\/\",\"url\":\"https:\/\/blogs.thesocialmedia.com\/leblogmoto\/2008\/11\/20\/transformer-sa\/\",\"name\":\"Transformer sa moto en camping car, un vieux r\u00eave impossible ? - leblogmoto.com\",\"isPartOf\":{\"@id\":\"https:\/\/blogs.thesocialmedia.com\/leblogmoto\/#website\"},\"primaryImageOfPage\":{\"@id\":\"https:\/\/blogs.thesocialmedia.com\/leblogmoto\/2008\/11\/20\/transformer-sa\/#primaryimage\"},\"image\":{\"@id\":\"https:\/\/blogs.thesocialmedia.com\/leblogmoto\/2008\/11\/20\/transformer-sa\/#primaryimage\"},\"thumbnailUrl\":\"http:\/\/www.leblogmoto.com\/images\/2008\/11\/20\/moto_vintage_trailer.jpg\",\"datePublished\":\"2008-11-20T23:40:05+00:00\",\"dateModified\":\"2012-07-11T16:36:18+00:00\",\"author\":{\"@id\":\"https:\/\/blogs.thesocialmedia.com\/leblogmoto\/#\/schema\/person\/18bfe773e5725ed6d24f743da805362a\"},\"breadcrumb\":{\"@id\":\"https:\/\/blogs.thesocialmedia.com\/leblogmoto\/2008\/11\/20\/transformer-sa\/#breadcrumb\"},\"inLanguage\":\"fr-FR\",\"potentialAction\":[{\"@type\":\"ReadAction\",\"target\":[\"https:\/\/blogs.thesocialmedia.com\/leblogmoto\/2008\/11\/20\/transformer-sa\/\"]}]},{\"@type\":\"ImageObject\",\"inLanguage\":\"fr-FR\",\"@id\":\"https:\/\/blogs.thesocialmedia.com\/leblogmoto\/2008\/11\/20\/transformer-sa\/#primaryimage\",\"url\":\"http:\/\/www.leblogmoto.com\/images\/2008\/11\/20\/moto_vintage_trailer.jpg\",\"contentUrl\":\"http:\/\/www.leblogmoto.com\/images\/2008\/11\/20\/moto_vintage_trailer.jpg\"},{\"@type\":\"BreadcrumbList\",\"@id\":\"https:\/\/blogs.thesocialmedia.com\/leblogmoto\/2008\/11\/20\/transformer-sa\/#breadcrumb\",\"itemListElement\":[{\"@type\":\"ListItem\",\"position\":1,\"name\":\"Accueil\",\"item\":\"https:\/\/blogs.thesocialmedia.com\/leblogmoto\/\"},{\"@type\":\"ListItem\",\"position\":2,\"name\":\"Transformer sa moto en camping car, un vieux r\u00eave impossible ?\"}]},{\"@type\":\"WebSite\",\"@id\":\"https:\/\/blogs.thesocialmedia.com\/leblogmoto\/#website\",\"url\":\"https:\/\/blogs.thesocialmedia.com\/leblogmoto\/\",\"name\":\"leblogmoto\",\"description\":\"Toute l&#039;actualit\u00e9 des 2 roues\",\"potentialAction\":[{\"@type\":\"SearchAction\",\"target\":{\"@type\":\"EntryPoint\",\"urlTemplate\":\"https:\/\/blogs.thesocialmedia.com\/leblogmoto\/?s={search_term_string}\"},\"query-input\":{\"@type\":\"PropertyValueSpecification\",\"valueRequired\":true,\"valueName\":\"search_term_string\"}}],\"inLanguage\":\"fr-FR\"},{\"@type\":\"Person\",\"@id\":\"https:\/\/blogs.thesocialmedia.com\/leblogmoto\/#\/schema\/person\/18bfe773e5725ed6d24f743da805362a\",\"name\":\"benoit rieu\",\"image\":{\"@type\":\"ImageObject\",\"inLanguage\":\"fr-FR\",\"@id\":\"https:\/\/blogs.thesocialmedia.com\/leblogmoto\/#\/schema\/person\/image\/\",\"url\":\"https:\/\/secure.gravatar.com\/avatar\/?s=96&d=mm&r=g\",\"contentUrl\":\"https:\/\/secure.gravatar.com\/avatar\/?s=96&d=mm&r=g\",\"caption\":\"benoit rieu\"},\"url\":\"https:\/\/blogs.thesocialmedia.com\/leblogmoto\/author\/benoit-rieu\/\"}]}<\/script>\n<!-- \/ Yoast SEO plugin. -->","yoast_head_json":{"title":"Transformer sa moto en camping car, un vieux r\u00eave impossible ? - leblogmoto.com","robots":{"index":"index","follow":"follow","max-snippet":"max-snippet:-1","max-image-preview":"max-image-preview:large","max-video-preview":"max-video-preview:-1"},"canonical":"https:\/\/blogs.thesocialmedia.com\/leblogmoto\/2008\/11\/20\/transformer-sa\/","twitter_card":"summary_large_image","twitter_title":"Transformer sa moto en camping car, un vieux r\u00eave impossible ? - leblogmoto.com","twitter_description":"Le blog Kneeslider a d\u00e9busqu\u00e9 dans un vieux num\u00e9ro des ann\u00e9es trente de Popular Science (l&rsquo;\u00e9quivalent de notre Science &amp; Vie) cette invention surprenante. Cette cr\u00e9ation digne du concours L\u00e9pine, est issue du cerveau d&rsquo;un inventeur allemand qui souhaitait mettre au service des motards, le confort des automobilistes r\u00e9cemment \u00e9quip\u00e9s de leur caravane. Il dispose [&hellip;]","twitter_image":"http:\/\/www.leblogmoto.com\/images\/2008\/11\/20\/moto_vintage_trailer.jpg","twitter_misc":{"\u00c9crit par":"benoit rieu","Dur\u00e9e de lecture estim\u00e9e":"1 minute"},"schema":{"@context":"https:\/\/schema.org","@graph":[{"@type":"WebPage","@id":"https:\/\/blogs.thesocialmedia.com\/leblogmoto\/2008\/11\/20\/transformer-sa\/","url":"https:\/\/blogs.thesocialmedia.com\/leblogmoto\/2008\/11\/20\/transformer-sa\/","name":"Transformer sa moto en camping car, un vieux r\u00eave impossible ? - leblogmoto.com","isPartOf":{"@id":"https:\/\/blogs.thesocialmedia.com\/leblogmoto\/#website"},"primaryImageOfPage":{"@id":"https:\/\/blogs.thesocialmedia.com\/leblogmoto\/2008\/11\/20\/transformer-sa\/#primaryimage"},"image":{"@id":"https:\/\/blogs.thesocialmedia.com\/leblogmoto\/2008\/11\/20\/transformer-sa\/#primaryimage"},"thumbnailUrl":"http:\/\/www.leblogmoto.com\/images\/2008\/11\/20\/moto_vintage_trailer.jpg","datePublished":"2008-11-20T23:40:05+00:00","dateModified":"2012-07-11T16:36:18+00:00","author":{"@id":"https:\/\/blogs.thesocialmedia.com\/leblogmoto\/#\/schema\/person\/18bfe773e5725ed6d24f743da805362a"},"breadcrumb":{"@id":"https:\/\/blogs.thesocialmedia.com\/leblogmoto\/2008\/11\/20\/transformer-sa\/#breadcrumb"},"inLanguage":"fr-FR","potentialAction":[{"@type":"ReadAction","target":["https:\/\/blogs.thesocialmedia.com\/leblogmoto\/2008\/11\/20\/transformer-sa\/"]}]},{"@type":"ImageObject","inLanguage":"fr-FR","@id":"https:\/\/blogs.thesocialmedia.com\/leblogmoto\/2008\/11\/20\/transformer-sa\/#primaryimage","url":"http:\/\/www.leblogmoto.com\/images\/2008\/11\/20\/moto_vintage_trailer.jpg","contentUrl":"http:\/\/www.leblogmoto.com\/images\/2008\/11\/20\/moto_vintage_trailer.jpg"},{"@type":"BreadcrumbList","@id":"https:\/\/blogs.thesocialmedia.com\/leblogmoto\/2008\/11\/20\/transformer-sa\/#breadcrumb","itemListElement":[{"@type":"ListItem","position":1,"name":"Accueil","item":"https:\/\/blogs.thesocialmedia.com\/leblogmoto\/"},{"@type":"ListItem","position":2,"name":"Transformer sa moto en camping car, un vieux r\u00eave impossible ?"}]},{"@type":"WebSite","@id":"https:\/\/blogs.thesocialmedia.com\/leblogmoto\/#website","url":"https:\/\/blogs.thesocialmedia.com\/leblogmoto\/","name":"leblogmoto","description":"Toute l&#039;actualit\u00e9 des 2 roues","potentialAction":[{"@type":"SearchAction","target":{"@type":"EntryPoint","urlTemplate":"https:\/\/blogs.thesocialmedia.com\/leblogmoto\/?s={search_term_string}"},"query-input":{"@type":"PropertyValueSpecification","valueRequired":true,"valueName":"search_term_string"}}],"inLanguage":"fr-FR"},{"@type":"Person","@id":"https:\/\/blogs.thesocialmedia.com\/leblogmoto\/#\/schema\/person\/18bfe773e5725ed6d24f743da805362a","name":"benoit rieu","image":{"@type":"ImageObject","inLanguage":"fr-FR","@id":"https:\/\/blogs.thesocialmedia.com\/leblogmoto\/#\/schema\/person\/image\/","url":"https:\/\/secure.gravatar.com\/avatar\/?s=96&d=mm&r=g","contentUrl":"https:\/\/secure.gravatar.com\/avatar\/?s=96&d=mm&r=g","caption":"benoit rieu"},"url":"https:\/\/blogs.thesocialmedia.com\/leblogmoto\/author\/benoit-rieu\/"}]}},"_links":{"self":[{"href":"https:\/\/blogs.thesocialmedia.com\/leblogmoto\/wp-json\/wp\/v2\/posts\/400","targetHints":{"allow":["GET"]}}],"collection":[{"href":"https:\/\/blogs.thesocialmedia.com\/leblogmoto\/wp-json\/wp\/v2\/posts"}],"about":[{"href":"https:\/\/blogs.thesocialmedia.com\/leblogmoto\/wp-json\/wp\/v2\/types\/post"}],"author":[{"embeddable":true,"href":"https:\/\/blogs.thesocialmedia.com\/leblogmoto\/wp-json\/wp\/v2\/users\/324"}],"replies":[{"embeddable":true,"href":"https:\/\/blogs.thesocialmedia.com\/leblogmoto\/wp-json\/wp\/v2\/comments?post=400"}],"version-history":[{"count":2,"href":"https:\/\/blogs.thesocialmedia.com\/leblogmoto\/wp-json\/wp\/v2\/posts\/400\/revisions"}],"predecessor-version":[{"id":12118,"href":"https:\/\/blogs.thesocialmedia.com\/leblogmoto\/wp-json\/wp\/v2\/posts\/400\/revisions\/12118"}],"wp:attachment":[{"href":"https:\/\/blogs.thesocialmedia.com\/leblogmoto\/wp-json\/wp\/v2\/media?parent=400"}],"wp:term":[{"taxonomy":"category","embeddable":true,"href":"https:\/\/blogs.thesocialmedia.com\/leblogmoto\/wp-json\/wp\/v2\/categories?post=400"},{"taxonomy":"post_tag","embeddable":true,"href":"https:\/\/blogs.thesocialmedia.com\/leblogmoto\/wp-json\/wp\/v2\/tags?post=400"}],"curies":[{"name":"wp","href":"https:\/\/api.w.org\/{rel}","templated":true}]}}