{"id":401,"date":"2008-11-20T23:39:29","date_gmt":"2008-11-20T23:39:29","guid":{"rendered":"http:\/\/blogs.thesocialmedia.com\/leblogmoto\/2008\/11\/20\/le-cuir-de-la-s\/"},"modified":"2012-07-11T16:36:17","modified_gmt":"2012-07-11T16:36:17","slug":"le-cuir-de-la-s","status":"publish","type":"post","link":"https:\/\/blogs.thesocialmedia.com\/leblogmoto\/2008\/11\/20\/le-cuir-de-la-s\/","title":{"rendered":"Le cuir de la semaine: Combinaison Dainese Tattoo Ykz."},"content":{"rendered":"<p><a href=\"http:\/\/blogs.thesocialmedia.com\/leblogmoto\/files\/2012\/07\/dainese_tattoo_racing_suit_1.jpg\"><img loading=\"lazy\" decoding=\"async\"  alt=\"Dainese_tattoo_racing_suit_1\" src=\"http:\/\/www.leblogmoto.com\/images\/2008\/11\/20\/dainese_tattoo_racing_suit_1.jpg\" width=\"470\" height=\"660\" \/><\/a><\/p>\n<p>Comme si les motifs exotiques, qui pullulent sur les casques des fabricants et m\u00eame la peau de certain(e)s sous forme de tatouages, ne suffisaient pas, voici que l&rsquo;Italien <a href=\"http:\/\/www.dainese.com\/\">Dainese<\/a> recycle cette mode avec une combarde haut de gamme, dessin\u00e9e en collaboration avec l&rsquo;artiste australien <a href=\"http:\/\/www.luca.com.au\/\">Luca Ionesco<\/a>. Un peu \u00e0 l&rsquo;image d&rsquo;Adidas qui a parfois travaill\u00e9 avec Y.Yamamoto et Stella McCartney, pour rehausser son image. La Tattoo Ykz est fabriqu\u00e9e dans la p\u00e9ninsule, \u00e0 base de cuir de kangourou et de Lorica, un cuir synth\u00e9tique r\u00e9put\u00e9 pour sa souplesse, sa r\u00e9sistance et ses qualit\u00e9s &quot;respirantes&quot;. L&rsquo;ensemble est d\u00e9coup\u00e9 au laser, proc\u00e9d\u00e9 qui permet de r\u00e9aliser ces fins motifs caract\u00e9ristiques, et produit en quantit\u00e9 limit\u00e9e, chaque mod\u00e8le \u00e9tant num\u00e9rot\u00e9. Le prix est inconnu au moment o\u00f9 j&rsquo;\u00e9cris ces lignes. A nouveau, je vous conseille la <a href=\"http:\/\/www.likemindedstudio.com\/index2.html\">page<\/a> du designer en question, vous y trouverez un travail tr\u00e8s original sur le logo de Dainese ainsi que des \u00e9tudes sur combi et casques de la marque, jusqu&rsquo;\u00e0 l&rsquo;indigestion et l&rsquo;ophtalmie. Une autre photo en pied dans la suite.<\/p>\n<p><a href=\"http:\/\/clabedan.typepad.com\/.shared\/image.html?\/photos\/uncategorized\/2008\/11\/20\/dainese_tattoo_racing_suit_2.jpg\"><img loading=\"lazy\" decoding=\"async\"  alt=\"Dainese_tattoo_racing_suit_2\" src=\"http:\/\/www.leblogmoto.com\/images\/2008\/11\/20\/dainese_tattoo_racing_suit_2.jpg\" width=\"470\" height=\"766\" \/><\/a> <\/p>\n","protected":false},"excerpt":{"rendered":"<p>Comme si les motifs exotiques, qui pullulent sur les casques des fabricants et m\u00eame la peau de certain(e)s sous forme de tatouages, ne suffisaient pas, voici que l&rsquo;Italien Dainese recycle cette mode avec une combarde haut de gamme, dessin\u00e9e en collaboration avec l&rsquo;artiste australien Luca Ionesco. Un peu \u00e0 l&rsquo;image d&rsquo;Adidas qui a parfois travaill\u00e9 [&hellip;]<\/p>\n","protected":false},"author":324,"featured_media":0,"comment_status":"open","ping_status":"open","sticky":false,"template":"","format":"standard","meta":{"footnotes":""},"categories":[49,56],"tags":[],"class_list":["post-401","post","type-post","status-publish","format-standard","hentry","category-actualites-entreprise","category-protections"],"yoast_head":"<!-- This site is optimized with the Yoast SEO plugin v26.0 - https:\/\/yoast.com\/wordpress\/plugins\/seo\/ -->\n<title>Le cuir de la semaine: Combinaison Dainese Tattoo Ykz. - leblogmoto.com<\/title>\n<meta name=\"robots\" content=\"index, follow, max-snippet:-1, max-image-preview:large, max-video-preview:-1\" \/>\n<link rel=\"canonical\" href=\"https:\/\/blogs.thesocialmedia.com\/leblogmoto\/2008\/11\/20\/le-cuir-de-la-s\/\" \/>\n<meta name=\"twitter:card\" content=\"summary_large_image\" \/>\n<meta name=\"twitter:title\" content=\"Le cuir de la semaine: Combinaison Dainese Tattoo Ykz. - leblogmoto.com\" \/>\n<meta name=\"twitter:description\" content=\"Comme si les motifs exotiques, qui pullulent sur les casques des fabricants et m\u00eame la peau de certain(e)s sous forme de tatouages, ne suffisaient pas, voici que l&rsquo;Italien Dainese recycle cette mode avec une combarde haut de gamme, dessin\u00e9e en collaboration avec l&rsquo;artiste australien Luca Ionesco. Un peu \u00e0 l&rsquo;image d&rsquo;Adidas qui a parfois travaill\u00e9 [&hellip;]\" \/>\n<meta name=\"twitter:image\" content=\"http:\/\/www.leblogmoto.com\/images\/2008\/11\/20\/dainese_tattoo_racing_suit_1.jpg\" \/>\n<meta name=\"twitter:label1\" content=\"\u00c9crit par\" \/>\n\t<meta name=\"twitter:data1\" content=\"benoit rieu\" \/>\n\t<meta name=\"twitter:label2\" content=\"Dur\u00e9e de lecture estim\u00e9e\" \/>\n\t<meta name=\"twitter:data2\" content=\"1 minute\" \/>\n<script type=\"application\/ld+json\" class=\"yoast-schema-graph\">{\"@context\":\"https:\/\/schema.org\",\"@graph\":[{\"@type\":\"WebPage\",\"@id\":\"https:\/\/blogs.thesocialmedia.com\/leblogmoto\/2008\/11\/20\/le-cuir-de-la-s\/\",\"url\":\"https:\/\/blogs.thesocialmedia.com\/leblogmoto\/2008\/11\/20\/le-cuir-de-la-s\/\",\"name\":\"Le cuir de la semaine: Combinaison Dainese Tattoo Ykz. - leblogmoto.com\",\"isPartOf\":{\"@id\":\"https:\/\/blogs.thesocialmedia.com\/leblogmoto\/#website\"},\"primaryImageOfPage\":{\"@id\":\"https:\/\/blogs.thesocialmedia.com\/leblogmoto\/2008\/11\/20\/le-cuir-de-la-s\/#primaryimage\"},\"image\":{\"@id\":\"https:\/\/blogs.thesocialmedia.com\/leblogmoto\/2008\/11\/20\/le-cuir-de-la-s\/#primaryimage\"},\"thumbnailUrl\":\"http:\/\/www.leblogmoto.com\/images\/2008\/11\/20\/dainese_tattoo_racing_suit_1.jpg\",\"datePublished\":\"2008-11-20T23:39:29+00:00\",\"dateModified\":\"2012-07-11T16:36:17+00:00\",\"author\":{\"@id\":\"https:\/\/blogs.thesocialmedia.com\/leblogmoto\/#\/schema\/person\/18bfe773e5725ed6d24f743da805362a\"},\"breadcrumb\":{\"@id\":\"https:\/\/blogs.thesocialmedia.com\/leblogmoto\/2008\/11\/20\/le-cuir-de-la-s\/#breadcrumb\"},\"inLanguage\":\"fr-FR\",\"potentialAction\":[{\"@type\":\"ReadAction\",\"target\":[\"https:\/\/blogs.thesocialmedia.com\/leblogmoto\/2008\/11\/20\/le-cuir-de-la-s\/\"]}]},{\"@type\":\"ImageObject\",\"inLanguage\":\"fr-FR\",\"@id\":\"https:\/\/blogs.thesocialmedia.com\/leblogmoto\/2008\/11\/20\/le-cuir-de-la-s\/#primaryimage\",\"url\":\"http:\/\/www.leblogmoto.com\/images\/2008\/11\/20\/dainese_tattoo_racing_suit_1.jpg\",\"contentUrl\":\"http:\/\/www.leblogmoto.com\/images\/2008\/11\/20\/dainese_tattoo_racing_suit_1.jpg\"},{\"@type\":\"BreadcrumbList\",\"@id\":\"https:\/\/blogs.thesocialmedia.com\/leblogmoto\/2008\/11\/20\/le-cuir-de-la-s\/#breadcrumb\",\"itemListElement\":[{\"@type\":\"ListItem\",\"position\":1,\"name\":\"Accueil\",\"item\":\"https:\/\/blogs.thesocialmedia.com\/leblogmoto\/\"},{\"@type\":\"ListItem\",\"position\":2,\"name\":\"Le cuir de la semaine: Combinaison Dainese Tattoo Ykz.\"}]},{\"@type\":\"WebSite\",\"@id\":\"https:\/\/blogs.thesocialmedia.com\/leblogmoto\/#website\",\"url\":\"https:\/\/blogs.thesocialmedia.com\/leblogmoto\/\",\"name\":\"leblogmoto\",\"description\":\"Toute l&#039;actualit\u00e9 des 2 roues\",\"potentialAction\":[{\"@type\":\"SearchAction\",\"target\":{\"@type\":\"EntryPoint\",\"urlTemplate\":\"https:\/\/blogs.thesocialmedia.com\/leblogmoto\/?s={search_term_string}\"},\"query-input\":{\"@type\":\"PropertyValueSpecification\",\"valueRequired\":true,\"valueName\":\"search_term_string\"}}],\"inLanguage\":\"fr-FR\"},{\"@type\":\"Person\",\"@id\":\"https:\/\/blogs.thesocialmedia.com\/leblogmoto\/#\/schema\/person\/18bfe773e5725ed6d24f743da805362a\",\"name\":\"benoit rieu\",\"image\":{\"@type\":\"ImageObject\",\"inLanguage\":\"fr-FR\",\"@id\":\"https:\/\/blogs.thesocialmedia.com\/leblogmoto\/#\/schema\/person\/image\/\",\"url\":\"https:\/\/secure.gravatar.com\/avatar\/?s=96&d=mm&r=g\",\"contentUrl\":\"https:\/\/secure.gravatar.com\/avatar\/?s=96&d=mm&r=g\",\"caption\":\"benoit rieu\"},\"url\":\"https:\/\/blogs.thesocialmedia.com\/leblogmoto\/author\/benoit-rieu\/\"}]}<\/script>\n<!-- \/ Yoast SEO plugin. -->","yoast_head_json":{"title":"Le cuir de la semaine: Combinaison Dainese Tattoo Ykz. - leblogmoto.com","robots":{"index":"index","follow":"follow","max-snippet":"max-snippet:-1","max-image-preview":"max-image-preview:large","max-video-preview":"max-video-preview:-1"},"canonical":"https:\/\/blogs.thesocialmedia.com\/leblogmoto\/2008\/11\/20\/le-cuir-de-la-s\/","twitter_card":"summary_large_image","twitter_title":"Le cuir de la semaine: Combinaison Dainese Tattoo Ykz. - leblogmoto.com","twitter_description":"Comme si les motifs exotiques, qui pullulent sur les casques des fabricants et m\u00eame la peau de certain(e)s sous forme de tatouages, ne suffisaient pas, voici que l&rsquo;Italien Dainese recycle cette mode avec une combarde haut de gamme, dessin\u00e9e en collaboration avec l&rsquo;artiste australien Luca Ionesco. Un peu \u00e0 l&rsquo;image d&rsquo;Adidas qui a parfois travaill\u00e9 [&hellip;]","twitter_image":"http:\/\/www.leblogmoto.com\/images\/2008\/11\/20\/dainese_tattoo_racing_suit_1.jpg","twitter_misc":{"\u00c9crit par":"benoit rieu","Dur\u00e9e de lecture estim\u00e9e":"1 minute"},"schema":{"@context":"https:\/\/schema.org","@graph":[{"@type":"WebPage","@id":"https:\/\/blogs.thesocialmedia.com\/leblogmoto\/2008\/11\/20\/le-cuir-de-la-s\/","url":"https:\/\/blogs.thesocialmedia.com\/leblogmoto\/2008\/11\/20\/le-cuir-de-la-s\/","name":"Le cuir de la semaine: Combinaison Dainese Tattoo Ykz. - leblogmoto.com","isPartOf":{"@id":"https:\/\/blogs.thesocialmedia.com\/leblogmoto\/#website"},"primaryImageOfPage":{"@id":"https:\/\/blogs.thesocialmedia.com\/leblogmoto\/2008\/11\/20\/le-cuir-de-la-s\/#primaryimage"},"image":{"@id":"https:\/\/blogs.thesocialmedia.com\/leblogmoto\/2008\/11\/20\/le-cuir-de-la-s\/#primaryimage"},"thumbnailUrl":"http:\/\/www.leblogmoto.com\/images\/2008\/11\/20\/dainese_tattoo_racing_suit_1.jpg","datePublished":"2008-11-20T23:39:29+00:00","dateModified":"2012-07-11T16:36:17+00:00","author":{"@id":"https:\/\/blogs.thesocialmedia.com\/leblogmoto\/#\/schema\/person\/18bfe773e5725ed6d24f743da805362a"},"breadcrumb":{"@id":"https:\/\/blogs.thesocialmedia.com\/leblogmoto\/2008\/11\/20\/le-cuir-de-la-s\/#breadcrumb"},"inLanguage":"fr-FR","potentialAction":[{"@type":"ReadAction","target":["https:\/\/blogs.thesocialmedia.com\/leblogmoto\/2008\/11\/20\/le-cuir-de-la-s\/"]}]},{"@type":"ImageObject","inLanguage":"fr-FR","@id":"https:\/\/blogs.thesocialmedia.com\/leblogmoto\/2008\/11\/20\/le-cuir-de-la-s\/#primaryimage","url":"http:\/\/www.leblogmoto.com\/images\/2008\/11\/20\/dainese_tattoo_racing_suit_1.jpg","contentUrl":"http:\/\/www.leblogmoto.com\/images\/2008\/11\/20\/dainese_tattoo_racing_suit_1.jpg"},{"@type":"BreadcrumbList","@id":"https:\/\/blogs.thesocialmedia.com\/leblogmoto\/2008\/11\/20\/le-cuir-de-la-s\/#breadcrumb","itemListElement":[{"@type":"ListItem","position":1,"name":"Accueil","item":"https:\/\/blogs.thesocialmedia.com\/leblogmoto\/"},{"@type":"ListItem","position":2,"name":"Le cuir de la semaine: Combinaison Dainese Tattoo Ykz."}]},{"@type":"WebSite","@id":"https:\/\/blogs.thesocialmedia.com\/leblogmoto\/#website","url":"https:\/\/blogs.thesocialmedia.com\/leblogmoto\/","name":"leblogmoto","description":"Toute l&#039;actualit\u00e9 des 2 roues","potentialAction":[{"@type":"SearchAction","target":{"@type":"EntryPoint","urlTemplate":"https:\/\/blogs.thesocialmedia.com\/leblogmoto\/?s={search_term_string}"},"query-input":{"@type":"PropertyValueSpecification","valueRequired":true,"valueName":"search_term_string"}}],"inLanguage":"fr-FR"},{"@type":"Person","@id":"https:\/\/blogs.thesocialmedia.com\/leblogmoto\/#\/schema\/person\/18bfe773e5725ed6d24f743da805362a","name":"benoit rieu","image":{"@type":"ImageObject","inLanguage":"fr-FR","@id":"https:\/\/blogs.thesocialmedia.com\/leblogmoto\/#\/schema\/person\/image\/","url":"https:\/\/secure.gravatar.com\/avatar\/?s=96&d=mm&r=g","contentUrl":"https:\/\/secure.gravatar.com\/avatar\/?s=96&d=mm&r=g","caption":"benoit rieu"},"url":"https:\/\/blogs.thesocialmedia.com\/leblogmoto\/author\/benoit-rieu\/"}]}},"_links":{"self":[{"href":"https:\/\/blogs.thesocialmedia.com\/leblogmoto\/wp-json\/wp\/v2\/posts\/401","targetHints":{"allow":["GET"]}}],"collection":[{"href":"https:\/\/blogs.thesocialmedia.com\/leblogmoto\/wp-json\/wp\/v2\/posts"}],"about":[{"href":"https:\/\/blogs.thesocialmedia.com\/leblogmoto\/wp-json\/wp\/v2\/types\/post"}],"author":[{"embeddable":true,"href":"https:\/\/blogs.thesocialmedia.com\/leblogmoto\/wp-json\/wp\/v2\/users\/324"}],"replies":[{"embeddable":true,"href":"https:\/\/blogs.thesocialmedia.com\/leblogmoto\/wp-json\/wp\/v2\/comments?post=401"}],"version-history":[{"count":2,"href":"https:\/\/blogs.thesocialmedia.com\/leblogmoto\/wp-json\/wp\/v2\/posts\/401\/revisions"}],"predecessor-version":[{"id":12116,"href":"https:\/\/blogs.thesocialmedia.com\/leblogmoto\/wp-json\/wp\/v2\/posts\/401\/revisions\/12116"}],"wp:attachment":[{"href":"https:\/\/blogs.thesocialmedia.com\/leblogmoto\/wp-json\/wp\/v2\/media?parent=401"}],"wp:term":[{"taxonomy":"category","embeddable":true,"href":"https:\/\/blogs.thesocialmedia.com\/leblogmoto\/wp-json\/wp\/v2\/categories?post=401"},{"taxonomy":"post_tag","embeddable":true,"href":"https:\/\/blogs.thesocialmedia.com\/leblogmoto\/wp-json\/wp\/v2\/tags?post=401"}],"curies":[{"name":"wp","href":"https:\/\/api.w.org\/{rel}","templated":true}]}}