{"id":403,"date":"2008-11-19T23:57:06","date_gmt":"2008-11-19T23:57:06","guid":{"rendered":"http:\/\/blogs.thesocialmedia.com\/leblogmoto\/2008\/11\/19\/la-championne-m\/"},"modified":"2012-07-11T16:35:57","modified_gmt":"2012-07-11T16:35:57","slug":"la-championne-m","status":"publish","type":"post","link":"https:\/\/blogs.thesocialmedia.com\/leblogmoto\/2008\/11\/19\/la-championne-m\/","title":{"rendered":"La championne de MX Katherine Prumm victime d&rsquo;un grave accident."},"content":{"rendered":"<p><a href=\"http:\/\/blogs.thesocialmedia.com\/leblogmoto\/files\/2012\/07\/moto_mx_katherine_prumm_090508.jpg\"><img loading=\"lazy\" decoding=\"async\"  alt=\"Moto_mx_katherine_prumm_090508\" src=\"http:\/\/www.leblogmoto.com\/images\/2008\/11\/18\/moto_mx_katherine_prumm_090508.jpg\" width=\"470\" height=\"331\" \/><\/a><\/p>\n<p>La double championne du monde 2006 et 2007 de motocross, la N\u00e9o-Z\u00e9landaise <a href=\"http:\/\/www.yamaha-racing.com\/Racing\/wmx\/rider_team\/prumm.jsp#\">Katherine Prumm<\/a> s&rsquo;est s\u00e9rieusement bless\u00e9e \u00e0 l&rsquo;entra\u00eenement en se fracturant les vert\u00e8bres T6, T9 et T12 en raison d&rsquo;une mauvaise r\u00e9ception apr\u00e8s un saut. La <em>crosswoman<\/em> qui se pr\u00e9parait dans son pays natal pour la saison \u00e0 venir \u00e9tait l&rsquo;une des rares \u00e0 pouvoir contester \u00e0 <a href=\"http:\/\/livia.lancelot.free.fr\/\">Livia Lancelot<\/a> sa couronne mondiale. Elle sera op\u00e9r\u00e9e dans la semaine qui vient, et m\u00eame si ses jours ne sont pas en danger, sa r\u00e9cup\u00e9ration pourrait la tenir \u00e0 l&rsquo;\u00e9cart une bonne partie de l&rsquo;ann\u00e9e, r\u00e9duisant peut-\u00eatre \u00e0 n\u00e9ant ses chances de reconqu\u00e9rir son bien. D\u00e9j\u00e0 il y a six mois, en mai 2008, Prumm alors championne du monde avait \u00e9t\u00e9 victime d&rsquo;une rupture d&rsquo;un ligament du genou droit, \u00e0 quelques jours seulement de l&rsquo;ouverture du nouveau championnat qui se d\u00e9roulait en Bulgarie, \u00e0 Sevlievo. Avec les cons\u00e9quences que l&rsquo;on sait sur la d\u00e9fense de son titre.<\/p>\n<p><em>cr\u00e9dit photo: Yamaha Racing <\/p>\n<p>source: Toolenduro, M2K et Motors TV.<\/em><\/p>\n","protected":false},"excerpt":{"rendered":"<p>La double championne du monde 2006 et 2007 de motocross, la N\u00e9o-Z\u00e9landaise Katherine Prumm s&rsquo;est s\u00e9rieusement bless\u00e9e \u00e0 l&rsquo;entra\u00eenement en se fracturant les vert\u00e8bres T6, T9 et T12 en raison d&rsquo;une mauvaise r\u00e9ception apr\u00e8s un saut. La crosswoman qui se pr\u00e9parait dans son pays natal pour la saison \u00e0 venir \u00e9tait l&rsquo;une des rares \u00e0 [&hellip;]<\/p>\n","protected":false},"author":324,"featured_media":0,"comment_status":"open","ping_status":"open","sticky":false,"template":"","format":"standard","meta":{"footnotes":""},"categories":[3,66,44],"tags":[],"class_list":["post-403","post","type-post","status-publish","format-standard","hentry","category-actualite","category-moto-cross","category-yamaha"],"yoast_head":"<!-- This site is optimized with the Yoast SEO plugin v26.0 - https:\/\/yoast.com\/wordpress\/plugins\/seo\/ -->\n<title>La championne de MX Katherine Prumm victime d&#039;un grave accident. - leblogmoto.com<\/title>\n<meta name=\"robots\" content=\"index, follow, max-snippet:-1, max-image-preview:large, max-video-preview:-1\" \/>\n<link rel=\"canonical\" href=\"https:\/\/blogs.thesocialmedia.com\/leblogmoto\/2008\/11\/19\/la-championne-m\/\" \/>\n<meta name=\"twitter:card\" content=\"summary_large_image\" \/>\n<meta name=\"twitter:title\" content=\"La championne de MX Katherine Prumm victime d&#039;un grave accident. - leblogmoto.com\" \/>\n<meta name=\"twitter:description\" content=\"La double championne du monde 2006 et 2007 de motocross, la N\u00e9o-Z\u00e9landaise Katherine Prumm s&rsquo;est s\u00e9rieusement bless\u00e9e \u00e0 l&rsquo;entra\u00eenement en se fracturant les vert\u00e8bres T6, T9 et T12 en raison d&rsquo;une mauvaise r\u00e9ception apr\u00e8s un saut. La crosswoman qui se pr\u00e9parait dans son pays natal pour la saison \u00e0 venir \u00e9tait l&rsquo;une des rares \u00e0 [&hellip;]\" \/>\n<meta name=\"twitter:image\" content=\"http:\/\/www.leblogmoto.com\/images\/2008\/11\/18\/moto_mx_katherine_prumm_090508.jpg\" \/>\n<meta name=\"twitter:label1\" content=\"\u00c9crit par\" \/>\n\t<meta name=\"twitter:data1\" content=\"benoit rieu\" \/>\n\t<meta name=\"twitter:label2\" content=\"Dur\u00e9e de lecture estim\u00e9e\" \/>\n\t<meta name=\"twitter:data2\" content=\"1 minute\" \/>\n<script type=\"application\/ld+json\" class=\"yoast-schema-graph\">{\"@context\":\"https:\/\/schema.org\",\"@graph\":[{\"@type\":\"WebPage\",\"@id\":\"https:\/\/blogs.thesocialmedia.com\/leblogmoto\/2008\/11\/19\/la-championne-m\/\",\"url\":\"https:\/\/blogs.thesocialmedia.com\/leblogmoto\/2008\/11\/19\/la-championne-m\/\",\"name\":\"La championne de MX Katherine Prumm victime d'un grave accident. - leblogmoto.com\",\"isPartOf\":{\"@id\":\"https:\/\/blogs.thesocialmedia.com\/leblogmoto\/#website\"},\"primaryImageOfPage\":{\"@id\":\"https:\/\/blogs.thesocialmedia.com\/leblogmoto\/2008\/11\/19\/la-championne-m\/#primaryimage\"},\"image\":{\"@id\":\"https:\/\/blogs.thesocialmedia.com\/leblogmoto\/2008\/11\/19\/la-championne-m\/#primaryimage\"},\"thumbnailUrl\":\"http:\/\/www.leblogmoto.com\/images\/2008\/11\/18\/moto_mx_katherine_prumm_090508.jpg\",\"datePublished\":\"2008-11-19T23:57:06+00:00\",\"dateModified\":\"2012-07-11T16:35:57+00:00\",\"author\":{\"@id\":\"https:\/\/blogs.thesocialmedia.com\/leblogmoto\/#\/schema\/person\/18bfe773e5725ed6d24f743da805362a\"},\"breadcrumb\":{\"@id\":\"https:\/\/blogs.thesocialmedia.com\/leblogmoto\/2008\/11\/19\/la-championne-m\/#breadcrumb\"},\"inLanguage\":\"fr-FR\",\"potentialAction\":[{\"@type\":\"ReadAction\",\"target\":[\"https:\/\/blogs.thesocialmedia.com\/leblogmoto\/2008\/11\/19\/la-championne-m\/\"]}]},{\"@type\":\"ImageObject\",\"inLanguage\":\"fr-FR\",\"@id\":\"https:\/\/blogs.thesocialmedia.com\/leblogmoto\/2008\/11\/19\/la-championne-m\/#primaryimage\",\"url\":\"http:\/\/www.leblogmoto.com\/images\/2008\/11\/18\/moto_mx_katherine_prumm_090508.jpg\",\"contentUrl\":\"http:\/\/www.leblogmoto.com\/images\/2008\/11\/18\/moto_mx_katherine_prumm_090508.jpg\"},{\"@type\":\"BreadcrumbList\",\"@id\":\"https:\/\/blogs.thesocialmedia.com\/leblogmoto\/2008\/11\/19\/la-championne-m\/#breadcrumb\",\"itemListElement\":[{\"@type\":\"ListItem\",\"position\":1,\"name\":\"Accueil\",\"item\":\"https:\/\/blogs.thesocialmedia.com\/leblogmoto\/\"},{\"@type\":\"ListItem\",\"position\":2,\"name\":\"La championne de MX Katherine Prumm victime d&rsquo;un grave accident.\"}]},{\"@type\":\"WebSite\",\"@id\":\"https:\/\/blogs.thesocialmedia.com\/leblogmoto\/#website\",\"url\":\"https:\/\/blogs.thesocialmedia.com\/leblogmoto\/\",\"name\":\"leblogmoto\",\"description\":\"Toute l&#039;actualit\u00e9 des 2 roues\",\"potentialAction\":[{\"@type\":\"SearchAction\",\"target\":{\"@type\":\"EntryPoint\",\"urlTemplate\":\"https:\/\/blogs.thesocialmedia.com\/leblogmoto\/?s={search_term_string}\"},\"query-input\":{\"@type\":\"PropertyValueSpecification\",\"valueRequired\":true,\"valueName\":\"search_term_string\"}}],\"inLanguage\":\"fr-FR\"},{\"@type\":\"Person\",\"@id\":\"https:\/\/blogs.thesocialmedia.com\/leblogmoto\/#\/schema\/person\/18bfe773e5725ed6d24f743da805362a\",\"name\":\"benoit rieu\",\"image\":{\"@type\":\"ImageObject\",\"inLanguage\":\"fr-FR\",\"@id\":\"https:\/\/blogs.thesocialmedia.com\/leblogmoto\/#\/schema\/person\/image\/\",\"url\":\"https:\/\/secure.gravatar.com\/avatar\/?s=96&d=mm&r=g\",\"contentUrl\":\"https:\/\/secure.gravatar.com\/avatar\/?s=96&d=mm&r=g\",\"caption\":\"benoit rieu\"},\"url\":\"https:\/\/blogs.thesocialmedia.com\/leblogmoto\/author\/benoit-rieu\/\"}]}<\/script>\n<!-- \/ Yoast SEO plugin. -->","yoast_head_json":{"title":"La championne de MX Katherine Prumm victime d'un grave accident. - leblogmoto.com","robots":{"index":"index","follow":"follow","max-snippet":"max-snippet:-1","max-image-preview":"max-image-preview:large","max-video-preview":"max-video-preview:-1"},"canonical":"https:\/\/blogs.thesocialmedia.com\/leblogmoto\/2008\/11\/19\/la-championne-m\/","twitter_card":"summary_large_image","twitter_title":"La championne de MX Katherine Prumm victime d'un grave accident. - leblogmoto.com","twitter_description":"La double championne du monde 2006 et 2007 de motocross, la N\u00e9o-Z\u00e9landaise Katherine Prumm s&rsquo;est s\u00e9rieusement bless\u00e9e \u00e0 l&rsquo;entra\u00eenement en se fracturant les vert\u00e8bres T6, T9 et T12 en raison d&rsquo;une mauvaise r\u00e9ception apr\u00e8s un saut. La crosswoman qui se pr\u00e9parait dans son pays natal pour la saison \u00e0 venir \u00e9tait l&rsquo;une des rares \u00e0 [&hellip;]","twitter_image":"http:\/\/www.leblogmoto.com\/images\/2008\/11\/18\/moto_mx_katherine_prumm_090508.jpg","twitter_misc":{"\u00c9crit par":"benoit rieu","Dur\u00e9e de lecture estim\u00e9e":"1 minute"},"schema":{"@context":"https:\/\/schema.org","@graph":[{"@type":"WebPage","@id":"https:\/\/blogs.thesocialmedia.com\/leblogmoto\/2008\/11\/19\/la-championne-m\/","url":"https:\/\/blogs.thesocialmedia.com\/leblogmoto\/2008\/11\/19\/la-championne-m\/","name":"La championne de MX Katherine Prumm victime d'un grave accident. - leblogmoto.com","isPartOf":{"@id":"https:\/\/blogs.thesocialmedia.com\/leblogmoto\/#website"},"primaryImageOfPage":{"@id":"https:\/\/blogs.thesocialmedia.com\/leblogmoto\/2008\/11\/19\/la-championne-m\/#primaryimage"},"image":{"@id":"https:\/\/blogs.thesocialmedia.com\/leblogmoto\/2008\/11\/19\/la-championne-m\/#primaryimage"},"thumbnailUrl":"http:\/\/www.leblogmoto.com\/images\/2008\/11\/18\/moto_mx_katherine_prumm_090508.jpg","datePublished":"2008-11-19T23:57:06+00:00","dateModified":"2012-07-11T16:35:57+00:00","author":{"@id":"https:\/\/blogs.thesocialmedia.com\/leblogmoto\/#\/schema\/person\/18bfe773e5725ed6d24f743da805362a"},"breadcrumb":{"@id":"https:\/\/blogs.thesocialmedia.com\/leblogmoto\/2008\/11\/19\/la-championne-m\/#breadcrumb"},"inLanguage":"fr-FR","potentialAction":[{"@type":"ReadAction","target":["https:\/\/blogs.thesocialmedia.com\/leblogmoto\/2008\/11\/19\/la-championne-m\/"]}]},{"@type":"ImageObject","inLanguage":"fr-FR","@id":"https:\/\/blogs.thesocialmedia.com\/leblogmoto\/2008\/11\/19\/la-championne-m\/#primaryimage","url":"http:\/\/www.leblogmoto.com\/images\/2008\/11\/18\/moto_mx_katherine_prumm_090508.jpg","contentUrl":"http:\/\/www.leblogmoto.com\/images\/2008\/11\/18\/moto_mx_katherine_prumm_090508.jpg"},{"@type":"BreadcrumbList","@id":"https:\/\/blogs.thesocialmedia.com\/leblogmoto\/2008\/11\/19\/la-championne-m\/#breadcrumb","itemListElement":[{"@type":"ListItem","position":1,"name":"Accueil","item":"https:\/\/blogs.thesocialmedia.com\/leblogmoto\/"},{"@type":"ListItem","position":2,"name":"La championne de MX Katherine Prumm victime d&rsquo;un grave accident."}]},{"@type":"WebSite","@id":"https:\/\/blogs.thesocialmedia.com\/leblogmoto\/#website","url":"https:\/\/blogs.thesocialmedia.com\/leblogmoto\/","name":"leblogmoto","description":"Toute l&#039;actualit\u00e9 des 2 roues","potentialAction":[{"@type":"SearchAction","target":{"@type":"EntryPoint","urlTemplate":"https:\/\/blogs.thesocialmedia.com\/leblogmoto\/?s={search_term_string}"},"query-input":{"@type":"PropertyValueSpecification","valueRequired":true,"valueName":"search_term_string"}}],"inLanguage":"fr-FR"},{"@type":"Person","@id":"https:\/\/blogs.thesocialmedia.com\/leblogmoto\/#\/schema\/person\/18bfe773e5725ed6d24f743da805362a","name":"benoit rieu","image":{"@type":"ImageObject","inLanguage":"fr-FR","@id":"https:\/\/blogs.thesocialmedia.com\/leblogmoto\/#\/schema\/person\/image\/","url":"https:\/\/secure.gravatar.com\/avatar\/?s=96&d=mm&r=g","contentUrl":"https:\/\/secure.gravatar.com\/avatar\/?s=96&d=mm&r=g","caption":"benoit rieu"},"url":"https:\/\/blogs.thesocialmedia.com\/leblogmoto\/author\/benoit-rieu\/"}]}},"_links":{"self":[{"href":"https:\/\/blogs.thesocialmedia.com\/leblogmoto\/wp-json\/wp\/v2\/posts\/403","targetHints":{"allow":["GET"]}}],"collection":[{"href":"https:\/\/blogs.thesocialmedia.com\/leblogmoto\/wp-json\/wp\/v2\/posts"}],"about":[{"href":"https:\/\/blogs.thesocialmedia.com\/leblogmoto\/wp-json\/wp\/v2\/types\/post"}],"author":[{"embeddable":true,"href":"https:\/\/blogs.thesocialmedia.com\/leblogmoto\/wp-json\/wp\/v2\/users\/324"}],"replies":[{"embeddable":true,"href":"https:\/\/blogs.thesocialmedia.com\/leblogmoto\/wp-json\/wp\/v2\/comments?post=403"}],"version-history":[{"count":2,"href":"https:\/\/blogs.thesocialmedia.com\/leblogmoto\/wp-json\/wp\/v2\/posts\/403\/revisions"}],"predecessor-version":[{"id":12107,"href":"https:\/\/blogs.thesocialmedia.com\/leblogmoto\/wp-json\/wp\/v2\/posts\/403\/revisions\/12107"}],"wp:attachment":[{"href":"https:\/\/blogs.thesocialmedia.com\/leblogmoto\/wp-json\/wp\/v2\/media?parent=403"}],"wp:term":[{"taxonomy":"category","embeddable":true,"href":"https:\/\/blogs.thesocialmedia.com\/leblogmoto\/wp-json\/wp\/v2\/categories?post=403"},{"taxonomy":"post_tag","embeddable":true,"href":"https:\/\/blogs.thesocialmedia.com\/leblogmoto\/wp-json\/wp\/v2\/tags?post=403"}],"curies":[{"name":"wp","href":"https:\/\/api.w.org\/{rel}","templated":true}]}}