{"id":405,"date":"2008-11-18T23:24:47","date_gmt":"2008-11-18T23:24:47","guid":{"rendered":"http:\/\/blogs.thesocialmedia.com\/leblogmoto\/2008\/11\/18\/motos-du-salon\/"},"modified":"2012-07-11T16:35:53","modified_gmt":"2012-07-11T16:35:53","slug":"motos-du-salon","status":"publish","type":"post","link":"https:\/\/blogs.thesocialmedia.com\/leblogmoto\/2008\/11\/18\/motos-du-salon\/","title":{"rendered":"Dans sa fr\u00e9n\u00e9sie de customisation, le Sema Show n&rsquo;a pas oubli\u00e9 les motos."},"content":{"rendered":"<p><a href=\"http:\/\/blogs.thesocialmedia.com\/leblogmoto\/files\/2012\/07\/0.jpg\"><img loading=\"lazy\" decoding=\"async\" height=\"312\"  width=\"470\" alt=\"0\" src=\"http:\/\/www.leblogmoto.com\/images\/2008\/11\/18\/0.jpg\" \/><\/a> <\/p>\n<p>A la suite de notre article sur le Toyota <a href=\"http:\/\/blogs.thesocialmedia.com\/leblogmoto\/files\/2012\/07\/honda-transport.html_.png\">Tundra, transporteur<\/a> de la Ducati Desmo, voici ses cons\u0153urs au sein du m\u00eame salon du <a href=\"http:\/\/www.semashow.com\/main\/main.aspx?id=70054\">SEMA<\/a> (Specialty Equipment Market Association). Un Sema Show qui se tenait il y a une semaine, encore une fois \u00e0 Las Vegas, et qui comme vous le voyez ne faisait pas seulement la part belle au tuning de BAR. Puisqu&rsquo;on on a pu y retrouver une Suzuki Hayabusa ayant abandonn\u00e9 son faucon japonais pour un superbe mais tr\u00e8s voyant <em>bald eagle<\/em>, embl\u00e8me (faut-il le rappeler) des Etats-Unis. Beau monobras d&rsquo;ailleurs sur cette Busa, mis en \u00e9vidence <em>a contrario<\/em> sur son flanc droit par un cache-axe tout chrom\u00e9. \u00c9taient \u00e9galement expos\u00e9es la derni\u00e8re des Kawasaki ZX-10R ainsi que le pr\u00e9c\u00e9dent mod\u00e8le de Honda CBR. Toujours chez Kawa, une ZZR 1400 aux couleurs de Monster Energy, semble t&rsquo;il. A noter la tendance classique \u00e0 surdimensionner le bras oscillant, pour un empattement de limousine ou de moto pour &quot;mont\u00e9e impossible&quot;. Ajoutez \u00e0 cela les in\u00e9vitables choppers. M\u00eame l&rsquo;<a href=\"http:\/\/www.leblogmoto.com\/2007\/12\/portfolio-de-le.html\">Enertia<\/a> \u00e9tait de la partie, avec une customisation qui r\u00e9ussit \u00e0 peine \u00e0 la sortir de son style banal et anonyme de jerrycan \u00e0 roue. Un dernier clin d&rsquo;\u0153il aux Cassandre qui pr\u00e9voient le d\u00e9clin in\u00e9luctable de l&rsquo;auto (et de la moto): les dates du Sema sont confirm\u00e9es jusqu&rsquo;en 2015&#8230; Via <a href=\"http:\/\/www.autoblog.com\/\">Autoblog<\/a>.<\/p>\n<p><a href=\"http:\/\/clabedan.typepad.com\/.shared\/image.html?\/photos\/uncategorized\/2008\/11\/18\/1.jpg\"><img loading=\"lazy\" decoding=\"async\" height=\"312\"  width=\"470\" alt=\"1\" src=\"http:\/\/www.leblogmoto.com\/images\/2008\/11\/18\/1.jpg\" \/><\/a> <\/p>\n<p><a href=\"http:\/\/blogs.thesocialmedia.com\/leblogmoto\/files\/2012\/07\/21.jpg\"><img loading=\"lazy\" decoding=\"async\" height=\"705\"  width=\"470\" alt=\"2\" src=\"http:\/\/www.leblogmoto.com\/images\/2008\/11\/18\/2.jpg\" \/><\/a> <\/p>\n<p><a href=\"http:\/\/blogs.thesocialmedia.com\/leblogmoto\/files\/2012\/07\/32.jpg\"><img loading=\"lazy\" decoding=\"async\" height=\"705\"  width=\"470\" alt=\"3\" src=\"http:\/\/www.leblogmoto.com\/images\/2008\/11\/18\/3.jpg\" \/><\/a> <\/p>\n<p><a href=\"http:\/\/blogs.thesocialmedia.com\/leblogmoto\/files\/2012\/07\/43.jpg\"><img loading=\"lazy\" decoding=\"async\" height=\"312\"  width=\"470\" alt=\"4\" src=\"http:\/\/www.leblogmoto.com\/images\/2008\/11\/18\/4.jpg\" \/><\/a> <\/p>\n<p><a href=\"http:\/\/blogs.thesocialmedia.com\/leblogmoto\/files\/2012\/07\/52.jpg\"><img loading=\"lazy\" decoding=\"async\" height=\"312\"  width=\"470\" alt=\"5\" src=\"http:\/\/www.leblogmoto.com\/images\/2008\/11\/18\/5.jpg\" \/><\/a> <\/p>\n<p><a href=\"http:\/\/blogs.thesocialmedia.com\/leblogmoto\/files\/2012\/07\/61.jpg\"><img loading=\"lazy\" decoding=\"async\" height=\"312\"  width=\"470\" alt=\"6\" src=\"http:\/\/www.leblogmoto.com\/images\/2008\/11\/18\/6.jpg\" \/><\/a> <\/p>\n<p><a href=\"http:\/\/blogs.thesocialmedia.com\/leblogmoto\/files\/2012\/07\/71.jpg\"><img loading=\"lazy\" decoding=\"async\" height=\"312\"  width=\"470\" alt=\"7\" src=\"http:\/\/www.leblogmoto.com\/images\/2008\/11\/18\/7.jpg\" \/><\/a> <\/p>\n<p><a href=\"http:\/\/blogs.thesocialmedia.com\/leblogmoto\/files\/2012\/07\/82.jpg\"><img loading=\"lazy\" decoding=\"async\" height=\"312\"  width=\"470\" alt=\"8\" src=\"http:\/\/www.leblogmoto.com\/images\/2008\/11\/18\/8.jpg\" \/><\/a> <\/p>\n<p><a href=\"http:\/\/blogs.thesocialmedia.com\/leblogmoto\/files\/2012\/07\/9.jpg\"><img loading=\"lazy\" decoding=\"async\" height=\"312\"  width=\"470\" alt=\"9\" src=\"http:\/\/www.leblogmoto.com\/images\/2008\/11\/18\/9.jpg\" \/><\/a> <\/p>\n<p><a href=\"http:\/\/blogs.thesocialmedia.com\/leblogmoto\/files\/2012\/07\/102.jpg\"><img loading=\"lazy\" decoding=\"async\" height=\"312\"  width=\"470\" alt=\"10\" src=\"http:\/\/www.leblogmoto.com\/images\/2008\/11\/18\/10.jpg\" \/><\/a> <\/p>\n<p><a href=\"http:\/\/blogs.thesocialmedia.com\/leblogmoto\/files\/2012\/07\/111.jpg\"><img loading=\"lazy\" decoding=\"async\" height=\"312\"  width=\"470\" alt=\"11\" src=\"http:\/\/www.leblogmoto.com\/images\/2008\/11\/18\/11.jpg\" \/><\/a> <\/p>\n<p><a href=\"http:\/\/blogs.thesocialmedia.com\/leblogmoto\/files\/2012\/07\/12.jpg\"><img loading=\"lazy\" decoding=\"async\" height=\"312\"  width=\"470\" alt=\"12\" src=\"http:\/\/www.leblogmoto.com\/images\/2008\/11\/18\/12.jpg\" \/><\/a> <\/p>\n<p><a href=\"http:\/\/blogs.thesocialmedia.com\/leblogmoto\/files\/2012\/07\/13.jpg\"><img loading=\"lazy\" decoding=\"async\" height=\"312\"  width=\"470\" alt=\"13\" src=\"http:\/\/www.leblogmoto.com\/images\/2008\/11\/18\/13.jpg\" \/><\/a> <\/p>\n<p><a href=\"http:\/\/blogs.thesocialmedia.com\/leblogmoto\/files\/2012\/07\/14.jpg\"><img loading=\"lazy\" decoding=\"async\" height=\"312\"  width=\"470\" alt=\"14\" src=\"http:\/\/www.leblogmoto.com\/images\/2008\/11\/18\/14.jpg\" \/><\/a> <\/p>\n<p><a href=\"http:\/\/blogs.thesocialmedia.com\/leblogmoto\/files\/2012\/07\/15.jpg\"><img loading=\"lazy\" decoding=\"async\" height=\"312\"  width=\"470\" alt=\"15\" src=\"http:\/\/www.leblogmoto.com\/images\/2008\/11\/18\/15.jpg\" \/><\/a> <\/p>\n<p><a href=\"http:\/\/blogs.thesocialmedia.com\/leblogmoto\/files\/2012\/07\/16.jpg\"><img loading=\"lazy\" decoding=\"async\" height=\"312\"  width=\"470\" alt=\"16\" src=\"http:\/\/www.leblogmoto.com\/images\/2008\/11\/18\/16.jpg\" \/><\/a> <\/p>\n<p><a href=\"http:\/\/blogs.thesocialmedia.com\/leblogmoto\/files\/2012\/07\/17.jpg\"><img loading=\"lazy\" decoding=\"async\" height=\"312\"  width=\"470\" alt=\"17\" src=\"http:\/\/www.leblogmoto.com\/images\/2008\/11\/18\/17.jpg\" \/><\/a> <\/p>\n<p><a href=\"http:\/\/blogs.thesocialmedia.com\/leblogmoto\/files\/2012\/07\/18.jpg\"><img loading=\"lazy\" decoding=\"async\" height=\"705\"  width=\"470\" alt=\"18\" src=\"http:\/\/www.leblogmoto.com\/images\/2008\/11\/18\/18.jpg\" \/><\/a> <\/p>\n<p><a href=\"http:\/\/blogs.thesocialmedia.com\/leblogmoto\/files\/2012\/07\/19.jpg\"><img loading=\"lazy\" decoding=\"async\" height=\"312\"  width=\"470\" alt=\"19\" src=\"http:\/\/www.leblogmoto.com\/images\/2008\/11\/18\/19.jpg\" \/><\/a> <\/p>\n<p><a href=\"http:\/\/blogs.thesocialmedia.com\/leblogmoto\/files\/2012\/07\/20.jpg\"><img loading=\"lazy\" decoding=\"async\" height=\"312\"  width=\"470\" alt=\"20\" src=\"http:\/\/www.leblogmoto.com\/images\/2008\/11\/18\/20.jpg\" \/><\/a> <\/p>\n<p><a href=\"http:\/\/blogs.thesocialmedia.com\/leblogmoto\/files\/2012\/07\/211.jpg\"><img loading=\"lazy\" decoding=\"async\" height=\"312\"  width=\"470\" alt=\"21\" src=\"http:\/\/www.leblogmoto.com\/images\/2008\/11\/18\/21.jpg\" \/><\/a><\/p>\n<p><a href=\"http:\/\/blogs.thesocialmedia.com\/leblogmoto\/files\/2012\/07\/22_2.jpg\"><img loading=\"lazy\" decoding=\"async\" height=\"312\"  width=\"470\" src=\"http:\/\/www.leblogmoto.com\/images\/2008\/11\/18\/22_2.jpg\" alt=\"22_2\" \/><\/a>  <\/p>\n","protected":false},"excerpt":{"rendered":"<p>A la suite de notre article sur le Toyota Tundra, transporteur de la Ducati Desmo, voici ses cons\u0153urs au sein du m\u00eame salon du SEMA (Specialty Equipment Market Association). Un Sema Show qui se tenait il y a une semaine, encore une fois \u00e0 Las Vegas, et qui comme vous le voyez ne faisait pas [&hellip;]<\/p>\n","protected":false},"author":324,"featured_media":0,"comment_status":"open","ping_status":"open","sticky":false,"template":"","format":"standard","meta":{"footnotes":""},"categories":[38,30,8,36],"tags":[],"class_list":["post-405","post","type-post","status-publish","format-standard","hentry","category-atelier","category-bio-carburantsvehicules-propres","category-chaines-et-cuirs","category-salons"],"yoast_head":"<!-- This site is optimized with the Yoast SEO plugin v26.0 - https:\/\/yoast.com\/wordpress\/plugins\/seo\/ -->\n<title>Dans sa fr\u00e9n\u00e9sie de customisation, le Sema Show n&#039;a pas oubli\u00e9 les motos. - leblogmoto.com<\/title>\n<meta name=\"robots\" content=\"index, follow, max-snippet:-1, max-image-preview:large, max-video-preview:-1\" \/>\n<link rel=\"canonical\" href=\"https:\/\/blogs.thesocialmedia.com\/leblogmoto\/2008\/11\/18\/motos-du-salon\/\" \/>\n<meta name=\"twitter:card\" content=\"summary_large_image\" \/>\n<meta name=\"twitter:title\" content=\"Dans sa fr\u00e9n\u00e9sie de customisation, le Sema Show n&#039;a pas oubli\u00e9 les motos. - leblogmoto.com\" \/>\n<meta name=\"twitter:description\" content=\"A la suite de notre article sur le Toyota Tundra, transporteur de la Ducati Desmo, voici ses cons\u0153urs au sein du m\u00eame salon du SEMA (Specialty Equipment Market Association). Un Sema Show qui se tenait il y a une semaine, encore une fois \u00e0 Las Vegas, et qui comme vous le voyez ne faisait pas [&hellip;]\" \/>\n<meta name=\"twitter:image\" content=\"http:\/\/www.leblogmoto.com\/images\/2008\/11\/18\/0.jpg\" \/>\n<meta name=\"twitter:label1\" content=\"\u00c9crit par\" \/>\n\t<meta name=\"twitter:data1\" content=\"benoit rieu\" \/>\n\t<meta name=\"twitter:label2\" content=\"Dur\u00e9e de lecture estim\u00e9e\" \/>\n\t<meta name=\"twitter:data2\" content=\"1 minute\" \/>\n<script type=\"application\/ld+json\" class=\"yoast-schema-graph\">{\"@context\":\"https:\/\/schema.org\",\"@graph\":[{\"@type\":\"WebPage\",\"@id\":\"https:\/\/blogs.thesocialmedia.com\/leblogmoto\/2008\/11\/18\/motos-du-salon\/\",\"url\":\"https:\/\/blogs.thesocialmedia.com\/leblogmoto\/2008\/11\/18\/motos-du-salon\/\",\"name\":\"Dans sa fr\u00e9n\u00e9sie de customisation, le Sema Show n'a pas oubli\u00e9 les motos. - leblogmoto.com\",\"isPartOf\":{\"@id\":\"https:\/\/blogs.thesocialmedia.com\/leblogmoto\/#website\"},\"primaryImageOfPage\":{\"@id\":\"https:\/\/blogs.thesocialmedia.com\/leblogmoto\/2008\/11\/18\/motos-du-salon\/#primaryimage\"},\"image\":{\"@id\":\"https:\/\/blogs.thesocialmedia.com\/leblogmoto\/2008\/11\/18\/motos-du-salon\/#primaryimage\"},\"thumbnailUrl\":\"http:\/\/www.leblogmoto.com\/images\/2008\/11\/18\/0.jpg\",\"datePublished\":\"2008-11-18T23:24:47+00:00\",\"dateModified\":\"2012-07-11T16:35:53+00:00\",\"author\":{\"@id\":\"https:\/\/blogs.thesocialmedia.com\/leblogmoto\/#\/schema\/person\/18bfe773e5725ed6d24f743da805362a\"},\"breadcrumb\":{\"@id\":\"https:\/\/blogs.thesocialmedia.com\/leblogmoto\/2008\/11\/18\/motos-du-salon\/#breadcrumb\"},\"inLanguage\":\"fr-FR\",\"potentialAction\":[{\"@type\":\"ReadAction\",\"target\":[\"https:\/\/blogs.thesocialmedia.com\/leblogmoto\/2008\/11\/18\/motos-du-salon\/\"]}]},{\"@type\":\"ImageObject\",\"inLanguage\":\"fr-FR\",\"@id\":\"https:\/\/blogs.thesocialmedia.com\/leblogmoto\/2008\/11\/18\/motos-du-salon\/#primaryimage\",\"url\":\"http:\/\/www.leblogmoto.com\/images\/2008\/11\/18\/0.jpg\",\"contentUrl\":\"http:\/\/www.leblogmoto.com\/images\/2008\/11\/18\/0.jpg\"},{\"@type\":\"BreadcrumbList\",\"@id\":\"https:\/\/blogs.thesocialmedia.com\/leblogmoto\/2008\/11\/18\/motos-du-salon\/#breadcrumb\",\"itemListElement\":[{\"@type\":\"ListItem\",\"position\":1,\"name\":\"Accueil\",\"item\":\"https:\/\/blogs.thesocialmedia.com\/leblogmoto\/\"},{\"@type\":\"ListItem\",\"position\":2,\"name\":\"Dans sa fr\u00e9n\u00e9sie de customisation, le Sema Show n&rsquo;a pas oubli\u00e9 les motos.\"}]},{\"@type\":\"WebSite\",\"@id\":\"https:\/\/blogs.thesocialmedia.com\/leblogmoto\/#website\",\"url\":\"https:\/\/blogs.thesocialmedia.com\/leblogmoto\/\",\"name\":\"leblogmoto\",\"description\":\"Toute l&#039;actualit\u00e9 des 2 roues\",\"potentialAction\":[{\"@type\":\"SearchAction\",\"target\":{\"@type\":\"EntryPoint\",\"urlTemplate\":\"https:\/\/blogs.thesocialmedia.com\/leblogmoto\/?s={search_term_string}\"},\"query-input\":{\"@type\":\"PropertyValueSpecification\",\"valueRequired\":true,\"valueName\":\"search_term_string\"}}],\"inLanguage\":\"fr-FR\"},{\"@type\":\"Person\",\"@id\":\"https:\/\/blogs.thesocialmedia.com\/leblogmoto\/#\/schema\/person\/18bfe773e5725ed6d24f743da805362a\",\"name\":\"benoit rieu\",\"image\":{\"@type\":\"ImageObject\",\"inLanguage\":\"fr-FR\",\"@id\":\"https:\/\/blogs.thesocialmedia.com\/leblogmoto\/#\/schema\/person\/image\/\",\"url\":\"https:\/\/secure.gravatar.com\/avatar\/?s=96&d=mm&r=g\",\"contentUrl\":\"https:\/\/secure.gravatar.com\/avatar\/?s=96&d=mm&r=g\",\"caption\":\"benoit rieu\"},\"url\":\"https:\/\/blogs.thesocialmedia.com\/leblogmoto\/author\/benoit-rieu\/\"}]}<\/script>\n<!-- \/ Yoast SEO plugin. -->","yoast_head_json":{"title":"Dans sa fr\u00e9n\u00e9sie de customisation, le Sema Show n'a pas oubli\u00e9 les motos. - leblogmoto.com","robots":{"index":"index","follow":"follow","max-snippet":"max-snippet:-1","max-image-preview":"max-image-preview:large","max-video-preview":"max-video-preview:-1"},"canonical":"https:\/\/blogs.thesocialmedia.com\/leblogmoto\/2008\/11\/18\/motos-du-salon\/","twitter_card":"summary_large_image","twitter_title":"Dans sa fr\u00e9n\u00e9sie de customisation, le Sema Show n'a pas oubli\u00e9 les motos. - leblogmoto.com","twitter_description":"A la suite de notre article sur le Toyota Tundra, transporteur de la Ducati Desmo, voici ses cons\u0153urs au sein du m\u00eame salon du SEMA (Specialty Equipment Market Association). Un Sema Show qui se tenait il y a une semaine, encore une fois \u00e0 Las Vegas, et qui comme vous le voyez ne faisait pas [&hellip;]","twitter_image":"http:\/\/www.leblogmoto.com\/images\/2008\/11\/18\/0.jpg","twitter_misc":{"\u00c9crit par":"benoit rieu","Dur\u00e9e de lecture estim\u00e9e":"1 minute"},"schema":{"@context":"https:\/\/schema.org","@graph":[{"@type":"WebPage","@id":"https:\/\/blogs.thesocialmedia.com\/leblogmoto\/2008\/11\/18\/motos-du-salon\/","url":"https:\/\/blogs.thesocialmedia.com\/leblogmoto\/2008\/11\/18\/motos-du-salon\/","name":"Dans sa fr\u00e9n\u00e9sie de customisation, le Sema Show n'a pas oubli\u00e9 les motos. - leblogmoto.com","isPartOf":{"@id":"https:\/\/blogs.thesocialmedia.com\/leblogmoto\/#website"},"primaryImageOfPage":{"@id":"https:\/\/blogs.thesocialmedia.com\/leblogmoto\/2008\/11\/18\/motos-du-salon\/#primaryimage"},"image":{"@id":"https:\/\/blogs.thesocialmedia.com\/leblogmoto\/2008\/11\/18\/motos-du-salon\/#primaryimage"},"thumbnailUrl":"http:\/\/www.leblogmoto.com\/images\/2008\/11\/18\/0.jpg","datePublished":"2008-11-18T23:24:47+00:00","dateModified":"2012-07-11T16:35:53+00:00","author":{"@id":"https:\/\/blogs.thesocialmedia.com\/leblogmoto\/#\/schema\/person\/18bfe773e5725ed6d24f743da805362a"},"breadcrumb":{"@id":"https:\/\/blogs.thesocialmedia.com\/leblogmoto\/2008\/11\/18\/motos-du-salon\/#breadcrumb"},"inLanguage":"fr-FR","potentialAction":[{"@type":"ReadAction","target":["https:\/\/blogs.thesocialmedia.com\/leblogmoto\/2008\/11\/18\/motos-du-salon\/"]}]},{"@type":"ImageObject","inLanguage":"fr-FR","@id":"https:\/\/blogs.thesocialmedia.com\/leblogmoto\/2008\/11\/18\/motos-du-salon\/#primaryimage","url":"http:\/\/www.leblogmoto.com\/images\/2008\/11\/18\/0.jpg","contentUrl":"http:\/\/www.leblogmoto.com\/images\/2008\/11\/18\/0.jpg"},{"@type":"BreadcrumbList","@id":"https:\/\/blogs.thesocialmedia.com\/leblogmoto\/2008\/11\/18\/motos-du-salon\/#breadcrumb","itemListElement":[{"@type":"ListItem","position":1,"name":"Accueil","item":"https:\/\/blogs.thesocialmedia.com\/leblogmoto\/"},{"@type":"ListItem","position":2,"name":"Dans sa fr\u00e9n\u00e9sie de customisation, le Sema Show n&rsquo;a pas oubli\u00e9 les motos."}]},{"@type":"WebSite","@id":"https:\/\/blogs.thesocialmedia.com\/leblogmoto\/#website","url":"https:\/\/blogs.thesocialmedia.com\/leblogmoto\/","name":"leblogmoto","description":"Toute l&#039;actualit\u00e9 des 2 roues","potentialAction":[{"@type":"SearchAction","target":{"@type":"EntryPoint","urlTemplate":"https:\/\/blogs.thesocialmedia.com\/leblogmoto\/?s={search_term_string}"},"query-input":{"@type":"PropertyValueSpecification","valueRequired":true,"valueName":"search_term_string"}}],"inLanguage":"fr-FR"},{"@type":"Person","@id":"https:\/\/blogs.thesocialmedia.com\/leblogmoto\/#\/schema\/person\/18bfe773e5725ed6d24f743da805362a","name":"benoit rieu","image":{"@type":"ImageObject","inLanguage":"fr-FR","@id":"https:\/\/blogs.thesocialmedia.com\/leblogmoto\/#\/schema\/person\/image\/","url":"https:\/\/secure.gravatar.com\/avatar\/?s=96&d=mm&r=g","contentUrl":"https:\/\/secure.gravatar.com\/avatar\/?s=96&d=mm&r=g","caption":"benoit rieu"},"url":"https:\/\/blogs.thesocialmedia.com\/leblogmoto\/author\/benoit-rieu\/"}]}},"_links":{"self":[{"href":"https:\/\/blogs.thesocialmedia.com\/leblogmoto\/wp-json\/wp\/v2\/posts\/405","targetHints":{"allow":["GET"]}}],"collection":[{"href":"https:\/\/blogs.thesocialmedia.com\/leblogmoto\/wp-json\/wp\/v2\/posts"}],"about":[{"href":"https:\/\/blogs.thesocialmedia.com\/leblogmoto\/wp-json\/wp\/v2\/types\/post"}],"author":[{"embeddable":true,"href":"https:\/\/blogs.thesocialmedia.com\/leblogmoto\/wp-json\/wp\/v2\/users\/324"}],"replies":[{"embeddable":true,"href":"https:\/\/blogs.thesocialmedia.com\/leblogmoto\/wp-json\/wp\/v2\/comments?post=405"}],"version-history":[{"count":2,"href":"https:\/\/blogs.thesocialmedia.com\/leblogmoto\/wp-json\/wp\/v2\/posts\/405\/revisions"}],"predecessor-version":[{"id":12103,"href":"https:\/\/blogs.thesocialmedia.com\/leblogmoto\/wp-json\/wp\/v2\/posts\/405\/revisions\/12103"}],"wp:attachment":[{"href":"https:\/\/blogs.thesocialmedia.com\/leblogmoto\/wp-json\/wp\/v2\/media?parent=405"}],"wp:term":[{"taxonomy":"category","embeddable":true,"href":"https:\/\/blogs.thesocialmedia.com\/leblogmoto\/wp-json\/wp\/v2\/categories?post=405"},{"taxonomy":"post_tag","embeddable":true,"href":"https:\/\/blogs.thesocialmedia.com\/leblogmoto\/wp-json\/wp\/v2\/tags?post=405"}],"curies":[{"name":"wp","href":"https:\/\/api.w.org\/{rel}","templated":true}]}}