{"id":406,"date":"2008-11-18T23:22:33","date_gmt":"2008-11-18T23:22:33","guid":{"rendered":"http:\/\/blogs.thesocialmedia.com\/leblogmoto\/2008\/11\/18\/se-rincer-loeil\/"},"modified":"2008-11-18T23:22:33","modified_gmt":"2008-11-18T23:22:33","slug":"se-rincer-loeil","status":"publish","type":"post","link":"https:\/\/blogs.thesocialmedia.com\/leblogmoto\/2008\/11\/18\/se-rincer-loeil\/","title":{"rendered":"Se rincer l&rsquo;\u0153il devant la combinaison et le casque parfaits."},"content":{"rendered":"<div><object height=\"291\" width=\"480\"><param name=\"movie\" value=\"http:\/\/www.dailymotion.com\/swf\/k6jwJbHaynD50bQ4rN&amp;related=1&amp;canvas=medium\" \/><param name=\"allowFullScreen\" value=\"true\" \/><param name=\"allowScriptAccess\" value=\"always\" \/><embed height=\"291\" width=\"480\" src=\"http:\/\/www.dailymotion.com\/swf\/k6jwJbHaynD50bQ4rN&amp;related=1&amp;canvas=medium\" type=\"application\/x-shockwave-flash\"><\/embed><\/object><br \/><strong><a href=\"http:\/\/www.dailymotion.com\/video\/x7dzqj_1st-ave-machine_creation\">1st Ave Machine<\/a><\/strong><em><\/em><\/p>\n<p>Attention, avertissement: que celles et ceux qui s&rsquo;attendent \u00e0 voir une combinaison et un casque aux couleurs bigarr\u00e9es qu&rsquo;ils pourront \u00e9trenner au Ledenon ou au Sequestre passent leur chemin. Cette vid\u00e9o n&rsquo;est qu&rsquo;un pr\u00e9texte pour se rincer l&rsquo;\u0153il \u00e0 peu de frais devant les courbes d&rsquo;une jeune femme et sur une musique tr\u00e8s inspir\u00e9e par <a href=\"http:\/\/www.dailymotion.com\/relevance\/search\/testarossa\/video\/x1b7oz_testarossa-autodrive-kavinsky_music\">Testarossa Autodrive<\/a> de Kavinsky. Mais ne vous inqui\u00e9tez pas, on reste dans le domaine des protections, la combarde et l&rsquo;int\u00e9gral \u00e9labor\u00e9s devant vos mirettes \u00e9baubies sont le dernier cri en la mati\u00e8re, \u00e0 n&rsquo;en pas douter. Pour les fans de la magnifique vacuit\u00e9 de <a href=\"http:\/\/www.leblogmoto.com\/2008\/08\/film-danimation.html\">Mare Street<\/a> et de nos <a href=\"http:\/\/www.leblogmoto.com\/2008\/09\/post.html\">p\u00e9p\u00e9s carross\u00e9es<\/a>, voici le sujet ultime qui r\u00e9ussit \u00e0 unir les deux. Que ces lecteurs-l\u00e0 restent donc avec nous, ils ne le regretteront pas.<em>&nbsp;<\/em>Via l&rsquo;excellent <a href=\"http:\/\/www.mikropikol.net\">Mikropikol<\/a>.<\/p>\n<\/div>\n","protected":false},"excerpt":{"rendered":"<p>1st Ave Machine Attention, avertissement: que celles et ceux qui s&rsquo;attendent \u00e0 voir une combinaison et un casque aux couleurs bigarr\u00e9es qu&rsquo;ils pourront \u00e9trenner au Ledenon ou au Sequestre passent leur chemin. Cette vid\u00e9o n&rsquo;est qu&rsquo;un pr\u00e9texte pour se rincer l&rsquo;\u0153il \u00e0 peu de frais devant les courbes d&rsquo;une jeune femme et sur une musique [&hellip;]<\/p>\n","protected":false},"author":324,"featured_media":0,"comment_status":"open","ping_status":"open","sticky":false,"template":"","format":"standard","meta":{"footnotes":""},"categories":[16,56,12],"tags":[],"class_list":["post-406","post","type-post","status-publish","format-standard","hentry","category-art-moto","category-protections","category-videos"],"yoast_head":"<!-- This site is optimized with the Yoast SEO plugin v26.0 - https:\/\/yoast.com\/wordpress\/plugins\/seo\/ -->\n<title>Se rincer l&#039;\u0153il devant la combinaison et le casque parfaits. - leblogmoto.com<\/title>\n<meta name=\"robots\" content=\"index, follow, max-snippet:-1, max-image-preview:large, max-video-preview:-1\" \/>\n<link rel=\"canonical\" href=\"https:\/\/blogs.thesocialmedia.com\/leblogmoto\/2008\/11\/18\/se-rincer-loeil\/\" \/>\n<meta name=\"twitter:card\" content=\"summary_large_image\" \/>\n<meta name=\"twitter:title\" content=\"Se rincer l&#039;\u0153il devant la combinaison et le casque parfaits. - leblogmoto.com\" \/>\n<meta name=\"twitter:description\" content=\"1st Ave Machine Attention, avertissement: que celles et ceux qui s&rsquo;attendent \u00e0 voir une combinaison et un casque aux couleurs bigarr\u00e9es qu&rsquo;ils pourront \u00e9trenner au Ledenon ou au Sequestre passent leur chemin. Cette vid\u00e9o n&rsquo;est qu&rsquo;un pr\u00e9texte pour se rincer l&rsquo;\u0153il \u00e0 peu de frais devant les courbes d&rsquo;une jeune femme et sur une musique [&hellip;]\" \/>\n<meta name=\"twitter:label1\" content=\"\u00c9crit par\" \/>\n\t<meta name=\"twitter:data1\" content=\"benoit rieu\" \/>\n\t<meta name=\"twitter:label2\" content=\"Dur\u00e9e de lecture estim\u00e9e\" \/>\n\t<meta name=\"twitter:data2\" content=\"1 minute\" \/>\n<script type=\"application\/ld+json\" class=\"yoast-schema-graph\">{\"@context\":\"https:\/\/schema.org\",\"@graph\":[{\"@type\":\"WebPage\",\"@id\":\"https:\/\/blogs.thesocialmedia.com\/leblogmoto\/2008\/11\/18\/se-rincer-loeil\/\",\"url\":\"https:\/\/blogs.thesocialmedia.com\/leblogmoto\/2008\/11\/18\/se-rincer-loeil\/\",\"name\":\"Se rincer l'\u0153il devant la combinaison et le casque parfaits. - leblogmoto.com\",\"isPartOf\":{\"@id\":\"https:\/\/blogs.thesocialmedia.com\/leblogmoto\/#website\"},\"datePublished\":\"2008-11-18T23:22:33+00:00\",\"author\":{\"@id\":\"https:\/\/blogs.thesocialmedia.com\/leblogmoto\/#\/schema\/person\/18bfe773e5725ed6d24f743da805362a\"},\"breadcrumb\":{\"@id\":\"https:\/\/blogs.thesocialmedia.com\/leblogmoto\/2008\/11\/18\/se-rincer-loeil\/#breadcrumb\"},\"inLanguage\":\"fr-FR\",\"potentialAction\":[{\"@type\":\"ReadAction\",\"target\":[\"https:\/\/blogs.thesocialmedia.com\/leblogmoto\/2008\/11\/18\/se-rincer-loeil\/\"]}]},{\"@type\":\"BreadcrumbList\",\"@id\":\"https:\/\/blogs.thesocialmedia.com\/leblogmoto\/2008\/11\/18\/se-rincer-loeil\/#breadcrumb\",\"itemListElement\":[{\"@type\":\"ListItem\",\"position\":1,\"name\":\"Accueil\",\"item\":\"https:\/\/blogs.thesocialmedia.com\/leblogmoto\/\"},{\"@type\":\"ListItem\",\"position\":2,\"name\":\"Se rincer l&rsquo;\u0153il devant la combinaison et le casque parfaits.\"}]},{\"@type\":\"WebSite\",\"@id\":\"https:\/\/blogs.thesocialmedia.com\/leblogmoto\/#website\",\"url\":\"https:\/\/blogs.thesocialmedia.com\/leblogmoto\/\",\"name\":\"leblogmoto\",\"description\":\"Toute l&#039;actualit\u00e9 des 2 roues\",\"potentialAction\":[{\"@type\":\"SearchAction\",\"target\":{\"@type\":\"EntryPoint\",\"urlTemplate\":\"https:\/\/blogs.thesocialmedia.com\/leblogmoto\/?s={search_term_string}\"},\"query-input\":{\"@type\":\"PropertyValueSpecification\",\"valueRequired\":true,\"valueName\":\"search_term_string\"}}],\"inLanguage\":\"fr-FR\"},{\"@type\":\"Person\",\"@id\":\"https:\/\/blogs.thesocialmedia.com\/leblogmoto\/#\/schema\/person\/18bfe773e5725ed6d24f743da805362a\",\"name\":\"benoit rieu\",\"image\":{\"@type\":\"ImageObject\",\"inLanguage\":\"fr-FR\",\"@id\":\"https:\/\/blogs.thesocialmedia.com\/leblogmoto\/#\/schema\/person\/image\/\",\"url\":\"https:\/\/secure.gravatar.com\/avatar\/?s=96&d=mm&r=g\",\"contentUrl\":\"https:\/\/secure.gravatar.com\/avatar\/?s=96&d=mm&r=g\",\"caption\":\"benoit rieu\"},\"url\":\"https:\/\/blogs.thesocialmedia.com\/leblogmoto\/author\/benoit-rieu\/\"}]}<\/script>\n<!-- \/ Yoast SEO plugin. -->","yoast_head_json":{"title":"Se rincer l'\u0153il devant la combinaison et le casque parfaits. - leblogmoto.com","robots":{"index":"index","follow":"follow","max-snippet":"max-snippet:-1","max-image-preview":"max-image-preview:large","max-video-preview":"max-video-preview:-1"},"canonical":"https:\/\/blogs.thesocialmedia.com\/leblogmoto\/2008\/11\/18\/se-rincer-loeil\/","twitter_card":"summary_large_image","twitter_title":"Se rincer l'\u0153il devant la combinaison et le casque parfaits. - leblogmoto.com","twitter_description":"1st Ave Machine Attention, avertissement: que celles et ceux qui s&rsquo;attendent \u00e0 voir une combinaison et un casque aux couleurs bigarr\u00e9es qu&rsquo;ils pourront \u00e9trenner au Ledenon ou au Sequestre passent leur chemin. Cette vid\u00e9o n&rsquo;est qu&rsquo;un pr\u00e9texte pour se rincer l&rsquo;\u0153il \u00e0 peu de frais devant les courbes d&rsquo;une jeune femme et sur une musique [&hellip;]","twitter_misc":{"\u00c9crit par":"benoit rieu","Dur\u00e9e de lecture estim\u00e9e":"1 minute"},"schema":{"@context":"https:\/\/schema.org","@graph":[{"@type":"WebPage","@id":"https:\/\/blogs.thesocialmedia.com\/leblogmoto\/2008\/11\/18\/se-rincer-loeil\/","url":"https:\/\/blogs.thesocialmedia.com\/leblogmoto\/2008\/11\/18\/se-rincer-loeil\/","name":"Se rincer l'\u0153il devant la combinaison et le casque parfaits. - leblogmoto.com","isPartOf":{"@id":"https:\/\/blogs.thesocialmedia.com\/leblogmoto\/#website"},"datePublished":"2008-11-18T23:22:33+00:00","author":{"@id":"https:\/\/blogs.thesocialmedia.com\/leblogmoto\/#\/schema\/person\/18bfe773e5725ed6d24f743da805362a"},"breadcrumb":{"@id":"https:\/\/blogs.thesocialmedia.com\/leblogmoto\/2008\/11\/18\/se-rincer-loeil\/#breadcrumb"},"inLanguage":"fr-FR","potentialAction":[{"@type":"ReadAction","target":["https:\/\/blogs.thesocialmedia.com\/leblogmoto\/2008\/11\/18\/se-rincer-loeil\/"]}]},{"@type":"BreadcrumbList","@id":"https:\/\/blogs.thesocialmedia.com\/leblogmoto\/2008\/11\/18\/se-rincer-loeil\/#breadcrumb","itemListElement":[{"@type":"ListItem","position":1,"name":"Accueil","item":"https:\/\/blogs.thesocialmedia.com\/leblogmoto\/"},{"@type":"ListItem","position":2,"name":"Se rincer l&rsquo;\u0153il devant la combinaison et le casque parfaits."}]},{"@type":"WebSite","@id":"https:\/\/blogs.thesocialmedia.com\/leblogmoto\/#website","url":"https:\/\/blogs.thesocialmedia.com\/leblogmoto\/","name":"leblogmoto","description":"Toute l&#039;actualit\u00e9 des 2 roues","potentialAction":[{"@type":"SearchAction","target":{"@type":"EntryPoint","urlTemplate":"https:\/\/blogs.thesocialmedia.com\/leblogmoto\/?s={search_term_string}"},"query-input":{"@type":"PropertyValueSpecification","valueRequired":true,"valueName":"search_term_string"}}],"inLanguage":"fr-FR"},{"@type":"Person","@id":"https:\/\/blogs.thesocialmedia.com\/leblogmoto\/#\/schema\/person\/18bfe773e5725ed6d24f743da805362a","name":"benoit rieu","image":{"@type":"ImageObject","inLanguage":"fr-FR","@id":"https:\/\/blogs.thesocialmedia.com\/leblogmoto\/#\/schema\/person\/image\/","url":"https:\/\/secure.gravatar.com\/avatar\/?s=96&d=mm&r=g","contentUrl":"https:\/\/secure.gravatar.com\/avatar\/?s=96&d=mm&r=g","caption":"benoit rieu"},"url":"https:\/\/blogs.thesocialmedia.com\/leblogmoto\/author\/benoit-rieu\/"}]}},"_links":{"self":[{"href":"https:\/\/blogs.thesocialmedia.com\/leblogmoto\/wp-json\/wp\/v2\/posts\/406","targetHints":{"allow":["GET"]}}],"collection":[{"href":"https:\/\/blogs.thesocialmedia.com\/leblogmoto\/wp-json\/wp\/v2\/posts"}],"about":[{"href":"https:\/\/blogs.thesocialmedia.com\/leblogmoto\/wp-json\/wp\/v2\/types\/post"}],"author":[{"embeddable":true,"href":"https:\/\/blogs.thesocialmedia.com\/leblogmoto\/wp-json\/wp\/v2\/users\/324"}],"replies":[{"embeddable":true,"href":"https:\/\/blogs.thesocialmedia.com\/leblogmoto\/wp-json\/wp\/v2\/comments?post=406"}],"version-history":[{"count":0,"href":"https:\/\/blogs.thesocialmedia.com\/leblogmoto\/wp-json\/wp\/v2\/posts\/406\/revisions"}],"wp:attachment":[{"href":"https:\/\/blogs.thesocialmedia.com\/leblogmoto\/wp-json\/wp\/v2\/media?parent=406"}],"wp:term":[{"taxonomy":"category","embeddable":true,"href":"https:\/\/blogs.thesocialmedia.com\/leblogmoto\/wp-json\/wp\/v2\/categories?post=406"},{"taxonomy":"post_tag","embeddable":true,"href":"https:\/\/blogs.thesocialmedia.com\/leblogmoto\/wp-json\/wp\/v2\/tags?post=406"}],"curies":[{"name":"wp","href":"https:\/\/api.w.org\/{rel}","templated":true}]}}