{"id":407,"date":"2008-11-18T23:17:30","date_gmt":"2008-11-18T23:17:30","guid":{"rendered":"http:\/\/blogs.thesocialmedia.com\/leblogmoto\/2008\/11\/18\/feux-compte-reb\/"},"modified":"2012-07-11T16:35:01","modified_gmt":"2012-07-11T16:35:01","slug":"feux-compte-reb","status":"publish","type":"post","link":"https:\/\/blogs.thesocialmedia.com\/leblogmoto\/2008\/11\/18\/feux-compte-reb\/","title":{"rendered":"Probablement l&rsquo;initiative en signalisation routi\u00e8re la plus absurde."},"content":{"rendered":"<p><a href=\"http:\/\/blogs.thesocialmedia.com\/leblogmoto\/files\/2012\/07\/moto_scurit_feux_compte_rebours_sto.jpg\"><img loading=\"lazy\" decoding=\"async\" height=\"197\"  width=\"470\" alt=\"Moto_scurit_feux_compte_rebours_sto\" src=\"http:\/\/www.leblogmoto.com\/images\/2008\/11\/18\/moto_scurit_feux_compte_rebours_sto.jpg\" \/><\/a><\/p>\n<p>Les Pays Bas passent pour \u00eatre une contr\u00e9e novatrice et le pays des exp\u00e9rimentations en tout genre. Mais cette fois il vous sera inutile de tra\u00eener devant un <em>coffee shop<\/em> ou un <em>smart shop<\/em> en m\u00e9ditant sur les bienfaits (ou les m\u00e9faits !) de la vente libre de certains stup\u00e9fiants pour vous en rendre compte. Vous n&rsquo;aurez m\u00eame pas besoin de descendre de votre b\u00e9cane, tout compte fait. La ville de Den Bosch vient en effet de mettre en place ces nouveaux types de feux, qui passent du rouge au vert sans transiter par l&rsquo;orange. Entre les deux couleurs, un simple compte \u00e0 rebours. Ce dispositif pour le moins incongru, vu sur le <a href=\"http:\/\/news.motorbiker.org\/blogs.nsf\">blog <em>Bikes<\/em><\/a><em> in the fast lane<\/em>, me laisse au mieux songeur. A tous ceux qui pensent que c&rsquo;est une bonne id\u00e9e, je signale que les \u00e9thylotests <em>avec affichage<\/em> du taux d&rsquo;alcool\u00e9mie \u00e9taient consid\u00e9r\u00e9s comme un bienfait en bo\u00eetes de nuit. Jusqu&rsquo;\u00e0 ce que certains se lancent des concours pour avoir le meilleur &quot;score&quot;. Vous pouvez aussi tenter de vous mettre dans la peau d&rsquo;un jacky et k\u00e9k\u00e9 \u00e9m\u00e9ch\u00e9 (ou pas) qui, voyant les secondes d\u00e9filer se prendra pour un Valentino avant le d\u00e9part, en voie urbaine, avec les risques inh\u00e9rents \u00e0 ce type de comportement. Je referme la parenth\u00e8se casquette-et-k\u00e9pi-bleus. <\/p>\n<p><a href=\"http:\/\/www.motorbiker.org\/blogs.nsf\/dx\/netherlands-new-style-countdown-red-light-being-tested.htm\"><\/a><\/p>\n","protected":false},"excerpt":{"rendered":"<p>Les Pays Bas passent pour \u00eatre une contr\u00e9e novatrice et le pays des exp\u00e9rimentations en tout genre. Mais cette fois il vous sera inutile de tra\u00eener devant un coffee shop ou un smart shop en m\u00e9ditant sur les bienfaits (ou les m\u00e9faits !) de la vente libre de certains stup\u00e9fiants pour vous en rendre compte. [&hellip;]<\/p>\n","protected":false},"author":324,"featured_media":0,"comment_status":"open","ping_status":"open","sticky":false,"template":"","format":"standard","meta":{"footnotes":""},"categories":[3,27],"tags":[],"class_list":["post-407","post","type-post","status-publish","format-standard","hentry","category-actualite","category-securite"],"yoast_head":"<!-- This site is optimized with the Yoast SEO plugin v26.0 - https:\/\/yoast.com\/wordpress\/plugins\/seo\/ -->\n<title>Probablement l&#039;initiative en signalisation routi\u00e8re la plus absurde. - leblogmoto.com<\/title>\n<meta name=\"robots\" content=\"index, follow, max-snippet:-1, max-image-preview:large, max-video-preview:-1\" \/>\n<link rel=\"canonical\" href=\"https:\/\/blogs.thesocialmedia.com\/leblogmoto\/2008\/11\/18\/feux-compte-reb\/\" \/>\n<meta name=\"twitter:card\" content=\"summary_large_image\" \/>\n<meta name=\"twitter:title\" content=\"Probablement l&#039;initiative en signalisation routi\u00e8re la plus absurde. - leblogmoto.com\" \/>\n<meta name=\"twitter:description\" content=\"Les Pays Bas passent pour \u00eatre une contr\u00e9e novatrice et le pays des exp\u00e9rimentations en tout genre. Mais cette fois il vous sera inutile de tra\u00eener devant un coffee shop ou un smart shop en m\u00e9ditant sur les bienfaits (ou les m\u00e9faits !) de la vente libre de certains stup\u00e9fiants pour vous en rendre compte. [&hellip;]\" \/>\n<meta name=\"twitter:image\" content=\"http:\/\/www.leblogmoto.com\/images\/2008\/11\/18\/moto_scurit_feux_compte_rebours_sto.jpg\" \/>\n<meta name=\"twitter:label1\" content=\"\u00c9crit par\" \/>\n\t<meta name=\"twitter:data1\" content=\"benoit rieu\" \/>\n\t<meta name=\"twitter:label2\" content=\"Dur\u00e9e de lecture estim\u00e9e\" \/>\n\t<meta name=\"twitter:data2\" content=\"1 minute\" \/>\n<script type=\"application\/ld+json\" class=\"yoast-schema-graph\">{\"@context\":\"https:\/\/schema.org\",\"@graph\":[{\"@type\":\"WebPage\",\"@id\":\"https:\/\/blogs.thesocialmedia.com\/leblogmoto\/2008\/11\/18\/feux-compte-reb\/\",\"url\":\"https:\/\/blogs.thesocialmedia.com\/leblogmoto\/2008\/11\/18\/feux-compte-reb\/\",\"name\":\"Probablement l'initiative en signalisation routi\u00e8re la plus absurde. - leblogmoto.com\",\"isPartOf\":{\"@id\":\"https:\/\/blogs.thesocialmedia.com\/leblogmoto\/#website\"},\"primaryImageOfPage\":{\"@id\":\"https:\/\/blogs.thesocialmedia.com\/leblogmoto\/2008\/11\/18\/feux-compte-reb\/#primaryimage\"},\"image\":{\"@id\":\"https:\/\/blogs.thesocialmedia.com\/leblogmoto\/2008\/11\/18\/feux-compte-reb\/#primaryimage\"},\"thumbnailUrl\":\"http:\/\/www.leblogmoto.com\/images\/2008\/11\/18\/moto_scurit_feux_compte_rebours_sto.jpg\",\"datePublished\":\"2008-11-18T23:17:30+00:00\",\"dateModified\":\"2012-07-11T16:35:01+00:00\",\"author\":{\"@id\":\"https:\/\/blogs.thesocialmedia.com\/leblogmoto\/#\/schema\/person\/18bfe773e5725ed6d24f743da805362a\"},\"breadcrumb\":{\"@id\":\"https:\/\/blogs.thesocialmedia.com\/leblogmoto\/2008\/11\/18\/feux-compte-reb\/#breadcrumb\"},\"inLanguage\":\"fr-FR\",\"potentialAction\":[{\"@type\":\"ReadAction\",\"target\":[\"https:\/\/blogs.thesocialmedia.com\/leblogmoto\/2008\/11\/18\/feux-compte-reb\/\"]}]},{\"@type\":\"ImageObject\",\"inLanguage\":\"fr-FR\",\"@id\":\"https:\/\/blogs.thesocialmedia.com\/leblogmoto\/2008\/11\/18\/feux-compte-reb\/#primaryimage\",\"url\":\"http:\/\/www.leblogmoto.com\/images\/2008\/11\/18\/moto_scurit_feux_compte_rebours_sto.jpg\",\"contentUrl\":\"http:\/\/www.leblogmoto.com\/images\/2008\/11\/18\/moto_scurit_feux_compte_rebours_sto.jpg\"},{\"@type\":\"BreadcrumbList\",\"@id\":\"https:\/\/blogs.thesocialmedia.com\/leblogmoto\/2008\/11\/18\/feux-compte-reb\/#breadcrumb\",\"itemListElement\":[{\"@type\":\"ListItem\",\"position\":1,\"name\":\"Accueil\",\"item\":\"https:\/\/blogs.thesocialmedia.com\/leblogmoto\/\"},{\"@type\":\"ListItem\",\"position\":2,\"name\":\"Probablement l&rsquo;initiative en signalisation routi\u00e8re la plus absurde.\"}]},{\"@type\":\"WebSite\",\"@id\":\"https:\/\/blogs.thesocialmedia.com\/leblogmoto\/#website\",\"url\":\"https:\/\/blogs.thesocialmedia.com\/leblogmoto\/\",\"name\":\"leblogmoto\",\"description\":\"Toute l&#039;actualit\u00e9 des 2 roues\",\"potentialAction\":[{\"@type\":\"SearchAction\",\"target\":{\"@type\":\"EntryPoint\",\"urlTemplate\":\"https:\/\/blogs.thesocialmedia.com\/leblogmoto\/?s={search_term_string}\"},\"query-input\":{\"@type\":\"PropertyValueSpecification\",\"valueRequired\":true,\"valueName\":\"search_term_string\"}}],\"inLanguage\":\"fr-FR\"},{\"@type\":\"Person\",\"@id\":\"https:\/\/blogs.thesocialmedia.com\/leblogmoto\/#\/schema\/person\/18bfe773e5725ed6d24f743da805362a\",\"name\":\"benoit rieu\",\"image\":{\"@type\":\"ImageObject\",\"inLanguage\":\"fr-FR\",\"@id\":\"https:\/\/blogs.thesocialmedia.com\/leblogmoto\/#\/schema\/person\/image\/\",\"url\":\"https:\/\/secure.gravatar.com\/avatar\/?s=96&d=mm&r=g\",\"contentUrl\":\"https:\/\/secure.gravatar.com\/avatar\/?s=96&d=mm&r=g\",\"caption\":\"benoit rieu\"},\"url\":\"https:\/\/blogs.thesocialmedia.com\/leblogmoto\/author\/benoit-rieu\/\"}]}<\/script>\n<!-- \/ Yoast SEO plugin. -->","yoast_head_json":{"title":"Probablement l'initiative en signalisation routi\u00e8re la plus absurde. - leblogmoto.com","robots":{"index":"index","follow":"follow","max-snippet":"max-snippet:-1","max-image-preview":"max-image-preview:large","max-video-preview":"max-video-preview:-1"},"canonical":"https:\/\/blogs.thesocialmedia.com\/leblogmoto\/2008\/11\/18\/feux-compte-reb\/","twitter_card":"summary_large_image","twitter_title":"Probablement l'initiative en signalisation routi\u00e8re la plus absurde. - leblogmoto.com","twitter_description":"Les Pays Bas passent pour \u00eatre une contr\u00e9e novatrice et le pays des exp\u00e9rimentations en tout genre. Mais cette fois il vous sera inutile de tra\u00eener devant un coffee shop ou un smart shop en m\u00e9ditant sur les bienfaits (ou les m\u00e9faits !) de la vente libre de certains stup\u00e9fiants pour vous en rendre compte. [&hellip;]","twitter_image":"http:\/\/www.leblogmoto.com\/images\/2008\/11\/18\/moto_scurit_feux_compte_rebours_sto.jpg","twitter_misc":{"\u00c9crit par":"benoit rieu","Dur\u00e9e de lecture estim\u00e9e":"1 minute"},"schema":{"@context":"https:\/\/schema.org","@graph":[{"@type":"WebPage","@id":"https:\/\/blogs.thesocialmedia.com\/leblogmoto\/2008\/11\/18\/feux-compte-reb\/","url":"https:\/\/blogs.thesocialmedia.com\/leblogmoto\/2008\/11\/18\/feux-compte-reb\/","name":"Probablement l'initiative en signalisation routi\u00e8re la plus absurde. - leblogmoto.com","isPartOf":{"@id":"https:\/\/blogs.thesocialmedia.com\/leblogmoto\/#website"},"primaryImageOfPage":{"@id":"https:\/\/blogs.thesocialmedia.com\/leblogmoto\/2008\/11\/18\/feux-compte-reb\/#primaryimage"},"image":{"@id":"https:\/\/blogs.thesocialmedia.com\/leblogmoto\/2008\/11\/18\/feux-compte-reb\/#primaryimage"},"thumbnailUrl":"http:\/\/www.leblogmoto.com\/images\/2008\/11\/18\/moto_scurit_feux_compte_rebours_sto.jpg","datePublished":"2008-11-18T23:17:30+00:00","dateModified":"2012-07-11T16:35:01+00:00","author":{"@id":"https:\/\/blogs.thesocialmedia.com\/leblogmoto\/#\/schema\/person\/18bfe773e5725ed6d24f743da805362a"},"breadcrumb":{"@id":"https:\/\/blogs.thesocialmedia.com\/leblogmoto\/2008\/11\/18\/feux-compte-reb\/#breadcrumb"},"inLanguage":"fr-FR","potentialAction":[{"@type":"ReadAction","target":["https:\/\/blogs.thesocialmedia.com\/leblogmoto\/2008\/11\/18\/feux-compte-reb\/"]}]},{"@type":"ImageObject","inLanguage":"fr-FR","@id":"https:\/\/blogs.thesocialmedia.com\/leblogmoto\/2008\/11\/18\/feux-compte-reb\/#primaryimage","url":"http:\/\/www.leblogmoto.com\/images\/2008\/11\/18\/moto_scurit_feux_compte_rebours_sto.jpg","contentUrl":"http:\/\/www.leblogmoto.com\/images\/2008\/11\/18\/moto_scurit_feux_compte_rebours_sto.jpg"},{"@type":"BreadcrumbList","@id":"https:\/\/blogs.thesocialmedia.com\/leblogmoto\/2008\/11\/18\/feux-compte-reb\/#breadcrumb","itemListElement":[{"@type":"ListItem","position":1,"name":"Accueil","item":"https:\/\/blogs.thesocialmedia.com\/leblogmoto\/"},{"@type":"ListItem","position":2,"name":"Probablement l&rsquo;initiative en signalisation routi\u00e8re la plus absurde."}]},{"@type":"WebSite","@id":"https:\/\/blogs.thesocialmedia.com\/leblogmoto\/#website","url":"https:\/\/blogs.thesocialmedia.com\/leblogmoto\/","name":"leblogmoto","description":"Toute l&#039;actualit\u00e9 des 2 roues","potentialAction":[{"@type":"SearchAction","target":{"@type":"EntryPoint","urlTemplate":"https:\/\/blogs.thesocialmedia.com\/leblogmoto\/?s={search_term_string}"},"query-input":{"@type":"PropertyValueSpecification","valueRequired":true,"valueName":"search_term_string"}}],"inLanguage":"fr-FR"},{"@type":"Person","@id":"https:\/\/blogs.thesocialmedia.com\/leblogmoto\/#\/schema\/person\/18bfe773e5725ed6d24f743da805362a","name":"benoit rieu","image":{"@type":"ImageObject","inLanguage":"fr-FR","@id":"https:\/\/blogs.thesocialmedia.com\/leblogmoto\/#\/schema\/person\/image\/","url":"https:\/\/secure.gravatar.com\/avatar\/?s=96&d=mm&r=g","contentUrl":"https:\/\/secure.gravatar.com\/avatar\/?s=96&d=mm&r=g","caption":"benoit rieu"},"url":"https:\/\/blogs.thesocialmedia.com\/leblogmoto\/author\/benoit-rieu\/"}]}},"_links":{"self":[{"href":"https:\/\/blogs.thesocialmedia.com\/leblogmoto\/wp-json\/wp\/v2\/posts\/407","targetHints":{"allow":["GET"]}}],"collection":[{"href":"https:\/\/blogs.thesocialmedia.com\/leblogmoto\/wp-json\/wp\/v2\/posts"}],"about":[{"href":"https:\/\/blogs.thesocialmedia.com\/leblogmoto\/wp-json\/wp\/v2\/types\/post"}],"author":[{"embeddable":true,"href":"https:\/\/blogs.thesocialmedia.com\/leblogmoto\/wp-json\/wp\/v2\/users\/324"}],"replies":[{"embeddable":true,"href":"https:\/\/blogs.thesocialmedia.com\/leblogmoto\/wp-json\/wp\/v2\/comments?post=407"}],"version-history":[{"count":2,"href":"https:\/\/blogs.thesocialmedia.com\/leblogmoto\/wp-json\/wp\/v2\/posts\/407\/revisions"}],"predecessor-version":[{"id":12080,"href":"https:\/\/blogs.thesocialmedia.com\/leblogmoto\/wp-json\/wp\/v2\/posts\/407\/revisions\/12080"}],"wp:attachment":[{"href":"https:\/\/blogs.thesocialmedia.com\/leblogmoto\/wp-json\/wp\/v2\/media?parent=407"}],"wp:term":[{"taxonomy":"category","embeddable":true,"href":"https:\/\/blogs.thesocialmedia.com\/leblogmoto\/wp-json\/wp\/v2\/categories?post=407"},{"taxonomy":"post_tag","embeddable":true,"href":"https:\/\/blogs.thesocialmedia.com\/leblogmoto\/wp-json\/wp\/v2\/tags?post=407"}],"curies":[{"name":"wp","href":"https:\/\/api.w.org\/{rel}","templated":true}]}}