{"id":410,"date":"2008-11-16T23:11:58","date_gmt":"2008-11-16T23:11:58","guid":{"rendered":"http:\/\/blogs.thesocialmedia.com\/leblogmoto\/2008\/11\/16\/honda-transport\/"},"modified":"2012-07-11T16:34:58","modified_gmt":"2012-07-11T16:34:58","slug":"honda-transport","status":"publish","type":"post","link":"https:\/\/blogs.thesocialmedia.com\/leblogmoto\/2008\/11\/16\/honda-transport\/","title":{"rendered":"Toyota transporte votre Desmo (si vous en avez une, \u00e9videmment)."},"content":{"rendered":"<p><a href=\"http:\/\/blogs.thesocialmedia.com\/leblogmoto\/files\/2012\/07\/toyotatundraducatitransportersema20.jpg\"><img loading=\"lazy\" decoding=\"async\" height=\"312\"  width=\"470\" alt=\"Toyotatundraducatitransportersema20\" src=\"http:\/\/www.leblogmoto.com\/images\/2008\/11\/16\/toyotatundraducatitransportersema20.jpg\" \/><\/a><\/p>\n<p>Le premier constructeur automobile mondial a pr\u00e9sent\u00e9 dans le cadre du SEMA (une sorte de gigantesque salon du tuning et custom aux Etats-Unis) son Tundra adapt\u00e9 pour prendre en charge, au sens strict du mot, une <a href=\"http:\/\/blogs.thesocialmedia.com\/leblogmoto\/files\/2012\/07\/la-desmo-nue.htmlmore.png\">Desmosedici<\/a> RR. Au del\u00e0 de l&rsquo;aspect in\u00e9vitablement gadget et publicitaire &#8211; pourquoi une <a href=\"http:\/\/www.leblogmoto.com\/2008\/02\/d.html#more\">Desmo<\/a> et pas une <a href=\"http:\/\/www.leblogmoto.com\/2007\/12\/troy-bayliss-ti.html#more\">1098<\/a> ? &#8211; la b\u00eate a de quoi impressionner m\u00eame les plus blas\u00e9s des propri\u00e9taires de pick-up et SUV. Jugez plut\u00f4t: 500 chevaux se cachent sous le capot arborant les <em>racing stripes<\/em> de la marque de Bologne. En dehors de la puissance du V8 de pr\u00e8s de six litres de cylindr\u00e9e (soit 5700 cc !), la logistique n&rsquo;a pas \u00e9t\u00e9 oubli\u00e9e: cet autre monstre rouge pourra ais\u00e9ment transporter votre b\u00e9cane gr\u00e2ce notamment \u00e0 une rampe motoris\u00e9e. Ajoutez \u00e0 cela une recharge par panneaux solaires et des jantes de 22\u00a0\u00bb en alu, un nouvel \u00e9chappement, de nouvelles suspensions, des freins am\u00e9lior\u00e9s par rapport au Tundra CrewMax, le mod\u00e8le de base. Le tout est propos\u00e9 \u00e0 un prix&#8230; inconnu. Via le site <a href=\"http:\/\/www.worldcarfans.com\/9081104.035\/toyota-tundra-ducati-transporter-unveiled-at-sema\">World Car Fans<\/a>. <\/p>\n<p><a href=\"http:\/\/clabedan.typepad.com\/.shared\/image.html?\/photos\/uncategorized\/2008\/11\/16\/toyotatundraducatitransportersema_2.jpg\"><img loading=\"lazy\" decoding=\"async\" height=\"312\"  width=\"470\" alt=\"Toyotatundraducatitransportersema_2\" src=\"http:\/\/www.leblogmoto.com\/images\/2008\/11\/16\/toyotatundraducatitransportersema_2.jpg\" \/><\/a><\/p>\n<p><a href=\"http:\/\/blogs.thesocialmedia.com\/leblogmoto\/files\/2012\/07\/toyotatundraducatitransportersema_3.jpg\"><img loading=\"lazy\" decoding=\"async\" height=\"312\"  width=\"470\" alt=\"Toyotatundraducatitransportersema_3\" src=\"http:\/\/www.leblogmoto.com\/images\/2008\/11\/16\/toyotatundraducatitransportersema_3.jpg\" \/><\/a> <\/p>\n","protected":false},"excerpt":{"rendered":"<p>Le premier constructeur automobile mondial a pr\u00e9sent\u00e9 dans le cadre du SEMA (une sorte de gigantesque salon du tuning et custom aux Etats-Unis) son Tundra adapt\u00e9 pour prendre en charge, au sens strict du mot, une Desmosedici RR. Au del\u00e0 de l&rsquo;aspect in\u00e9vitablement gadget et publicitaire &#8211; pourquoi une Desmo et pas une 1098 ? [&hellip;]<\/p>\n","protected":false},"author":324,"featured_media":0,"comment_status":"open","ping_status":"open","sticky":false,"template":"","format":"standard","meta":{"footnotes":""},"categories":[3,17,41,36],"tags":[],"class_list":["post-410","post","type-post","status-publish","format-standard","hentry","category-actualite","category-divers","category-ducati","category-salons"],"yoast_head":"<!-- This site is optimized with the Yoast SEO plugin v26.0 - https:\/\/yoast.com\/wordpress\/plugins\/seo\/ -->\n<title>Toyota transporte votre Desmo (si vous en avez une, \u00e9videmment). - leblogmoto.com<\/title>\n<meta name=\"robots\" content=\"index, follow, max-snippet:-1, max-image-preview:large, max-video-preview:-1\" \/>\n<link rel=\"canonical\" href=\"https:\/\/blogs.thesocialmedia.com\/leblogmoto\/2008\/11\/16\/honda-transport\/\" \/>\n<meta name=\"twitter:card\" content=\"summary_large_image\" \/>\n<meta name=\"twitter:title\" content=\"Toyota transporte votre Desmo (si vous en avez une, \u00e9videmment). - leblogmoto.com\" \/>\n<meta name=\"twitter:description\" content=\"Le premier constructeur automobile mondial a pr\u00e9sent\u00e9 dans le cadre du SEMA (une sorte de gigantesque salon du tuning et custom aux Etats-Unis) son Tundra adapt\u00e9 pour prendre en charge, au sens strict du mot, une Desmosedici RR. Au del\u00e0 de l&rsquo;aspect in\u00e9vitablement gadget et publicitaire &#8211; pourquoi une Desmo et pas une 1098 ? [&hellip;]\" \/>\n<meta name=\"twitter:image\" content=\"http:\/\/www.leblogmoto.com\/images\/2008\/11\/16\/toyotatundraducatitransportersema20.jpg\" \/>\n<meta name=\"twitter:label1\" content=\"\u00c9crit par\" \/>\n\t<meta name=\"twitter:data1\" content=\"benoit rieu\" \/>\n\t<meta name=\"twitter:label2\" content=\"Dur\u00e9e de lecture estim\u00e9e\" \/>\n\t<meta name=\"twitter:data2\" content=\"1 minute\" \/>\n<script type=\"application\/ld+json\" class=\"yoast-schema-graph\">{\"@context\":\"https:\/\/schema.org\",\"@graph\":[{\"@type\":\"WebPage\",\"@id\":\"https:\/\/blogs.thesocialmedia.com\/leblogmoto\/2008\/11\/16\/honda-transport\/\",\"url\":\"https:\/\/blogs.thesocialmedia.com\/leblogmoto\/2008\/11\/16\/honda-transport\/\",\"name\":\"Toyota transporte votre Desmo (si vous en avez une, \u00e9videmment). - leblogmoto.com\",\"isPartOf\":{\"@id\":\"https:\/\/blogs.thesocialmedia.com\/leblogmoto\/#website\"},\"primaryImageOfPage\":{\"@id\":\"https:\/\/blogs.thesocialmedia.com\/leblogmoto\/2008\/11\/16\/honda-transport\/#primaryimage\"},\"image\":{\"@id\":\"https:\/\/blogs.thesocialmedia.com\/leblogmoto\/2008\/11\/16\/honda-transport\/#primaryimage\"},\"thumbnailUrl\":\"http:\/\/www.leblogmoto.com\/images\/2008\/11\/16\/toyotatundraducatitransportersema20.jpg\",\"datePublished\":\"2008-11-16T23:11:58+00:00\",\"dateModified\":\"2012-07-11T16:34:58+00:00\",\"author\":{\"@id\":\"https:\/\/blogs.thesocialmedia.com\/leblogmoto\/#\/schema\/person\/18bfe773e5725ed6d24f743da805362a\"},\"breadcrumb\":{\"@id\":\"https:\/\/blogs.thesocialmedia.com\/leblogmoto\/2008\/11\/16\/honda-transport\/#breadcrumb\"},\"inLanguage\":\"fr-FR\",\"potentialAction\":[{\"@type\":\"ReadAction\",\"target\":[\"https:\/\/blogs.thesocialmedia.com\/leblogmoto\/2008\/11\/16\/honda-transport\/\"]}]},{\"@type\":\"ImageObject\",\"inLanguage\":\"fr-FR\",\"@id\":\"https:\/\/blogs.thesocialmedia.com\/leblogmoto\/2008\/11\/16\/honda-transport\/#primaryimage\",\"url\":\"http:\/\/www.leblogmoto.com\/images\/2008\/11\/16\/toyotatundraducatitransportersema20.jpg\",\"contentUrl\":\"http:\/\/www.leblogmoto.com\/images\/2008\/11\/16\/toyotatundraducatitransportersema20.jpg\"},{\"@type\":\"BreadcrumbList\",\"@id\":\"https:\/\/blogs.thesocialmedia.com\/leblogmoto\/2008\/11\/16\/honda-transport\/#breadcrumb\",\"itemListElement\":[{\"@type\":\"ListItem\",\"position\":1,\"name\":\"Accueil\",\"item\":\"https:\/\/blogs.thesocialmedia.com\/leblogmoto\/\"},{\"@type\":\"ListItem\",\"position\":2,\"name\":\"Toyota transporte votre Desmo (si vous en avez une, \u00e9videmment).\"}]},{\"@type\":\"WebSite\",\"@id\":\"https:\/\/blogs.thesocialmedia.com\/leblogmoto\/#website\",\"url\":\"https:\/\/blogs.thesocialmedia.com\/leblogmoto\/\",\"name\":\"leblogmoto\",\"description\":\"Toute l&#039;actualit\u00e9 des 2 roues\",\"potentialAction\":[{\"@type\":\"SearchAction\",\"target\":{\"@type\":\"EntryPoint\",\"urlTemplate\":\"https:\/\/blogs.thesocialmedia.com\/leblogmoto\/?s={search_term_string}\"},\"query-input\":{\"@type\":\"PropertyValueSpecification\",\"valueRequired\":true,\"valueName\":\"search_term_string\"}}],\"inLanguage\":\"fr-FR\"},{\"@type\":\"Person\",\"@id\":\"https:\/\/blogs.thesocialmedia.com\/leblogmoto\/#\/schema\/person\/18bfe773e5725ed6d24f743da805362a\",\"name\":\"benoit rieu\",\"image\":{\"@type\":\"ImageObject\",\"inLanguage\":\"fr-FR\",\"@id\":\"https:\/\/blogs.thesocialmedia.com\/leblogmoto\/#\/schema\/person\/image\/\",\"url\":\"https:\/\/secure.gravatar.com\/avatar\/?s=96&d=mm&r=g\",\"contentUrl\":\"https:\/\/secure.gravatar.com\/avatar\/?s=96&d=mm&r=g\",\"caption\":\"benoit rieu\"},\"url\":\"https:\/\/blogs.thesocialmedia.com\/leblogmoto\/author\/benoit-rieu\/\"}]}<\/script>\n<!-- \/ Yoast SEO plugin. -->","yoast_head_json":{"title":"Toyota transporte votre Desmo (si vous en avez une, \u00e9videmment). - leblogmoto.com","robots":{"index":"index","follow":"follow","max-snippet":"max-snippet:-1","max-image-preview":"max-image-preview:large","max-video-preview":"max-video-preview:-1"},"canonical":"https:\/\/blogs.thesocialmedia.com\/leblogmoto\/2008\/11\/16\/honda-transport\/","twitter_card":"summary_large_image","twitter_title":"Toyota transporte votre Desmo (si vous en avez une, \u00e9videmment). - leblogmoto.com","twitter_description":"Le premier constructeur automobile mondial a pr\u00e9sent\u00e9 dans le cadre du SEMA (une sorte de gigantesque salon du tuning et custom aux Etats-Unis) son Tundra adapt\u00e9 pour prendre en charge, au sens strict du mot, une Desmosedici RR. Au del\u00e0 de l&rsquo;aspect in\u00e9vitablement gadget et publicitaire &#8211; pourquoi une Desmo et pas une 1098 ? [&hellip;]","twitter_image":"http:\/\/www.leblogmoto.com\/images\/2008\/11\/16\/toyotatundraducatitransportersema20.jpg","twitter_misc":{"\u00c9crit par":"benoit rieu","Dur\u00e9e de lecture estim\u00e9e":"1 minute"},"schema":{"@context":"https:\/\/schema.org","@graph":[{"@type":"WebPage","@id":"https:\/\/blogs.thesocialmedia.com\/leblogmoto\/2008\/11\/16\/honda-transport\/","url":"https:\/\/blogs.thesocialmedia.com\/leblogmoto\/2008\/11\/16\/honda-transport\/","name":"Toyota transporte votre Desmo (si vous en avez une, \u00e9videmment). - leblogmoto.com","isPartOf":{"@id":"https:\/\/blogs.thesocialmedia.com\/leblogmoto\/#website"},"primaryImageOfPage":{"@id":"https:\/\/blogs.thesocialmedia.com\/leblogmoto\/2008\/11\/16\/honda-transport\/#primaryimage"},"image":{"@id":"https:\/\/blogs.thesocialmedia.com\/leblogmoto\/2008\/11\/16\/honda-transport\/#primaryimage"},"thumbnailUrl":"http:\/\/www.leblogmoto.com\/images\/2008\/11\/16\/toyotatundraducatitransportersema20.jpg","datePublished":"2008-11-16T23:11:58+00:00","dateModified":"2012-07-11T16:34:58+00:00","author":{"@id":"https:\/\/blogs.thesocialmedia.com\/leblogmoto\/#\/schema\/person\/18bfe773e5725ed6d24f743da805362a"},"breadcrumb":{"@id":"https:\/\/blogs.thesocialmedia.com\/leblogmoto\/2008\/11\/16\/honda-transport\/#breadcrumb"},"inLanguage":"fr-FR","potentialAction":[{"@type":"ReadAction","target":["https:\/\/blogs.thesocialmedia.com\/leblogmoto\/2008\/11\/16\/honda-transport\/"]}]},{"@type":"ImageObject","inLanguage":"fr-FR","@id":"https:\/\/blogs.thesocialmedia.com\/leblogmoto\/2008\/11\/16\/honda-transport\/#primaryimage","url":"http:\/\/www.leblogmoto.com\/images\/2008\/11\/16\/toyotatundraducatitransportersema20.jpg","contentUrl":"http:\/\/www.leblogmoto.com\/images\/2008\/11\/16\/toyotatundraducatitransportersema20.jpg"},{"@type":"BreadcrumbList","@id":"https:\/\/blogs.thesocialmedia.com\/leblogmoto\/2008\/11\/16\/honda-transport\/#breadcrumb","itemListElement":[{"@type":"ListItem","position":1,"name":"Accueil","item":"https:\/\/blogs.thesocialmedia.com\/leblogmoto\/"},{"@type":"ListItem","position":2,"name":"Toyota transporte votre Desmo (si vous en avez une, \u00e9videmment)."}]},{"@type":"WebSite","@id":"https:\/\/blogs.thesocialmedia.com\/leblogmoto\/#website","url":"https:\/\/blogs.thesocialmedia.com\/leblogmoto\/","name":"leblogmoto","description":"Toute l&#039;actualit\u00e9 des 2 roues","potentialAction":[{"@type":"SearchAction","target":{"@type":"EntryPoint","urlTemplate":"https:\/\/blogs.thesocialmedia.com\/leblogmoto\/?s={search_term_string}"},"query-input":{"@type":"PropertyValueSpecification","valueRequired":true,"valueName":"search_term_string"}}],"inLanguage":"fr-FR"},{"@type":"Person","@id":"https:\/\/blogs.thesocialmedia.com\/leblogmoto\/#\/schema\/person\/18bfe773e5725ed6d24f743da805362a","name":"benoit rieu","image":{"@type":"ImageObject","inLanguage":"fr-FR","@id":"https:\/\/blogs.thesocialmedia.com\/leblogmoto\/#\/schema\/person\/image\/","url":"https:\/\/secure.gravatar.com\/avatar\/?s=96&d=mm&r=g","contentUrl":"https:\/\/secure.gravatar.com\/avatar\/?s=96&d=mm&r=g","caption":"benoit rieu"},"url":"https:\/\/blogs.thesocialmedia.com\/leblogmoto\/author\/benoit-rieu\/"}]}},"_links":{"self":[{"href":"https:\/\/blogs.thesocialmedia.com\/leblogmoto\/wp-json\/wp\/v2\/posts\/410","targetHints":{"allow":["GET"]}}],"collection":[{"href":"https:\/\/blogs.thesocialmedia.com\/leblogmoto\/wp-json\/wp\/v2\/posts"}],"about":[{"href":"https:\/\/blogs.thesocialmedia.com\/leblogmoto\/wp-json\/wp\/v2\/types\/post"}],"author":[{"embeddable":true,"href":"https:\/\/blogs.thesocialmedia.com\/leblogmoto\/wp-json\/wp\/v2\/users\/324"}],"replies":[{"embeddable":true,"href":"https:\/\/blogs.thesocialmedia.com\/leblogmoto\/wp-json\/wp\/v2\/comments?post=410"}],"version-history":[{"count":2,"href":"https:\/\/blogs.thesocialmedia.com\/leblogmoto\/wp-json\/wp\/v2\/posts\/410\/revisions"}],"predecessor-version":[{"id":12076,"href":"https:\/\/blogs.thesocialmedia.com\/leblogmoto\/wp-json\/wp\/v2\/posts\/410\/revisions\/12076"}],"wp:attachment":[{"href":"https:\/\/blogs.thesocialmedia.com\/leblogmoto\/wp-json\/wp\/v2\/media?parent=410"}],"wp:term":[{"taxonomy":"category","embeddable":true,"href":"https:\/\/blogs.thesocialmedia.com\/leblogmoto\/wp-json\/wp\/v2\/categories?post=410"},{"taxonomy":"post_tag","embeddable":true,"href":"https:\/\/blogs.thesocialmedia.com\/leblogmoto\/wp-json\/wp\/v2\/tags?post=410"}],"curies":[{"name":"wp","href":"https:\/\/api.w.org\/{rel}","templated":true}]}}