{"id":412,"date":"2008-11-16T23:00:49","date_gmt":"2008-11-16T23:00:49","guid":{"rendered":"http:\/\/blogs.thesocialmedia.com\/leblogmoto\/2008\/11\/16\/honda-dit-offri\/"},"modified":"2012-07-11T16:34:15","modified_gmt":"2012-07-11T16:34:15","slug":"honda-dit-offri","status":"publish","type":"post","link":"https:\/\/blogs.thesocialmedia.com\/leblogmoto\/2008\/11\/16\/honda-dit-offri\/","title":{"rendered":"Honda dit offrir un guidon en WSBK \u00e0 Michael Schumacher."},"content":{"rendered":"<p><a href=\"http:\/\/blogs.thesocialmedia.com\/leblogmoto\/files\/2012\/07\/moto_schumi_sachsenring_2.jpg\"><img loading=\"lazy\" decoding=\"async\"  alt=\"Moto_schumi_sachsenring_2\" src=\"http:\/\/www.leblogmoto.com\/images\/2008\/11\/16\/moto_schumi_sachsenring_2.jpg\" width=\"470\" height=\"313\" \/><\/a> <\/p>\n<p>Lu chez nos voisins d&rsquo;<a href=\"http:\/\/www.autosport.com\/news\/grapevine.php\/id\/72117\">Autosport<\/a>, la bible des sports m\u00e9caniques en ligne (si, si), le plus grand constructeur de deux-roues a offert une place au septuple champion de Formule 1 l&rsquo;ann\u00e9e prochaine, pour le championnat mondial en cat\u00e9gorie Superbike. L&rsquo;Allemand qui a pris cong\u00e9 de ses confr\u00e8res pilotes sur quatre roues \u00e0 la fin de la saison 2006, a conduit depuis &#8211; et entre autres &#8211; en championnat superbike allemand &#8230;Tout en jouant avec sa c\u00e9l\u00e9brit\u00e9 pour d\u00e9jouer les plans de ses fans et des journalistes, en s&rsquo;inscrivant aux courses sous diverses (et fausses) identit\u00e9s. Une ann\u00e9e pendant laquelle il a \u00e9galement conduit en tant que <a href=\"http:\/\/www.leblogmoto.com\/2008\/04\/michael-schumac.html#more\">pilote essayeur<\/a> pour Ducati MotoGP. Alors Schumi prenant l&rsquo;aspi de Nitro Haga <em>and co, <\/em>est-ce cr\u00e9dible ? On ne saurait dire s&rsquo;il s&rsquo;agit d&rsquo;une proposition franche, ou du jeu auquel s&rsquo;adonnent les sponsors et que nous avions not\u00e9 la fois pr\u00e9c\u00e9dente, et qui consiste \u00e0 &quot;capter&quot; l&rsquo;attention du pilote allemand, et donc l&rsquo;int\u00e9r\u00eat de la presse. Il est clair que Schumi dont le pilotage est une exception \u00e0 <a href=\"http:\/\/www.leblogmoto.com\/2007\/11\/un-pilote-moto-.html\">la r\u00e8gle<\/a>, poss\u00e8de un talent certain. Mais l&rsquo;<a href=\"http:\/\/www.leblogmoto.com\/2008\/05\/la-mise-au-poin.html#more\">attitude<\/a> pass\u00e9e de Michael (que l&rsquo;on voit ici avec son casque Schuberth d\u00e9j\u00e0 <a href=\"http:\/\/www.leblogmoto.com\/2008\/05\/le-casque-race.html\">pr\u00e9sent\u00e9<\/a>) peut faire douter de cette \u00e9ventualit\u00e9. Le comportement actuel de Honda aussi&#8230;<\/p>\n<p><a href=\"http:\/\/clabedan.typepad.com\/.shared\/image.html?\/photos\/uncategorized\/2008\/11\/16\/moto_schumi_sachsenring.jpg\"><img loading=\"lazy\" decoding=\"async\"  alt=\"Moto_schumi_sachsenring\" src=\"http:\/\/www.leblogmoto.com\/images\/2008\/11\/16\/moto_schumi_sachsenring.jpg\" width=\"470\" height=\"318\" \/><\/a><\/p>\n<p>Car la firme au blason ail\u00e9 aime visiblement se faire d\u00e9sirer. Selon Carlo Fiorani du HRC qui s&rsquo;exprimait dans la <em>Gazzetta dello Sport<\/em> &quot;Michael est convaincu que le championnat allemand est ce qui lui faut pour le moment. Jusqu&rsquo;\u00e0 pr\u00e9sent il ne nous a pas demand\u00e9 de concourir pour le championnat mondial 2009. Mais s&rsquo;il le souhaite, il y a une ouverture pour lui. Tout ce qu&rsquo;il a \u00e0 faire est de nous le demander.&quot; Etrange offre que celle qui doit \u00eatre demand\u00e9e par l&rsquo;acceptant.<\/p>\n","protected":false},"excerpt":{"rendered":"<p>Lu chez nos voisins d&rsquo;Autosport, la bible des sports m\u00e9caniques en ligne (si, si), le plus grand constructeur de deux-roues a offert une place au septuple champion de Formule 1 l&rsquo;ann\u00e9e prochaine, pour le championnat mondial en cat\u00e9gorie Superbike. L&rsquo;Allemand qui a pris cong\u00e9 de ses confr\u00e8res pilotes sur quatre roues \u00e0 la fin de [&hellip;]<\/p>\n","protected":false},"author":324,"featured_media":0,"comment_status":"open","ping_status":"open","sticky":false,"template":"","format":"standard","meta":{"footnotes":""},"categories":[3,14,22,32,43],"tags":[],"class_list":["post-412","post","type-post","status-publish","format-standard","hentry","category-actualite","category-honda","category-motogp","category-sport-moto","category-wsbk"],"yoast_head":"<!-- This site is optimized with the Yoast SEO plugin v26.0 - https:\/\/yoast.com\/wordpress\/plugins\/seo\/ -->\n<title>Honda dit offrir un guidon en WSBK \u00e0 Michael Schumacher. - leblogmoto.com<\/title>\n<meta name=\"robots\" content=\"index, follow, max-snippet:-1, max-image-preview:large, max-video-preview:-1\" \/>\n<link rel=\"canonical\" href=\"https:\/\/blogs.thesocialmedia.com\/leblogmoto\/2008\/11\/16\/honda-dit-offri\/\" \/>\n<meta name=\"twitter:card\" content=\"summary_large_image\" \/>\n<meta name=\"twitter:title\" content=\"Honda dit offrir un guidon en WSBK \u00e0 Michael Schumacher. - leblogmoto.com\" \/>\n<meta name=\"twitter:description\" content=\"Lu chez nos voisins d&rsquo;Autosport, la bible des sports m\u00e9caniques en ligne (si, si), le plus grand constructeur de deux-roues a offert une place au septuple champion de Formule 1 l&rsquo;ann\u00e9e prochaine, pour le championnat mondial en cat\u00e9gorie Superbike. L&rsquo;Allemand qui a pris cong\u00e9 de ses confr\u00e8res pilotes sur quatre roues \u00e0 la fin de [&hellip;]\" \/>\n<meta name=\"twitter:image\" content=\"http:\/\/www.leblogmoto.com\/images\/2008\/11\/16\/moto_schumi_sachsenring_2.jpg\" \/>\n<meta name=\"twitter:label1\" content=\"\u00c9crit par\" \/>\n\t<meta name=\"twitter:data1\" content=\"benoit rieu\" \/>\n\t<meta name=\"twitter:label2\" content=\"Dur\u00e9e de lecture estim\u00e9e\" \/>\n\t<meta name=\"twitter:data2\" content=\"2 minutes\" \/>\n<script type=\"application\/ld+json\" class=\"yoast-schema-graph\">{\"@context\":\"https:\/\/schema.org\",\"@graph\":[{\"@type\":\"WebPage\",\"@id\":\"https:\/\/blogs.thesocialmedia.com\/leblogmoto\/2008\/11\/16\/honda-dit-offri\/\",\"url\":\"https:\/\/blogs.thesocialmedia.com\/leblogmoto\/2008\/11\/16\/honda-dit-offri\/\",\"name\":\"Honda dit offrir un guidon en WSBK \u00e0 Michael Schumacher. - leblogmoto.com\",\"isPartOf\":{\"@id\":\"https:\/\/blogs.thesocialmedia.com\/leblogmoto\/#website\"},\"primaryImageOfPage\":{\"@id\":\"https:\/\/blogs.thesocialmedia.com\/leblogmoto\/2008\/11\/16\/honda-dit-offri\/#primaryimage\"},\"image\":{\"@id\":\"https:\/\/blogs.thesocialmedia.com\/leblogmoto\/2008\/11\/16\/honda-dit-offri\/#primaryimage\"},\"thumbnailUrl\":\"http:\/\/www.leblogmoto.com\/images\/2008\/11\/16\/moto_schumi_sachsenring_2.jpg\",\"datePublished\":\"2008-11-16T23:00:49+00:00\",\"dateModified\":\"2012-07-11T16:34:15+00:00\",\"author\":{\"@id\":\"https:\/\/blogs.thesocialmedia.com\/leblogmoto\/#\/schema\/person\/18bfe773e5725ed6d24f743da805362a\"},\"breadcrumb\":{\"@id\":\"https:\/\/blogs.thesocialmedia.com\/leblogmoto\/2008\/11\/16\/honda-dit-offri\/#breadcrumb\"},\"inLanguage\":\"fr-FR\",\"potentialAction\":[{\"@type\":\"ReadAction\",\"target\":[\"https:\/\/blogs.thesocialmedia.com\/leblogmoto\/2008\/11\/16\/honda-dit-offri\/\"]}]},{\"@type\":\"ImageObject\",\"inLanguage\":\"fr-FR\",\"@id\":\"https:\/\/blogs.thesocialmedia.com\/leblogmoto\/2008\/11\/16\/honda-dit-offri\/#primaryimage\",\"url\":\"http:\/\/www.leblogmoto.com\/images\/2008\/11\/16\/moto_schumi_sachsenring_2.jpg\",\"contentUrl\":\"http:\/\/www.leblogmoto.com\/images\/2008\/11\/16\/moto_schumi_sachsenring_2.jpg\"},{\"@type\":\"BreadcrumbList\",\"@id\":\"https:\/\/blogs.thesocialmedia.com\/leblogmoto\/2008\/11\/16\/honda-dit-offri\/#breadcrumb\",\"itemListElement\":[{\"@type\":\"ListItem\",\"position\":1,\"name\":\"Accueil\",\"item\":\"https:\/\/blogs.thesocialmedia.com\/leblogmoto\/\"},{\"@type\":\"ListItem\",\"position\":2,\"name\":\"Honda dit offrir un guidon en WSBK \u00e0 Michael Schumacher.\"}]},{\"@type\":\"WebSite\",\"@id\":\"https:\/\/blogs.thesocialmedia.com\/leblogmoto\/#website\",\"url\":\"https:\/\/blogs.thesocialmedia.com\/leblogmoto\/\",\"name\":\"leblogmoto\",\"description\":\"Toute l&#039;actualit\u00e9 des 2 roues\",\"potentialAction\":[{\"@type\":\"SearchAction\",\"target\":{\"@type\":\"EntryPoint\",\"urlTemplate\":\"https:\/\/blogs.thesocialmedia.com\/leblogmoto\/?s={search_term_string}\"},\"query-input\":{\"@type\":\"PropertyValueSpecification\",\"valueRequired\":true,\"valueName\":\"search_term_string\"}}],\"inLanguage\":\"fr-FR\"},{\"@type\":\"Person\",\"@id\":\"https:\/\/blogs.thesocialmedia.com\/leblogmoto\/#\/schema\/person\/18bfe773e5725ed6d24f743da805362a\",\"name\":\"benoit rieu\",\"image\":{\"@type\":\"ImageObject\",\"inLanguage\":\"fr-FR\",\"@id\":\"https:\/\/blogs.thesocialmedia.com\/leblogmoto\/#\/schema\/person\/image\/\",\"url\":\"https:\/\/secure.gravatar.com\/avatar\/?s=96&d=mm&r=g\",\"contentUrl\":\"https:\/\/secure.gravatar.com\/avatar\/?s=96&d=mm&r=g\",\"caption\":\"benoit rieu\"},\"url\":\"https:\/\/blogs.thesocialmedia.com\/leblogmoto\/author\/benoit-rieu\/\"}]}<\/script>\n<!-- \/ Yoast SEO plugin. -->","yoast_head_json":{"title":"Honda dit offrir un guidon en WSBK \u00e0 Michael Schumacher. - leblogmoto.com","robots":{"index":"index","follow":"follow","max-snippet":"max-snippet:-1","max-image-preview":"max-image-preview:large","max-video-preview":"max-video-preview:-1"},"canonical":"https:\/\/blogs.thesocialmedia.com\/leblogmoto\/2008\/11\/16\/honda-dit-offri\/","twitter_card":"summary_large_image","twitter_title":"Honda dit offrir un guidon en WSBK \u00e0 Michael Schumacher. - leblogmoto.com","twitter_description":"Lu chez nos voisins d&rsquo;Autosport, la bible des sports m\u00e9caniques en ligne (si, si), le plus grand constructeur de deux-roues a offert une place au septuple champion de Formule 1 l&rsquo;ann\u00e9e prochaine, pour le championnat mondial en cat\u00e9gorie Superbike. L&rsquo;Allemand qui a pris cong\u00e9 de ses confr\u00e8res pilotes sur quatre roues \u00e0 la fin de [&hellip;]","twitter_image":"http:\/\/www.leblogmoto.com\/images\/2008\/11\/16\/moto_schumi_sachsenring_2.jpg","twitter_misc":{"\u00c9crit par":"benoit rieu","Dur\u00e9e de lecture estim\u00e9e":"2 minutes"},"schema":{"@context":"https:\/\/schema.org","@graph":[{"@type":"WebPage","@id":"https:\/\/blogs.thesocialmedia.com\/leblogmoto\/2008\/11\/16\/honda-dit-offri\/","url":"https:\/\/blogs.thesocialmedia.com\/leblogmoto\/2008\/11\/16\/honda-dit-offri\/","name":"Honda dit offrir un guidon en WSBK \u00e0 Michael Schumacher. - leblogmoto.com","isPartOf":{"@id":"https:\/\/blogs.thesocialmedia.com\/leblogmoto\/#website"},"primaryImageOfPage":{"@id":"https:\/\/blogs.thesocialmedia.com\/leblogmoto\/2008\/11\/16\/honda-dit-offri\/#primaryimage"},"image":{"@id":"https:\/\/blogs.thesocialmedia.com\/leblogmoto\/2008\/11\/16\/honda-dit-offri\/#primaryimage"},"thumbnailUrl":"http:\/\/www.leblogmoto.com\/images\/2008\/11\/16\/moto_schumi_sachsenring_2.jpg","datePublished":"2008-11-16T23:00:49+00:00","dateModified":"2012-07-11T16:34:15+00:00","author":{"@id":"https:\/\/blogs.thesocialmedia.com\/leblogmoto\/#\/schema\/person\/18bfe773e5725ed6d24f743da805362a"},"breadcrumb":{"@id":"https:\/\/blogs.thesocialmedia.com\/leblogmoto\/2008\/11\/16\/honda-dit-offri\/#breadcrumb"},"inLanguage":"fr-FR","potentialAction":[{"@type":"ReadAction","target":["https:\/\/blogs.thesocialmedia.com\/leblogmoto\/2008\/11\/16\/honda-dit-offri\/"]}]},{"@type":"ImageObject","inLanguage":"fr-FR","@id":"https:\/\/blogs.thesocialmedia.com\/leblogmoto\/2008\/11\/16\/honda-dit-offri\/#primaryimage","url":"http:\/\/www.leblogmoto.com\/images\/2008\/11\/16\/moto_schumi_sachsenring_2.jpg","contentUrl":"http:\/\/www.leblogmoto.com\/images\/2008\/11\/16\/moto_schumi_sachsenring_2.jpg"},{"@type":"BreadcrumbList","@id":"https:\/\/blogs.thesocialmedia.com\/leblogmoto\/2008\/11\/16\/honda-dit-offri\/#breadcrumb","itemListElement":[{"@type":"ListItem","position":1,"name":"Accueil","item":"https:\/\/blogs.thesocialmedia.com\/leblogmoto\/"},{"@type":"ListItem","position":2,"name":"Honda dit offrir un guidon en WSBK \u00e0 Michael Schumacher."}]},{"@type":"WebSite","@id":"https:\/\/blogs.thesocialmedia.com\/leblogmoto\/#website","url":"https:\/\/blogs.thesocialmedia.com\/leblogmoto\/","name":"leblogmoto","description":"Toute l&#039;actualit\u00e9 des 2 roues","potentialAction":[{"@type":"SearchAction","target":{"@type":"EntryPoint","urlTemplate":"https:\/\/blogs.thesocialmedia.com\/leblogmoto\/?s={search_term_string}"},"query-input":{"@type":"PropertyValueSpecification","valueRequired":true,"valueName":"search_term_string"}}],"inLanguage":"fr-FR"},{"@type":"Person","@id":"https:\/\/blogs.thesocialmedia.com\/leblogmoto\/#\/schema\/person\/18bfe773e5725ed6d24f743da805362a","name":"benoit rieu","image":{"@type":"ImageObject","inLanguage":"fr-FR","@id":"https:\/\/blogs.thesocialmedia.com\/leblogmoto\/#\/schema\/person\/image\/","url":"https:\/\/secure.gravatar.com\/avatar\/?s=96&d=mm&r=g","contentUrl":"https:\/\/secure.gravatar.com\/avatar\/?s=96&d=mm&r=g","caption":"benoit rieu"},"url":"https:\/\/blogs.thesocialmedia.com\/leblogmoto\/author\/benoit-rieu\/"}]}},"_links":{"self":[{"href":"https:\/\/blogs.thesocialmedia.com\/leblogmoto\/wp-json\/wp\/v2\/posts\/412","targetHints":{"allow":["GET"]}}],"collection":[{"href":"https:\/\/blogs.thesocialmedia.com\/leblogmoto\/wp-json\/wp\/v2\/posts"}],"about":[{"href":"https:\/\/blogs.thesocialmedia.com\/leblogmoto\/wp-json\/wp\/v2\/types\/post"}],"author":[{"embeddable":true,"href":"https:\/\/blogs.thesocialmedia.com\/leblogmoto\/wp-json\/wp\/v2\/users\/324"}],"replies":[{"embeddable":true,"href":"https:\/\/blogs.thesocialmedia.com\/leblogmoto\/wp-json\/wp\/v2\/comments?post=412"}],"version-history":[{"count":2,"href":"https:\/\/blogs.thesocialmedia.com\/leblogmoto\/wp-json\/wp\/v2\/posts\/412\/revisions"}],"predecessor-version":[{"id":12058,"href":"https:\/\/blogs.thesocialmedia.com\/leblogmoto\/wp-json\/wp\/v2\/posts\/412\/revisions\/12058"}],"wp:attachment":[{"href":"https:\/\/blogs.thesocialmedia.com\/leblogmoto\/wp-json\/wp\/v2\/media?parent=412"}],"wp:term":[{"taxonomy":"category","embeddable":true,"href":"https:\/\/blogs.thesocialmedia.com\/leblogmoto\/wp-json\/wp\/v2\/categories?post=412"},{"taxonomy":"post_tag","embeddable":true,"href":"https:\/\/blogs.thesocialmedia.com\/leblogmoto\/wp-json\/wp\/v2\/tags?post=412"}],"curies":[{"name":"wp","href":"https:\/\/api.w.org\/{rel}","templated":true}]}}