{"id":413,"date":"2008-11-15T22:24:04","date_gmt":"2008-11-15T22:24:04","guid":{"rendered":"http:\/\/blogs.thesocialmedia.com\/leblogmoto\/2008\/11\/15\/des-limitations\/"},"modified":"2012-07-11T16:34:13","modified_gmt":"2012-07-11T16:34:13","slug":"des-limitations","status":"publish","type":"post","link":"https:\/\/blogs.thesocialmedia.com\/leblogmoto\/2008\/11\/15\/des-limitations\/","title":{"rendered":"Comme en Suisse, nous allons vers des limitations \u00e0 20 km\/h en centre."},"content":{"rendered":"<p><a href=\"http:\/\/blogs.thesocialmedia.com\/leblogmoto\/files\/2012\/07\/saint_tropez.jpg\"><img loading=\"lazy\" decoding=\"async\" height=\"659\"  width=\"470\" src=\"http:\/\/www.leblogmoto.com\/images\/2009\/01\/06\/saint_tropez.jpg\" alt=\"Saint_tropez\" \/><\/a> <a href=\"http:\/\/clabedan.typepad.com\/.shared\/image.html?\/photos\/uncategorized\/2008\/11\/15\/moto_scurit_zone_30_2.jpg\"><br \/><\/a><\/p>\n<p>Les zones limit\u00e9es \u00e0 30, vous connaissez. Une id\u00e9e excellente devant les \u00e9tablissements scolaires, mais certaines fois c&rsquo;est tout le centre historique de nos villes qui sont touch\u00e9s par cette limitation drastique de vitesse. Voici maintenant les <em>zones de rencontre<\/em>: retenez bien ce nom, \u00e9tablies par un d\u00e9cret du 30 juillet de cette ann\u00e9e et partie int\u00e9grante du Code de la route, elles pourraient bien devenir le nouveau cheval de bataille qu&rsquo;enfourcheront nos \u00e9diles. Le tout est \u00e9videmment pens\u00e9 dans un souci de rendre la ville au pi\u00e9ton, pour que celui-ci emprunte les voies de bus, et vague sur la chauss\u00e9e au milieu des autres v\u00e9hicules. C&rsquo;est bien, vu la vitesse, si \u00e7a continue, les futurs motards pourront s&rsquo;entra\u00eener \u00e0 l&rsquo;\u00e9preuve du plateau dite de &quot;la <a href=\"http:\/\/permis-moto.ifrance.com\/poussette-moto.htm\">poussette<\/a>&quot;, entre Kevin en baggy, d\u00e9ambulant sur la route, iPod \u00e0 fond aux oreilles, et Marie-Th\u00e9r\u00e8se au volant de sa Cinquecento. C&rsquo;est \u00e0 d\u00e9couvrir chez nos confr\u00e8res du <a href=\"http:\/\/www.lefigaro.fr\/actualite-france\/2008\/10\/28\/01016-20081028ARTFIG00012-des-centre-villes-a-kmheure-.php\">Figaro<\/a>.<\/p>\n<p><em>Cr\u00e9dit photo: image tir\u00e9e <del>du blog officiel de xxxxxx dans les C\u00f4tes d&rsquo;Armor, en Bretagne<\/del> de Wikipedia, H\u00f4tel de Ville de Saint Tropez.<br \/><\/em><\/p>\n","protected":false},"excerpt":{"rendered":"<p>Les zones limit\u00e9es \u00e0 30, vous connaissez. Une id\u00e9e excellente devant les \u00e9tablissements scolaires, mais certaines fois c&rsquo;est tout le centre historique de nos villes qui sont touch\u00e9s par cette limitation drastique de vitesse. Voici maintenant les zones de rencontre: retenez bien ce nom, \u00e9tablies par un d\u00e9cret du 30 juillet de cette ann\u00e9e et [&hellip;]<\/p>\n","protected":false},"author":324,"featured_media":0,"comment_status":"open","ping_status":"open","sticky":false,"template":"","format":"standard","meta":{"footnotes":""},"categories":[3,27],"tags":[],"class_list":["post-413","post","type-post","status-publish","format-standard","hentry","category-actualite","category-securite"],"yoast_head":"<!-- This site is optimized with the Yoast SEO plugin v26.0 - https:\/\/yoast.com\/wordpress\/plugins\/seo\/ -->\n<title>Comme en Suisse, nous allons vers des limitations \u00e0 20 km\/h en centre. - leblogmoto.com<\/title>\n<meta name=\"robots\" content=\"index, follow, max-snippet:-1, max-image-preview:large, max-video-preview:-1\" \/>\n<link rel=\"canonical\" href=\"https:\/\/blogs.thesocialmedia.com\/leblogmoto\/2008\/11\/15\/des-limitations\/\" \/>\n<meta name=\"twitter:card\" content=\"summary_large_image\" \/>\n<meta name=\"twitter:title\" content=\"Comme en Suisse, nous allons vers des limitations \u00e0 20 km\/h en centre. - leblogmoto.com\" \/>\n<meta name=\"twitter:description\" content=\"Les zones limit\u00e9es \u00e0 30, vous connaissez. Une id\u00e9e excellente devant les \u00e9tablissements scolaires, mais certaines fois c&rsquo;est tout le centre historique de nos villes qui sont touch\u00e9s par cette limitation drastique de vitesse. Voici maintenant les zones de rencontre: retenez bien ce nom, \u00e9tablies par un d\u00e9cret du 30 juillet de cette ann\u00e9e et [&hellip;]\" \/>\n<meta name=\"twitter:image\" content=\"http:\/\/www.leblogmoto.com\/images\/2009\/01\/06\/saint_tropez.jpg\" \/>\n<meta name=\"twitter:label1\" content=\"\u00c9crit par\" \/>\n\t<meta name=\"twitter:data1\" content=\"benoit rieu\" \/>\n\t<meta name=\"twitter:label2\" content=\"Dur\u00e9e de lecture estim\u00e9e\" \/>\n\t<meta name=\"twitter:data2\" content=\"1 minute\" \/>\n<script type=\"application\/ld+json\" class=\"yoast-schema-graph\">{\"@context\":\"https:\/\/schema.org\",\"@graph\":[{\"@type\":\"WebPage\",\"@id\":\"https:\/\/blogs.thesocialmedia.com\/leblogmoto\/2008\/11\/15\/des-limitations\/\",\"url\":\"https:\/\/blogs.thesocialmedia.com\/leblogmoto\/2008\/11\/15\/des-limitations\/\",\"name\":\"Comme en Suisse, nous allons vers des limitations \u00e0 20 km\/h en centre. - leblogmoto.com\",\"isPartOf\":{\"@id\":\"https:\/\/blogs.thesocialmedia.com\/leblogmoto\/#website\"},\"primaryImageOfPage\":{\"@id\":\"https:\/\/blogs.thesocialmedia.com\/leblogmoto\/2008\/11\/15\/des-limitations\/#primaryimage\"},\"image\":{\"@id\":\"https:\/\/blogs.thesocialmedia.com\/leblogmoto\/2008\/11\/15\/des-limitations\/#primaryimage\"},\"thumbnailUrl\":\"http:\/\/www.leblogmoto.com\/images\/2009\/01\/06\/saint_tropez.jpg\",\"datePublished\":\"2008-11-15T22:24:04+00:00\",\"dateModified\":\"2012-07-11T16:34:13+00:00\",\"author\":{\"@id\":\"https:\/\/blogs.thesocialmedia.com\/leblogmoto\/#\/schema\/person\/18bfe773e5725ed6d24f743da805362a\"},\"breadcrumb\":{\"@id\":\"https:\/\/blogs.thesocialmedia.com\/leblogmoto\/2008\/11\/15\/des-limitations\/#breadcrumb\"},\"inLanguage\":\"fr-FR\",\"potentialAction\":[{\"@type\":\"ReadAction\",\"target\":[\"https:\/\/blogs.thesocialmedia.com\/leblogmoto\/2008\/11\/15\/des-limitations\/\"]}]},{\"@type\":\"ImageObject\",\"inLanguage\":\"fr-FR\",\"@id\":\"https:\/\/blogs.thesocialmedia.com\/leblogmoto\/2008\/11\/15\/des-limitations\/#primaryimage\",\"url\":\"http:\/\/www.leblogmoto.com\/images\/2009\/01\/06\/saint_tropez.jpg\",\"contentUrl\":\"http:\/\/www.leblogmoto.com\/images\/2009\/01\/06\/saint_tropez.jpg\"},{\"@type\":\"BreadcrumbList\",\"@id\":\"https:\/\/blogs.thesocialmedia.com\/leblogmoto\/2008\/11\/15\/des-limitations\/#breadcrumb\",\"itemListElement\":[{\"@type\":\"ListItem\",\"position\":1,\"name\":\"Accueil\",\"item\":\"https:\/\/blogs.thesocialmedia.com\/leblogmoto\/\"},{\"@type\":\"ListItem\",\"position\":2,\"name\":\"Comme en Suisse, nous allons vers des limitations \u00e0 20 km\/h en centre.\"}]},{\"@type\":\"WebSite\",\"@id\":\"https:\/\/blogs.thesocialmedia.com\/leblogmoto\/#website\",\"url\":\"https:\/\/blogs.thesocialmedia.com\/leblogmoto\/\",\"name\":\"leblogmoto\",\"description\":\"Toute l&#039;actualit\u00e9 des 2 roues\",\"potentialAction\":[{\"@type\":\"SearchAction\",\"target\":{\"@type\":\"EntryPoint\",\"urlTemplate\":\"https:\/\/blogs.thesocialmedia.com\/leblogmoto\/?s={search_term_string}\"},\"query-input\":{\"@type\":\"PropertyValueSpecification\",\"valueRequired\":true,\"valueName\":\"search_term_string\"}}],\"inLanguage\":\"fr-FR\"},{\"@type\":\"Person\",\"@id\":\"https:\/\/blogs.thesocialmedia.com\/leblogmoto\/#\/schema\/person\/18bfe773e5725ed6d24f743da805362a\",\"name\":\"benoit rieu\",\"image\":{\"@type\":\"ImageObject\",\"inLanguage\":\"fr-FR\",\"@id\":\"https:\/\/blogs.thesocialmedia.com\/leblogmoto\/#\/schema\/person\/image\/\",\"url\":\"https:\/\/secure.gravatar.com\/avatar\/?s=96&d=mm&r=g\",\"contentUrl\":\"https:\/\/secure.gravatar.com\/avatar\/?s=96&d=mm&r=g\",\"caption\":\"benoit rieu\"},\"url\":\"https:\/\/blogs.thesocialmedia.com\/leblogmoto\/author\/benoit-rieu\/\"}]}<\/script>\n<!-- \/ Yoast SEO plugin. -->","yoast_head_json":{"title":"Comme en Suisse, nous allons vers des limitations \u00e0 20 km\/h en centre. - leblogmoto.com","robots":{"index":"index","follow":"follow","max-snippet":"max-snippet:-1","max-image-preview":"max-image-preview:large","max-video-preview":"max-video-preview:-1"},"canonical":"https:\/\/blogs.thesocialmedia.com\/leblogmoto\/2008\/11\/15\/des-limitations\/","twitter_card":"summary_large_image","twitter_title":"Comme en Suisse, nous allons vers des limitations \u00e0 20 km\/h en centre. - leblogmoto.com","twitter_description":"Les zones limit\u00e9es \u00e0 30, vous connaissez. Une id\u00e9e excellente devant les \u00e9tablissements scolaires, mais certaines fois c&rsquo;est tout le centre historique de nos villes qui sont touch\u00e9s par cette limitation drastique de vitesse. Voici maintenant les zones de rencontre: retenez bien ce nom, \u00e9tablies par un d\u00e9cret du 30 juillet de cette ann\u00e9e et [&hellip;]","twitter_image":"http:\/\/www.leblogmoto.com\/images\/2009\/01\/06\/saint_tropez.jpg","twitter_misc":{"\u00c9crit par":"benoit rieu","Dur\u00e9e de lecture estim\u00e9e":"1 minute"},"schema":{"@context":"https:\/\/schema.org","@graph":[{"@type":"WebPage","@id":"https:\/\/blogs.thesocialmedia.com\/leblogmoto\/2008\/11\/15\/des-limitations\/","url":"https:\/\/blogs.thesocialmedia.com\/leblogmoto\/2008\/11\/15\/des-limitations\/","name":"Comme en Suisse, nous allons vers des limitations \u00e0 20 km\/h en centre. - leblogmoto.com","isPartOf":{"@id":"https:\/\/blogs.thesocialmedia.com\/leblogmoto\/#website"},"primaryImageOfPage":{"@id":"https:\/\/blogs.thesocialmedia.com\/leblogmoto\/2008\/11\/15\/des-limitations\/#primaryimage"},"image":{"@id":"https:\/\/blogs.thesocialmedia.com\/leblogmoto\/2008\/11\/15\/des-limitations\/#primaryimage"},"thumbnailUrl":"http:\/\/www.leblogmoto.com\/images\/2009\/01\/06\/saint_tropez.jpg","datePublished":"2008-11-15T22:24:04+00:00","dateModified":"2012-07-11T16:34:13+00:00","author":{"@id":"https:\/\/blogs.thesocialmedia.com\/leblogmoto\/#\/schema\/person\/18bfe773e5725ed6d24f743da805362a"},"breadcrumb":{"@id":"https:\/\/blogs.thesocialmedia.com\/leblogmoto\/2008\/11\/15\/des-limitations\/#breadcrumb"},"inLanguage":"fr-FR","potentialAction":[{"@type":"ReadAction","target":["https:\/\/blogs.thesocialmedia.com\/leblogmoto\/2008\/11\/15\/des-limitations\/"]}]},{"@type":"ImageObject","inLanguage":"fr-FR","@id":"https:\/\/blogs.thesocialmedia.com\/leblogmoto\/2008\/11\/15\/des-limitations\/#primaryimage","url":"http:\/\/www.leblogmoto.com\/images\/2009\/01\/06\/saint_tropez.jpg","contentUrl":"http:\/\/www.leblogmoto.com\/images\/2009\/01\/06\/saint_tropez.jpg"},{"@type":"BreadcrumbList","@id":"https:\/\/blogs.thesocialmedia.com\/leblogmoto\/2008\/11\/15\/des-limitations\/#breadcrumb","itemListElement":[{"@type":"ListItem","position":1,"name":"Accueil","item":"https:\/\/blogs.thesocialmedia.com\/leblogmoto\/"},{"@type":"ListItem","position":2,"name":"Comme en Suisse, nous allons vers des limitations \u00e0 20 km\/h en centre."}]},{"@type":"WebSite","@id":"https:\/\/blogs.thesocialmedia.com\/leblogmoto\/#website","url":"https:\/\/blogs.thesocialmedia.com\/leblogmoto\/","name":"leblogmoto","description":"Toute l&#039;actualit\u00e9 des 2 roues","potentialAction":[{"@type":"SearchAction","target":{"@type":"EntryPoint","urlTemplate":"https:\/\/blogs.thesocialmedia.com\/leblogmoto\/?s={search_term_string}"},"query-input":{"@type":"PropertyValueSpecification","valueRequired":true,"valueName":"search_term_string"}}],"inLanguage":"fr-FR"},{"@type":"Person","@id":"https:\/\/blogs.thesocialmedia.com\/leblogmoto\/#\/schema\/person\/18bfe773e5725ed6d24f743da805362a","name":"benoit rieu","image":{"@type":"ImageObject","inLanguage":"fr-FR","@id":"https:\/\/blogs.thesocialmedia.com\/leblogmoto\/#\/schema\/person\/image\/","url":"https:\/\/secure.gravatar.com\/avatar\/?s=96&d=mm&r=g","contentUrl":"https:\/\/secure.gravatar.com\/avatar\/?s=96&d=mm&r=g","caption":"benoit rieu"},"url":"https:\/\/blogs.thesocialmedia.com\/leblogmoto\/author\/benoit-rieu\/"}]}},"_links":{"self":[{"href":"https:\/\/blogs.thesocialmedia.com\/leblogmoto\/wp-json\/wp\/v2\/posts\/413","targetHints":{"allow":["GET"]}}],"collection":[{"href":"https:\/\/blogs.thesocialmedia.com\/leblogmoto\/wp-json\/wp\/v2\/posts"}],"about":[{"href":"https:\/\/blogs.thesocialmedia.com\/leblogmoto\/wp-json\/wp\/v2\/types\/post"}],"author":[{"embeddable":true,"href":"https:\/\/blogs.thesocialmedia.com\/leblogmoto\/wp-json\/wp\/v2\/users\/324"}],"replies":[{"embeddable":true,"href":"https:\/\/blogs.thesocialmedia.com\/leblogmoto\/wp-json\/wp\/v2\/comments?post=413"}],"version-history":[{"count":2,"href":"https:\/\/blogs.thesocialmedia.com\/leblogmoto\/wp-json\/wp\/v2\/posts\/413\/revisions"}],"predecessor-version":[{"id":12056,"href":"https:\/\/blogs.thesocialmedia.com\/leblogmoto\/wp-json\/wp\/v2\/posts\/413\/revisions\/12056"}],"wp:attachment":[{"href":"https:\/\/blogs.thesocialmedia.com\/leblogmoto\/wp-json\/wp\/v2\/media?parent=413"}],"wp:term":[{"taxonomy":"category","embeddable":true,"href":"https:\/\/blogs.thesocialmedia.com\/leblogmoto\/wp-json\/wp\/v2\/categories?post=413"},{"taxonomy":"post_tag","embeddable":true,"href":"https:\/\/blogs.thesocialmedia.com\/leblogmoto\/wp-json\/wp\/v2\/tags?post=413"}],"curies":[{"name":"wp","href":"https:\/\/api.w.org\/{rel}","templated":true}]}}