{"id":414,"date":"2008-11-15T21:45:13","date_gmt":"2008-11-15T21:45:13","guid":{"rendered":"http:\/\/blogs.thesocialmedia.com\/leblogmoto\/2008\/11\/15\/personnalisez-l\/"},"modified":"2012-07-11T16:34:08","modified_gmt":"2012-07-11T16:34:08","slug":"personnalisez-l","status":"publish","type":"post","link":"https:\/\/blogs.thesocialmedia.com\/leblogmoto\/2008\/11\/15\/personnalisez-l\/","title":{"rendered":"Personnalisez le d\u00e9sormais fameux Streetfighter Ducati sur le web."},"content":{"rendered":"<p><a href=\"http:\/\/blogs.thesocialmedia.com\/leblogmoto\/files\/2012\/07\/moto_streetfighter_ducati_tuning_we.jpg\"><img loading=\"lazy\" decoding=\"async\" height=\"378\"  width=\"470\" src=\"http:\/\/www.leblogmoto.com\/images\/2008\/11\/15\/moto_streetfighter_ducati_tuning_we.jpg\" alt=\"Moto_streetfighter_ducati_tuning_we\" \/><\/a><\/p>\n<p>Jacques vous en avait parl\u00e9 et vous avait fait part de son avis mitig\u00e9 sur <a href=\"http:\/\/www.leblogmoto.com\/2008\/11\/ducati-streetfi.html\">le sujet<\/a>, au contraire de l&rsquo;auteur de ces lignes, enthousiasm\u00e9 de voir Ducati ne pas abandonner les gueules de b\u00e9cane \u00e0 tirage de bourre alors que ses derniers roadsters au look futuriste m&rsquo;avaient laiss\u00e9 (plus que) froid. Seuls les r\u00e9tros me semblent exag\u00e9r\u00e9ment grands. Eh bien, sachez que le <a href=\"http:\/\/www.motopormoto.com\/2008\/11\/08\/tunea-la-streetfighter\/\">site espagnol<\/a> Motoxmoto vous propose par le biais d&rsquo;une astucieuse application en Flash de <em>tuner<\/em> cette arsouilleuse. Mais contrairement \u00e0 nos voisins transalpins du Motoblog qui <a href=\"http:\/\/www.motoblog.it\/post\/16346\/ducati-streetfighter-tuning-online\">y sont all\u00e9 fort en d\u00e9zinguage<\/a> et peinture, je n&rsquo;ai pas os\u00e9 la retoucher et la laisser brut de brut (ou presque) seul le cadre treillis, lesjantes en gris, et la peinture dor\u00e9e soulignant le choix pour une fourche \u00d6hlins me laissent perplexe, mais je la pr\u00e9f\u00e8re ainsi. Je pense qu&rsquo;une fois les premi\u00e8res manips de la palette pass\u00e9es, vous n&rsquo;aurez aucun mal \u00e0 traduire les diverses parties de la moto et les options disponibles m\u00eame si vous n&rsquo;\u00eates pas hispanophones.<\/p>\n","protected":false},"excerpt":{"rendered":"<p>Jacques vous en avait parl\u00e9 et vous avait fait part de son avis mitig\u00e9 sur le sujet, au contraire de l&rsquo;auteur de ces lignes, enthousiasm\u00e9 de voir Ducati ne pas abandonner les gueules de b\u00e9cane \u00e0 tirage de bourre alors que ses derniers roadsters au look futuriste m&rsquo;avaient laiss\u00e9 (plus que) froid. Seuls les r\u00e9tros [&hellip;]<\/p>\n","protected":false},"author":324,"featured_media":0,"comment_status":"open","ping_status":"open","sticky":false,"template":"","format":"standard","meta":{"footnotes":""},"categories":[3,41],"tags":[],"class_list":["post-414","post","type-post","status-publish","format-standard","hentry","category-actualite","category-ducati"],"yoast_head":"<!-- This site is optimized with the Yoast SEO plugin v26.0 - https:\/\/yoast.com\/wordpress\/plugins\/seo\/ -->\n<title>Personnalisez le d\u00e9sormais fameux Streetfighter Ducati sur le web. - leblogmoto.com<\/title>\n<meta name=\"robots\" content=\"index, follow, max-snippet:-1, max-image-preview:large, max-video-preview:-1\" \/>\n<link rel=\"canonical\" href=\"https:\/\/blogs.thesocialmedia.com\/leblogmoto\/2008\/11\/15\/personnalisez-l\/\" \/>\n<meta name=\"twitter:card\" content=\"summary_large_image\" \/>\n<meta name=\"twitter:title\" content=\"Personnalisez le d\u00e9sormais fameux Streetfighter Ducati sur le web. - leblogmoto.com\" \/>\n<meta name=\"twitter:description\" content=\"Jacques vous en avait parl\u00e9 et vous avait fait part de son avis mitig\u00e9 sur le sujet, au contraire de l&rsquo;auteur de ces lignes, enthousiasm\u00e9 de voir Ducati ne pas abandonner les gueules de b\u00e9cane \u00e0 tirage de bourre alors que ses derniers roadsters au look futuriste m&rsquo;avaient laiss\u00e9 (plus que) froid. Seuls les r\u00e9tros [&hellip;]\" \/>\n<meta name=\"twitter:image\" content=\"http:\/\/www.leblogmoto.com\/images\/2008\/11\/15\/moto_streetfighter_ducati_tuning_we.jpg\" \/>\n<meta name=\"twitter:label1\" content=\"\u00c9crit par\" \/>\n\t<meta name=\"twitter:data1\" content=\"benoit rieu\" \/>\n\t<meta name=\"twitter:label2\" content=\"Dur\u00e9e de lecture estim\u00e9e\" \/>\n\t<meta name=\"twitter:data2\" content=\"1 minute\" \/>\n<script type=\"application\/ld+json\" class=\"yoast-schema-graph\">{\"@context\":\"https:\/\/schema.org\",\"@graph\":[{\"@type\":\"WebPage\",\"@id\":\"https:\/\/blogs.thesocialmedia.com\/leblogmoto\/2008\/11\/15\/personnalisez-l\/\",\"url\":\"https:\/\/blogs.thesocialmedia.com\/leblogmoto\/2008\/11\/15\/personnalisez-l\/\",\"name\":\"Personnalisez le d\u00e9sormais fameux Streetfighter Ducati sur le web. - leblogmoto.com\",\"isPartOf\":{\"@id\":\"https:\/\/blogs.thesocialmedia.com\/leblogmoto\/#website\"},\"primaryImageOfPage\":{\"@id\":\"https:\/\/blogs.thesocialmedia.com\/leblogmoto\/2008\/11\/15\/personnalisez-l\/#primaryimage\"},\"image\":{\"@id\":\"https:\/\/blogs.thesocialmedia.com\/leblogmoto\/2008\/11\/15\/personnalisez-l\/#primaryimage\"},\"thumbnailUrl\":\"http:\/\/www.leblogmoto.com\/images\/2008\/11\/15\/moto_streetfighter_ducati_tuning_we.jpg\",\"datePublished\":\"2008-11-15T21:45:13+00:00\",\"dateModified\":\"2012-07-11T16:34:08+00:00\",\"author\":{\"@id\":\"https:\/\/blogs.thesocialmedia.com\/leblogmoto\/#\/schema\/person\/18bfe773e5725ed6d24f743da805362a\"},\"breadcrumb\":{\"@id\":\"https:\/\/blogs.thesocialmedia.com\/leblogmoto\/2008\/11\/15\/personnalisez-l\/#breadcrumb\"},\"inLanguage\":\"fr-FR\",\"potentialAction\":[{\"@type\":\"ReadAction\",\"target\":[\"https:\/\/blogs.thesocialmedia.com\/leblogmoto\/2008\/11\/15\/personnalisez-l\/\"]}]},{\"@type\":\"ImageObject\",\"inLanguage\":\"fr-FR\",\"@id\":\"https:\/\/blogs.thesocialmedia.com\/leblogmoto\/2008\/11\/15\/personnalisez-l\/#primaryimage\",\"url\":\"http:\/\/www.leblogmoto.com\/images\/2008\/11\/15\/moto_streetfighter_ducati_tuning_we.jpg\",\"contentUrl\":\"http:\/\/www.leblogmoto.com\/images\/2008\/11\/15\/moto_streetfighter_ducati_tuning_we.jpg\"},{\"@type\":\"BreadcrumbList\",\"@id\":\"https:\/\/blogs.thesocialmedia.com\/leblogmoto\/2008\/11\/15\/personnalisez-l\/#breadcrumb\",\"itemListElement\":[{\"@type\":\"ListItem\",\"position\":1,\"name\":\"Accueil\",\"item\":\"https:\/\/blogs.thesocialmedia.com\/leblogmoto\/\"},{\"@type\":\"ListItem\",\"position\":2,\"name\":\"Personnalisez le d\u00e9sormais fameux Streetfighter Ducati sur le web.\"}]},{\"@type\":\"WebSite\",\"@id\":\"https:\/\/blogs.thesocialmedia.com\/leblogmoto\/#website\",\"url\":\"https:\/\/blogs.thesocialmedia.com\/leblogmoto\/\",\"name\":\"leblogmoto\",\"description\":\"Toute l&#039;actualit\u00e9 des 2 roues\",\"potentialAction\":[{\"@type\":\"SearchAction\",\"target\":{\"@type\":\"EntryPoint\",\"urlTemplate\":\"https:\/\/blogs.thesocialmedia.com\/leblogmoto\/?s={search_term_string}\"},\"query-input\":{\"@type\":\"PropertyValueSpecification\",\"valueRequired\":true,\"valueName\":\"search_term_string\"}}],\"inLanguage\":\"fr-FR\"},{\"@type\":\"Person\",\"@id\":\"https:\/\/blogs.thesocialmedia.com\/leblogmoto\/#\/schema\/person\/18bfe773e5725ed6d24f743da805362a\",\"name\":\"benoit rieu\",\"image\":{\"@type\":\"ImageObject\",\"inLanguage\":\"fr-FR\",\"@id\":\"https:\/\/blogs.thesocialmedia.com\/leblogmoto\/#\/schema\/person\/image\/\",\"url\":\"https:\/\/secure.gravatar.com\/avatar\/?s=96&d=mm&r=g\",\"contentUrl\":\"https:\/\/secure.gravatar.com\/avatar\/?s=96&d=mm&r=g\",\"caption\":\"benoit rieu\"},\"url\":\"https:\/\/blogs.thesocialmedia.com\/leblogmoto\/author\/benoit-rieu\/\"}]}<\/script>\n<!-- \/ Yoast SEO plugin. -->","yoast_head_json":{"title":"Personnalisez le d\u00e9sormais fameux Streetfighter Ducati sur le web. - leblogmoto.com","robots":{"index":"index","follow":"follow","max-snippet":"max-snippet:-1","max-image-preview":"max-image-preview:large","max-video-preview":"max-video-preview:-1"},"canonical":"https:\/\/blogs.thesocialmedia.com\/leblogmoto\/2008\/11\/15\/personnalisez-l\/","twitter_card":"summary_large_image","twitter_title":"Personnalisez le d\u00e9sormais fameux Streetfighter Ducati sur le web. - leblogmoto.com","twitter_description":"Jacques vous en avait parl\u00e9 et vous avait fait part de son avis mitig\u00e9 sur le sujet, au contraire de l&rsquo;auteur de ces lignes, enthousiasm\u00e9 de voir Ducati ne pas abandonner les gueules de b\u00e9cane \u00e0 tirage de bourre alors que ses derniers roadsters au look futuriste m&rsquo;avaient laiss\u00e9 (plus que) froid. Seuls les r\u00e9tros [&hellip;]","twitter_image":"http:\/\/www.leblogmoto.com\/images\/2008\/11\/15\/moto_streetfighter_ducati_tuning_we.jpg","twitter_misc":{"\u00c9crit par":"benoit rieu","Dur\u00e9e de lecture estim\u00e9e":"1 minute"},"schema":{"@context":"https:\/\/schema.org","@graph":[{"@type":"WebPage","@id":"https:\/\/blogs.thesocialmedia.com\/leblogmoto\/2008\/11\/15\/personnalisez-l\/","url":"https:\/\/blogs.thesocialmedia.com\/leblogmoto\/2008\/11\/15\/personnalisez-l\/","name":"Personnalisez le d\u00e9sormais fameux Streetfighter Ducati sur le web. - leblogmoto.com","isPartOf":{"@id":"https:\/\/blogs.thesocialmedia.com\/leblogmoto\/#website"},"primaryImageOfPage":{"@id":"https:\/\/blogs.thesocialmedia.com\/leblogmoto\/2008\/11\/15\/personnalisez-l\/#primaryimage"},"image":{"@id":"https:\/\/blogs.thesocialmedia.com\/leblogmoto\/2008\/11\/15\/personnalisez-l\/#primaryimage"},"thumbnailUrl":"http:\/\/www.leblogmoto.com\/images\/2008\/11\/15\/moto_streetfighter_ducati_tuning_we.jpg","datePublished":"2008-11-15T21:45:13+00:00","dateModified":"2012-07-11T16:34:08+00:00","author":{"@id":"https:\/\/blogs.thesocialmedia.com\/leblogmoto\/#\/schema\/person\/18bfe773e5725ed6d24f743da805362a"},"breadcrumb":{"@id":"https:\/\/blogs.thesocialmedia.com\/leblogmoto\/2008\/11\/15\/personnalisez-l\/#breadcrumb"},"inLanguage":"fr-FR","potentialAction":[{"@type":"ReadAction","target":["https:\/\/blogs.thesocialmedia.com\/leblogmoto\/2008\/11\/15\/personnalisez-l\/"]}]},{"@type":"ImageObject","inLanguage":"fr-FR","@id":"https:\/\/blogs.thesocialmedia.com\/leblogmoto\/2008\/11\/15\/personnalisez-l\/#primaryimage","url":"http:\/\/www.leblogmoto.com\/images\/2008\/11\/15\/moto_streetfighter_ducati_tuning_we.jpg","contentUrl":"http:\/\/www.leblogmoto.com\/images\/2008\/11\/15\/moto_streetfighter_ducati_tuning_we.jpg"},{"@type":"BreadcrumbList","@id":"https:\/\/blogs.thesocialmedia.com\/leblogmoto\/2008\/11\/15\/personnalisez-l\/#breadcrumb","itemListElement":[{"@type":"ListItem","position":1,"name":"Accueil","item":"https:\/\/blogs.thesocialmedia.com\/leblogmoto\/"},{"@type":"ListItem","position":2,"name":"Personnalisez le d\u00e9sormais fameux Streetfighter Ducati sur le web."}]},{"@type":"WebSite","@id":"https:\/\/blogs.thesocialmedia.com\/leblogmoto\/#website","url":"https:\/\/blogs.thesocialmedia.com\/leblogmoto\/","name":"leblogmoto","description":"Toute l&#039;actualit\u00e9 des 2 roues","potentialAction":[{"@type":"SearchAction","target":{"@type":"EntryPoint","urlTemplate":"https:\/\/blogs.thesocialmedia.com\/leblogmoto\/?s={search_term_string}"},"query-input":{"@type":"PropertyValueSpecification","valueRequired":true,"valueName":"search_term_string"}}],"inLanguage":"fr-FR"},{"@type":"Person","@id":"https:\/\/blogs.thesocialmedia.com\/leblogmoto\/#\/schema\/person\/18bfe773e5725ed6d24f743da805362a","name":"benoit rieu","image":{"@type":"ImageObject","inLanguage":"fr-FR","@id":"https:\/\/blogs.thesocialmedia.com\/leblogmoto\/#\/schema\/person\/image\/","url":"https:\/\/secure.gravatar.com\/avatar\/?s=96&d=mm&r=g","contentUrl":"https:\/\/secure.gravatar.com\/avatar\/?s=96&d=mm&r=g","caption":"benoit rieu"},"url":"https:\/\/blogs.thesocialmedia.com\/leblogmoto\/author\/benoit-rieu\/"}]}},"_links":{"self":[{"href":"https:\/\/blogs.thesocialmedia.com\/leblogmoto\/wp-json\/wp\/v2\/posts\/414","targetHints":{"allow":["GET"]}}],"collection":[{"href":"https:\/\/blogs.thesocialmedia.com\/leblogmoto\/wp-json\/wp\/v2\/posts"}],"about":[{"href":"https:\/\/blogs.thesocialmedia.com\/leblogmoto\/wp-json\/wp\/v2\/types\/post"}],"author":[{"embeddable":true,"href":"https:\/\/blogs.thesocialmedia.com\/leblogmoto\/wp-json\/wp\/v2\/users\/324"}],"replies":[{"embeddable":true,"href":"https:\/\/blogs.thesocialmedia.com\/leblogmoto\/wp-json\/wp\/v2\/comments?post=414"}],"version-history":[{"count":2,"href":"https:\/\/blogs.thesocialmedia.com\/leblogmoto\/wp-json\/wp\/v2\/posts\/414\/revisions"}],"predecessor-version":[{"id":12054,"href":"https:\/\/blogs.thesocialmedia.com\/leblogmoto\/wp-json\/wp\/v2\/posts\/414\/revisions\/12054"}],"wp:attachment":[{"href":"https:\/\/blogs.thesocialmedia.com\/leblogmoto\/wp-json\/wp\/v2\/media?parent=414"}],"wp:term":[{"taxonomy":"category","embeddable":true,"href":"https:\/\/blogs.thesocialmedia.com\/leblogmoto\/wp-json\/wp\/v2\/categories?post=414"},{"taxonomy":"post_tag","embeddable":true,"href":"https:\/\/blogs.thesocialmedia.com\/leblogmoto\/wp-json\/wp\/v2\/tags?post=414"}],"curies":[{"name":"wp","href":"https:\/\/api.w.org\/{rel}","templated":true}]}}