{"id":416,"date":"2008-11-14T04:04:26","date_gmt":"2008-11-14T04:04:26","guid":{"rendered":"http:\/\/blogs.thesocialmedia.com\/leblogmoto\/2008\/11\/14\/album-du-vend-1-5\/"},"modified":"2012-07-11T16:33:59","modified_gmt":"2012-07-11T16:33:59","slug":"album-du-vend-1-5","status":"publish","type":"post","link":"https:\/\/blogs.thesocialmedia.com\/leblogmoto\/2008\/11\/14\/album-du-vend-1-5\/","title":{"rendered":"Album du vendredi, Prendre l&rsquo;air"},"content":{"rendered":"<p><a href=\"http:\/\/blogs.thesocialmedia.com\/leblogmoto\/files\/2012\/07\/soso.jpg\"><img loading=\"lazy\" decoding=\"async\" width=\"470\" height=\"288\"  src=\"http:\/\/www.leblogmoto.com\/images\/2008\/11\/13\/soso.jpg\" alt=\"Soso\" \/><\/a> <\/p>\n<p>On est lourd, pas \u00e9tonnant, c&rsquo;est la faute \u00e0 la <a href=\"http:\/\/fr.wikipedia.org\/wiki\/Gravitation\">gravit\u00e9<\/a>. Alors, on cherche par tout les moyens de s&rsquo;<a href=\"http:\/\/www.lyber-eclat.net\/lyber\/aaa\/sexualite.html\">envoyer en l&rsquo;air<\/a>, ironique que cela arrive souvent couch\u00e9. L&rsquo;avion f\u00fbt invent\u00e9 dans l&rsquo;unique but de tenter de rem\u00e9dier \u00e0 cette f\u00e2cheuse situation, mais elle n&rsquo;est qu&rsquo;un leurre, on tra\u00eene notre poids m\u00eame \u00e0 30,000 pieds. l&rsquo;apesanteur est la solution semble-t-il, mais seuls quelques privil\u00e9gi\u00e9s peuvent en faire l&rsquo;exp\u00e9rience.<\/p>\n<p>Que nous reste-t-il, nous pauvres lourdauds, pour go\u00fbter \u00e0 cet \u00e9tat qu&rsquo;est la gr\u00e2ce de ne plus se soutenir?<\/p>\n<p><a href=\"http:\/\/clabedan.typepad.com\/.shared\/image.html?\/photos\/uncategorized\/2008\/11\/13\/soso1.jpg\"><img loading=\"lazy\" decoding=\"async\" width=\"470\" height=\"264\"  src=\"http:\/\/www.leblogmoto.com\/images\/2008\/11\/13\/soso1.jpg\" alt=\"Soso1\" \/><\/a> <\/p>\n<p><a href=\"http:\/\/blogs.thesocialmedia.com\/leblogmoto\/files\/2012\/07\/soso2.jpg\"><img loading=\"lazy\" decoding=\"async\" width=\"470\" height=\"551\"  src=\"http:\/\/www.leblogmoto.com\/images\/2008\/11\/13\/soso2.jpg\" alt=\"Soso2\" \/><\/a> <\/p>\n<p><a href=\"http:\/\/blogs.thesocialmedia.com\/leblogmoto\/files\/2012\/07\/soso3.jpg\"><img loading=\"lazy\" decoding=\"async\" width=\"470\" height=\"311\"  src=\"http:\/\/www.leblogmoto.com\/images\/2008\/11\/13\/soso3.jpg\" alt=\"Soso3\" \/><\/a> <\/p>\n<p><a href=\"http:\/\/blogs.thesocialmedia.com\/leblogmoto\/files\/2012\/07\/soso4.jpg\"><img loading=\"lazy\" decoding=\"async\" width=\"470\" height=\"293\"  src=\"http:\/\/www.leblogmoto.com\/images\/2008\/11\/13\/soso4.jpg\" alt=\"Soso4\" \/><\/a> <\/p>\n<p><a href=\"http:\/\/blogs.thesocialmedia.com\/leblogmoto\/files\/2012\/07\/soso5.jpg\"><img loading=\"lazy\" decoding=\"async\" width=\"470\" height=\"561\"  src=\"http:\/\/www.leblogmoto.com\/images\/2008\/11\/13\/soso5.jpg\" alt=\"Soso5\" \/><\/a> <\/p>\n<p><a href=\"http:\/\/blogs.thesocialmedia.com\/leblogmoto\/files\/2012\/07\/soso6.jpg\"><img loading=\"lazy\" decoding=\"async\" width=\"470\" height=\"320\"  src=\"http:\/\/www.leblogmoto.com\/images\/2008\/11\/13\/soso6.jpg\" alt=\"Soso6\" \/><\/a> <\/p>\n<p><a href=\"http:\/\/blogs.thesocialmedia.com\/leblogmoto\/files\/2012\/07\/soso7.jpg\"><img loading=\"lazy\" decoding=\"async\" width=\"470\" height=\"285\"  src=\"http:\/\/www.leblogmoto.com\/images\/2008\/11\/13\/soso7.jpg\" alt=\"Soso7\" \/><\/a> <\/p>\n<p><a href=\"http:\/\/blogs.thesocialmedia.com\/leblogmoto\/files\/2012\/07\/soso8.jpg\"><img loading=\"lazy\" decoding=\"async\" width=\"470\" height=\"707\"  src=\"http:\/\/www.leblogmoto.com\/images\/2008\/11\/13\/soso8.jpg\" alt=\"Soso8\" \/><\/a> <\/p>\n","protected":false},"excerpt":{"rendered":"<p>On est lourd, pas \u00e9tonnant, c&rsquo;est la faute \u00e0 la gravit\u00e9. Alors, on cherche par tout les moyens de s&rsquo;envoyer en l&rsquo;air, ironique que cela arrive souvent couch\u00e9. L&rsquo;avion f\u00fbt invent\u00e9 dans l&rsquo;unique but de tenter de rem\u00e9dier \u00e0 cette f\u00e2cheuse situation, mais elle n&rsquo;est qu&rsquo;un leurre, on tra\u00eene notre poids m\u00eame \u00e0 30,000 pieds. [&hellip;]<\/p>\n","protected":false},"author":325,"featured_media":0,"comment_status":"open","ping_status":"open","sticky":false,"template":"","format":"standard","meta":{"footnotes":""},"categories":[17],"tags":[],"class_list":["post-416","post","type-post","status-publish","format-standard","hentry","category-divers"],"yoast_head":"<!-- This site is optimized with the Yoast SEO plugin v26.0 - https:\/\/yoast.com\/wordpress\/plugins\/seo\/ -->\n<title>Album du vendredi, Prendre l&#039;air - leblogmoto.com<\/title>\n<meta name=\"robots\" content=\"index, follow, max-snippet:-1, max-image-preview:large, max-video-preview:-1\" \/>\n<link rel=\"canonical\" href=\"https:\/\/blogs.thesocialmedia.com\/leblogmoto\/2008\/11\/14\/album-du-vend-1-5\/\" \/>\n<meta name=\"twitter:card\" content=\"summary_large_image\" \/>\n<meta name=\"twitter:title\" content=\"Album du vendredi, Prendre l&#039;air - leblogmoto.com\" \/>\n<meta name=\"twitter:description\" content=\"On est lourd, pas \u00e9tonnant, c&rsquo;est la faute \u00e0 la gravit\u00e9. Alors, on cherche par tout les moyens de s&rsquo;envoyer en l&rsquo;air, ironique que cela arrive souvent couch\u00e9. L&rsquo;avion f\u00fbt invent\u00e9 dans l&rsquo;unique but de tenter de rem\u00e9dier \u00e0 cette f\u00e2cheuse situation, mais elle n&rsquo;est qu&rsquo;un leurre, on tra\u00eene notre poids m\u00eame \u00e0 30,000 pieds. [&hellip;]\" \/>\n<meta name=\"twitter:image\" content=\"http:\/\/www.leblogmoto.com\/images\/2008\/11\/13\/soso.jpg\" \/>\n<meta name=\"twitter:label1\" content=\"\u00c9crit par\" \/>\n\t<meta name=\"twitter:data1\" content=\"jacques lesage\" \/>\n<script type=\"application\/ld+json\" class=\"yoast-schema-graph\">{\"@context\":\"https:\/\/schema.org\",\"@graph\":[{\"@type\":\"WebPage\",\"@id\":\"https:\/\/blogs.thesocialmedia.com\/leblogmoto\/2008\/11\/14\/album-du-vend-1-5\/\",\"url\":\"https:\/\/blogs.thesocialmedia.com\/leblogmoto\/2008\/11\/14\/album-du-vend-1-5\/\",\"name\":\"Album du vendredi, Prendre l'air - leblogmoto.com\",\"isPartOf\":{\"@id\":\"https:\/\/blogs.thesocialmedia.com\/leblogmoto\/#website\"},\"primaryImageOfPage\":{\"@id\":\"https:\/\/blogs.thesocialmedia.com\/leblogmoto\/2008\/11\/14\/album-du-vend-1-5\/#primaryimage\"},\"image\":{\"@id\":\"https:\/\/blogs.thesocialmedia.com\/leblogmoto\/2008\/11\/14\/album-du-vend-1-5\/#primaryimage\"},\"thumbnailUrl\":\"http:\/\/www.leblogmoto.com\/images\/2008\/11\/13\/soso.jpg\",\"datePublished\":\"2008-11-14T04:04:26+00:00\",\"dateModified\":\"2012-07-11T16:33:59+00:00\",\"author\":{\"@id\":\"https:\/\/blogs.thesocialmedia.com\/leblogmoto\/#\/schema\/person\/e82a0ca8a9a63d031586097a3ed58526\"},\"breadcrumb\":{\"@id\":\"https:\/\/blogs.thesocialmedia.com\/leblogmoto\/2008\/11\/14\/album-du-vend-1-5\/#breadcrumb\"},\"inLanguage\":\"fr-FR\",\"potentialAction\":[{\"@type\":\"ReadAction\",\"target\":[\"https:\/\/blogs.thesocialmedia.com\/leblogmoto\/2008\/11\/14\/album-du-vend-1-5\/\"]}]},{\"@type\":\"ImageObject\",\"inLanguage\":\"fr-FR\",\"@id\":\"https:\/\/blogs.thesocialmedia.com\/leblogmoto\/2008\/11\/14\/album-du-vend-1-5\/#primaryimage\",\"url\":\"http:\/\/www.leblogmoto.com\/images\/2008\/11\/13\/soso.jpg\",\"contentUrl\":\"http:\/\/www.leblogmoto.com\/images\/2008\/11\/13\/soso.jpg\"},{\"@type\":\"BreadcrumbList\",\"@id\":\"https:\/\/blogs.thesocialmedia.com\/leblogmoto\/2008\/11\/14\/album-du-vend-1-5\/#breadcrumb\",\"itemListElement\":[{\"@type\":\"ListItem\",\"position\":1,\"name\":\"Accueil\",\"item\":\"https:\/\/blogs.thesocialmedia.com\/leblogmoto\/\"},{\"@type\":\"ListItem\",\"position\":2,\"name\":\"Album du vendredi, Prendre l&rsquo;air\"}]},{\"@type\":\"WebSite\",\"@id\":\"https:\/\/blogs.thesocialmedia.com\/leblogmoto\/#website\",\"url\":\"https:\/\/blogs.thesocialmedia.com\/leblogmoto\/\",\"name\":\"leblogmoto\",\"description\":\"Toute l&#039;actualit\u00e9 des 2 roues\",\"potentialAction\":[{\"@type\":\"SearchAction\",\"target\":{\"@type\":\"EntryPoint\",\"urlTemplate\":\"https:\/\/blogs.thesocialmedia.com\/leblogmoto\/?s={search_term_string}\"},\"query-input\":{\"@type\":\"PropertyValueSpecification\",\"valueRequired\":true,\"valueName\":\"search_term_string\"}}],\"inLanguage\":\"fr-FR\"},{\"@type\":\"Person\",\"@id\":\"https:\/\/blogs.thesocialmedia.com\/leblogmoto\/#\/schema\/person\/e82a0ca8a9a63d031586097a3ed58526\",\"name\":\"jacques lesage\",\"image\":{\"@type\":\"ImageObject\",\"inLanguage\":\"fr-FR\",\"@id\":\"https:\/\/blogs.thesocialmedia.com\/leblogmoto\/#\/schema\/person\/image\/\",\"url\":\"https:\/\/secure.gravatar.com\/avatar\/?s=96&d=mm&r=g\",\"contentUrl\":\"https:\/\/secure.gravatar.com\/avatar\/?s=96&d=mm&r=g\",\"caption\":\"jacques lesage\"},\"url\":\"https:\/\/blogs.thesocialmedia.com\/leblogmoto\/author\/jacques-lesage\/\"}]}<\/script>\n<!-- \/ Yoast SEO plugin. -->","yoast_head_json":{"title":"Album du vendredi, Prendre l'air - leblogmoto.com","robots":{"index":"index","follow":"follow","max-snippet":"max-snippet:-1","max-image-preview":"max-image-preview:large","max-video-preview":"max-video-preview:-1"},"canonical":"https:\/\/blogs.thesocialmedia.com\/leblogmoto\/2008\/11\/14\/album-du-vend-1-5\/","twitter_card":"summary_large_image","twitter_title":"Album du vendredi, Prendre l'air - leblogmoto.com","twitter_description":"On est lourd, pas \u00e9tonnant, c&rsquo;est la faute \u00e0 la gravit\u00e9. Alors, on cherche par tout les moyens de s&rsquo;envoyer en l&rsquo;air, ironique que cela arrive souvent couch\u00e9. L&rsquo;avion f\u00fbt invent\u00e9 dans l&rsquo;unique but de tenter de rem\u00e9dier \u00e0 cette f\u00e2cheuse situation, mais elle n&rsquo;est qu&rsquo;un leurre, on tra\u00eene notre poids m\u00eame \u00e0 30,000 pieds. [&hellip;]","twitter_image":"http:\/\/www.leblogmoto.com\/images\/2008\/11\/13\/soso.jpg","twitter_misc":{"\u00c9crit par":"jacques lesage"},"schema":{"@context":"https:\/\/schema.org","@graph":[{"@type":"WebPage","@id":"https:\/\/blogs.thesocialmedia.com\/leblogmoto\/2008\/11\/14\/album-du-vend-1-5\/","url":"https:\/\/blogs.thesocialmedia.com\/leblogmoto\/2008\/11\/14\/album-du-vend-1-5\/","name":"Album du vendredi, Prendre l'air - leblogmoto.com","isPartOf":{"@id":"https:\/\/blogs.thesocialmedia.com\/leblogmoto\/#website"},"primaryImageOfPage":{"@id":"https:\/\/blogs.thesocialmedia.com\/leblogmoto\/2008\/11\/14\/album-du-vend-1-5\/#primaryimage"},"image":{"@id":"https:\/\/blogs.thesocialmedia.com\/leblogmoto\/2008\/11\/14\/album-du-vend-1-5\/#primaryimage"},"thumbnailUrl":"http:\/\/www.leblogmoto.com\/images\/2008\/11\/13\/soso.jpg","datePublished":"2008-11-14T04:04:26+00:00","dateModified":"2012-07-11T16:33:59+00:00","author":{"@id":"https:\/\/blogs.thesocialmedia.com\/leblogmoto\/#\/schema\/person\/e82a0ca8a9a63d031586097a3ed58526"},"breadcrumb":{"@id":"https:\/\/blogs.thesocialmedia.com\/leblogmoto\/2008\/11\/14\/album-du-vend-1-5\/#breadcrumb"},"inLanguage":"fr-FR","potentialAction":[{"@type":"ReadAction","target":["https:\/\/blogs.thesocialmedia.com\/leblogmoto\/2008\/11\/14\/album-du-vend-1-5\/"]}]},{"@type":"ImageObject","inLanguage":"fr-FR","@id":"https:\/\/blogs.thesocialmedia.com\/leblogmoto\/2008\/11\/14\/album-du-vend-1-5\/#primaryimage","url":"http:\/\/www.leblogmoto.com\/images\/2008\/11\/13\/soso.jpg","contentUrl":"http:\/\/www.leblogmoto.com\/images\/2008\/11\/13\/soso.jpg"},{"@type":"BreadcrumbList","@id":"https:\/\/blogs.thesocialmedia.com\/leblogmoto\/2008\/11\/14\/album-du-vend-1-5\/#breadcrumb","itemListElement":[{"@type":"ListItem","position":1,"name":"Accueil","item":"https:\/\/blogs.thesocialmedia.com\/leblogmoto\/"},{"@type":"ListItem","position":2,"name":"Album du vendredi, Prendre l&rsquo;air"}]},{"@type":"WebSite","@id":"https:\/\/blogs.thesocialmedia.com\/leblogmoto\/#website","url":"https:\/\/blogs.thesocialmedia.com\/leblogmoto\/","name":"leblogmoto","description":"Toute l&#039;actualit\u00e9 des 2 roues","potentialAction":[{"@type":"SearchAction","target":{"@type":"EntryPoint","urlTemplate":"https:\/\/blogs.thesocialmedia.com\/leblogmoto\/?s={search_term_string}"},"query-input":{"@type":"PropertyValueSpecification","valueRequired":true,"valueName":"search_term_string"}}],"inLanguage":"fr-FR"},{"@type":"Person","@id":"https:\/\/blogs.thesocialmedia.com\/leblogmoto\/#\/schema\/person\/e82a0ca8a9a63d031586097a3ed58526","name":"jacques lesage","image":{"@type":"ImageObject","inLanguage":"fr-FR","@id":"https:\/\/blogs.thesocialmedia.com\/leblogmoto\/#\/schema\/person\/image\/","url":"https:\/\/secure.gravatar.com\/avatar\/?s=96&d=mm&r=g","contentUrl":"https:\/\/secure.gravatar.com\/avatar\/?s=96&d=mm&r=g","caption":"jacques lesage"},"url":"https:\/\/blogs.thesocialmedia.com\/leblogmoto\/author\/jacques-lesage\/"}]}},"_links":{"self":[{"href":"https:\/\/blogs.thesocialmedia.com\/leblogmoto\/wp-json\/wp\/v2\/posts\/416","targetHints":{"allow":["GET"]}}],"collection":[{"href":"https:\/\/blogs.thesocialmedia.com\/leblogmoto\/wp-json\/wp\/v2\/posts"}],"about":[{"href":"https:\/\/blogs.thesocialmedia.com\/leblogmoto\/wp-json\/wp\/v2\/types\/post"}],"author":[{"embeddable":true,"href":"https:\/\/blogs.thesocialmedia.com\/leblogmoto\/wp-json\/wp\/v2\/users\/325"}],"replies":[{"embeddable":true,"href":"https:\/\/blogs.thesocialmedia.com\/leblogmoto\/wp-json\/wp\/v2\/comments?post=416"}],"version-history":[{"count":2,"href":"https:\/\/blogs.thesocialmedia.com\/leblogmoto\/wp-json\/wp\/v2\/posts\/416\/revisions"}],"predecessor-version":[{"id":12048,"href":"https:\/\/blogs.thesocialmedia.com\/leblogmoto\/wp-json\/wp\/v2\/posts\/416\/revisions\/12048"}],"wp:attachment":[{"href":"https:\/\/blogs.thesocialmedia.com\/leblogmoto\/wp-json\/wp\/v2\/media?parent=416"}],"wp:term":[{"taxonomy":"category","embeddable":true,"href":"https:\/\/blogs.thesocialmedia.com\/leblogmoto\/wp-json\/wp\/v2\/categories?post=416"},{"taxonomy":"post_tag","embeddable":true,"href":"https:\/\/blogs.thesocialmedia.com\/leblogmoto\/wp-json\/wp\/v2\/tags?post=416"}],"curies":[{"name":"wp","href":"https:\/\/api.w.org\/{rel}","templated":true}]}}