{"id":418,"date":"2008-11-12T06:51:57","date_gmt":"2008-11-12T06:51:57","guid":{"rendered":"http:\/\/blogs.thesocialmedia.com\/leblogmoto\/2008\/11\/12\/gilera-soffre-u\/"},"modified":"2012-07-11T16:33:25","modified_gmt":"2012-07-11T16:33:25","slug":"gilera-soffre-u","status":"publish","type":"post","link":"https:\/\/blogs.thesocialmedia.com\/leblogmoto\/2008\/11\/12\/gilera-soffre-u\/","title":{"rendered":"Gilera s&rsquo;offre un nouveau logo pour ses 100 ans"},"content":{"rendered":"<p><a href=\"http:\/\/blogs.thesocialmedia.com\/leblogmoto\/files\/2012\/07\/gilera_gp800_special_2.jpg\"><img loading=\"lazy\" decoding=\"async\" height=\"293\"  width=\"470\" alt=\"Gilera_gp800_special_2\" src=\"http:\/\/www.leblogmoto.com\/images\/2008\/11\/11\/gilera_gp800_special_2.jpg\" \/><\/a> <\/p>\n<p>Cr\u00e9\u00e9 par le centre de style de Piaggio, le nouveau logo appara\u00eetra sur les mod\u00e8les 2009 de la marque sportive du groupe. Pour d\u00e9couvrir ce nouveau logo, cliquez sur &lsquo;lire la suite&rsquo; juste ci-dessous.<\/p>\n<p><a href=\"http:\/\/blogs.thesocialmedia.com\/leblogmoto\/files\/2012\/07\/gilera_logo_2.jpg\"><img loading=\"lazy\" decoding=\"async\" height=\"350\"  width=\"350\" alt=\"Gilera_logo_2\" src=\"http:\/\/www.leblogmoto.com\/images\/2008\/11\/11\/gilera_logo_2.jpg\" \/><\/a><\/p>\n<p>Je trouve le r\u00e9sultat un peu manqu\u00e9, peut-\u00eatre parce qu&rsquo;il appara\u00eet assez charg\u00e9. Il est vrai que c&rsquo;est toujours assez difficile de faire \u00e9voluer un logo mais \u00e7a n&rsquo;est jamais une bonne chose de mettre 6 couleurs diff\u00e9rentes, des ronds, un losange, des lignes et un effet 3D sur un m\u00eame logo. Un point positif quand m\u00eame : le fond noir du logo est assez classe et s&rsquo;associe bien avec les autres couleurs.<\/p>\n<p>La marque profite \u00e9galement de son centenaire pour d\u00e9cliner une nouvelle combinaison de coloris dans un style tr\u00e8s italien. Cette nouvelle livr\u00e9e vert\/blanc\/rouge est d\u00e9clin\u00e9e sur 3 mod\u00e8les de la marque&nbsp; : GP 800 (ci-dessus), Fuoco et Nexus (ci-dessous). <\/p>\n<p><a href=\"http:\/\/blogs.thesocialmedia.com\/leblogmoto\/files\/2012\/07\/gilera_fuoco_500_special.jpg\"><img loading=\"lazy\" decoding=\"async\" height=\"344\"  width=\"470\" alt=\"Gilera_fuoco_500_special\" src=\"http:\/\/www.leblogmoto.com\/images\/2008\/11\/11\/gilera_fuoco_500_special.jpg\" \/><\/a><\/p>\n<p><a href=\"http:\/\/blogs.thesocialmedia.com\/leblogmoto\/files\/2012\/07\/gilera_nexus_500_special_2.jpg\"><img loading=\"lazy\" decoding=\"async\" height=\"387\"  width=\"470\" src=\"http:\/\/www.leblogmoto.com\/images\/2008\/11\/11\/gilera_nexus_500_special_2.jpg\" alt=\"Gilera_nexus_500_special_2\" \/><\/a> <\/p>\n<p>Nous n&rsquo;avons pas d&rsquo;information sur la disponibilit\u00e9 de ces s\u00e9ries sp\u00e9ciales assez r\u00e9ussies &#8230; nous esp\u00e9rons que quelques exemplaires seront pr\u00e9vues pour la France.<\/p>\n<p>Ce centenaire est \u00e9galement l&rsquo;occasion pour Gilera de faire un point sur son palmar\u00e8s sportif<\/p>\n<p>Titres champion du monde constructeur :<\/p>\n<p>1952 \u2013 500 cc<br \/>1953 \u2013 500 cc<br \/>1954 \u2013 500 cc<br \/>1955 \u2013 500 cc<br \/>1957 \u2013 350 cc<br \/>1957 \u2013 500 cc<\/p>\n<p>Titres de Champion du monde :<\/p>\n<p>1950 &#8211; Umberto Masetti, I \u2013 500 cc<br \/>1952 &#8211; Umberto Masetti, I \u2013 500 cc<br \/>1953 &#8211; Geoff Duke, GB \u2013 500 cc<br \/>1954 &#8211; Geoff Duke, GB \u2013 500 cc<br \/>1955 &#8211; Geoff Duke, GB \u2013 500 cc<br \/>1957 &#8211; Libero Liberati, I \u2013 500 cc<br \/>2001 &#8211; Manuel Poggiali, RSM \u2013 125 cc<br \/>2008 &#8211; Marco Simoncelli, I \u2013 250 cc<\/p>\n","protected":false},"excerpt":{"rendered":"<p>Cr\u00e9\u00e9 par le centre de style de Piaggio, le nouveau logo appara\u00eetra sur les mod\u00e8les 2009 de la marque sportive du groupe. Pour d\u00e9couvrir ce nouveau logo, cliquez sur &lsquo;lire la suite&rsquo; juste ci-dessous. Je trouve le r\u00e9sultat un peu manqu\u00e9, peut-\u00eatre parce qu&rsquo;il appara\u00eet assez charg\u00e9. Il est vrai que c&rsquo;est toujours assez difficile [&hellip;]<\/p>\n","protected":false},"author":328,"featured_media":0,"comment_status":"open","ping_status":"open","sticky":false,"template":"","format":"standard","meta":{"footnotes":""},"categories":[49,81,19],"tags":[],"class_list":["post-418","post","type-post","status-publish","format-standard","hentry","category-actualites-entreprise","category-gilera","category-scooter"],"yoast_head":"<!-- This site is optimized with the Yoast SEO plugin v26.0 - https:\/\/yoast.com\/wordpress\/plugins\/seo\/ -->\n<title>Gilera s&#039;offre un nouveau logo pour ses 100 ans - leblogmoto.com<\/title>\n<meta name=\"robots\" content=\"index, follow, max-snippet:-1, max-image-preview:large, max-video-preview:-1\" \/>\n<link rel=\"canonical\" href=\"https:\/\/blogs.thesocialmedia.com\/leblogmoto\/2008\/11\/12\/gilera-soffre-u\/\" \/>\n<meta name=\"twitter:card\" content=\"summary_large_image\" \/>\n<meta name=\"twitter:title\" content=\"Gilera s&#039;offre un nouveau logo pour ses 100 ans - leblogmoto.com\" \/>\n<meta name=\"twitter:description\" content=\"Cr\u00e9\u00e9 par le centre de style de Piaggio, le nouveau logo appara\u00eetra sur les mod\u00e8les 2009 de la marque sportive du groupe. Pour d\u00e9couvrir ce nouveau logo, cliquez sur &lsquo;lire la suite&rsquo; juste ci-dessous. Je trouve le r\u00e9sultat un peu manqu\u00e9, peut-\u00eatre parce qu&rsquo;il appara\u00eet assez charg\u00e9. Il est vrai que c&rsquo;est toujours assez difficile [&hellip;]\" \/>\n<meta name=\"twitter:image\" content=\"http:\/\/www.leblogmoto.com\/images\/2008\/11\/11\/gilera_gp800_special_2.jpg\" \/>\n<meta name=\"twitter:label1\" content=\"\u00c9crit par\" \/>\n\t<meta name=\"twitter:data1\" content=\"thomas ceccaldi\" \/>\n\t<meta name=\"twitter:label2\" content=\"Dur\u00e9e de lecture estim\u00e9e\" \/>\n\t<meta name=\"twitter:data2\" content=\"1 minute\" \/>\n<script type=\"application\/ld+json\" class=\"yoast-schema-graph\">{\"@context\":\"https:\/\/schema.org\",\"@graph\":[{\"@type\":\"WebPage\",\"@id\":\"https:\/\/blogs.thesocialmedia.com\/leblogmoto\/2008\/11\/12\/gilera-soffre-u\/\",\"url\":\"https:\/\/blogs.thesocialmedia.com\/leblogmoto\/2008\/11\/12\/gilera-soffre-u\/\",\"name\":\"Gilera s'offre un nouveau logo pour ses 100 ans - leblogmoto.com\",\"isPartOf\":{\"@id\":\"https:\/\/blogs.thesocialmedia.com\/leblogmoto\/#website\"},\"primaryImageOfPage\":{\"@id\":\"https:\/\/blogs.thesocialmedia.com\/leblogmoto\/2008\/11\/12\/gilera-soffre-u\/#primaryimage\"},\"image\":{\"@id\":\"https:\/\/blogs.thesocialmedia.com\/leblogmoto\/2008\/11\/12\/gilera-soffre-u\/#primaryimage\"},\"thumbnailUrl\":\"http:\/\/www.leblogmoto.com\/images\/2008\/11\/11\/gilera_gp800_special_2.jpg\",\"datePublished\":\"2008-11-12T06:51:57+00:00\",\"dateModified\":\"2012-07-11T16:33:25+00:00\",\"author\":{\"@id\":\"https:\/\/blogs.thesocialmedia.com\/leblogmoto\/#\/schema\/person\/55a1b27eb27b853144bd098e110e31f7\"},\"breadcrumb\":{\"@id\":\"https:\/\/blogs.thesocialmedia.com\/leblogmoto\/2008\/11\/12\/gilera-soffre-u\/#breadcrumb\"},\"inLanguage\":\"fr-FR\",\"potentialAction\":[{\"@type\":\"ReadAction\",\"target\":[\"https:\/\/blogs.thesocialmedia.com\/leblogmoto\/2008\/11\/12\/gilera-soffre-u\/\"]}]},{\"@type\":\"ImageObject\",\"inLanguage\":\"fr-FR\",\"@id\":\"https:\/\/blogs.thesocialmedia.com\/leblogmoto\/2008\/11\/12\/gilera-soffre-u\/#primaryimage\",\"url\":\"http:\/\/www.leblogmoto.com\/images\/2008\/11\/11\/gilera_gp800_special_2.jpg\",\"contentUrl\":\"http:\/\/www.leblogmoto.com\/images\/2008\/11\/11\/gilera_gp800_special_2.jpg\"},{\"@type\":\"BreadcrumbList\",\"@id\":\"https:\/\/blogs.thesocialmedia.com\/leblogmoto\/2008\/11\/12\/gilera-soffre-u\/#breadcrumb\",\"itemListElement\":[{\"@type\":\"ListItem\",\"position\":1,\"name\":\"Accueil\",\"item\":\"https:\/\/blogs.thesocialmedia.com\/leblogmoto\/\"},{\"@type\":\"ListItem\",\"position\":2,\"name\":\"Gilera s&rsquo;offre un nouveau logo pour ses 100 ans\"}]},{\"@type\":\"WebSite\",\"@id\":\"https:\/\/blogs.thesocialmedia.com\/leblogmoto\/#website\",\"url\":\"https:\/\/blogs.thesocialmedia.com\/leblogmoto\/\",\"name\":\"leblogmoto\",\"description\":\"Toute l&#039;actualit\u00e9 des 2 roues\",\"potentialAction\":[{\"@type\":\"SearchAction\",\"target\":{\"@type\":\"EntryPoint\",\"urlTemplate\":\"https:\/\/blogs.thesocialmedia.com\/leblogmoto\/?s={search_term_string}\"},\"query-input\":{\"@type\":\"PropertyValueSpecification\",\"valueRequired\":true,\"valueName\":\"search_term_string\"}}],\"inLanguage\":\"fr-FR\"},{\"@type\":\"Person\",\"@id\":\"https:\/\/blogs.thesocialmedia.com\/leblogmoto\/#\/schema\/person\/55a1b27eb27b853144bd098e110e31f7\",\"name\":\"thomas ceccaldi\",\"image\":{\"@type\":\"ImageObject\",\"inLanguage\":\"fr-FR\",\"@id\":\"https:\/\/blogs.thesocialmedia.com\/leblogmoto\/#\/schema\/person\/image\/\",\"url\":\"https:\/\/secure.gravatar.com\/avatar\/?s=96&d=mm&r=g\",\"contentUrl\":\"https:\/\/secure.gravatar.com\/avatar\/?s=96&d=mm&r=g\",\"caption\":\"thomas ceccaldi\"},\"url\":\"https:\/\/blogs.thesocialmedia.com\/leblogmoto\/author\/thomas-ceccaldi\/\"}]}<\/script>\n<!-- \/ Yoast SEO plugin. -->","yoast_head_json":{"title":"Gilera s'offre un nouveau logo pour ses 100 ans - leblogmoto.com","robots":{"index":"index","follow":"follow","max-snippet":"max-snippet:-1","max-image-preview":"max-image-preview:large","max-video-preview":"max-video-preview:-1"},"canonical":"https:\/\/blogs.thesocialmedia.com\/leblogmoto\/2008\/11\/12\/gilera-soffre-u\/","twitter_card":"summary_large_image","twitter_title":"Gilera s'offre un nouveau logo pour ses 100 ans - leblogmoto.com","twitter_description":"Cr\u00e9\u00e9 par le centre de style de Piaggio, le nouveau logo appara\u00eetra sur les mod\u00e8les 2009 de la marque sportive du groupe. Pour d\u00e9couvrir ce nouveau logo, cliquez sur &lsquo;lire la suite&rsquo; juste ci-dessous. Je trouve le r\u00e9sultat un peu manqu\u00e9, peut-\u00eatre parce qu&rsquo;il appara\u00eet assez charg\u00e9. Il est vrai que c&rsquo;est toujours assez difficile [&hellip;]","twitter_image":"http:\/\/www.leblogmoto.com\/images\/2008\/11\/11\/gilera_gp800_special_2.jpg","twitter_misc":{"\u00c9crit par":"thomas ceccaldi","Dur\u00e9e de lecture estim\u00e9e":"1 minute"},"schema":{"@context":"https:\/\/schema.org","@graph":[{"@type":"WebPage","@id":"https:\/\/blogs.thesocialmedia.com\/leblogmoto\/2008\/11\/12\/gilera-soffre-u\/","url":"https:\/\/blogs.thesocialmedia.com\/leblogmoto\/2008\/11\/12\/gilera-soffre-u\/","name":"Gilera s'offre un nouveau logo pour ses 100 ans - leblogmoto.com","isPartOf":{"@id":"https:\/\/blogs.thesocialmedia.com\/leblogmoto\/#website"},"primaryImageOfPage":{"@id":"https:\/\/blogs.thesocialmedia.com\/leblogmoto\/2008\/11\/12\/gilera-soffre-u\/#primaryimage"},"image":{"@id":"https:\/\/blogs.thesocialmedia.com\/leblogmoto\/2008\/11\/12\/gilera-soffre-u\/#primaryimage"},"thumbnailUrl":"http:\/\/www.leblogmoto.com\/images\/2008\/11\/11\/gilera_gp800_special_2.jpg","datePublished":"2008-11-12T06:51:57+00:00","dateModified":"2012-07-11T16:33:25+00:00","author":{"@id":"https:\/\/blogs.thesocialmedia.com\/leblogmoto\/#\/schema\/person\/55a1b27eb27b853144bd098e110e31f7"},"breadcrumb":{"@id":"https:\/\/blogs.thesocialmedia.com\/leblogmoto\/2008\/11\/12\/gilera-soffre-u\/#breadcrumb"},"inLanguage":"fr-FR","potentialAction":[{"@type":"ReadAction","target":["https:\/\/blogs.thesocialmedia.com\/leblogmoto\/2008\/11\/12\/gilera-soffre-u\/"]}]},{"@type":"ImageObject","inLanguage":"fr-FR","@id":"https:\/\/blogs.thesocialmedia.com\/leblogmoto\/2008\/11\/12\/gilera-soffre-u\/#primaryimage","url":"http:\/\/www.leblogmoto.com\/images\/2008\/11\/11\/gilera_gp800_special_2.jpg","contentUrl":"http:\/\/www.leblogmoto.com\/images\/2008\/11\/11\/gilera_gp800_special_2.jpg"},{"@type":"BreadcrumbList","@id":"https:\/\/blogs.thesocialmedia.com\/leblogmoto\/2008\/11\/12\/gilera-soffre-u\/#breadcrumb","itemListElement":[{"@type":"ListItem","position":1,"name":"Accueil","item":"https:\/\/blogs.thesocialmedia.com\/leblogmoto\/"},{"@type":"ListItem","position":2,"name":"Gilera s&rsquo;offre un nouveau logo pour ses 100 ans"}]},{"@type":"WebSite","@id":"https:\/\/blogs.thesocialmedia.com\/leblogmoto\/#website","url":"https:\/\/blogs.thesocialmedia.com\/leblogmoto\/","name":"leblogmoto","description":"Toute l&#039;actualit\u00e9 des 2 roues","potentialAction":[{"@type":"SearchAction","target":{"@type":"EntryPoint","urlTemplate":"https:\/\/blogs.thesocialmedia.com\/leblogmoto\/?s={search_term_string}"},"query-input":{"@type":"PropertyValueSpecification","valueRequired":true,"valueName":"search_term_string"}}],"inLanguage":"fr-FR"},{"@type":"Person","@id":"https:\/\/blogs.thesocialmedia.com\/leblogmoto\/#\/schema\/person\/55a1b27eb27b853144bd098e110e31f7","name":"thomas ceccaldi","image":{"@type":"ImageObject","inLanguage":"fr-FR","@id":"https:\/\/blogs.thesocialmedia.com\/leblogmoto\/#\/schema\/person\/image\/","url":"https:\/\/secure.gravatar.com\/avatar\/?s=96&d=mm&r=g","contentUrl":"https:\/\/secure.gravatar.com\/avatar\/?s=96&d=mm&r=g","caption":"thomas ceccaldi"},"url":"https:\/\/blogs.thesocialmedia.com\/leblogmoto\/author\/thomas-ceccaldi\/"}]}},"_links":{"self":[{"href":"https:\/\/blogs.thesocialmedia.com\/leblogmoto\/wp-json\/wp\/v2\/posts\/418","targetHints":{"allow":["GET"]}}],"collection":[{"href":"https:\/\/blogs.thesocialmedia.com\/leblogmoto\/wp-json\/wp\/v2\/posts"}],"about":[{"href":"https:\/\/blogs.thesocialmedia.com\/leblogmoto\/wp-json\/wp\/v2\/types\/post"}],"author":[{"embeddable":true,"href":"https:\/\/blogs.thesocialmedia.com\/leblogmoto\/wp-json\/wp\/v2\/users\/328"}],"replies":[{"embeddable":true,"href":"https:\/\/blogs.thesocialmedia.com\/leblogmoto\/wp-json\/wp\/v2\/comments?post=418"}],"version-history":[{"count":2,"href":"https:\/\/blogs.thesocialmedia.com\/leblogmoto\/wp-json\/wp\/v2\/posts\/418\/revisions"}],"predecessor-version":[{"id":12031,"href":"https:\/\/blogs.thesocialmedia.com\/leblogmoto\/wp-json\/wp\/v2\/posts\/418\/revisions\/12031"}],"wp:attachment":[{"href":"https:\/\/blogs.thesocialmedia.com\/leblogmoto\/wp-json\/wp\/v2\/media?parent=418"}],"wp:term":[{"taxonomy":"category","embeddable":true,"href":"https:\/\/blogs.thesocialmedia.com\/leblogmoto\/wp-json\/wp\/v2\/categories?post=418"},{"taxonomy":"post_tag","embeddable":true,"href":"https:\/\/blogs.thesocialmedia.com\/leblogmoto\/wp-json\/wp\/v2\/tags?post=418"}],"curies":[{"name":"wp","href":"https:\/\/api.w.org\/{rel}","templated":true}]}}