{"id":422,"date":"2008-11-07T05:17:36","date_gmt":"2008-11-07T05:17:36","guid":{"rendered":"http:\/\/blogs.thesocialmedia.com\/leblogmoto\/2008\/11\/07\/album-du-vendre-5\/"},"modified":"2012-07-11T16:32:27","modified_gmt":"2012-07-11T16:32:27","slug":"album-du-vendre-5","status":"publish","type":"post","link":"https:\/\/blogs.thesocialmedia.com\/leblogmoto\/2008\/11\/07\/album-du-vendre-5\/","title":{"rendered":"Album du vendredi, Eicma 2008 Milan"},"content":{"rendered":"<p>Un trop court week-end encore et c&rsquo;en sera termin\u00e9 de cette \u00e9dition 2008 du <a href=\"http:\/\/www.eicma.it\/moto\/en\/\">EICMA<\/a>. <\/p>\n<p><a href=\"http:\/\/clabedan.typepad.com\/.shared\/image.html?\/photos\/uncategorized\/2008\/11\/06\/eicma.jpg\"><img loading=\"lazy\" decoding=\"async\" width=\"470\" height=\"331\"  alt=\"Eicma\" src=\"http:\/\/www.leblogmoto.com\/images\/2008\/11\/06\/eicma.jpg\" \/><\/a> <\/p>\n<p>Il y a eu de grosses attentes qui ont d\u00e9\u00e7u. Ducati peut-\u00eatre et ce <a href=\"http:\/\/www.streetfighter.ducati.it\/main_en.html\">StreetFighter<\/a> trop brouillon pour s\u00e9duire, et les Japonais qui tarde ann\u00e9e apr\u00e8s ann\u00e9e \u00e0 pr\u00e9senter un produit diff\u00e9rent et innovant.<\/p>\n<p>La grosse surprise est ce <a href=\"http:\/\/www.bmw-motorrad.com\/com\/en\/index.html?content=http:\/\/www.bmw-motorrad.com\/com\/en\/individual\/news\/index.html&amp;id=323\">LoRider<\/a> de BMW. Une proposition audacieuse, mais qui s&rsquo;appuie sur la tradition de la marque, que demander de plus? L&rsquo;<a href=\"http:\/\/france.aprilia.com\/\">Aprilia<\/a> Mana X n&rsquo;est pas mal non plus, mais ce sont surtout les scooters, prix de l&rsquo;essence aidant, qui commencent \u00e0 prendre des risques, lentement, sans trop brusquer personne, mais la tendance est annonc\u00e9e et les prochaines ann\u00e9es devraient voir un nouvel \u00e2ge d&rsquo;or pour ce segment.<\/p>\n<p>Portrait de groupe avec dames.<\/p>\n<p><em><a href=\"http:\/\/clabedan.typepad.com\/.shared\/image.html?\/photos\/uncategorized\/2008\/11\/06\/eicma01.jpg\"><img loading=\"lazy\" decoding=\"async\" width=\"470\" height=\"281\"  src=\"http:\/\/www.leblogmoto.com\/images\/2008\/11\/06\/eicma01.jpg\" alt=\"Eicma01\" \/><\/a> <br \/>Bimota DB7 Oronero<\/em><\/p>\n<p><a href=\"http:\/\/blogs.thesocialmedia.com\/leblogmoto\/files\/2012\/07\/eicma02.jpg\"><img loading=\"lazy\" decoding=\"async\" width=\"470\" height=\"317\"  src=\"http:\/\/www.leblogmoto.com\/images\/2008\/11\/06\/eicma02.jpg\" alt=\"Eicma02\" \/><\/a> <br \/><em>Yamaha XJ6<\/em><\/p>\n<p><a href=\"http:\/\/blogs.thesocialmedia.com\/leblogmoto\/files\/2012\/07\/eicmag1.jpg\"><img loading=\"lazy\" decoding=\"async\" width=\"470\" height=\"317\"  src=\"http:\/\/www.leblogmoto.com\/images\/2008\/11\/06\/eicmag1.jpg\" alt=\"Eicmag1\" \/><\/a> <\/p>\n<p><em><a href=\"http:\/\/blogs.thesocialmedia.com\/leblogmoto\/files\/2012\/07\/eicma03.jpg\"><img loading=\"lazy\" decoding=\"async\" width=\"470\" height=\"344\"  src=\"http:\/\/www.leblogmoto.com\/images\/2008\/11\/06\/eicma03.jpg\" alt=\"Eicma03\" \/><\/a> <br \/>BMW LoRider<\/em><\/p>\n<p><em><a href=\"http:\/\/blogs.thesocialmedia.com\/leblogmoto\/files\/2012\/07\/eicma04.jpg\"><img loading=\"lazy\" decoding=\"async\" width=\"470\" height=\"272\"  src=\"http:\/\/www.leblogmoto.com\/images\/2008\/11\/06\/eicma04.jpg\" alt=\"Eicma04\" \/><\/a> <br \/>Aprilia Mana X<\/em><br \/><em><br \/><a href=\"http:\/\/blogs.thesocialmedia.com\/leblogmoto\/files\/2012\/07\/eicma005.jpg\"><img loading=\"lazy\" decoding=\"async\" width=\"470\" height=\"316\"  src=\"http:\/\/www.leblogmoto.com\/images\/2008\/11\/06\/eicma005.jpg\" alt=\"Eicma005\" \/><\/a> <br \/>BMW F800R<\/em><\/p>\n<p><em><a href=\"http:\/\/blogs.thesocialmedia.com\/leblogmoto\/files\/2012\/07\/eicma06.jpg\"><img loading=\"lazy\" decoding=\"async\" width=\"470\" height=\"317\"  src=\"http:\/\/www.leblogmoto.com\/images\/2008\/11\/06\/eicma06.jpg\" alt=\"Eicma06\" \/><\/a> <br \/>Ducati StreetFighter<\/em><\/p>\n<p><em><a href=\"http:\/\/blogs.thesocialmedia.com\/leblogmoto\/files\/2012\/07\/eicma07.jpg\"><img loading=\"lazy\" decoding=\"async\" width=\"470\" height=\"446\"  src=\"http:\/\/www.leblogmoto.com\/images\/2008\/11\/06\/eicma07.jpg\" alt=\"Eicma07\" \/><\/a> <br \/>Vespa GTV Sidecar<\/em><\/p>\n<p><a href=\"http:\/\/blogs.thesocialmedia.com\/leblogmoto\/files\/2012\/07\/eicmag2.jpg\"><img loading=\"lazy\" decoding=\"async\" width=\"470\" height=\"326\"  src=\"http:\/\/www.leblogmoto.com\/images\/2008\/11\/06\/eicmag2.jpg\" alt=\"Eicmag2\" \/><\/a> <\/p>\n<p><em><a href=\"http:\/\/blogs.thesocialmedia.com\/leblogmoto\/files\/2012\/07\/eicma08.jpg\"><img loading=\"lazy\" decoding=\"async\" width=\"470\" height=\"312\"  src=\"http:\/\/www.leblogmoto.com\/images\/2008\/11\/06\/eicma08.jpg\" alt=\"Eicma08\" \/><\/a> <br \/>Husqvarna SM450<\/em><\/p>\n<p><em><a href=\"http:\/\/blogs.thesocialmedia.com\/leblogmoto\/files\/2012\/07\/eicma09.jpg\"><img loading=\"lazy\" decoding=\"async\" width=\"470\" height=\"372\"  src=\"http:\/\/www.leblogmoto.com\/images\/2008\/11\/06\/eicma09.jpg\" alt=\"Eicma09\" \/><\/a> <br \/>KTM 990 Adventure<\/em><\/p>\n<p><em><a href=\"http:\/\/blogs.thesocialmedia.com\/leblogmoto\/files\/2012\/07\/eicma10.jpg\"><img loading=\"lazy\" decoding=\"async\" width=\"470\" height=\"356\"  src=\"http:\/\/www.leblogmoto.com\/images\/2008\/11\/06\/eicma10.jpg\" alt=\"Eicma10\" \/><\/a> <br \/>KTM 1190 RC8<\/em><\/p>\n<p><em><a href=\"http:\/\/blogs.thesocialmedia.com\/leblogmoto\/files\/2012\/07\/eicma11.jpg\"><img loading=\"lazy\" decoding=\"async\" width=\"470\" height=\"334\"  src=\"http:\/\/www.leblogmoto.com\/images\/2008\/11\/06\/eicma11.jpg\" alt=\"Eicma11\" \/><\/a> <br \/>Honda SH125i<\/em><\/p>\n<p><a href=\"http:\/\/blogs.thesocialmedia.com\/leblogmoto\/files\/2012\/07\/eicmag3.jpg\"><img loading=\"lazy\" decoding=\"async\" width=\"470\" height=\"321\"  src=\"http:\/\/www.leblogmoto.com\/images\/2008\/11\/06\/eicmag3.jpg\" alt=\"Eicmag3\" \/><\/a> <\/p>\n","protected":false},"excerpt":{"rendered":"<p>Un trop court week-end encore et c&rsquo;en sera termin\u00e9 de cette \u00e9dition 2008 du EICMA. Il y a eu de grosses attentes qui ont d\u00e9\u00e7u. Ducati peut-\u00eatre et ce StreetFighter trop brouillon pour s\u00e9duire, et les Japonais qui tarde ann\u00e9e apr\u00e8s ann\u00e9e \u00e0 pr\u00e9senter un produit diff\u00e9rent et innovant. La grosse surprise est ce LoRider [&hellip;]<\/p>\n","protected":false},"author":325,"featured_media":0,"comment_status":"open","ping_status":"open","sticky":false,"template":"","format":"standard","meta":{"footnotes":""},"categories":[36],"tags":[],"class_list":["post-422","post","type-post","status-publish","format-standard","hentry","category-salons"],"yoast_head":"<!-- This site is optimized with the Yoast SEO plugin v26.0 - https:\/\/yoast.com\/wordpress\/plugins\/seo\/ -->\n<title>Album du vendredi, Eicma 2008 Milan - leblogmoto.com<\/title>\n<meta name=\"robots\" content=\"index, follow, max-snippet:-1, max-image-preview:large, max-video-preview:-1\" \/>\n<link rel=\"canonical\" href=\"https:\/\/blogs.thesocialmedia.com\/leblogmoto\/2008\/11\/07\/album-du-vendre-5\/\" \/>\n<meta name=\"twitter:card\" content=\"summary_large_image\" \/>\n<meta name=\"twitter:title\" content=\"Album du vendredi, Eicma 2008 Milan - leblogmoto.com\" \/>\n<meta name=\"twitter:description\" content=\"Un trop court week-end encore et c&rsquo;en sera termin\u00e9 de cette \u00e9dition 2008 du EICMA. Il y a eu de grosses attentes qui ont d\u00e9\u00e7u. Ducati peut-\u00eatre et ce StreetFighter trop brouillon pour s\u00e9duire, et les Japonais qui tarde ann\u00e9e apr\u00e8s ann\u00e9e \u00e0 pr\u00e9senter un produit diff\u00e9rent et innovant. La grosse surprise est ce LoRider [&hellip;]\" \/>\n<meta name=\"twitter:image\" content=\"http:\/\/www.leblogmoto.com\/images\/2008\/11\/06\/eicma.jpg\" \/>\n<meta name=\"twitter:label1\" content=\"\u00c9crit par\" \/>\n\t<meta name=\"twitter:data1\" content=\"jacques lesage\" \/>\n\t<meta name=\"twitter:label2\" content=\"Dur\u00e9e de lecture estim\u00e9e\" \/>\n\t<meta name=\"twitter:data2\" content=\"1 minute\" \/>\n<script type=\"application\/ld+json\" class=\"yoast-schema-graph\">{\"@context\":\"https:\/\/schema.org\",\"@graph\":[{\"@type\":\"WebPage\",\"@id\":\"https:\/\/blogs.thesocialmedia.com\/leblogmoto\/2008\/11\/07\/album-du-vendre-5\/\",\"url\":\"https:\/\/blogs.thesocialmedia.com\/leblogmoto\/2008\/11\/07\/album-du-vendre-5\/\",\"name\":\"Album du vendredi, Eicma 2008 Milan - leblogmoto.com\",\"isPartOf\":{\"@id\":\"https:\/\/blogs.thesocialmedia.com\/leblogmoto\/#website\"},\"primaryImageOfPage\":{\"@id\":\"https:\/\/blogs.thesocialmedia.com\/leblogmoto\/2008\/11\/07\/album-du-vendre-5\/#primaryimage\"},\"image\":{\"@id\":\"https:\/\/blogs.thesocialmedia.com\/leblogmoto\/2008\/11\/07\/album-du-vendre-5\/#primaryimage\"},\"thumbnailUrl\":\"http:\/\/www.leblogmoto.com\/images\/2008\/11\/06\/eicma.jpg\",\"datePublished\":\"2008-11-07T05:17:36+00:00\",\"dateModified\":\"2012-07-11T16:32:27+00:00\",\"author\":{\"@id\":\"https:\/\/blogs.thesocialmedia.com\/leblogmoto\/#\/schema\/person\/e82a0ca8a9a63d031586097a3ed58526\"},\"breadcrumb\":{\"@id\":\"https:\/\/blogs.thesocialmedia.com\/leblogmoto\/2008\/11\/07\/album-du-vendre-5\/#breadcrumb\"},\"inLanguage\":\"fr-FR\",\"potentialAction\":[{\"@type\":\"ReadAction\",\"target\":[\"https:\/\/blogs.thesocialmedia.com\/leblogmoto\/2008\/11\/07\/album-du-vendre-5\/\"]}]},{\"@type\":\"ImageObject\",\"inLanguage\":\"fr-FR\",\"@id\":\"https:\/\/blogs.thesocialmedia.com\/leblogmoto\/2008\/11\/07\/album-du-vendre-5\/#primaryimage\",\"url\":\"http:\/\/www.leblogmoto.com\/images\/2008\/11\/06\/eicma.jpg\",\"contentUrl\":\"http:\/\/www.leblogmoto.com\/images\/2008\/11\/06\/eicma.jpg\"},{\"@type\":\"BreadcrumbList\",\"@id\":\"https:\/\/blogs.thesocialmedia.com\/leblogmoto\/2008\/11\/07\/album-du-vendre-5\/#breadcrumb\",\"itemListElement\":[{\"@type\":\"ListItem\",\"position\":1,\"name\":\"Accueil\",\"item\":\"https:\/\/blogs.thesocialmedia.com\/leblogmoto\/\"},{\"@type\":\"ListItem\",\"position\":2,\"name\":\"Album du vendredi, Eicma 2008 Milan\"}]},{\"@type\":\"WebSite\",\"@id\":\"https:\/\/blogs.thesocialmedia.com\/leblogmoto\/#website\",\"url\":\"https:\/\/blogs.thesocialmedia.com\/leblogmoto\/\",\"name\":\"leblogmoto\",\"description\":\"Toute l&#039;actualit\u00e9 des 2 roues\",\"potentialAction\":[{\"@type\":\"SearchAction\",\"target\":{\"@type\":\"EntryPoint\",\"urlTemplate\":\"https:\/\/blogs.thesocialmedia.com\/leblogmoto\/?s={search_term_string}\"},\"query-input\":{\"@type\":\"PropertyValueSpecification\",\"valueRequired\":true,\"valueName\":\"search_term_string\"}}],\"inLanguage\":\"fr-FR\"},{\"@type\":\"Person\",\"@id\":\"https:\/\/blogs.thesocialmedia.com\/leblogmoto\/#\/schema\/person\/e82a0ca8a9a63d031586097a3ed58526\",\"name\":\"jacques lesage\",\"image\":{\"@type\":\"ImageObject\",\"inLanguage\":\"fr-FR\",\"@id\":\"https:\/\/blogs.thesocialmedia.com\/leblogmoto\/#\/schema\/person\/image\/\",\"url\":\"https:\/\/secure.gravatar.com\/avatar\/?s=96&d=mm&r=g\",\"contentUrl\":\"https:\/\/secure.gravatar.com\/avatar\/?s=96&d=mm&r=g\",\"caption\":\"jacques lesage\"},\"url\":\"https:\/\/blogs.thesocialmedia.com\/leblogmoto\/author\/jacques-lesage\/\"}]}<\/script>\n<!-- \/ Yoast SEO plugin. -->","yoast_head_json":{"title":"Album du vendredi, Eicma 2008 Milan - leblogmoto.com","robots":{"index":"index","follow":"follow","max-snippet":"max-snippet:-1","max-image-preview":"max-image-preview:large","max-video-preview":"max-video-preview:-1"},"canonical":"https:\/\/blogs.thesocialmedia.com\/leblogmoto\/2008\/11\/07\/album-du-vendre-5\/","twitter_card":"summary_large_image","twitter_title":"Album du vendredi, Eicma 2008 Milan - leblogmoto.com","twitter_description":"Un trop court week-end encore et c&rsquo;en sera termin\u00e9 de cette \u00e9dition 2008 du EICMA. Il y a eu de grosses attentes qui ont d\u00e9\u00e7u. Ducati peut-\u00eatre et ce StreetFighter trop brouillon pour s\u00e9duire, et les Japonais qui tarde ann\u00e9e apr\u00e8s ann\u00e9e \u00e0 pr\u00e9senter un produit diff\u00e9rent et innovant. La grosse surprise est ce LoRider [&hellip;]","twitter_image":"http:\/\/www.leblogmoto.com\/images\/2008\/11\/06\/eicma.jpg","twitter_misc":{"\u00c9crit par":"jacques lesage","Dur\u00e9e de lecture estim\u00e9e":"1 minute"},"schema":{"@context":"https:\/\/schema.org","@graph":[{"@type":"WebPage","@id":"https:\/\/blogs.thesocialmedia.com\/leblogmoto\/2008\/11\/07\/album-du-vendre-5\/","url":"https:\/\/blogs.thesocialmedia.com\/leblogmoto\/2008\/11\/07\/album-du-vendre-5\/","name":"Album du vendredi, Eicma 2008 Milan - leblogmoto.com","isPartOf":{"@id":"https:\/\/blogs.thesocialmedia.com\/leblogmoto\/#website"},"primaryImageOfPage":{"@id":"https:\/\/blogs.thesocialmedia.com\/leblogmoto\/2008\/11\/07\/album-du-vendre-5\/#primaryimage"},"image":{"@id":"https:\/\/blogs.thesocialmedia.com\/leblogmoto\/2008\/11\/07\/album-du-vendre-5\/#primaryimage"},"thumbnailUrl":"http:\/\/www.leblogmoto.com\/images\/2008\/11\/06\/eicma.jpg","datePublished":"2008-11-07T05:17:36+00:00","dateModified":"2012-07-11T16:32:27+00:00","author":{"@id":"https:\/\/blogs.thesocialmedia.com\/leblogmoto\/#\/schema\/person\/e82a0ca8a9a63d031586097a3ed58526"},"breadcrumb":{"@id":"https:\/\/blogs.thesocialmedia.com\/leblogmoto\/2008\/11\/07\/album-du-vendre-5\/#breadcrumb"},"inLanguage":"fr-FR","potentialAction":[{"@type":"ReadAction","target":["https:\/\/blogs.thesocialmedia.com\/leblogmoto\/2008\/11\/07\/album-du-vendre-5\/"]}]},{"@type":"ImageObject","inLanguage":"fr-FR","@id":"https:\/\/blogs.thesocialmedia.com\/leblogmoto\/2008\/11\/07\/album-du-vendre-5\/#primaryimage","url":"http:\/\/www.leblogmoto.com\/images\/2008\/11\/06\/eicma.jpg","contentUrl":"http:\/\/www.leblogmoto.com\/images\/2008\/11\/06\/eicma.jpg"},{"@type":"BreadcrumbList","@id":"https:\/\/blogs.thesocialmedia.com\/leblogmoto\/2008\/11\/07\/album-du-vendre-5\/#breadcrumb","itemListElement":[{"@type":"ListItem","position":1,"name":"Accueil","item":"https:\/\/blogs.thesocialmedia.com\/leblogmoto\/"},{"@type":"ListItem","position":2,"name":"Album du vendredi, Eicma 2008 Milan"}]},{"@type":"WebSite","@id":"https:\/\/blogs.thesocialmedia.com\/leblogmoto\/#website","url":"https:\/\/blogs.thesocialmedia.com\/leblogmoto\/","name":"leblogmoto","description":"Toute l&#039;actualit\u00e9 des 2 roues","potentialAction":[{"@type":"SearchAction","target":{"@type":"EntryPoint","urlTemplate":"https:\/\/blogs.thesocialmedia.com\/leblogmoto\/?s={search_term_string}"},"query-input":{"@type":"PropertyValueSpecification","valueRequired":true,"valueName":"search_term_string"}}],"inLanguage":"fr-FR"},{"@type":"Person","@id":"https:\/\/blogs.thesocialmedia.com\/leblogmoto\/#\/schema\/person\/e82a0ca8a9a63d031586097a3ed58526","name":"jacques lesage","image":{"@type":"ImageObject","inLanguage":"fr-FR","@id":"https:\/\/blogs.thesocialmedia.com\/leblogmoto\/#\/schema\/person\/image\/","url":"https:\/\/secure.gravatar.com\/avatar\/?s=96&d=mm&r=g","contentUrl":"https:\/\/secure.gravatar.com\/avatar\/?s=96&d=mm&r=g","caption":"jacques lesage"},"url":"https:\/\/blogs.thesocialmedia.com\/leblogmoto\/author\/jacques-lesage\/"}]}},"_links":{"self":[{"href":"https:\/\/blogs.thesocialmedia.com\/leblogmoto\/wp-json\/wp\/v2\/posts\/422","targetHints":{"allow":["GET"]}}],"collection":[{"href":"https:\/\/blogs.thesocialmedia.com\/leblogmoto\/wp-json\/wp\/v2\/posts"}],"about":[{"href":"https:\/\/blogs.thesocialmedia.com\/leblogmoto\/wp-json\/wp\/v2\/types\/post"}],"author":[{"embeddable":true,"href":"https:\/\/blogs.thesocialmedia.com\/leblogmoto\/wp-json\/wp\/v2\/users\/325"}],"replies":[{"embeddable":true,"href":"https:\/\/blogs.thesocialmedia.com\/leblogmoto\/wp-json\/wp\/v2\/comments?post=422"}],"version-history":[{"count":2,"href":"https:\/\/blogs.thesocialmedia.com\/leblogmoto\/wp-json\/wp\/v2\/posts\/422\/revisions"}],"predecessor-version":[{"id":12009,"href":"https:\/\/blogs.thesocialmedia.com\/leblogmoto\/wp-json\/wp\/v2\/posts\/422\/revisions\/12009"}],"wp:attachment":[{"href":"https:\/\/blogs.thesocialmedia.com\/leblogmoto\/wp-json\/wp\/v2\/media?parent=422"}],"wp:term":[{"taxonomy":"category","embeddable":true,"href":"https:\/\/blogs.thesocialmedia.com\/leblogmoto\/wp-json\/wp\/v2\/categories?post=422"},{"taxonomy":"post_tag","embeddable":true,"href":"https:\/\/blogs.thesocialmedia.com\/leblogmoto\/wp-json\/wp\/v2\/tags?post=422"}],"curies":[{"name":"wp","href":"https:\/\/api.w.org\/{rel}","templated":true}]}}