{"id":424,"date":"2008-11-05T04:18:09","date_gmt":"2008-11-05T04:18:09","guid":{"rendered":"http:\/\/blogs.thesocialmedia.com\/leblogmoto\/2008\/11\/05\/bmw-lorider-con\/"},"modified":"2012-07-11T16:31:29","modified_gmt":"2012-07-11T16:31:29","slug":"bmw-lorider-con","status":"publish","type":"post","link":"https:\/\/blogs.thesocialmedia.com\/leblogmoto\/2008\/11\/05\/bmw-lorider-con\/","title":{"rendered":"BMW LoRider, concept participatif"},"content":{"rendered":"<p>Permettez-moi ici une petite fr\u00e9n\u00e9sie.<br \/>Y\u00e9! Voil\u00e0, c&rsquo;est fait.<\/p>\n<p><a href=\"http:\/\/blogs.thesocialmedia.com\/leblogmoto\/files\/2012\/07\/bm1.jpg\"><img loading=\"lazy\" decoding=\"async\" width=\"470\" height=\"265\"  src=\"http:\/\/www.leblogmoto.com\/images\/2008\/11\/04\/bm1.jpg\" alt=\"Bm1\" \/><\/a> <\/p>\n<p>On a tous des faiblesses, et ce Boxer de 1200 cm3 m&rsquo;en est une, et ce nouveau projet de <a href=\"http:\/\/www.bmw-motorrad.com\/com\/en\/index.html?content=http:\/\/www.bmw-motorrad.com\/com\/en\/individual\/news\/index.html&amp;id=323\">BMW, le LoRider<\/a>, qui t\u00e2te les eaux de <a href=\"http:\/\/www.eicma.it\/\">Milan<\/a> avant un possible big splash est en voie d&rsquo;en devenir une autre. Concept modulable et \u00e0 haute teneur de personnalisation, il devrait s&rsquo;assagir un peu s&rsquo;il voit la lumi\u00e8re des salles de montres, mais avec le choix d&rsquo;un \u00e9chappement haut \u00e0 la <a href=\"http:\/\/www.triumph.co.uk\/newzealand\/Scrambler_8372.aspx\">Scrambler<\/a>, ou bas pour les urbains qui ne veulent pas cuire \u00e0 chaque feux rouges, selle pour c\u00e9libataire ou en couple, optique r\u00e9tro ou futuriste, habillage du r\u00e9servoir, diff\u00e9rentes couleurs pour le bloc-moteur, choix de gardes-boue, il deviendra difficile de ne pas se croire original au guidon d&rsquo;une telle machine.<\/p>\n<p>BMW, comme Ducati d&rsquo;ailleurs, renouvelle sa gamme \u00e0 tr\u00e8s grande vitesse et conserve ses fans sur le bout de leurs si\u00e8ges, n&rsquo;attendant que le moindre pr\u00e9texte pour sortir le carnet de ch\u00e8ques.<\/p>\n<p>Avec le spectre de temps pr\u00e9caire d\u00e9j\u00e0 dans la demeure, seuls les plus audacieux sauront s&rsquo;en sortir. \u00c0 croire que le vieux continent, qui en a vu d&rsquo;autres, a une longueur d&rsquo;avance, quand on voit les Japonais encore \u00e0 se demander si le cr\u00e9neau de la nostalgie est int\u00e9ressant.<\/p>\n<p><a href=\"http:\/\/clabedan.typepad.com\/.shared\/image.html?\/photos\/uncategorized\/2008\/11\/04\/bm2.jpg\"><img loading=\"lazy\" decoding=\"async\" width=\"469\" height=\"287\"  src=\"http:\/\/www.leblogmoto.com\/images\/2008\/11\/04\/bm2.jpg\" alt=\"Bm2\" \/><\/a> <\/p>\n<p><a href=\"http:\/\/blogs.thesocialmedia.com\/leblogmoto\/files\/2012\/07\/bm3.jpg\"><img loading=\"lazy\" decoding=\"async\" width=\"470\" height=\"315\"  src=\"http:\/\/www.leblogmoto.com\/images\/2008\/11\/04\/bm3.jpg\" alt=\"Bm3\" \/><\/a> <\/p>\n<p><a href=\"http:\/\/blogs.thesocialmedia.com\/leblogmoto\/files\/2012\/07\/bm4.jpg\"><img loading=\"lazy\" decoding=\"async\" width=\"470\" height=\"663\"  src=\"http:\/\/www.leblogmoto.com\/images\/2008\/11\/04\/bm4.jpg\" alt=\"Bm4\" \/><\/a> <\/p>\n<p><a href=\"http:\/\/blogs.thesocialmedia.com\/leblogmoto\/files\/2012\/07\/bm5.jpg\"><img loading=\"lazy\" decoding=\"async\" width=\"470\" height=\"258\"  src=\"http:\/\/www.leblogmoto.com\/images\/2008\/11\/04\/bm5.jpg\" alt=\"Bm5\" \/><\/a> <\/p>\n<p><a href=\"http:\/\/blogs.thesocialmedia.com\/leblogmoto\/files\/2012\/07\/bm6.jpg\"><img loading=\"lazy\" decoding=\"async\" width=\"470\" height=\"259\"  src=\"http:\/\/www.leblogmoto.com\/images\/2008\/11\/04\/bm6.jpg\" alt=\"Bm6\" \/><\/a> <\/p>\n<p><a href=\"http:\/\/blogs.thesocialmedia.com\/leblogmoto\/files\/2012\/07\/bm7.jpg\"><img loading=\"lazy\" decoding=\"async\" width=\"470\" height=\"240\"  src=\"http:\/\/www.leblogmoto.com\/images\/2008\/11\/04\/bm7.jpg\" alt=\"Bm7\" \/><\/a> <\/p>\n<p><a href=\"http:\/\/blogs.thesocialmedia.com\/leblogmoto\/files\/2012\/07\/bm8.jpg\"><img loading=\"lazy\" decoding=\"async\" width=\"470\" height=\"836\"  src=\"http:\/\/www.leblogmoto.com\/images\/2008\/11\/04\/bm8.jpg\" alt=\"Bm8\" \/><\/a> <\/p>\n","protected":false},"excerpt":{"rendered":"<p>Permettez-moi ici une petite fr\u00e9n\u00e9sie.Y\u00e9! Voil\u00e0, c&rsquo;est fait. On a tous des faiblesses, et ce Boxer de 1200 cm3 m&rsquo;en est une, et ce nouveau projet de BMW, le LoRider, qui t\u00e2te les eaux de Milan avant un possible big splash est en voie d&rsquo;en devenir une autre. Concept modulable et \u00e0 haute teneur de [&hellip;]<\/p>\n","protected":false},"author":325,"featured_media":0,"comment_status":"open","ping_status":"open","sticky":false,"template":"","format":"standard","meta":{"footnotes":""},"categories":[49,7,33],"tags":[],"class_list":["post-424","post","type-post","status-publish","format-standard","hentry","category-actualites-entreprise","category-bmw","category-concept-bike"],"yoast_head":"<!-- This site is optimized with the Yoast SEO plugin v26.0 - https:\/\/yoast.com\/wordpress\/plugins\/seo\/ -->\n<title>BMW LoRider, concept participatif - leblogmoto.com<\/title>\n<meta name=\"robots\" content=\"index, follow, max-snippet:-1, max-image-preview:large, max-video-preview:-1\" \/>\n<link rel=\"canonical\" href=\"https:\/\/blogs.thesocialmedia.com\/leblogmoto\/2008\/11\/05\/bmw-lorider-con\/\" \/>\n<meta name=\"twitter:card\" content=\"summary_large_image\" \/>\n<meta name=\"twitter:title\" content=\"BMW LoRider, concept participatif - leblogmoto.com\" \/>\n<meta name=\"twitter:description\" content=\"Permettez-moi ici une petite fr\u00e9n\u00e9sie.Y\u00e9! Voil\u00e0, c&rsquo;est fait. On a tous des faiblesses, et ce Boxer de 1200 cm3 m&rsquo;en est une, et ce nouveau projet de BMW, le LoRider, qui t\u00e2te les eaux de Milan avant un possible big splash est en voie d&rsquo;en devenir une autre. Concept modulable et \u00e0 haute teneur de [&hellip;]\" \/>\n<meta name=\"twitter:image\" content=\"http:\/\/www.leblogmoto.com\/images\/2008\/11\/04\/bm1.jpg\" \/>\n<meta name=\"twitter:label1\" content=\"\u00c9crit par\" \/>\n\t<meta name=\"twitter:data1\" content=\"jacques lesage\" \/>\n\t<meta name=\"twitter:label2\" content=\"Dur\u00e9e de lecture estim\u00e9e\" \/>\n\t<meta name=\"twitter:data2\" content=\"1 minute\" \/>\n<script type=\"application\/ld+json\" class=\"yoast-schema-graph\">{\"@context\":\"https:\/\/schema.org\",\"@graph\":[{\"@type\":\"WebPage\",\"@id\":\"https:\/\/blogs.thesocialmedia.com\/leblogmoto\/2008\/11\/05\/bmw-lorider-con\/\",\"url\":\"https:\/\/blogs.thesocialmedia.com\/leblogmoto\/2008\/11\/05\/bmw-lorider-con\/\",\"name\":\"BMW LoRider, concept participatif - leblogmoto.com\",\"isPartOf\":{\"@id\":\"https:\/\/blogs.thesocialmedia.com\/leblogmoto\/#website\"},\"primaryImageOfPage\":{\"@id\":\"https:\/\/blogs.thesocialmedia.com\/leblogmoto\/2008\/11\/05\/bmw-lorider-con\/#primaryimage\"},\"image\":{\"@id\":\"https:\/\/blogs.thesocialmedia.com\/leblogmoto\/2008\/11\/05\/bmw-lorider-con\/#primaryimage\"},\"thumbnailUrl\":\"http:\/\/www.leblogmoto.com\/images\/2008\/11\/04\/bm1.jpg\",\"datePublished\":\"2008-11-05T04:18:09+00:00\",\"dateModified\":\"2012-07-11T16:31:29+00:00\",\"author\":{\"@id\":\"https:\/\/blogs.thesocialmedia.com\/leblogmoto\/#\/schema\/person\/e82a0ca8a9a63d031586097a3ed58526\"},\"breadcrumb\":{\"@id\":\"https:\/\/blogs.thesocialmedia.com\/leblogmoto\/2008\/11\/05\/bmw-lorider-con\/#breadcrumb\"},\"inLanguage\":\"fr-FR\",\"potentialAction\":[{\"@type\":\"ReadAction\",\"target\":[\"https:\/\/blogs.thesocialmedia.com\/leblogmoto\/2008\/11\/05\/bmw-lorider-con\/\"]}]},{\"@type\":\"ImageObject\",\"inLanguage\":\"fr-FR\",\"@id\":\"https:\/\/blogs.thesocialmedia.com\/leblogmoto\/2008\/11\/05\/bmw-lorider-con\/#primaryimage\",\"url\":\"http:\/\/www.leblogmoto.com\/images\/2008\/11\/04\/bm1.jpg\",\"contentUrl\":\"http:\/\/www.leblogmoto.com\/images\/2008\/11\/04\/bm1.jpg\"},{\"@type\":\"BreadcrumbList\",\"@id\":\"https:\/\/blogs.thesocialmedia.com\/leblogmoto\/2008\/11\/05\/bmw-lorider-con\/#breadcrumb\",\"itemListElement\":[{\"@type\":\"ListItem\",\"position\":1,\"name\":\"Accueil\",\"item\":\"https:\/\/blogs.thesocialmedia.com\/leblogmoto\/\"},{\"@type\":\"ListItem\",\"position\":2,\"name\":\"BMW LoRider, concept participatif\"}]},{\"@type\":\"WebSite\",\"@id\":\"https:\/\/blogs.thesocialmedia.com\/leblogmoto\/#website\",\"url\":\"https:\/\/blogs.thesocialmedia.com\/leblogmoto\/\",\"name\":\"leblogmoto\",\"description\":\"Toute l&#039;actualit\u00e9 des 2 roues\",\"potentialAction\":[{\"@type\":\"SearchAction\",\"target\":{\"@type\":\"EntryPoint\",\"urlTemplate\":\"https:\/\/blogs.thesocialmedia.com\/leblogmoto\/?s={search_term_string}\"},\"query-input\":{\"@type\":\"PropertyValueSpecification\",\"valueRequired\":true,\"valueName\":\"search_term_string\"}}],\"inLanguage\":\"fr-FR\"},{\"@type\":\"Person\",\"@id\":\"https:\/\/blogs.thesocialmedia.com\/leblogmoto\/#\/schema\/person\/e82a0ca8a9a63d031586097a3ed58526\",\"name\":\"jacques lesage\",\"image\":{\"@type\":\"ImageObject\",\"inLanguage\":\"fr-FR\",\"@id\":\"https:\/\/blogs.thesocialmedia.com\/leblogmoto\/#\/schema\/person\/image\/\",\"url\":\"https:\/\/secure.gravatar.com\/avatar\/?s=96&d=mm&r=g\",\"contentUrl\":\"https:\/\/secure.gravatar.com\/avatar\/?s=96&d=mm&r=g\",\"caption\":\"jacques lesage\"},\"url\":\"https:\/\/blogs.thesocialmedia.com\/leblogmoto\/author\/jacques-lesage\/\"}]}<\/script>\n<!-- \/ Yoast SEO plugin. -->","yoast_head_json":{"title":"BMW LoRider, concept participatif - leblogmoto.com","robots":{"index":"index","follow":"follow","max-snippet":"max-snippet:-1","max-image-preview":"max-image-preview:large","max-video-preview":"max-video-preview:-1"},"canonical":"https:\/\/blogs.thesocialmedia.com\/leblogmoto\/2008\/11\/05\/bmw-lorider-con\/","twitter_card":"summary_large_image","twitter_title":"BMW LoRider, concept participatif - leblogmoto.com","twitter_description":"Permettez-moi ici une petite fr\u00e9n\u00e9sie.Y\u00e9! Voil\u00e0, c&rsquo;est fait. On a tous des faiblesses, et ce Boxer de 1200 cm3 m&rsquo;en est une, et ce nouveau projet de BMW, le LoRider, qui t\u00e2te les eaux de Milan avant un possible big splash est en voie d&rsquo;en devenir une autre. Concept modulable et \u00e0 haute teneur de [&hellip;]","twitter_image":"http:\/\/www.leblogmoto.com\/images\/2008\/11\/04\/bm1.jpg","twitter_misc":{"\u00c9crit par":"jacques lesage","Dur\u00e9e de lecture estim\u00e9e":"1 minute"},"schema":{"@context":"https:\/\/schema.org","@graph":[{"@type":"WebPage","@id":"https:\/\/blogs.thesocialmedia.com\/leblogmoto\/2008\/11\/05\/bmw-lorider-con\/","url":"https:\/\/blogs.thesocialmedia.com\/leblogmoto\/2008\/11\/05\/bmw-lorider-con\/","name":"BMW LoRider, concept participatif - leblogmoto.com","isPartOf":{"@id":"https:\/\/blogs.thesocialmedia.com\/leblogmoto\/#website"},"primaryImageOfPage":{"@id":"https:\/\/blogs.thesocialmedia.com\/leblogmoto\/2008\/11\/05\/bmw-lorider-con\/#primaryimage"},"image":{"@id":"https:\/\/blogs.thesocialmedia.com\/leblogmoto\/2008\/11\/05\/bmw-lorider-con\/#primaryimage"},"thumbnailUrl":"http:\/\/www.leblogmoto.com\/images\/2008\/11\/04\/bm1.jpg","datePublished":"2008-11-05T04:18:09+00:00","dateModified":"2012-07-11T16:31:29+00:00","author":{"@id":"https:\/\/blogs.thesocialmedia.com\/leblogmoto\/#\/schema\/person\/e82a0ca8a9a63d031586097a3ed58526"},"breadcrumb":{"@id":"https:\/\/blogs.thesocialmedia.com\/leblogmoto\/2008\/11\/05\/bmw-lorider-con\/#breadcrumb"},"inLanguage":"fr-FR","potentialAction":[{"@type":"ReadAction","target":["https:\/\/blogs.thesocialmedia.com\/leblogmoto\/2008\/11\/05\/bmw-lorider-con\/"]}]},{"@type":"ImageObject","inLanguage":"fr-FR","@id":"https:\/\/blogs.thesocialmedia.com\/leblogmoto\/2008\/11\/05\/bmw-lorider-con\/#primaryimage","url":"http:\/\/www.leblogmoto.com\/images\/2008\/11\/04\/bm1.jpg","contentUrl":"http:\/\/www.leblogmoto.com\/images\/2008\/11\/04\/bm1.jpg"},{"@type":"BreadcrumbList","@id":"https:\/\/blogs.thesocialmedia.com\/leblogmoto\/2008\/11\/05\/bmw-lorider-con\/#breadcrumb","itemListElement":[{"@type":"ListItem","position":1,"name":"Accueil","item":"https:\/\/blogs.thesocialmedia.com\/leblogmoto\/"},{"@type":"ListItem","position":2,"name":"BMW LoRider, concept participatif"}]},{"@type":"WebSite","@id":"https:\/\/blogs.thesocialmedia.com\/leblogmoto\/#website","url":"https:\/\/blogs.thesocialmedia.com\/leblogmoto\/","name":"leblogmoto","description":"Toute l&#039;actualit\u00e9 des 2 roues","potentialAction":[{"@type":"SearchAction","target":{"@type":"EntryPoint","urlTemplate":"https:\/\/blogs.thesocialmedia.com\/leblogmoto\/?s={search_term_string}"},"query-input":{"@type":"PropertyValueSpecification","valueRequired":true,"valueName":"search_term_string"}}],"inLanguage":"fr-FR"},{"@type":"Person","@id":"https:\/\/blogs.thesocialmedia.com\/leblogmoto\/#\/schema\/person\/e82a0ca8a9a63d031586097a3ed58526","name":"jacques lesage","image":{"@type":"ImageObject","inLanguage":"fr-FR","@id":"https:\/\/blogs.thesocialmedia.com\/leblogmoto\/#\/schema\/person\/image\/","url":"https:\/\/secure.gravatar.com\/avatar\/?s=96&d=mm&r=g","contentUrl":"https:\/\/secure.gravatar.com\/avatar\/?s=96&d=mm&r=g","caption":"jacques lesage"},"url":"https:\/\/blogs.thesocialmedia.com\/leblogmoto\/author\/jacques-lesage\/"}]}},"_links":{"self":[{"href":"https:\/\/blogs.thesocialmedia.com\/leblogmoto\/wp-json\/wp\/v2\/posts\/424","targetHints":{"allow":["GET"]}}],"collection":[{"href":"https:\/\/blogs.thesocialmedia.com\/leblogmoto\/wp-json\/wp\/v2\/posts"}],"about":[{"href":"https:\/\/blogs.thesocialmedia.com\/leblogmoto\/wp-json\/wp\/v2\/types\/post"}],"author":[{"embeddable":true,"href":"https:\/\/blogs.thesocialmedia.com\/leblogmoto\/wp-json\/wp\/v2\/users\/325"}],"replies":[{"embeddable":true,"href":"https:\/\/blogs.thesocialmedia.com\/leblogmoto\/wp-json\/wp\/v2\/comments?post=424"}],"version-history":[{"count":2,"href":"https:\/\/blogs.thesocialmedia.com\/leblogmoto\/wp-json\/wp\/v2\/posts\/424\/revisions"}],"predecessor-version":[{"id":11986,"href":"https:\/\/blogs.thesocialmedia.com\/leblogmoto\/wp-json\/wp\/v2\/posts\/424\/revisions\/11986"}],"wp:attachment":[{"href":"https:\/\/blogs.thesocialmedia.com\/leblogmoto\/wp-json\/wp\/v2\/media?parent=424"}],"wp:term":[{"taxonomy":"category","embeddable":true,"href":"https:\/\/blogs.thesocialmedia.com\/leblogmoto\/wp-json\/wp\/v2\/categories?post=424"},{"taxonomy":"post_tag","embeddable":true,"href":"https:\/\/blogs.thesocialmedia.com\/leblogmoto\/wp-json\/wp\/v2\/tags?post=424"}],"curies":[{"name":"wp","href":"https:\/\/api.w.org\/{rel}","templated":true}]}}