{"id":425,"date":"2008-11-04T19:12:05","date_gmt":"2008-11-04T19:12:05","guid":{"rendered":"http:\/\/blogs.thesocialmedia.com\/leblogmoto\/2008\/11\/04\/baisse-des-comm\/"},"modified":"2012-07-11T16:31:16","modified_gmt":"2012-07-11T16:31:16","slug":"baisse-des-comm","status":"publish","type":"post","link":"https:\/\/blogs.thesocialmedia.com\/leblogmoto\/2008\/11\/04\/baisse-des-comm\/","title":{"rendered":"Baisse des commandes  &#8230; les scooters ne sont pas \u00e9pargn\u00e9s."},"content":{"rendered":"<p><a href=\"http:\/\/blogs.thesocialmedia.com\/leblogmoto\/files\/2012\/07\/logo_peugeot_3.jpg\"><img loading=\"lazy\" decoding=\"async\" height=\"250\"  width=\"250\" alt=\"Logo_peugeot_3\" src=\"http:\/\/www.leblogmoto.com\/images\/2008\/11\/04\/logo_peugeot_3.jpg\" style=\"margin: 0px 5px 5px 0px;float: left\" \/><\/a> En raison d&rsquo;<strong>une baisse de 10% des commandes<\/strong>, le constructeur de scooters Peugeot Motocycles stoppera sa production \u00e0 son si\u00e8ge de Mandeure (Doubs) pendant douze jours jusqu&rsquo;\u00e0 la fin de l&rsquo;ann\u00e9e. Le recul des commandes touche en premier lieu<strong> les gammes \u00e0 partir de 125 cm<\/strong>3, coeur d&rsquo;activit\u00e9 de l&rsquo;usine de Mandeure. Les arr\u00eats \u00e9chelonn\u00e9s du 27 novembre au 23 d\u00e9cembre toucheront 480 salari\u00e9s sur les 800.<\/p>\n<p>Cette annonce tombe alors <strong>que les chiffres de ventes de 2 roues \u00e9taient jusque l\u00e0 rest\u00e9s bons<\/strong>, m\u00eame depuis le d\u00e9but de la crise financi\u00e8re. On esp\u00e8re donc que les chiffres de ventes de 2 roues vont continuer \u00e0 se maintenir malgr\u00e9 le climat de temp\u00eate actuel. Malheureusement rien n&rsquo;est moins sur&#8230;<\/p>\n<p> <\/p>\n","protected":false},"excerpt":{"rendered":"<p>En raison d&rsquo;une baisse de 10% des commandes, le constructeur de scooters Peugeot Motocycles stoppera sa production \u00e0 son si\u00e8ge de Mandeure (Doubs) pendant douze jours jusqu&rsquo;\u00e0 la fin de l&rsquo;ann\u00e9e. Le recul des commandes touche en premier lieu les gammes \u00e0 partir de 125 cm3, coeur d&rsquo;activit\u00e9 de l&rsquo;usine de Mandeure. Les arr\u00eats \u00e9chelonn\u00e9s [&hellip;]<\/p>\n","protected":false},"author":328,"featured_media":0,"comment_status":"open","ping_status":"open","sticky":false,"template":"","format":"standard","meta":{"footnotes":""},"categories":[49],"tags":[],"class_list":["post-425","post","type-post","status-publish","format-standard","hentry","category-actualites-entreprise"],"yoast_head":"<!-- This site is optimized with the Yoast SEO plugin v26.0 - https:\/\/yoast.com\/wordpress\/plugins\/seo\/ -->\n<title>Baisse des commandes ... les scooters ne sont pas \u00e9pargn\u00e9s. - leblogmoto.com<\/title>\n<meta name=\"robots\" content=\"index, follow, max-snippet:-1, max-image-preview:large, max-video-preview:-1\" \/>\n<link rel=\"canonical\" href=\"https:\/\/blogs.thesocialmedia.com\/leblogmoto\/2008\/11\/04\/baisse-des-comm\/\" \/>\n<meta name=\"twitter:card\" content=\"summary_large_image\" \/>\n<meta name=\"twitter:title\" content=\"Baisse des commandes ... les scooters ne sont pas \u00e9pargn\u00e9s. - leblogmoto.com\" \/>\n<meta name=\"twitter:description\" content=\"En raison d&rsquo;une baisse de 10% des commandes, le constructeur de scooters Peugeot Motocycles stoppera sa production \u00e0 son si\u00e8ge de Mandeure (Doubs) pendant douze jours jusqu&rsquo;\u00e0 la fin de l&rsquo;ann\u00e9e. Le recul des commandes touche en premier lieu les gammes \u00e0 partir de 125 cm3, coeur d&rsquo;activit\u00e9 de l&rsquo;usine de Mandeure. Les arr\u00eats \u00e9chelonn\u00e9s [&hellip;]\" \/>\n<meta name=\"twitter:image\" content=\"http:\/\/www.leblogmoto.com\/images\/2008\/11\/04\/logo_peugeot_3.jpg\" \/>\n<meta name=\"twitter:label1\" content=\"\u00c9crit par\" \/>\n\t<meta name=\"twitter:data1\" content=\"thomas ceccaldi\" \/>\n\t<meta name=\"twitter:label2\" content=\"Dur\u00e9e de lecture estim\u00e9e\" \/>\n\t<meta name=\"twitter:data2\" content=\"1 minute\" \/>\n<script type=\"application\/ld+json\" class=\"yoast-schema-graph\">{\"@context\":\"https:\/\/schema.org\",\"@graph\":[{\"@type\":\"WebPage\",\"@id\":\"https:\/\/blogs.thesocialmedia.com\/leblogmoto\/2008\/11\/04\/baisse-des-comm\/\",\"url\":\"https:\/\/blogs.thesocialmedia.com\/leblogmoto\/2008\/11\/04\/baisse-des-comm\/\",\"name\":\"Baisse des commandes ... les scooters ne sont pas \u00e9pargn\u00e9s. - leblogmoto.com\",\"isPartOf\":{\"@id\":\"https:\/\/blogs.thesocialmedia.com\/leblogmoto\/#website\"},\"primaryImageOfPage\":{\"@id\":\"https:\/\/blogs.thesocialmedia.com\/leblogmoto\/2008\/11\/04\/baisse-des-comm\/#primaryimage\"},\"image\":{\"@id\":\"https:\/\/blogs.thesocialmedia.com\/leblogmoto\/2008\/11\/04\/baisse-des-comm\/#primaryimage\"},\"thumbnailUrl\":\"http:\/\/www.leblogmoto.com\/images\/2008\/11\/04\/logo_peugeot_3.jpg\",\"datePublished\":\"2008-11-04T19:12:05+00:00\",\"dateModified\":\"2012-07-11T16:31:16+00:00\",\"author\":{\"@id\":\"https:\/\/blogs.thesocialmedia.com\/leblogmoto\/#\/schema\/person\/55a1b27eb27b853144bd098e110e31f7\"},\"breadcrumb\":{\"@id\":\"https:\/\/blogs.thesocialmedia.com\/leblogmoto\/2008\/11\/04\/baisse-des-comm\/#breadcrumb\"},\"inLanguage\":\"fr-FR\",\"potentialAction\":[{\"@type\":\"ReadAction\",\"target\":[\"https:\/\/blogs.thesocialmedia.com\/leblogmoto\/2008\/11\/04\/baisse-des-comm\/\"]}]},{\"@type\":\"ImageObject\",\"inLanguage\":\"fr-FR\",\"@id\":\"https:\/\/blogs.thesocialmedia.com\/leblogmoto\/2008\/11\/04\/baisse-des-comm\/#primaryimage\",\"url\":\"http:\/\/www.leblogmoto.com\/images\/2008\/11\/04\/logo_peugeot_3.jpg\",\"contentUrl\":\"http:\/\/www.leblogmoto.com\/images\/2008\/11\/04\/logo_peugeot_3.jpg\"},{\"@type\":\"BreadcrumbList\",\"@id\":\"https:\/\/blogs.thesocialmedia.com\/leblogmoto\/2008\/11\/04\/baisse-des-comm\/#breadcrumb\",\"itemListElement\":[{\"@type\":\"ListItem\",\"position\":1,\"name\":\"Accueil\",\"item\":\"https:\/\/blogs.thesocialmedia.com\/leblogmoto\/\"},{\"@type\":\"ListItem\",\"position\":2,\"name\":\"Baisse des commandes &#8230; les scooters ne sont pas \u00e9pargn\u00e9s.\"}]},{\"@type\":\"WebSite\",\"@id\":\"https:\/\/blogs.thesocialmedia.com\/leblogmoto\/#website\",\"url\":\"https:\/\/blogs.thesocialmedia.com\/leblogmoto\/\",\"name\":\"leblogmoto\",\"description\":\"Toute l&#039;actualit\u00e9 des 2 roues\",\"potentialAction\":[{\"@type\":\"SearchAction\",\"target\":{\"@type\":\"EntryPoint\",\"urlTemplate\":\"https:\/\/blogs.thesocialmedia.com\/leblogmoto\/?s={search_term_string}\"},\"query-input\":{\"@type\":\"PropertyValueSpecification\",\"valueRequired\":true,\"valueName\":\"search_term_string\"}}],\"inLanguage\":\"fr-FR\"},{\"@type\":\"Person\",\"@id\":\"https:\/\/blogs.thesocialmedia.com\/leblogmoto\/#\/schema\/person\/55a1b27eb27b853144bd098e110e31f7\",\"name\":\"thomas ceccaldi\",\"image\":{\"@type\":\"ImageObject\",\"inLanguage\":\"fr-FR\",\"@id\":\"https:\/\/blogs.thesocialmedia.com\/leblogmoto\/#\/schema\/person\/image\/\",\"url\":\"https:\/\/secure.gravatar.com\/avatar\/?s=96&d=mm&r=g\",\"contentUrl\":\"https:\/\/secure.gravatar.com\/avatar\/?s=96&d=mm&r=g\",\"caption\":\"thomas ceccaldi\"},\"url\":\"https:\/\/blogs.thesocialmedia.com\/leblogmoto\/author\/thomas-ceccaldi\/\"}]}<\/script>\n<!-- \/ Yoast SEO plugin. -->","yoast_head_json":{"title":"Baisse des commandes ... les scooters ne sont pas \u00e9pargn\u00e9s. - leblogmoto.com","robots":{"index":"index","follow":"follow","max-snippet":"max-snippet:-1","max-image-preview":"max-image-preview:large","max-video-preview":"max-video-preview:-1"},"canonical":"https:\/\/blogs.thesocialmedia.com\/leblogmoto\/2008\/11\/04\/baisse-des-comm\/","twitter_card":"summary_large_image","twitter_title":"Baisse des commandes ... les scooters ne sont pas \u00e9pargn\u00e9s. - leblogmoto.com","twitter_description":"En raison d&rsquo;une baisse de 10% des commandes, le constructeur de scooters Peugeot Motocycles stoppera sa production \u00e0 son si\u00e8ge de Mandeure (Doubs) pendant douze jours jusqu&rsquo;\u00e0 la fin de l&rsquo;ann\u00e9e. Le recul des commandes touche en premier lieu les gammes \u00e0 partir de 125 cm3, coeur d&rsquo;activit\u00e9 de l&rsquo;usine de Mandeure. Les arr\u00eats \u00e9chelonn\u00e9s [&hellip;]","twitter_image":"http:\/\/www.leblogmoto.com\/images\/2008\/11\/04\/logo_peugeot_3.jpg","twitter_misc":{"\u00c9crit par":"thomas ceccaldi","Dur\u00e9e de lecture estim\u00e9e":"1 minute"},"schema":{"@context":"https:\/\/schema.org","@graph":[{"@type":"WebPage","@id":"https:\/\/blogs.thesocialmedia.com\/leblogmoto\/2008\/11\/04\/baisse-des-comm\/","url":"https:\/\/blogs.thesocialmedia.com\/leblogmoto\/2008\/11\/04\/baisse-des-comm\/","name":"Baisse des commandes ... les scooters ne sont pas \u00e9pargn\u00e9s. - leblogmoto.com","isPartOf":{"@id":"https:\/\/blogs.thesocialmedia.com\/leblogmoto\/#website"},"primaryImageOfPage":{"@id":"https:\/\/blogs.thesocialmedia.com\/leblogmoto\/2008\/11\/04\/baisse-des-comm\/#primaryimage"},"image":{"@id":"https:\/\/blogs.thesocialmedia.com\/leblogmoto\/2008\/11\/04\/baisse-des-comm\/#primaryimage"},"thumbnailUrl":"http:\/\/www.leblogmoto.com\/images\/2008\/11\/04\/logo_peugeot_3.jpg","datePublished":"2008-11-04T19:12:05+00:00","dateModified":"2012-07-11T16:31:16+00:00","author":{"@id":"https:\/\/blogs.thesocialmedia.com\/leblogmoto\/#\/schema\/person\/55a1b27eb27b853144bd098e110e31f7"},"breadcrumb":{"@id":"https:\/\/blogs.thesocialmedia.com\/leblogmoto\/2008\/11\/04\/baisse-des-comm\/#breadcrumb"},"inLanguage":"fr-FR","potentialAction":[{"@type":"ReadAction","target":["https:\/\/blogs.thesocialmedia.com\/leblogmoto\/2008\/11\/04\/baisse-des-comm\/"]}]},{"@type":"ImageObject","inLanguage":"fr-FR","@id":"https:\/\/blogs.thesocialmedia.com\/leblogmoto\/2008\/11\/04\/baisse-des-comm\/#primaryimage","url":"http:\/\/www.leblogmoto.com\/images\/2008\/11\/04\/logo_peugeot_3.jpg","contentUrl":"http:\/\/www.leblogmoto.com\/images\/2008\/11\/04\/logo_peugeot_3.jpg"},{"@type":"BreadcrumbList","@id":"https:\/\/blogs.thesocialmedia.com\/leblogmoto\/2008\/11\/04\/baisse-des-comm\/#breadcrumb","itemListElement":[{"@type":"ListItem","position":1,"name":"Accueil","item":"https:\/\/blogs.thesocialmedia.com\/leblogmoto\/"},{"@type":"ListItem","position":2,"name":"Baisse des commandes &#8230; les scooters ne sont pas \u00e9pargn\u00e9s."}]},{"@type":"WebSite","@id":"https:\/\/blogs.thesocialmedia.com\/leblogmoto\/#website","url":"https:\/\/blogs.thesocialmedia.com\/leblogmoto\/","name":"leblogmoto","description":"Toute l&#039;actualit\u00e9 des 2 roues","potentialAction":[{"@type":"SearchAction","target":{"@type":"EntryPoint","urlTemplate":"https:\/\/blogs.thesocialmedia.com\/leblogmoto\/?s={search_term_string}"},"query-input":{"@type":"PropertyValueSpecification","valueRequired":true,"valueName":"search_term_string"}}],"inLanguage":"fr-FR"},{"@type":"Person","@id":"https:\/\/blogs.thesocialmedia.com\/leblogmoto\/#\/schema\/person\/55a1b27eb27b853144bd098e110e31f7","name":"thomas ceccaldi","image":{"@type":"ImageObject","inLanguage":"fr-FR","@id":"https:\/\/blogs.thesocialmedia.com\/leblogmoto\/#\/schema\/person\/image\/","url":"https:\/\/secure.gravatar.com\/avatar\/?s=96&d=mm&r=g","contentUrl":"https:\/\/secure.gravatar.com\/avatar\/?s=96&d=mm&r=g","caption":"thomas ceccaldi"},"url":"https:\/\/blogs.thesocialmedia.com\/leblogmoto\/author\/thomas-ceccaldi\/"}]}},"_links":{"self":[{"href":"https:\/\/blogs.thesocialmedia.com\/leblogmoto\/wp-json\/wp\/v2\/posts\/425","targetHints":{"allow":["GET"]}}],"collection":[{"href":"https:\/\/blogs.thesocialmedia.com\/leblogmoto\/wp-json\/wp\/v2\/posts"}],"about":[{"href":"https:\/\/blogs.thesocialmedia.com\/leblogmoto\/wp-json\/wp\/v2\/types\/post"}],"author":[{"embeddable":true,"href":"https:\/\/blogs.thesocialmedia.com\/leblogmoto\/wp-json\/wp\/v2\/users\/328"}],"replies":[{"embeddable":true,"href":"https:\/\/blogs.thesocialmedia.com\/leblogmoto\/wp-json\/wp\/v2\/comments?post=425"}],"version-history":[{"count":2,"href":"https:\/\/blogs.thesocialmedia.com\/leblogmoto\/wp-json\/wp\/v2\/posts\/425\/revisions"}],"predecessor-version":[{"id":11978,"href":"https:\/\/blogs.thesocialmedia.com\/leblogmoto\/wp-json\/wp\/v2\/posts\/425\/revisions\/11978"}],"wp:attachment":[{"href":"https:\/\/blogs.thesocialmedia.com\/leblogmoto\/wp-json\/wp\/v2\/media?parent=425"}],"wp:term":[{"taxonomy":"category","embeddable":true,"href":"https:\/\/blogs.thesocialmedia.com\/leblogmoto\/wp-json\/wp\/v2\/categories?post=425"},{"taxonomy":"post_tag","embeddable":true,"href":"https:\/\/blogs.thesocialmedia.com\/leblogmoto\/wp-json\/wp\/v2\/tags?post=425"}],"curies":[{"name":"wp","href":"https:\/\/api.w.org\/{rel}","templated":true}]}}