{"id":426,"date":"2008-11-04T04:59:35","date_gmt":"2008-11-04T04:59:35","guid":{"rendered":"http:\/\/blogs.thesocialmedia.com\/leblogmoto\/2008\/11\/04\/ducati-streetfi\/"},"modified":"2012-07-11T16:31:14","modified_gmt":"2012-07-11T16:31:14","slug":"ducati-streetfi","status":"publish","type":"post","link":"https:\/\/blogs.thesocialmedia.com\/leblogmoto\/2008\/11\/04\/ducati-streetfi\/","title":{"rendered":"Ducati StreetFighter, la 1098 nue"},"content":{"rendered":"<p><a href=\"http:\/\/blogs.thesocialmedia.com\/leblogmoto\/files\/2012\/07\/duc.jpg\"><img loading=\"lazy\" decoding=\"async\" width=\"470\" height=\"264\"  src=\"http:\/\/www.leblogmoto.com\/images\/2008\/11\/03\/duc.jpg\" alt=\"Duc\" \/><\/a> <\/p>\n<p>Ce 1098 nu compl\u00e8te en quelque sorte, m\u00eame s&rsquo;il n&rsquo;en a pas le nom, la famille des Monsters. Ne manque plus qu&rsquo;un 125 ou 250 cm3, un Monster Bambini, et la famille Jolie\/Pitt pourrait faire des sorties de groupe. Comme si on risque de voir \u00e7a de notre vivant!<\/p>\n<p>Mais revenons \u00e0 ce <a href=\"http:\/\/www.streetfighter.ducati.it\/main_en.html\">Streetfighter<\/a> qui, sous la ceinture, est indubitablement Ducati, c&rsquo;est au dessus que \u00e7a se corse. Comme si un sculpteur s\u2019\u00e9tait oubli\u00e9 dans sa jouissance de la glaise, un petit coup par ici, un petit coup par l\u00e0, au point que le r\u00e9servoir semble harnach\u00e9 comme une dominatrix.<\/p>\n<p>Et puis, il y a le phare avec sa houppette a\u00e9rodynamique, parce que les constructeurs maintenant et leurs bureaux de design travaillent avec acharnements pour trouver ce que sera cette nouvelle g\u00e9n\u00e9ration de phares. D&rsquo;accord, le phare rond, c&rsquo;\u00e9tait hier, avant-hier m\u00eame, mais \u00e7a, ce n&rsquo;est pas demain, surtout que ce qu&rsquo;on aimerait, c&rsquo;est quelque chose d&rsquo;aujourd&rsquo;hui.<br \/>Arr\u00eatez d&rsquo;essayer de prendre de l&rsquo;avance, \u00eatre de son temps, souvent m\u00eame, est parfois juste, ce qu&rsquo;il faut.<\/p>\n<p><a href=\"http:\/\/clabedan.typepad.com\/.shared\/image.html?\/photos\/uncategorized\/2008\/11\/03\/duc4.jpg\"><img loading=\"lazy\" decoding=\"async\" width=\"470\" height=\"324\"  src=\"http:\/\/www.leblogmoto.com\/images\/2008\/11\/03\/duc4.jpg\" alt=\"Duc4\" \/><\/a> <\/p>\n<p>Parlant de prendre de l&rsquo;avance, les rumeurs allaient bon train, allant du simple 1098 sans car\u00e9nage et sans imagination, \u00e0 <a href=\"http:\/\/blogs.thesocialmedia.com\/leblogmoto\/files\/2012\/07\/une-nouvelle-mo.html_.png\">cette proposition<\/a> d&rsquo;Oberdan Bezzi, dont Beno\u00eet vous parlait d\u00e9j\u00e0 un ao\u00fbt dernier, mais uniquement pour ce que c&rsquo;\u00e9tait, une interpr\u00e9tation d&rsquo;artiste, pas le prochain <a href=\"http:\/\/fr.wikipedia.org\/wiki\/Graal\">St-Graal<\/a>.<br \/>Mais o\u00f9 serait le plaisir sans cet espoir vain d&rsquo;un bonheur de fantaisie? C&rsquo;est pas Kawasaki a qui cela arriverait!<\/p>\n<p><a href=\"http:\/\/clabedan.typepad.com\/.shared\/image.html?\/photos\/uncategorized\/2008\/11\/03\/duc1.jpg\"><img loading=\"lazy\" decoding=\"async\" width=\"470\" height=\"293\"  src=\"http:\/\/www.leblogmoto.com\/images\/2008\/11\/03\/duc1.jpg\" alt=\"Duc1\" \/><\/a> <\/p>\n<p><a href=\"http:\/\/blogs.thesocialmedia.com\/leblogmoto\/files\/2012\/07\/duc2.jpe\"><img loading=\"lazy\" decoding=\"async\" width=\"470\" height=\"301\"  src=\"http:\/\/www.leblogmoto.com\/images\/2008\/11\/03\/duc2.jpeg\" alt=\"Duc2\" \/><\/a> <\/p>\n<p><a href=\"http:\/\/blogs.thesocialmedia.com\/leblogmoto\/files\/2012\/07\/duc3.jpg\"><img loading=\"lazy\" decoding=\"async\" width=\"470\" height=\"327\"  src=\"http:\/\/www.leblogmoto.com\/images\/2008\/11\/03\/duc3.jpg\" alt=\"Duc3\" \/><\/a> <\/p>\n<p><a href=\"http:\/\/blogs.thesocialmedia.com\/leblogmoto\/files\/2012\/07\/duc5.jpg\"><img loading=\"lazy\" decoding=\"async\" width=\"470\" height=\"333\"  src=\"http:\/\/www.leblogmoto.com\/images\/2008\/11\/03\/duc5.jpg\" alt=\"Duc5\" \/><\/a> <\/p>\n","protected":false},"excerpt":{"rendered":"<p>Ce 1098 nu compl\u00e8te en quelque sorte, m\u00eame s&rsquo;il n&rsquo;en a pas le nom, la famille des Monsters. Ne manque plus qu&rsquo;un 125 ou 250 cm3, un Monster Bambini, et la famille Jolie\/Pitt pourrait faire des sorties de groupe. Comme si on risque de voir \u00e7a de notre vivant! Mais revenons \u00e0 ce Streetfighter qui, [&hellip;]<\/p>\n","protected":false},"author":325,"featured_media":0,"comment_status":"open","ping_status":"open","sticky":false,"template":"","format":"standard","meta":{"footnotes":""},"categories":[3,41],"tags":[],"class_list":["post-426","post","type-post","status-publish","format-standard","hentry","category-actualite","category-ducati"],"yoast_head":"<!-- This site is optimized with the Yoast SEO plugin v26.0 - https:\/\/yoast.com\/wordpress\/plugins\/seo\/ -->\n<title>Ducati StreetFighter, la 1098 nue - leblogmoto.com<\/title>\n<meta name=\"robots\" content=\"index, follow, max-snippet:-1, max-image-preview:large, max-video-preview:-1\" \/>\n<link rel=\"canonical\" href=\"https:\/\/blogs.thesocialmedia.com\/leblogmoto\/2008\/11\/04\/ducati-streetfi\/\" \/>\n<meta name=\"twitter:card\" content=\"summary_large_image\" \/>\n<meta name=\"twitter:title\" content=\"Ducati StreetFighter, la 1098 nue - leblogmoto.com\" \/>\n<meta name=\"twitter:description\" content=\"Ce 1098 nu compl\u00e8te en quelque sorte, m\u00eame s&rsquo;il n&rsquo;en a pas le nom, la famille des Monsters. Ne manque plus qu&rsquo;un 125 ou 250 cm3, un Monster Bambini, et la famille Jolie\/Pitt pourrait faire des sorties de groupe. Comme si on risque de voir \u00e7a de notre vivant! Mais revenons \u00e0 ce Streetfighter qui, [&hellip;]\" \/>\n<meta name=\"twitter:image\" content=\"http:\/\/www.leblogmoto.com\/images\/2008\/11\/03\/duc.jpg\" \/>\n<meta name=\"twitter:label1\" content=\"\u00c9crit par\" \/>\n\t<meta name=\"twitter:data1\" content=\"jacques lesage\" \/>\n\t<meta name=\"twitter:label2\" content=\"Dur\u00e9e de lecture estim\u00e9e\" \/>\n\t<meta name=\"twitter:data2\" content=\"1 minute\" \/>\n<script type=\"application\/ld+json\" class=\"yoast-schema-graph\">{\"@context\":\"https:\/\/schema.org\",\"@graph\":[{\"@type\":\"WebPage\",\"@id\":\"https:\/\/blogs.thesocialmedia.com\/leblogmoto\/2008\/11\/04\/ducati-streetfi\/\",\"url\":\"https:\/\/blogs.thesocialmedia.com\/leblogmoto\/2008\/11\/04\/ducati-streetfi\/\",\"name\":\"Ducati StreetFighter, la 1098 nue - leblogmoto.com\",\"isPartOf\":{\"@id\":\"https:\/\/blogs.thesocialmedia.com\/leblogmoto\/#website\"},\"primaryImageOfPage\":{\"@id\":\"https:\/\/blogs.thesocialmedia.com\/leblogmoto\/2008\/11\/04\/ducati-streetfi\/#primaryimage\"},\"image\":{\"@id\":\"https:\/\/blogs.thesocialmedia.com\/leblogmoto\/2008\/11\/04\/ducati-streetfi\/#primaryimage\"},\"thumbnailUrl\":\"http:\/\/www.leblogmoto.com\/images\/2008\/11\/03\/duc.jpg\",\"datePublished\":\"2008-11-04T04:59:35+00:00\",\"dateModified\":\"2012-07-11T16:31:14+00:00\",\"author\":{\"@id\":\"https:\/\/blogs.thesocialmedia.com\/leblogmoto\/#\/schema\/person\/e82a0ca8a9a63d031586097a3ed58526\"},\"breadcrumb\":{\"@id\":\"https:\/\/blogs.thesocialmedia.com\/leblogmoto\/2008\/11\/04\/ducati-streetfi\/#breadcrumb\"},\"inLanguage\":\"fr-FR\",\"potentialAction\":[{\"@type\":\"ReadAction\",\"target\":[\"https:\/\/blogs.thesocialmedia.com\/leblogmoto\/2008\/11\/04\/ducati-streetfi\/\"]}]},{\"@type\":\"ImageObject\",\"inLanguage\":\"fr-FR\",\"@id\":\"https:\/\/blogs.thesocialmedia.com\/leblogmoto\/2008\/11\/04\/ducati-streetfi\/#primaryimage\",\"url\":\"http:\/\/www.leblogmoto.com\/images\/2008\/11\/03\/duc.jpg\",\"contentUrl\":\"http:\/\/www.leblogmoto.com\/images\/2008\/11\/03\/duc.jpg\"},{\"@type\":\"BreadcrumbList\",\"@id\":\"https:\/\/blogs.thesocialmedia.com\/leblogmoto\/2008\/11\/04\/ducati-streetfi\/#breadcrumb\",\"itemListElement\":[{\"@type\":\"ListItem\",\"position\":1,\"name\":\"Accueil\",\"item\":\"https:\/\/blogs.thesocialmedia.com\/leblogmoto\/\"},{\"@type\":\"ListItem\",\"position\":2,\"name\":\"Ducati StreetFighter, la 1098 nue\"}]},{\"@type\":\"WebSite\",\"@id\":\"https:\/\/blogs.thesocialmedia.com\/leblogmoto\/#website\",\"url\":\"https:\/\/blogs.thesocialmedia.com\/leblogmoto\/\",\"name\":\"leblogmoto\",\"description\":\"Toute l&#039;actualit\u00e9 des 2 roues\",\"potentialAction\":[{\"@type\":\"SearchAction\",\"target\":{\"@type\":\"EntryPoint\",\"urlTemplate\":\"https:\/\/blogs.thesocialmedia.com\/leblogmoto\/?s={search_term_string}\"},\"query-input\":{\"@type\":\"PropertyValueSpecification\",\"valueRequired\":true,\"valueName\":\"search_term_string\"}}],\"inLanguage\":\"fr-FR\"},{\"@type\":\"Person\",\"@id\":\"https:\/\/blogs.thesocialmedia.com\/leblogmoto\/#\/schema\/person\/e82a0ca8a9a63d031586097a3ed58526\",\"name\":\"jacques lesage\",\"image\":{\"@type\":\"ImageObject\",\"inLanguage\":\"fr-FR\",\"@id\":\"https:\/\/blogs.thesocialmedia.com\/leblogmoto\/#\/schema\/person\/image\/\",\"url\":\"https:\/\/secure.gravatar.com\/avatar\/?s=96&d=mm&r=g\",\"contentUrl\":\"https:\/\/secure.gravatar.com\/avatar\/?s=96&d=mm&r=g\",\"caption\":\"jacques lesage\"},\"url\":\"https:\/\/blogs.thesocialmedia.com\/leblogmoto\/author\/jacques-lesage\/\"}]}<\/script>\n<!-- \/ Yoast SEO plugin. -->","yoast_head_json":{"title":"Ducati StreetFighter, la 1098 nue - leblogmoto.com","robots":{"index":"index","follow":"follow","max-snippet":"max-snippet:-1","max-image-preview":"max-image-preview:large","max-video-preview":"max-video-preview:-1"},"canonical":"https:\/\/blogs.thesocialmedia.com\/leblogmoto\/2008\/11\/04\/ducati-streetfi\/","twitter_card":"summary_large_image","twitter_title":"Ducati StreetFighter, la 1098 nue - leblogmoto.com","twitter_description":"Ce 1098 nu compl\u00e8te en quelque sorte, m\u00eame s&rsquo;il n&rsquo;en a pas le nom, la famille des Monsters. Ne manque plus qu&rsquo;un 125 ou 250 cm3, un Monster Bambini, et la famille Jolie\/Pitt pourrait faire des sorties de groupe. Comme si on risque de voir \u00e7a de notre vivant! Mais revenons \u00e0 ce Streetfighter qui, [&hellip;]","twitter_image":"http:\/\/www.leblogmoto.com\/images\/2008\/11\/03\/duc.jpg","twitter_misc":{"\u00c9crit par":"jacques lesage","Dur\u00e9e de lecture estim\u00e9e":"1 minute"},"schema":{"@context":"https:\/\/schema.org","@graph":[{"@type":"WebPage","@id":"https:\/\/blogs.thesocialmedia.com\/leblogmoto\/2008\/11\/04\/ducati-streetfi\/","url":"https:\/\/blogs.thesocialmedia.com\/leblogmoto\/2008\/11\/04\/ducati-streetfi\/","name":"Ducati StreetFighter, la 1098 nue - leblogmoto.com","isPartOf":{"@id":"https:\/\/blogs.thesocialmedia.com\/leblogmoto\/#website"},"primaryImageOfPage":{"@id":"https:\/\/blogs.thesocialmedia.com\/leblogmoto\/2008\/11\/04\/ducati-streetfi\/#primaryimage"},"image":{"@id":"https:\/\/blogs.thesocialmedia.com\/leblogmoto\/2008\/11\/04\/ducati-streetfi\/#primaryimage"},"thumbnailUrl":"http:\/\/www.leblogmoto.com\/images\/2008\/11\/03\/duc.jpg","datePublished":"2008-11-04T04:59:35+00:00","dateModified":"2012-07-11T16:31:14+00:00","author":{"@id":"https:\/\/blogs.thesocialmedia.com\/leblogmoto\/#\/schema\/person\/e82a0ca8a9a63d031586097a3ed58526"},"breadcrumb":{"@id":"https:\/\/blogs.thesocialmedia.com\/leblogmoto\/2008\/11\/04\/ducati-streetfi\/#breadcrumb"},"inLanguage":"fr-FR","potentialAction":[{"@type":"ReadAction","target":["https:\/\/blogs.thesocialmedia.com\/leblogmoto\/2008\/11\/04\/ducati-streetfi\/"]}]},{"@type":"ImageObject","inLanguage":"fr-FR","@id":"https:\/\/blogs.thesocialmedia.com\/leblogmoto\/2008\/11\/04\/ducati-streetfi\/#primaryimage","url":"http:\/\/www.leblogmoto.com\/images\/2008\/11\/03\/duc.jpg","contentUrl":"http:\/\/www.leblogmoto.com\/images\/2008\/11\/03\/duc.jpg"},{"@type":"BreadcrumbList","@id":"https:\/\/blogs.thesocialmedia.com\/leblogmoto\/2008\/11\/04\/ducati-streetfi\/#breadcrumb","itemListElement":[{"@type":"ListItem","position":1,"name":"Accueil","item":"https:\/\/blogs.thesocialmedia.com\/leblogmoto\/"},{"@type":"ListItem","position":2,"name":"Ducati StreetFighter, la 1098 nue"}]},{"@type":"WebSite","@id":"https:\/\/blogs.thesocialmedia.com\/leblogmoto\/#website","url":"https:\/\/blogs.thesocialmedia.com\/leblogmoto\/","name":"leblogmoto","description":"Toute l&#039;actualit\u00e9 des 2 roues","potentialAction":[{"@type":"SearchAction","target":{"@type":"EntryPoint","urlTemplate":"https:\/\/blogs.thesocialmedia.com\/leblogmoto\/?s={search_term_string}"},"query-input":{"@type":"PropertyValueSpecification","valueRequired":true,"valueName":"search_term_string"}}],"inLanguage":"fr-FR"},{"@type":"Person","@id":"https:\/\/blogs.thesocialmedia.com\/leblogmoto\/#\/schema\/person\/e82a0ca8a9a63d031586097a3ed58526","name":"jacques lesage","image":{"@type":"ImageObject","inLanguage":"fr-FR","@id":"https:\/\/blogs.thesocialmedia.com\/leblogmoto\/#\/schema\/person\/image\/","url":"https:\/\/secure.gravatar.com\/avatar\/?s=96&d=mm&r=g","contentUrl":"https:\/\/secure.gravatar.com\/avatar\/?s=96&d=mm&r=g","caption":"jacques lesage"},"url":"https:\/\/blogs.thesocialmedia.com\/leblogmoto\/author\/jacques-lesage\/"}]}},"_links":{"self":[{"href":"https:\/\/blogs.thesocialmedia.com\/leblogmoto\/wp-json\/wp\/v2\/posts\/426","targetHints":{"allow":["GET"]}}],"collection":[{"href":"https:\/\/blogs.thesocialmedia.com\/leblogmoto\/wp-json\/wp\/v2\/posts"}],"about":[{"href":"https:\/\/blogs.thesocialmedia.com\/leblogmoto\/wp-json\/wp\/v2\/types\/post"}],"author":[{"embeddable":true,"href":"https:\/\/blogs.thesocialmedia.com\/leblogmoto\/wp-json\/wp\/v2\/users\/325"}],"replies":[{"embeddable":true,"href":"https:\/\/blogs.thesocialmedia.com\/leblogmoto\/wp-json\/wp\/v2\/comments?post=426"}],"version-history":[{"count":2,"href":"https:\/\/blogs.thesocialmedia.com\/leblogmoto\/wp-json\/wp\/v2\/posts\/426\/revisions"}],"predecessor-version":[{"id":11976,"href":"https:\/\/blogs.thesocialmedia.com\/leblogmoto\/wp-json\/wp\/v2\/posts\/426\/revisions\/11976"}],"wp:attachment":[{"href":"https:\/\/blogs.thesocialmedia.com\/leblogmoto\/wp-json\/wp\/v2\/media?parent=426"}],"wp:term":[{"taxonomy":"category","embeddable":true,"href":"https:\/\/blogs.thesocialmedia.com\/leblogmoto\/wp-json\/wp\/v2\/categories?post=426"},{"taxonomy":"post_tag","embeddable":true,"href":"https:\/\/blogs.thesocialmedia.com\/leblogmoto\/wp-json\/wp\/v2\/tags?post=426"}],"curies":[{"name":"wp","href":"https:\/\/api.w.org\/{rel}","templated":true}]}}