{"id":429,"date":"2008-11-01T13:57:16","date_gmt":"2008-11-01T13:57:16","guid":{"rendered":"http:\/\/blogs.thesocialmedia.com\/leblogmoto\/2008\/11\/01\/il-y-a-cinq-ans\/"},"modified":"2012-07-11T16:30:42","modified_gmt":"2012-07-11T16:30:42","slug":"il-y-a-cinq-ans","status":"publish","type":"post","link":"https:\/\/blogs.thesocialmedia.com\/leblogmoto\/2008\/11\/01\/il-y-a-cinq-ans\/","title":{"rendered":"Sur les radars automatiques"},"content":{"rendered":"<p><a href=\"http:\/\/blogs.thesocialmedia.com\/leblogmoto\/files\/2012\/07\/radar_auto.jpg\"><img loading=\"lazy\" decoding=\"async\" height=\"168\"  width=\"300\" alt=\"Radar_auto\" src=\"http:\/\/www.leblogmoto.com\/images\/2008\/11\/01\/radar_auto.jpg\" \/><\/a> <\/p>\n<p>En 2003 les premiers radars fixes \u00e9taient install\u00e9s dans une certaine incr\u00e9dulit\u00e9 quant \u00e0 leur r\u00e9sultat. Ils sont aujourd&rsquo;hui plus de 2.000, fixes et mobiles et depuis 5 ans 25.604.234 PV ont \u00e9t\u00e9 envoy\u00e9s&#8230; Toutes ces contraventions ont certainement particip\u00e9 \u00e0 r\u00e9duire le nombre d&rsquo;accident sur les routes mais elles ont aussi cout\u00e9 tr\u00e8s cher aux fran\u00e7ais. <\/p>\n<p>Les danois, souvent tr\u00e8s cr\u00e9atifs, avaient exp\u00e9riment\u00e9 il y a quelque mois une solution alternative pour faire baisser la vitesse sur les routes. Comme en atteste la vid\u00e9o dans la suite de cette note, leur m\u00e9thode conjugait efficacit\u00e9 et &#8230;.. convivialit\u00e9.<\/p>\n<div><object height=\"336\" width=\"420\"><param value=\"http:\/\/www.dailymotion.com\/swf\/k7wSaF4bm5KPZ54BGL&amp;related=1\" name=\"movie\" \/><param value=\"true\" name=\"allowFullScreen\" \/><param value=\"always\" name=\"allowScriptAccess\" \/><embed height=\"336\" width=\"420\" type=\"application\/x-shockwave-flash\" src=\"http:\/\/www.dailymotion.com\/swf\/k7wSaF4bm5KPZ54BGL&amp;related=1\"><\/embed><\/object><br \/><strong><a href=\"http:\/\/www.dailymotion.com\/video\/xnjdb_speedbandits_auto\"><\/a><\/strong><br \/><em><\/em><\/div>\n<p>Du cot\u00e9 fran\u00e7ais cette solution n&rsquo;est pas envisag\u00e9e et nous aurons droit l&rsquo;ann\u00e9e prochaine \u00e0 de nouvelles machines automatiques enregistrant le non respect des feux rouges et des interdistances de s\u00e9curit\u00e9&#8230;<\/p>\n<p>Source <a href=\"http:\/\/afp.google.com\/article\/ALeqM5gl5EtnmzoPJmUfIag8v4_QN2VyyA\">AFP<\/a> et vid\u00e9o vue chez <a href=\"http:\/\/www.bloguidon.com\/2008\/10\/27\/vitesse-sur-la-route-les-danois-ont-peut-etre-la-solution\/\">lebloguidon<\/a><\/p>\n","protected":false},"excerpt":{"rendered":"<p>En 2003 les premiers radars fixes \u00e9taient install\u00e9s dans une certaine incr\u00e9dulit\u00e9 quant \u00e0 leur r\u00e9sultat. Ils sont aujourd&rsquo;hui plus de 2.000, fixes et mobiles et depuis 5 ans 25.604.234 PV ont \u00e9t\u00e9 envoy\u00e9s&#8230; Toutes ces contraventions ont certainement particip\u00e9 \u00e0 r\u00e9duire le nombre d&rsquo;accident sur les routes mais elles ont aussi cout\u00e9 tr\u00e8s cher [&hellip;]<\/p>\n","protected":false},"author":328,"featured_media":0,"comment_status":"open","ping_status":"open","sticky":false,"template":"","format":"standard","meta":{"footnotes":""},"categories":[12],"tags":[],"class_list":["post-429","post","type-post","status-publish","format-standard","hentry","category-videos"],"yoast_head":"<!-- This site is optimized with the Yoast SEO plugin v26.0 - https:\/\/yoast.com\/wordpress\/plugins\/seo\/ -->\n<title>Sur les radars automatiques - leblogmoto.com<\/title>\n<meta name=\"robots\" content=\"index, follow, max-snippet:-1, max-image-preview:large, max-video-preview:-1\" \/>\n<link rel=\"canonical\" href=\"https:\/\/blogs.thesocialmedia.com\/leblogmoto\/2008\/11\/01\/il-y-a-cinq-ans\/\" \/>\n<meta name=\"twitter:card\" content=\"summary_large_image\" \/>\n<meta name=\"twitter:title\" content=\"Sur les radars automatiques - leblogmoto.com\" \/>\n<meta name=\"twitter:description\" content=\"En 2003 les premiers radars fixes \u00e9taient install\u00e9s dans une certaine incr\u00e9dulit\u00e9 quant \u00e0 leur r\u00e9sultat. Ils sont aujourd&rsquo;hui plus de 2.000, fixes et mobiles et depuis 5 ans 25.604.234 PV ont \u00e9t\u00e9 envoy\u00e9s&#8230; Toutes ces contraventions ont certainement particip\u00e9 \u00e0 r\u00e9duire le nombre d&rsquo;accident sur les routes mais elles ont aussi cout\u00e9 tr\u00e8s cher [&hellip;]\" \/>\n<meta name=\"twitter:image\" content=\"http:\/\/www.leblogmoto.com\/images\/2008\/11\/01\/radar_auto.jpg\" \/>\n<meta name=\"twitter:label1\" content=\"\u00c9crit par\" \/>\n\t<meta name=\"twitter:data1\" content=\"thomas ceccaldi\" \/>\n\t<meta name=\"twitter:label2\" content=\"Dur\u00e9e de lecture estim\u00e9e\" \/>\n\t<meta name=\"twitter:data2\" content=\"1 minute\" \/>\n<script type=\"application\/ld+json\" class=\"yoast-schema-graph\">{\"@context\":\"https:\/\/schema.org\",\"@graph\":[{\"@type\":\"WebPage\",\"@id\":\"https:\/\/blogs.thesocialmedia.com\/leblogmoto\/2008\/11\/01\/il-y-a-cinq-ans\/\",\"url\":\"https:\/\/blogs.thesocialmedia.com\/leblogmoto\/2008\/11\/01\/il-y-a-cinq-ans\/\",\"name\":\"Sur les radars automatiques - leblogmoto.com\",\"isPartOf\":{\"@id\":\"https:\/\/blogs.thesocialmedia.com\/leblogmoto\/#website\"},\"primaryImageOfPage\":{\"@id\":\"https:\/\/blogs.thesocialmedia.com\/leblogmoto\/2008\/11\/01\/il-y-a-cinq-ans\/#primaryimage\"},\"image\":{\"@id\":\"https:\/\/blogs.thesocialmedia.com\/leblogmoto\/2008\/11\/01\/il-y-a-cinq-ans\/#primaryimage\"},\"thumbnailUrl\":\"http:\/\/www.leblogmoto.com\/images\/2008\/11\/01\/radar_auto.jpg\",\"datePublished\":\"2008-11-01T13:57:16+00:00\",\"dateModified\":\"2012-07-11T16:30:42+00:00\",\"author\":{\"@id\":\"https:\/\/blogs.thesocialmedia.com\/leblogmoto\/#\/schema\/person\/55a1b27eb27b853144bd098e110e31f7\"},\"breadcrumb\":{\"@id\":\"https:\/\/blogs.thesocialmedia.com\/leblogmoto\/2008\/11\/01\/il-y-a-cinq-ans\/#breadcrumb\"},\"inLanguage\":\"fr-FR\",\"potentialAction\":[{\"@type\":\"ReadAction\",\"target\":[\"https:\/\/blogs.thesocialmedia.com\/leblogmoto\/2008\/11\/01\/il-y-a-cinq-ans\/\"]}]},{\"@type\":\"ImageObject\",\"inLanguage\":\"fr-FR\",\"@id\":\"https:\/\/blogs.thesocialmedia.com\/leblogmoto\/2008\/11\/01\/il-y-a-cinq-ans\/#primaryimage\",\"url\":\"http:\/\/www.leblogmoto.com\/images\/2008\/11\/01\/radar_auto.jpg\",\"contentUrl\":\"http:\/\/www.leblogmoto.com\/images\/2008\/11\/01\/radar_auto.jpg\"},{\"@type\":\"BreadcrumbList\",\"@id\":\"https:\/\/blogs.thesocialmedia.com\/leblogmoto\/2008\/11\/01\/il-y-a-cinq-ans\/#breadcrumb\",\"itemListElement\":[{\"@type\":\"ListItem\",\"position\":1,\"name\":\"Accueil\",\"item\":\"https:\/\/blogs.thesocialmedia.com\/leblogmoto\/\"},{\"@type\":\"ListItem\",\"position\":2,\"name\":\"Sur les radars automatiques\"}]},{\"@type\":\"WebSite\",\"@id\":\"https:\/\/blogs.thesocialmedia.com\/leblogmoto\/#website\",\"url\":\"https:\/\/blogs.thesocialmedia.com\/leblogmoto\/\",\"name\":\"leblogmoto\",\"description\":\"Toute l&#039;actualit\u00e9 des 2 roues\",\"potentialAction\":[{\"@type\":\"SearchAction\",\"target\":{\"@type\":\"EntryPoint\",\"urlTemplate\":\"https:\/\/blogs.thesocialmedia.com\/leblogmoto\/?s={search_term_string}\"},\"query-input\":{\"@type\":\"PropertyValueSpecification\",\"valueRequired\":true,\"valueName\":\"search_term_string\"}}],\"inLanguage\":\"fr-FR\"},{\"@type\":\"Person\",\"@id\":\"https:\/\/blogs.thesocialmedia.com\/leblogmoto\/#\/schema\/person\/55a1b27eb27b853144bd098e110e31f7\",\"name\":\"thomas ceccaldi\",\"image\":{\"@type\":\"ImageObject\",\"inLanguage\":\"fr-FR\",\"@id\":\"https:\/\/blogs.thesocialmedia.com\/leblogmoto\/#\/schema\/person\/image\/\",\"url\":\"https:\/\/secure.gravatar.com\/avatar\/?s=96&d=mm&r=g\",\"contentUrl\":\"https:\/\/secure.gravatar.com\/avatar\/?s=96&d=mm&r=g\",\"caption\":\"thomas ceccaldi\"},\"url\":\"https:\/\/blogs.thesocialmedia.com\/leblogmoto\/author\/thomas-ceccaldi\/\"}]}<\/script>\n<!-- \/ Yoast SEO plugin. -->","yoast_head_json":{"title":"Sur les radars automatiques - leblogmoto.com","robots":{"index":"index","follow":"follow","max-snippet":"max-snippet:-1","max-image-preview":"max-image-preview:large","max-video-preview":"max-video-preview:-1"},"canonical":"https:\/\/blogs.thesocialmedia.com\/leblogmoto\/2008\/11\/01\/il-y-a-cinq-ans\/","twitter_card":"summary_large_image","twitter_title":"Sur les radars automatiques - leblogmoto.com","twitter_description":"En 2003 les premiers radars fixes \u00e9taient install\u00e9s dans une certaine incr\u00e9dulit\u00e9 quant \u00e0 leur r\u00e9sultat. Ils sont aujourd&rsquo;hui plus de 2.000, fixes et mobiles et depuis 5 ans 25.604.234 PV ont \u00e9t\u00e9 envoy\u00e9s&#8230; Toutes ces contraventions ont certainement particip\u00e9 \u00e0 r\u00e9duire le nombre d&rsquo;accident sur les routes mais elles ont aussi cout\u00e9 tr\u00e8s cher [&hellip;]","twitter_image":"http:\/\/www.leblogmoto.com\/images\/2008\/11\/01\/radar_auto.jpg","twitter_misc":{"\u00c9crit par":"thomas ceccaldi","Dur\u00e9e de lecture estim\u00e9e":"1 minute"},"schema":{"@context":"https:\/\/schema.org","@graph":[{"@type":"WebPage","@id":"https:\/\/blogs.thesocialmedia.com\/leblogmoto\/2008\/11\/01\/il-y-a-cinq-ans\/","url":"https:\/\/blogs.thesocialmedia.com\/leblogmoto\/2008\/11\/01\/il-y-a-cinq-ans\/","name":"Sur les radars automatiques - leblogmoto.com","isPartOf":{"@id":"https:\/\/blogs.thesocialmedia.com\/leblogmoto\/#website"},"primaryImageOfPage":{"@id":"https:\/\/blogs.thesocialmedia.com\/leblogmoto\/2008\/11\/01\/il-y-a-cinq-ans\/#primaryimage"},"image":{"@id":"https:\/\/blogs.thesocialmedia.com\/leblogmoto\/2008\/11\/01\/il-y-a-cinq-ans\/#primaryimage"},"thumbnailUrl":"http:\/\/www.leblogmoto.com\/images\/2008\/11\/01\/radar_auto.jpg","datePublished":"2008-11-01T13:57:16+00:00","dateModified":"2012-07-11T16:30:42+00:00","author":{"@id":"https:\/\/blogs.thesocialmedia.com\/leblogmoto\/#\/schema\/person\/55a1b27eb27b853144bd098e110e31f7"},"breadcrumb":{"@id":"https:\/\/blogs.thesocialmedia.com\/leblogmoto\/2008\/11\/01\/il-y-a-cinq-ans\/#breadcrumb"},"inLanguage":"fr-FR","potentialAction":[{"@type":"ReadAction","target":["https:\/\/blogs.thesocialmedia.com\/leblogmoto\/2008\/11\/01\/il-y-a-cinq-ans\/"]}]},{"@type":"ImageObject","inLanguage":"fr-FR","@id":"https:\/\/blogs.thesocialmedia.com\/leblogmoto\/2008\/11\/01\/il-y-a-cinq-ans\/#primaryimage","url":"http:\/\/www.leblogmoto.com\/images\/2008\/11\/01\/radar_auto.jpg","contentUrl":"http:\/\/www.leblogmoto.com\/images\/2008\/11\/01\/radar_auto.jpg"},{"@type":"BreadcrumbList","@id":"https:\/\/blogs.thesocialmedia.com\/leblogmoto\/2008\/11\/01\/il-y-a-cinq-ans\/#breadcrumb","itemListElement":[{"@type":"ListItem","position":1,"name":"Accueil","item":"https:\/\/blogs.thesocialmedia.com\/leblogmoto\/"},{"@type":"ListItem","position":2,"name":"Sur les radars automatiques"}]},{"@type":"WebSite","@id":"https:\/\/blogs.thesocialmedia.com\/leblogmoto\/#website","url":"https:\/\/blogs.thesocialmedia.com\/leblogmoto\/","name":"leblogmoto","description":"Toute l&#039;actualit\u00e9 des 2 roues","potentialAction":[{"@type":"SearchAction","target":{"@type":"EntryPoint","urlTemplate":"https:\/\/blogs.thesocialmedia.com\/leblogmoto\/?s={search_term_string}"},"query-input":{"@type":"PropertyValueSpecification","valueRequired":true,"valueName":"search_term_string"}}],"inLanguage":"fr-FR"},{"@type":"Person","@id":"https:\/\/blogs.thesocialmedia.com\/leblogmoto\/#\/schema\/person\/55a1b27eb27b853144bd098e110e31f7","name":"thomas ceccaldi","image":{"@type":"ImageObject","inLanguage":"fr-FR","@id":"https:\/\/blogs.thesocialmedia.com\/leblogmoto\/#\/schema\/person\/image\/","url":"https:\/\/secure.gravatar.com\/avatar\/?s=96&d=mm&r=g","contentUrl":"https:\/\/secure.gravatar.com\/avatar\/?s=96&d=mm&r=g","caption":"thomas ceccaldi"},"url":"https:\/\/blogs.thesocialmedia.com\/leblogmoto\/author\/thomas-ceccaldi\/"}]}},"_links":{"self":[{"href":"https:\/\/blogs.thesocialmedia.com\/leblogmoto\/wp-json\/wp\/v2\/posts\/429","targetHints":{"allow":["GET"]}}],"collection":[{"href":"https:\/\/blogs.thesocialmedia.com\/leblogmoto\/wp-json\/wp\/v2\/posts"}],"about":[{"href":"https:\/\/blogs.thesocialmedia.com\/leblogmoto\/wp-json\/wp\/v2\/types\/post"}],"author":[{"embeddable":true,"href":"https:\/\/blogs.thesocialmedia.com\/leblogmoto\/wp-json\/wp\/v2\/users\/328"}],"replies":[{"embeddable":true,"href":"https:\/\/blogs.thesocialmedia.com\/leblogmoto\/wp-json\/wp\/v2\/comments?post=429"}],"version-history":[{"count":2,"href":"https:\/\/blogs.thesocialmedia.com\/leblogmoto\/wp-json\/wp\/v2\/posts\/429\/revisions"}],"predecessor-version":[{"id":11958,"href":"https:\/\/blogs.thesocialmedia.com\/leblogmoto\/wp-json\/wp\/v2\/posts\/429\/revisions\/11958"}],"wp:attachment":[{"href":"https:\/\/blogs.thesocialmedia.com\/leblogmoto\/wp-json\/wp\/v2\/media?parent=429"}],"wp:term":[{"taxonomy":"category","embeddable":true,"href":"https:\/\/blogs.thesocialmedia.com\/leblogmoto\/wp-json\/wp\/v2\/categories?post=429"},{"taxonomy":"post_tag","embeddable":true,"href":"https:\/\/blogs.thesocialmedia.com\/leblogmoto\/wp-json\/wp\/v2\/tags?post=429"}],"curies":[{"name":"wp","href":"https:\/\/api.w.org\/{rel}","templated":true}]}}