{"id":43,"date":"2009-10-19T19:13:34","date_gmt":"2009-10-19T19:13:34","guid":{"rendered":"http:\/\/blogs.thesocialmedia.com\/leblogmoto\/2009\/10\/19\/272-kmh-en-786-secondes\/"},"modified":"2012-07-11T17:40:40","modified_gmt":"2012-07-11T17:40:40","slug":"272-kmh-en-786-secondes","status":"publish","type":"post","link":"https:\/\/blogs.thesocialmedia.com\/leblogmoto\/2009\/10\/19\/272-kmh-en-786-secondes\/","title":{"rendered":"272 km\/h en 7,86 secondes"},"content":{"rendered":"<p><a href=\"http:\/\/blogs.thesocialmedia.com\/leblogmoto\/files\/2012\/07\/6a00d83451b18369e20120a5f5d6e0970b-pi.jpg\"><img decoding=\"async\" alt=\"123\" class=\"asset asset-image at-xid-6a00d83451b18369e20120a5f5d6e0970b \" src=\"http:\/\/blogs.thesocialmedia.com\/leblogmoto\/files\/2012\/07\/6a00d83451b18369e20120a5f5d6e0970b-500wi.jpg\" \/><\/a> <br \/>On ne vous pr\u00e9sente plus la <a href=\"http:\/\/www.leblogmoto.com\/2007\/09\/un-burn-qui-tou.html\" target=\"_blank\">Killacycle<\/a>, premi\u00e8re&#160;moto dragster \u00e9lectrique, sponsoris\u00e9e par le fabricant de batteries <a href=\"http:\/\/www.a123systems.com\" target=\"_blank\">A123<\/a>&#8230; <\/p>\n<p>L&#039;\u00e9quipe Killacycle n&#039;am\u00e9liore son record personnel que de quelques dizi\u00e8mes mais la performance est l\u00e0. Son dernier record \u00e9tait de <a href=\"http:\/\/www.leblogmoto.com\/2009\/05\/la-vid%C3%A9o-du-jour-270-kmh-en-789-secondes.html\" target=\"_blank\">270 km\/h en 7,89 secondes<\/a>.<\/p>\n<p> <object height=\"344\" width=\"425\"><param name=\"movie\" value=\"http:\/\/www.youtube.com\/v\/wbi1RhgRrxk&amp;hl=fr&amp;fs=1&amp;\" \/><param name=\"allowFullScreen\" value=\"true\" \/><param name=\"allowscriptaccess\" value=\"always\" \/><embed height=\"365\" src=\"http:\/\/www.youtube.com\/v\/wbi1RhgRrxk&amp;hl=fr&amp;fs=1&amp;\" type=\"application\/x-shockwave-flash\" width=\"470\" \/><\/object><\/p>\n<p> <\/p>\n<p> <object height=\"344\" width=\"425\"><param name=\"movie\" value=\"http:\/\/www.youtube.com\/v\/GKHU4ds6RQw&amp;hl=fr&amp;fs=1&amp;\" \/><param name=\"allowFullScreen\" value=\"true\" \/><param name=\"allowscriptaccess\" value=\"always\" \/><embed height=\"365\" src=\"http:\/\/www.youtube.com\/v\/GKHU4ds6RQw&amp;hl=fr&amp;fs=1&amp;\" type=\"application\/x-shockwave-flash\" width=\"470\" \/><\/object><\/p>\n<p>Prochaine \u00e9tape une r\u00e9duction d&#039;encore 75 kg de l&#039;ensemble et une puissance port\u00e9e \u00e0 environ 560 cv vapeur.<\/p>\n<p>Plus d&#039;infos et de photos sur le site <a href=\"http:\/\/www.killacycle.com\" target=\"_blank\"><font color=\"#0066cc\">Killacycle<\/font><\/a><\/p>\n","protected":false},"excerpt":{"rendered":"<p>On ne vous pr\u00e9sente plus la Killacycle, premi\u00e8re&#160;moto dragster \u00e9lectrique, sponsoris\u00e9e par le fabricant de batteries A123&#8230; L&#039;\u00e9quipe Killacycle n&#039;am\u00e9liore son record personnel que de quelques dizi\u00e8mes mais la performance est l\u00e0. Son dernier record \u00e9tait de 270 km\/h en 7,89 secondes. Prochaine \u00e9tape une r\u00e9duction d&#039;encore 75 kg de l&#039;ensemble et une puissance port\u00e9e [&hellip;]<\/p>\n","protected":false},"author":323,"featured_media":14246,"comment_status":"open","ping_status":"open","sticky":false,"template":"","format":"standard","meta":{"footnotes":""},"categories":[3,30,48,12],"tags":[],"class_list":["post-43","post","type-post","status-publish","format-standard","has-post-thumbnail","hentry","category-actualite","category-bio-carburantsvehicules-propres","category-science","category-videos"],"yoast_head":"<!-- This site is optimized with the Yoast SEO plugin v26.0 - https:\/\/yoast.com\/wordpress\/plugins\/seo\/ -->\n<title>272 km\/h en 7,86 secondes - leblogmoto.com<\/title>\n<meta name=\"robots\" content=\"index, follow, max-snippet:-1, max-image-preview:large, max-video-preview:-1\" \/>\n<link rel=\"canonical\" href=\"https:\/\/blogs.thesocialmedia.com\/leblogmoto\/2009\/10\/19\/272-kmh-en-786-secondes\/\" \/>\n<meta name=\"twitter:card\" content=\"summary_large_image\" \/>\n<meta name=\"twitter:title\" content=\"272 km\/h en 7,86 secondes - leblogmoto.com\" \/>\n<meta name=\"twitter:description\" content=\"On ne vous pr\u00e9sente plus la Killacycle, premi\u00e8re&#160;moto dragster \u00e9lectrique, sponsoris\u00e9e par le fabricant de batteries A123&#8230; L&#039;\u00e9quipe Killacycle n&#039;am\u00e9liore son record personnel que de quelques dizi\u00e8mes mais la performance est l\u00e0. Son dernier record \u00e9tait de 270 km\/h en 7,89 secondes. Prochaine \u00e9tape une r\u00e9duction d&#039;encore 75 kg de l&#039;ensemble et une puissance port\u00e9e [&hellip;]\" \/>\n<meta name=\"twitter:image\" content=\"https:\/\/blogs.thesocialmedia.com\/leblogmoto\/files\/2012\/07\/6a00d83451b18369e20120a5f5d6e0970b-500wi.jpg\" \/>\n<meta name=\"twitter:label1\" content=\"\u00c9crit par\" \/>\n\t<meta name=\"twitter:data1\" content=\"albin le guyader\" \/>\n<script type=\"application\/ld+json\" class=\"yoast-schema-graph\">{\"@context\":\"https:\/\/schema.org\",\"@graph\":[{\"@type\":\"WebPage\",\"@id\":\"https:\/\/blogs.thesocialmedia.com\/leblogmoto\/2009\/10\/19\/272-kmh-en-786-secondes\/\",\"url\":\"https:\/\/blogs.thesocialmedia.com\/leblogmoto\/2009\/10\/19\/272-kmh-en-786-secondes\/\",\"name\":\"272 km\/h en 7,86 secondes - leblogmoto.com\",\"isPartOf\":{\"@id\":\"https:\/\/blogs.thesocialmedia.com\/leblogmoto\/#website\"},\"primaryImageOfPage\":{\"@id\":\"https:\/\/blogs.thesocialmedia.com\/leblogmoto\/2009\/10\/19\/272-kmh-en-786-secondes\/#primaryimage\"},\"image\":{\"@id\":\"https:\/\/blogs.thesocialmedia.com\/leblogmoto\/2009\/10\/19\/272-kmh-en-786-secondes\/#primaryimage\"},\"thumbnailUrl\":\"https:\/\/blogs.thesocialmedia.com\/leblogmoto\/files\/2012\/07\/6a00d83451b18369e20120a5f5d6e0970b-500wi.jpg\",\"datePublished\":\"2009-10-19T19:13:34+00:00\",\"dateModified\":\"2012-07-11T17:40:40+00:00\",\"author\":{\"@id\":\"https:\/\/blogs.thesocialmedia.com\/leblogmoto\/#\/schema\/person\/b496d27c898c29a39678e2425cafb9ae\"},\"breadcrumb\":{\"@id\":\"https:\/\/blogs.thesocialmedia.com\/leblogmoto\/2009\/10\/19\/272-kmh-en-786-secondes\/#breadcrumb\"},\"inLanguage\":\"fr-FR\",\"potentialAction\":[{\"@type\":\"ReadAction\",\"target\":[\"https:\/\/blogs.thesocialmedia.com\/leblogmoto\/2009\/10\/19\/272-kmh-en-786-secondes\/\"]}]},{\"@type\":\"ImageObject\",\"inLanguage\":\"fr-FR\",\"@id\":\"https:\/\/blogs.thesocialmedia.com\/leblogmoto\/2009\/10\/19\/272-kmh-en-786-secondes\/#primaryimage\",\"url\":\"https:\/\/blogs.thesocialmedia.com\/leblogmoto\/files\/2012\/07\/6a00d83451b18369e20120a5f5d6e0970b-500wi.jpg\",\"contentUrl\":\"https:\/\/blogs.thesocialmedia.com\/leblogmoto\/files\/2012\/07\/6a00d83451b18369e20120a5f5d6e0970b-500wi.jpg\",\"width\":\"470\",\"height\":\"352\"},{\"@type\":\"BreadcrumbList\",\"@id\":\"https:\/\/blogs.thesocialmedia.com\/leblogmoto\/2009\/10\/19\/272-kmh-en-786-secondes\/#breadcrumb\",\"itemListElement\":[{\"@type\":\"ListItem\",\"position\":1,\"name\":\"Accueil\",\"item\":\"https:\/\/blogs.thesocialmedia.com\/leblogmoto\/\"},{\"@type\":\"ListItem\",\"position\":2,\"name\":\"272 km\/h en 7,86 secondes\"}]},{\"@type\":\"WebSite\",\"@id\":\"https:\/\/blogs.thesocialmedia.com\/leblogmoto\/#website\",\"url\":\"https:\/\/blogs.thesocialmedia.com\/leblogmoto\/\",\"name\":\"leblogmoto\",\"description\":\"Toute l&#039;actualit\u00e9 des 2 roues\",\"potentialAction\":[{\"@type\":\"SearchAction\",\"target\":{\"@type\":\"EntryPoint\",\"urlTemplate\":\"https:\/\/blogs.thesocialmedia.com\/leblogmoto\/?s={search_term_string}\"},\"query-input\":{\"@type\":\"PropertyValueSpecification\",\"valueRequired\":true,\"valueName\":\"search_term_string\"}}],\"inLanguage\":\"fr-FR\"},{\"@type\":\"Person\",\"@id\":\"https:\/\/blogs.thesocialmedia.com\/leblogmoto\/#\/schema\/person\/b496d27c898c29a39678e2425cafb9ae\",\"name\":\"albin le guyader\",\"image\":{\"@type\":\"ImageObject\",\"inLanguage\":\"fr-FR\",\"@id\":\"https:\/\/blogs.thesocialmedia.com\/leblogmoto\/#\/schema\/person\/image\/\",\"url\":\"https:\/\/secure.gravatar.com\/avatar\/?s=96&d=mm&r=g\",\"contentUrl\":\"https:\/\/secure.gravatar.com\/avatar\/?s=96&d=mm&r=g\",\"caption\":\"albin le guyader\"},\"url\":\"https:\/\/blogs.thesocialmedia.com\/leblogmoto\/author\/albin-le-guyader\/\"}]}<\/script>\n<!-- \/ Yoast SEO plugin. -->","yoast_head_json":{"title":"272 km\/h en 7,86 secondes - leblogmoto.com","robots":{"index":"index","follow":"follow","max-snippet":"max-snippet:-1","max-image-preview":"max-image-preview:large","max-video-preview":"max-video-preview:-1"},"canonical":"https:\/\/blogs.thesocialmedia.com\/leblogmoto\/2009\/10\/19\/272-kmh-en-786-secondes\/","twitter_card":"summary_large_image","twitter_title":"272 km\/h en 7,86 secondes - leblogmoto.com","twitter_description":"On ne vous pr\u00e9sente plus la Killacycle, premi\u00e8re&#160;moto dragster \u00e9lectrique, sponsoris\u00e9e par le fabricant de batteries A123&#8230; L&#039;\u00e9quipe Killacycle n&#039;am\u00e9liore son record personnel que de quelques dizi\u00e8mes mais la performance est l\u00e0. Son dernier record \u00e9tait de 270 km\/h en 7,89 secondes. Prochaine \u00e9tape une r\u00e9duction d&#039;encore 75 kg de l&#039;ensemble et une puissance port\u00e9e [&hellip;]","twitter_image":"https:\/\/blogs.thesocialmedia.com\/leblogmoto\/files\/2012\/07\/6a00d83451b18369e20120a5f5d6e0970b-500wi.jpg","twitter_misc":{"\u00c9crit par":"albin le guyader"},"schema":{"@context":"https:\/\/schema.org","@graph":[{"@type":"WebPage","@id":"https:\/\/blogs.thesocialmedia.com\/leblogmoto\/2009\/10\/19\/272-kmh-en-786-secondes\/","url":"https:\/\/blogs.thesocialmedia.com\/leblogmoto\/2009\/10\/19\/272-kmh-en-786-secondes\/","name":"272 km\/h en 7,86 secondes - leblogmoto.com","isPartOf":{"@id":"https:\/\/blogs.thesocialmedia.com\/leblogmoto\/#website"},"primaryImageOfPage":{"@id":"https:\/\/blogs.thesocialmedia.com\/leblogmoto\/2009\/10\/19\/272-kmh-en-786-secondes\/#primaryimage"},"image":{"@id":"https:\/\/blogs.thesocialmedia.com\/leblogmoto\/2009\/10\/19\/272-kmh-en-786-secondes\/#primaryimage"},"thumbnailUrl":"https:\/\/blogs.thesocialmedia.com\/leblogmoto\/files\/2012\/07\/6a00d83451b18369e20120a5f5d6e0970b-500wi.jpg","datePublished":"2009-10-19T19:13:34+00:00","dateModified":"2012-07-11T17:40:40+00:00","author":{"@id":"https:\/\/blogs.thesocialmedia.com\/leblogmoto\/#\/schema\/person\/b496d27c898c29a39678e2425cafb9ae"},"breadcrumb":{"@id":"https:\/\/blogs.thesocialmedia.com\/leblogmoto\/2009\/10\/19\/272-kmh-en-786-secondes\/#breadcrumb"},"inLanguage":"fr-FR","potentialAction":[{"@type":"ReadAction","target":["https:\/\/blogs.thesocialmedia.com\/leblogmoto\/2009\/10\/19\/272-kmh-en-786-secondes\/"]}]},{"@type":"ImageObject","inLanguage":"fr-FR","@id":"https:\/\/blogs.thesocialmedia.com\/leblogmoto\/2009\/10\/19\/272-kmh-en-786-secondes\/#primaryimage","url":"https:\/\/blogs.thesocialmedia.com\/leblogmoto\/files\/2012\/07\/6a00d83451b18369e20120a5f5d6e0970b-500wi.jpg","contentUrl":"https:\/\/blogs.thesocialmedia.com\/leblogmoto\/files\/2012\/07\/6a00d83451b18369e20120a5f5d6e0970b-500wi.jpg","width":"470","height":"352"},{"@type":"BreadcrumbList","@id":"https:\/\/blogs.thesocialmedia.com\/leblogmoto\/2009\/10\/19\/272-kmh-en-786-secondes\/#breadcrumb","itemListElement":[{"@type":"ListItem","position":1,"name":"Accueil","item":"https:\/\/blogs.thesocialmedia.com\/leblogmoto\/"},{"@type":"ListItem","position":2,"name":"272 km\/h en 7,86 secondes"}]},{"@type":"WebSite","@id":"https:\/\/blogs.thesocialmedia.com\/leblogmoto\/#website","url":"https:\/\/blogs.thesocialmedia.com\/leblogmoto\/","name":"leblogmoto","description":"Toute l&#039;actualit\u00e9 des 2 roues","potentialAction":[{"@type":"SearchAction","target":{"@type":"EntryPoint","urlTemplate":"https:\/\/blogs.thesocialmedia.com\/leblogmoto\/?s={search_term_string}"},"query-input":{"@type":"PropertyValueSpecification","valueRequired":true,"valueName":"search_term_string"}}],"inLanguage":"fr-FR"},{"@type":"Person","@id":"https:\/\/blogs.thesocialmedia.com\/leblogmoto\/#\/schema\/person\/b496d27c898c29a39678e2425cafb9ae","name":"albin le guyader","image":{"@type":"ImageObject","inLanguage":"fr-FR","@id":"https:\/\/blogs.thesocialmedia.com\/leblogmoto\/#\/schema\/person\/image\/","url":"https:\/\/secure.gravatar.com\/avatar\/?s=96&d=mm&r=g","contentUrl":"https:\/\/secure.gravatar.com\/avatar\/?s=96&d=mm&r=g","caption":"albin le guyader"},"url":"https:\/\/blogs.thesocialmedia.com\/leblogmoto\/author\/albin-le-guyader\/"}]}},"_links":{"self":[{"href":"https:\/\/blogs.thesocialmedia.com\/leblogmoto\/wp-json\/wp\/v2\/posts\/43","targetHints":{"allow":["GET"]}}],"collection":[{"href":"https:\/\/blogs.thesocialmedia.com\/leblogmoto\/wp-json\/wp\/v2\/posts"}],"about":[{"href":"https:\/\/blogs.thesocialmedia.com\/leblogmoto\/wp-json\/wp\/v2\/types\/post"}],"author":[{"embeddable":true,"href":"https:\/\/blogs.thesocialmedia.com\/leblogmoto\/wp-json\/wp\/v2\/users\/323"}],"replies":[{"embeddable":true,"href":"https:\/\/blogs.thesocialmedia.com\/leblogmoto\/wp-json\/wp\/v2\/comments?post=43"}],"version-history":[{"count":2,"href":"https:\/\/blogs.thesocialmedia.com\/leblogmoto\/wp-json\/wp\/v2\/posts\/43\/revisions"}],"predecessor-version":[{"id":14248,"href":"https:\/\/blogs.thesocialmedia.com\/leblogmoto\/wp-json\/wp\/v2\/posts\/43\/revisions\/14248"}],"wp:featuredmedia":[{"embeddable":true,"href":"https:\/\/blogs.thesocialmedia.com\/leblogmoto\/wp-json\/wp\/v2\/media\/14246"}],"wp:attachment":[{"href":"https:\/\/blogs.thesocialmedia.com\/leblogmoto\/wp-json\/wp\/v2\/media?parent=43"}],"wp:term":[{"taxonomy":"category","embeddable":true,"href":"https:\/\/blogs.thesocialmedia.com\/leblogmoto\/wp-json\/wp\/v2\/categories?post=43"},{"taxonomy":"post_tag","embeddable":true,"href":"https:\/\/blogs.thesocialmedia.com\/leblogmoto\/wp-json\/wp\/v2\/tags?post=43"}],"curies":[{"name":"wp","href":"https:\/\/api.w.org\/{rel}","templated":true}]}}