{"id":430,"date":"2008-10-31T03:21:01","date_gmt":"2008-10-31T03:21:01","guid":{"rendered":"http:\/\/blogs.thesocialmedia.com\/leblogmoto\/2008\/10\/31\/album-du-vend-3-5\/"},"modified":"2012-07-11T16:30:41","modified_gmt":"2012-07-11T16:30:41","slug":"album-du-vend-3-5","status":"publish","type":"post","link":"https:\/\/blogs.thesocialmedia.com\/leblogmoto\/2008\/10\/31\/album-du-vend-3-5\/","title":{"rendered":"Album du vendredi, Kodachrome"},"content":{"rendered":"<p><a href=\"http:\/\/blogs.thesocialmedia.com\/leblogmoto\/files\/2012\/07\/kodachrome01.jpg\"><img loading=\"lazy\" decoding=\"async\" width=\"470\" height=\"311\"  alt=\"Kodachrome01\" src=\"http:\/\/www.leblogmoto.com\/images\/2008\/10\/30\/kodachrome01.jpg\" \/><\/a> <\/p>\n<p>Les souvenirs des ann\u00e9es 60 \u00e0 80 ont la couleur du <a href=\"http:\/\/www.culturepub.fr\/videos\/kodak-kodachrome-la-diapo-hd.html\">Kodachrome<\/a>. Cette pellicule photographique invent\u00e9e au d\u00e9but des ann\u00e9es 30 pour le cin\u00e9ma par Leopold Godowsky et Leopold Mannes, surnomm\u00e9s dans certains milieux \u00abGod &amp; Man\u00bb, r\u00e9volutionnera la fa\u00e7on dont la repr\u00e9sentation du monde nous est offerte.<\/p>\n<p>Son rendu si typique, chaud et pr\u00e9cis, plus beau que nature quand l\u2019\u0153il du photographe et les conditions de prise de vue sont optimales, en feront une ic\u00f4ne incontest\u00e9e pendant pr\u00e8s de 75 ans.<\/p>\n<p>Aujourd\u2019hui, sa survie est menac\u00e9e par le virage num\u00e9rique, et la Eastman Kodak qui ne produit plus que sporadiquement le kodachrome 64, reste muette quant \u00e0 son avenir. Avec un seul laboratoire assurant le d\u00e9veloppement de cette pellicule, <a href=\"http:\/\/www.dwaynesphoto.com\/\">Dwayne&rsquo;s Photo<\/a> au Kansas, et ce, pour le monde entier (le dernier labo europ\u00e9en a ferm\u00e9 ses portes en 2006), une autre page d\u2019histoire va bient\u00f4t se tourner.<\/p>\n<p>Le petit gar\u00e7on en passager sur l\u2019image en en-t\u00eate, maintenant grand, a publi\u00e9 sur Flickr toute une <a href=\"http:\/\/www.flickr.com\/photos\/bcgreeneiv\/\">s\u00e9rie d\u2019images<\/a> prise par son p\u00e8re et ses amis lors de vir\u00e9es en motos.<\/p>\n<p><a href=\"http:\/\/clabedan.typepad.com\/.shared\/image.html?\/photos\/uncategorized\/2008\/10\/30\/kodachrome14.jpg\"><img loading=\"lazy\" decoding=\"async\" width=\"470\" height=\"313\"  alt=\"Kodachrome14\" src=\"http:\/\/www.leblogmoto.com\/images\/2008\/10\/30\/kodachrome14.jpg\" \/><\/a> <\/p>\n<p><a href=\"http:\/\/blogs.thesocialmedia.com\/leblogmoto\/files\/2012\/07\/kodachrome12.jpg\"><img loading=\"lazy\" decoding=\"async\" width=\"470\" height=\"313\"  alt=\"Kodachrome12\" src=\"http:\/\/www.leblogmoto.com\/images\/2008\/10\/30\/kodachrome12.jpg\" \/><\/a> <\/p>\n<p><a href=\"http:\/\/blogs.thesocialmedia.com\/leblogmoto\/files\/2012\/07\/kodachrome11.jpg\"><img loading=\"lazy\" decoding=\"async\" width=\"470\" height=\"310\"  alt=\"Kodachrome11\" src=\"http:\/\/www.leblogmoto.com\/images\/2008\/10\/30\/kodachrome11.jpg\" \/><\/a> <\/p>\n<p><a href=\"http:\/\/blogs.thesocialmedia.com\/leblogmoto\/files\/2012\/07\/kodachrome10.jpg\"><img loading=\"lazy\" decoding=\"async\" width=\"470\" height=\"312\"  alt=\"Kodachrome10\" src=\"http:\/\/www.leblogmoto.com\/images\/2008\/10\/30\/kodachrome10.jpg\" \/><\/a> <\/p>\n<p><a href=\"http:\/\/blogs.thesocialmedia.com\/leblogmoto\/files\/2012\/07\/kodachrome09.jpg\"><img loading=\"lazy\" decoding=\"async\" width=\"470\" height=\"312\"  alt=\"Kodachrome09\" src=\"http:\/\/www.leblogmoto.com\/images\/2008\/10\/30\/kodachrome09.jpg\" \/><\/a> <\/p>\n<p><a href=\"http:\/\/blogs.thesocialmedia.com\/leblogmoto\/files\/2012\/07\/kodachrome08.jpg\"><img loading=\"lazy\" decoding=\"async\" width=\"470\" height=\"313\"  alt=\"Kodachrome08\" src=\"http:\/\/www.leblogmoto.com\/images\/2008\/10\/30\/kodachrome08.jpg\" \/><\/a> <\/p>\n<p><a href=\"http:\/\/blogs.thesocialmedia.com\/leblogmoto\/files\/2012\/07\/kodachrome07.jpg\"><img loading=\"lazy\" decoding=\"async\" width=\"470\" height=\"348\"  alt=\"Kodachrome07\" src=\"http:\/\/www.leblogmoto.com\/images\/2008\/10\/30\/kodachrome07.jpg\" \/><\/a> <\/p>\n<p><a href=\"http:\/\/blogs.thesocialmedia.com\/leblogmoto\/files\/2012\/07\/kodachrome06.jpg\"><img loading=\"lazy\" decoding=\"async\" width=\"470\" height=\"310\"  alt=\"Kodachrome06\" src=\"http:\/\/www.leblogmoto.com\/images\/2008\/10\/30\/kodachrome06.jpg\" \/><\/a> <\/p>\n<p><a href=\"http:\/\/blogs.thesocialmedia.com\/leblogmoto\/files\/2012\/07\/kodachrome05.jpg\"><img loading=\"lazy\" decoding=\"async\" width=\"470\" height=\"311\"  alt=\"Kodachrome05\" src=\"http:\/\/www.leblogmoto.com\/images\/2008\/10\/30\/kodachrome05.jpg\" \/><\/a> <\/p>\n<p><a href=\"http:\/\/blogs.thesocialmedia.com\/leblogmoto\/files\/2012\/07\/kodachrome04.jpg\"><img loading=\"lazy\" decoding=\"async\" width=\"470\" height=\"313\"  alt=\"Kodachrome04\" src=\"http:\/\/www.leblogmoto.com\/images\/2008\/10\/30\/kodachrome04.jpg\" \/><\/a> <\/p>\n<p><a href=\"http:\/\/blogs.thesocialmedia.com\/leblogmoto\/files\/2012\/07\/kodachrome03.jpg\"><img loading=\"lazy\" decoding=\"async\" width=\"470\" height=\"320\"  alt=\"Kodachrome03\" src=\"http:\/\/www.leblogmoto.com\/images\/2008\/10\/30\/kodachrome03.jpg\" \/><\/a> <\/p>\n<p><a href=\"http:\/\/blogs.thesocialmedia.com\/leblogmoto\/files\/2012\/07\/kodachrome02.jpg\"><img loading=\"lazy\" decoding=\"async\" width=\"470\" height=\"314\"  alt=\"Kodachrome02\" src=\"http:\/\/www.leblogmoto.com\/images\/2008\/10\/30\/kodachrome02.jpg\" \/><\/a> <\/p>\n<p>Simon &amp; Garfunkel &#8211; Kodachrome<\/p>\n<p><object width=\"425\" height=\"349\"><param value=\"http:\/\/www.youtube.com\/v\/QXZTBu_3ioI&amp;hl=fr&amp;fs=1&amp;rel=0&amp;border=1\" name=\"movie\" \/><param value=\"true\" name=\"allowFullScreen\" \/><param value=\"always\" name=\"allowscriptaccess\" \/><embed width=\"425\" height=\"349\" type=\"application\/x-shockwave-flash\" src=\"http:\/\/www.youtube.com\/v\/QXZTBu_3ioI&amp;hl=fr&amp;fs=1&amp;rel=0&amp;border=1\"><\/embed><\/object><\/p>\n","protected":false},"excerpt":{"rendered":"<p>Les souvenirs des ann\u00e9es 60 \u00e0 80 ont la couleur du Kodachrome. Cette pellicule photographique invent\u00e9e au d\u00e9but des ann\u00e9es 30 pour le cin\u00e9ma par Leopold Godowsky et Leopold Mannes, surnomm\u00e9s dans certains milieux \u00abGod &amp; Man\u00bb, r\u00e9volutionnera la fa\u00e7on dont la repr\u00e9sentation du monde nous est offerte. Son rendu si typique, chaud et pr\u00e9cis, [&hellip;]<\/p>\n","protected":false},"author":325,"featured_media":0,"comment_status":"open","ping_status":"open","sticky":false,"template":"","format":"standard","meta":{"footnotes":""},"categories":[13,17,29,9,54,12],"tags":[],"class_list":["post-430","post","type-post","status-publish","format-standard","hentry","category-aventure","category-divers","category-harley-davidson","category-historique","category-triumph","category-videos"],"yoast_head":"<!-- This site is optimized with the Yoast SEO plugin v26.0 - https:\/\/yoast.com\/wordpress\/plugins\/seo\/ -->\n<title>Album du vendredi, Kodachrome - leblogmoto.com<\/title>\n<meta name=\"robots\" content=\"index, follow, max-snippet:-1, max-image-preview:large, max-video-preview:-1\" \/>\n<link rel=\"canonical\" href=\"https:\/\/blogs.thesocialmedia.com\/leblogmoto\/2008\/10\/31\/album-du-vend-3-5\/\" \/>\n<meta name=\"twitter:card\" content=\"summary_large_image\" \/>\n<meta name=\"twitter:title\" content=\"Album du vendredi, Kodachrome - leblogmoto.com\" \/>\n<meta name=\"twitter:description\" content=\"Les souvenirs des ann\u00e9es 60 \u00e0 80 ont la couleur du Kodachrome. Cette pellicule photographique invent\u00e9e au d\u00e9but des ann\u00e9es 30 pour le cin\u00e9ma par Leopold Godowsky et Leopold Mannes, surnomm\u00e9s dans certains milieux \u00abGod &amp; Man\u00bb, r\u00e9volutionnera la fa\u00e7on dont la repr\u00e9sentation du monde nous est offerte. Son rendu si typique, chaud et pr\u00e9cis, [&hellip;]\" \/>\n<meta name=\"twitter:image\" content=\"http:\/\/www.leblogmoto.com\/images\/2008\/10\/30\/kodachrome01.jpg\" \/>\n<meta name=\"twitter:label1\" content=\"\u00c9crit par\" \/>\n\t<meta name=\"twitter:data1\" content=\"jacques lesage\" \/>\n\t<meta name=\"twitter:label2\" content=\"Dur\u00e9e de lecture estim\u00e9e\" \/>\n\t<meta name=\"twitter:data2\" content=\"1 minute\" \/>\n<script type=\"application\/ld+json\" class=\"yoast-schema-graph\">{\"@context\":\"https:\/\/schema.org\",\"@graph\":[{\"@type\":\"WebPage\",\"@id\":\"https:\/\/blogs.thesocialmedia.com\/leblogmoto\/2008\/10\/31\/album-du-vend-3-5\/\",\"url\":\"https:\/\/blogs.thesocialmedia.com\/leblogmoto\/2008\/10\/31\/album-du-vend-3-5\/\",\"name\":\"Album du vendredi, Kodachrome - leblogmoto.com\",\"isPartOf\":{\"@id\":\"https:\/\/blogs.thesocialmedia.com\/leblogmoto\/#website\"},\"primaryImageOfPage\":{\"@id\":\"https:\/\/blogs.thesocialmedia.com\/leblogmoto\/2008\/10\/31\/album-du-vend-3-5\/#primaryimage\"},\"image\":{\"@id\":\"https:\/\/blogs.thesocialmedia.com\/leblogmoto\/2008\/10\/31\/album-du-vend-3-5\/#primaryimage\"},\"thumbnailUrl\":\"http:\/\/www.leblogmoto.com\/images\/2008\/10\/30\/kodachrome01.jpg\",\"datePublished\":\"2008-10-31T03:21:01+00:00\",\"dateModified\":\"2012-07-11T16:30:41+00:00\",\"author\":{\"@id\":\"https:\/\/blogs.thesocialmedia.com\/leblogmoto\/#\/schema\/person\/e82a0ca8a9a63d031586097a3ed58526\"},\"breadcrumb\":{\"@id\":\"https:\/\/blogs.thesocialmedia.com\/leblogmoto\/2008\/10\/31\/album-du-vend-3-5\/#breadcrumb\"},\"inLanguage\":\"fr-FR\",\"potentialAction\":[{\"@type\":\"ReadAction\",\"target\":[\"https:\/\/blogs.thesocialmedia.com\/leblogmoto\/2008\/10\/31\/album-du-vend-3-5\/\"]}]},{\"@type\":\"ImageObject\",\"inLanguage\":\"fr-FR\",\"@id\":\"https:\/\/blogs.thesocialmedia.com\/leblogmoto\/2008\/10\/31\/album-du-vend-3-5\/#primaryimage\",\"url\":\"http:\/\/www.leblogmoto.com\/images\/2008\/10\/30\/kodachrome01.jpg\",\"contentUrl\":\"http:\/\/www.leblogmoto.com\/images\/2008\/10\/30\/kodachrome01.jpg\"},{\"@type\":\"BreadcrumbList\",\"@id\":\"https:\/\/blogs.thesocialmedia.com\/leblogmoto\/2008\/10\/31\/album-du-vend-3-5\/#breadcrumb\",\"itemListElement\":[{\"@type\":\"ListItem\",\"position\":1,\"name\":\"Accueil\",\"item\":\"https:\/\/blogs.thesocialmedia.com\/leblogmoto\/\"},{\"@type\":\"ListItem\",\"position\":2,\"name\":\"Album du vendredi, Kodachrome\"}]},{\"@type\":\"WebSite\",\"@id\":\"https:\/\/blogs.thesocialmedia.com\/leblogmoto\/#website\",\"url\":\"https:\/\/blogs.thesocialmedia.com\/leblogmoto\/\",\"name\":\"leblogmoto\",\"description\":\"Toute l&#039;actualit\u00e9 des 2 roues\",\"potentialAction\":[{\"@type\":\"SearchAction\",\"target\":{\"@type\":\"EntryPoint\",\"urlTemplate\":\"https:\/\/blogs.thesocialmedia.com\/leblogmoto\/?s={search_term_string}\"},\"query-input\":{\"@type\":\"PropertyValueSpecification\",\"valueRequired\":true,\"valueName\":\"search_term_string\"}}],\"inLanguage\":\"fr-FR\"},{\"@type\":\"Person\",\"@id\":\"https:\/\/blogs.thesocialmedia.com\/leblogmoto\/#\/schema\/person\/e82a0ca8a9a63d031586097a3ed58526\",\"name\":\"jacques lesage\",\"image\":{\"@type\":\"ImageObject\",\"inLanguage\":\"fr-FR\",\"@id\":\"https:\/\/blogs.thesocialmedia.com\/leblogmoto\/#\/schema\/person\/image\/\",\"url\":\"https:\/\/secure.gravatar.com\/avatar\/?s=96&d=mm&r=g\",\"contentUrl\":\"https:\/\/secure.gravatar.com\/avatar\/?s=96&d=mm&r=g\",\"caption\":\"jacques lesage\"},\"url\":\"https:\/\/blogs.thesocialmedia.com\/leblogmoto\/author\/jacques-lesage\/\"}]}<\/script>\n<!-- \/ Yoast SEO plugin. -->","yoast_head_json":{"title":"Album du vendredi, Kodachrome - leblogmoto.com","robots":{"index":"index","follow":"follow","max-snippet":"max-snippet:-1","max-image-preview":"max-image-preview:large","max-video-preview":"max-video-preview:-1"},"canonical":"https:\/\/blogs.thesocialmedia.com\/leblogmoto\/2008\/10\/31\/album-du-vend-3-5\/","twitter_card":"summary_large_image","twitter_title":"Album du vendredi, Kodachrome - leblogmoto.com","twitter_description":"Les souvenirs des ann\u00e9es 60 \u00e0 80 ont la couleur du Kodachrome. Cette pellicule photographique invent\u00e9e au d\u00e9but des ann\u00e9es 30 pour le cin\u00e9ma par Leopold Godowsky et Leopold Mannes, surnomm\u00e9s dans certains milieux \u00abGod &amp; Man\u00bb, r\u00e9volutionnera la fa\u00e7on dont la repr\u00e9sentation du monde nous est offerte. Son rendu si typique, chaud et pr\u00e9cis, [&hellip;]","twitter_image":"http:\/\/www.leblogmoto.com\/images\/2008\/10\/30\/kodachrome01.jpg","twitter_misc":{"\u00c9crit par":"jacques lesage","Dur\u00e9e de lecture estim\u00e9e":"1 minute"},"schema":{"@context":"https:\/\/schema.org","@graph":[{"@type":"WebPage","@id":"https:\/\/blogs.thesocialmedia.com\/leblogmoto\/2008\/10\/31\/album-du-vend-3-5\/","url":"https:\/\/blogs.thesocialmedia.com\/leblogmoto\/2008\/10\/31\/album-du-vend-3-5\/","name":"Album du vendredi, Kodachrome - leblogmoto.com","isPartOf":{"@id":"https:\/\/blogs.thesocialmedia.com\/leblogmoto\/#website"},"primaryImageOfPage":{"@id":"https:\/\/blogs.thesocialmedia.com\/leblogmoto\/2008\/10\/31\/album-du-vend-3-5\/#primaryimage"},"image":{"@id":"https:\/\/blogs.thesocialmedia.com\/leblogmoto\/2008\/10\/31\/album-du-vend-3-5\/#primaryimage"},"thumbnailUrl":"http:\/\/www.leblogmoto.com\/images\/2008\/10\/30\/kodachrome01.jpg","datePublished":"2008-10-31T03:21:01+00:00","dateModified":"2012-07-11T16:30:41+00:00","author":{"@id":"https:\/\/blogs.thesocialmedia.com\/leblogmoto\/#\/schema\/person\/e82a0ca8a9a63d031586097a3ed58526"},"breadcrumb":{"@id":"https:\/\/blogs.thesocialmedia.com\/leblogmoto\/2008\/10\/31\/album-du-vend-3-5\/#breadcrumb"},"inLanguage":"fr-FR","potentialAction":[{"@type":"ReadAction","target":["https:\/\/blogs.thesocialmedia.com\/leblogmoto\/2008\/10\/31\/album-du-vend-3-5\/"]}]},{"@type":"ImageObject","inLanguage":"fr-FR","@id":"https:\/\/blogs.thesocialmedia.com\/leblogmoto\/2008\/10\/31\/album-du-vend-3-5\/#primaryimage","url":"http:\/\/www.leblogmoto.com\/images\/2008\/10\/30\/kodachrome01.jpg","contentUrl":"http:\/\/www.leblogmoto.com\/images\/2008\/10\/30\/kodachrome01.jpg"},{"@type":"BreadcrumbList","@id":"https:\/\/blogs.thesocialmedia.com\/leblogmoto\/2008\/10\/31\/album-du-vend-3-5\/#breadcrumb","itemListElement":[{"@type":"ListItem","position":1,"name":"Accueil","item":"https:\/\/blogs.thesocialmedia.com\/leblogmoto\/"},{"@type":"ListItem","position":2,"name":"Album du vendredi, Kodachrome"}]},{"@type":"WebSite","@id":"https:\/\/blogs.thesocialmedia.com\/leblogmoto\/#website","url":"https:\/\/blogs.thesocialmedia.com\/leblogmoto\/","name":"leblogmoto","description":"Toute l&#039;actualit\u00e9 des 2 roues","potentialAction":[{"@type":"SearchAction","target":{"@type":"EntryPoint","urlTemplate":"https:\/\/blogs.thesocialmedia.com\/leblogmoto\/?s={search_term_string}"},"query-input":{"@type":"PropertyValueSpecification","valueRequired":true,"valueName":"search_term_string"}}],"inLanguage":"fr-FR"},{"@type":"Person","@id":"https:\/\/blogs.thesocialmedia.com\/leblogmoto\/#\/schema\/person\/e82a0ca8a9a63d031586097a3ed58526","name":"jacques lesage","image":{"@type":"ImageObject","inLanguage":"fr-FR","@id":"https:\/\/blogs.thesocialmedia.com\/leblogmoto\/#\/schema\/person\/image\/","url":"https:\/\/secure.gravatar.com\/avatar\/?s=96&d=mm&r=g","contentUrl":"https:\/\/secure.gravatar.com\/avatar\/?s=96&d=mm&r=g","caption":"jacques lesage"},"url":"https:\/\/blogs.thesocialmedia.com\/leblogmoto\/author\/jacques-lesage\/"}]}},"_links":{"self":[{"href":"https:\/\/blogs.thesocialmedia.com\/leblogmoto\/wp-json\/wp\/v2\/posts\/430","targetHints":{"allow":["GET"]}}],"collection":[{"href":"https:\/\/blogs.thesocialmedia.com\/leblogmoto\/wp-json\/wp\/v2\/posts"}],"about":[{"href":"https:\/\/blogs.thesocialmedia.com\/leblogmoto\/wp-json\/wp\/v2\/types\/post"}],"author":[{"embeddable":true,"href":"https:\/\/blogs.thesocialmedia.com\/leblogmoto\/wp-json\/wp\/v2\/users\/325"}],"replies":[{"embeddable":true,"href":"https:\/\/blogs.thesocialmedia.com\/leblogmoto\/wp-json\/wp\/v2\/comments?post=430"}],"version-history":[{"count":2,"href":"https:\/\/blogs.thesocialmedia.com\/leblogmoto\/wp-json\/wp\/v2\/posts\/430\/revisions"}],"predecessor-version":[{"id":11956,"href":"https:\/\/blogs.thesocialmedia.com\/leblogmoto\/wp-json\/wp\/v2\/posts\/430\/revisions\/11956"}],"wp:attachment":[{"href":"https:\/\/blogs.thesocialmedia.com\/leblogmoto\/wp-json\/wp\/v2\/media?parent=430"}],"wp:term":[{"taxonomy":"category","embeddable":true,"href":"https:\/\/blogs.thesocialmedia.com\/leblogmoto\/wp-json\/wp\/v2\/categories?post=430"},{"taxonomy":"post_tag","embeddable":true,"href":"https:\/\/blogs.thesocialmedia.com\/leblogmoto\/wp-json\/wp\/v2\/tags?post=430"}],"curies":[{"name":"wp","href":"https:\/\/api.w.org\/{rel}","templated":true}]}}