{"id":441,"date":"2008-10-23T23:58:18","date_gmt":"2008-10-23T23:58:18","guid":{"rendered":"http:\/\/blogs.thesocialmedia.com\/leblogmoto\/2008\/10\/23\/et-remonter-la\/"},"modified":"2012-07-11T16:28:30","modified_gmt":"2012-07-11T16:28:30","slug":"et-remonter-la","status":"publish","type":"post","link":"https:\/\/blogs.thesocialmedia.com\/leblogmoto\/2008\/10\/23\/et-remonter-la\/","title":{"rendered":"&#8230;Et remonter la mythique transam\u00e9ricaine en moto."},"content":{"rendered":"<p><a href=\"http:\/\/blogs.thesocialmedia.com\/leblogmoto\/files\/2012\/07\/moto_transam.jpg\"><img loading=\"lazy\" decoding=\"async\" height=\"312\"  width=\"470\" alt=\"Moto_transam\" src=\"http:\/\/www.leblogmoto.com\/images\/2008\/10\/18\/moto_transam.jpg\" \/><\/a><\/p>\n<p>Il nous faudrait presque trois ou quatre <em>posts<\/em> pour vous faire partager ne serait-ce qu&rsquo;une once de la richesse de son blog, ou un joule de la chaleur humaine et m\u00e9canique qui s&rsquo;en d\u00e9gage. Et dans les demandes de jumelages que nous recevons (un blog qui vous r\u00e9f\u00e9rence en retour), je regrette que nous ne soyons pas (pas encore ?) li\u00e9s, tellement son site est une r\u00e9ussite et une invitation au voyage. Car l&rsquo;auteur de <a href=\"http:\/\/www.transam.fr\/blog\/\">Transam<\/a> n&rsquo;a rien trouv\u00e9 de mieux pour calmer son app\u00e9tit d&rsquo;Am\u00e9rique, celle avec un grand A, que de la parcourir de la Patagonie, Terre de Feu, jusqu&rsquo;\u00e0 l&rsquo;Alaska, pointe nord de l&rsquo;Am\u00e9rique du Nord. Mis \u00e0 jour de son \u00e9tape nicaragua\u00efenne, il <a href=\"http:\/\/www.radiofrance.fr\/franceinter\/em\/allolaplanete\/index.php?id=72063\">fait aussi partager<\/a> r\u00e9guli\u00e8rement son v\u00e9cu aux auditeurs de France Inter. Et c&rsquo;est surtout un motard, pas seulement un routard embaluchonn\u00e9, dou\u00e9 en photos <a href=\"http:\/\/www.transam.fr\/blog\/?p=1882\">macro<\/a> comme en paysage, ci-dessus. Il n&rsquo;y a qu&rsquo;\u00e0 voir comment <a href=\"http:\/\/www.marc-gibaud.com\/chapitres.html\">Marc Gibaud<\/a> parle des b\u00e9canes, un extrait de son blog:<\/p>\n<p>&quot;Cela devait se faire avec une antique et charmante Guzzi 650 NTX mod\u00e8le 1987 (l&rsquo;un des tr\u00e8s &#8211; trop ? &#8211; rares mod\u00e8les <em>trail<\/em> de la marque). Un ami g\u00e9nois de mes parents dans les ann\u00e9es 80, parlait de sa Lancia comme de son &quot;vieux ch\u00e2teau&quot; (en Fran\u00e7ais dans le texte). Cette Guzzi \u00e9tait mon &quot;vieux ch\u00e2teau&quot;. Aujourd&rsquo;hui ? La r\u00e9alit\u00e9 du march\u00e9 et la guerre des chefs (les appeler chefaillons serait pure vengeance mesquine, bien que xela me brule les l\u00e8vres) chez Aprilia-Guzzi m&rsquo;a co\u00fbt\u00e9 tr\u00e8s cher en d\u00e9convenues et en retards successifs. Je pars avec une BMW 1100 GS 1995. Ce n&rsquo;est plus mon vieux ch\u00e2teau c&rsquo;est la moto d&rsquo;Eric. j&rsquo;y gagne en libert\u00e9. J&rsquo;ai appris aujourd&rsquo;hui&rsquo;hui que, pour les initi\u00e9s, BMW signifie<em> Be My Wife<\/em> (en Fran\u00e7ais dans le texte&#8230; aussi !), pour moi ce sera simplement un moyen de transport.&quot;<\/p>\n<p><a href=\"http:\/\/clabedan.typepad.com\/.shared\/image.html?\/photos\/uncategorized\/2008\/10\/18\/moto_adn450.jpg\"><img loading=\"lazy\" decoding=\"async\" height=\"470\"  width=\"470\" src=\"http:\/\/www.leblogmoto.com\/images\/2008\/10\/18\/moto_adn450.jpg\" alt=\"Moto_adn450\" \/><\/a><\/p>\n<p><a href=\"http:\/\/blogs.thesocialmedia.com\/leblogmoto\/files\/2012\/07\/moto_ads450.jpg\"><img loading=\"lazy\" decoding=\"async\" height=\"470\"  width=\"470\" src=\"http:\/\/www.leblogmoto.com\/images\/2008\/10\/18\/moto_ads450.jpg\" alt=\"Moto_ads450\" \/><\/a><\/p>\n<p>&nbsp;<\/p>\n","protected":false},"excerpt":{"rendered":"<p>Il nous faudrait presque trois ou quatre posts pour vous faire partager ne serait-ce qu&rsquo;une once de la richesse de son blog, ou un joule de la chaleur humaine et m\u00e9canique qui s&rsquo;en d\u00e9gage. Et dans les demandes de jumelages que nous recevons (un blog qui vous r\u00e9f\u00e9rence en retour), je regrette que nous ne [&hellip;]<\/p>\n","protected":false},"author":324,"featured_media":0,"comment_status":"open","ping_status":"open","sticky":false,"template":"","format":"standard","meta":{"footnotes":""},"categories":[13,7,35],"tags":[],"class_list":["post-441","post","type-post","status-publish","format-standard","hentry","category-aventure","category-bmw","category-moto-guzzi"],"yoast_head":"<!-- This site is optimized with the Yoast SEO plugin v26.0 - https:\/\/yoast.com\/wordpress\/plugins\/seo\/ -->\n<title>...Et remonter la mythique transam\u00e9ricaine en moto. - leblogmoto.com<\/title>\n<meta name=\"robots\" content=\"index, follow, max-snippet:-1, max-image-preview:large, max-video-preview:-1\" \/>\n<link rel=\"canonical\" href=\"https:\/\/blogs.thesocialmedia.com\/leblogmoto\/2008\/10\/23\/et-remonter-la\/\" \/>\n<meta name=\"twitter:card\" content=\"summary_large_image\" \/>\n<meta name=\"twitter:title\" content=\"...Et remonter la mythique transam\u00e9ricaine en moto. - leblogmoto.com\" \/>\n<meta name=\"twitter:description\" content=\"Il nous faudrait presque trois ou quatre posts pour vous faire partager ne serait-ce qu&rsquo;une once de la richesse de son blog, ou un joule de la chaleur humaine et m\u00e9canique qui s&rsquo;en d\u00e9gage. Et dans les demandes de jumelages que nous recevons (un blog qui vous r\u00e9f\u00e9rence en retour), je regrette que nous ne [&hellip;]\" \/>\n<meta name=\"twitter:image\" content=\"http:\/\/www.leblogmoto.com\/images\/2008\/10\/18\/moto_transam.jpg\" \/>\n<meta name=\"twitter:label1\" content=\"\u00c9crit par\" \/>\n\t<meta name=\"twitter:data1\" content=\"benoit rieu\" \/>\n\t<meta name=\"twitter:label2\" content=\"Dur\u00e9e de lecture estim\u00e9e\" \/>\n\t<meta name=\"twitter:data2\" content=\"2 minutes\" \/>\n<script type=\"application\/ld+json\" class=\"yoast-schema-graph\">{\"@context\":\"https:\/\/schema.org\",\"@graph\":[{\"@type\":\"WebPage\",\"@id\":\"https:\/\/blogs.thesocialmedia.com\/leblogmoto\/2008\/10\/23\/et-remonter-la\/\",\"url\":\"https:\/\/blogs.thesocialmedia.com\/leblogmoto\/2008\/10\/23\/et-remonter-la\/\",\"name\":\"...Et remonter la mythique transam\u00e9ricaine en moto. - leblogmoto.com\",\"isPartOf\":{\"@id\":\"https:\/\/blogs.thesocialmedia.com\/leblogmoto\/#website\"},\"primaryImageOfPage\":{\"@id\":\"https:\/\/blogs.thesocialmedia.com\/leblogmoto\/2008\/10\/23\/et-remonter-la\/#primaryimage\"},\"image\":{\"@id\":\"https:\/\/blogs.thesocialmedia.com\/leblogmoto\/2008\/10\/23\/et-remonter-la\/#primaryimage\"},\"thumbnailUrl\":\"http:\/\/www.leblogmoto.com\/images\/2008\/10\/18\/moto_transam.jpg\",\"datePublished\":\"2008-10-23T23:58:18+00:00\",\"dateModified\":\"2012-07-11T16:28:30+00:00\",\"author\":{\"@id\":\"https:\/\/blogs.thesocialmedia.com\/leblogmoto\/#\/schema\/person\/18bfe773e5725ed6d24f743da805362a\"},\"breadcrumb\":{\"@id\":\"https:\/\/blogs.thesocialmedia.com\/leblogmoto\/2008\/10\/23\/et-remonter-la\/#breadcrumb\"},\"inLanguage\":\"fr-FR\",\"potentialAction\":[{\"@type\":\"ReadAction\",\"target\":[\"https:\/\/blogs.thesocialmedia.com\/leblogmoto\/2008\/10\/23\/et-remonter-la\/\"]}]},{\"@type\":\"ImageObject\",\"inLanguage\":\"fr-FR\",\"@id\":\"https:\/\/blogs.thesocialmedia.com\/leblogmoto\/2008\/10\/23\/et-remonter-la\/#primaryimage\",\"url\":\"http:\/\/www.leblogmoto.com\/images\/2008\/10\/18\/moto_transam.jpg\",\"contentUrl\":\"http:\/\/www.leblogmoto.com\/images\/2008\/10\/18\/moto_transam.jpg\"},{\"@type\":\"BreadcrumbList\",\"@id\":\"https:\/\/blogs.thesocialmedia.com\/leblogmoto\/2008\/10\/23\/et-remonter-la\/#breadcrumb\",\"itemListElement\":[{\"@type\":\"ListItem\",\"position\":1,\"name\":\"Accueil\",\"item\":\"https:\/\/blogs.thesocialmedia.com\/leblogmoto\/\"},{\"@type\":\"ListItem\",\"position\":2,\"name\":\"&#8230;Et remonter la mythique transam\u00e9ricaine en moto.\"}]},{\"@type\":\"WebSite\",\"@id\":\"https:\/\/blogs.thesocialmedia.com\/leblogmoto\/#website\",\"url\":\"https:\/\/blogs.thesocialmedia.com\/leblogmoto\/\",\"name\":\"leblogmoto\",\"description\":\"Toute l&#039;actualit\u00e9 des 2 roues\",\"potentialAction\":[{\"@type\":\"SearchAction\",\"target\":{\"@type\":\"EntryPoint\",\"urlTemplate\":\"https:\/\/blogs.thesocialmedia.com\/leblogmoto\/?s={search_term_string}\"},\"query-input\":{\"@type\":\"PropertyValueSpecification\",\"valueRequired\":true,\"valueName\":\"search_term_string\"}}],\"inLanguage\":\"fr-FR\"},{\"@type\":\"Person\",\"@id\":\"https:\/\/blogs.thesocialmedia.com\/leblogmoto\/#\/schema\/person\/18bfe773e5725ed6d24f743da805362a\",\"name\":\"benoit rieu\",\"image\":{\"@type\":\"ImageObject\",\"inLanguage\":\"fr-FR\",\"@id\":\"https:\/\/blogs.thesocialmedia.com\/leblogmoto\/#\/schema\/person\/image\/\",\"url\":\"https:\/\/secure.gravatar.com\/avatar\/?s=96&d=mm&r=g\",\"contentUrl\":\"https:\/\/secure.gravatar.com\/avatar\/?s=96&d=mm&r=g\",\"caption\":\"benoit rieu\"},\"url\":\"https:\/\/blogs.thesocialmedia.com\/leblogmoto\/author\/benoit-rieu\/\"}]}<\/script>\n<!-- \/ Yoast SEO plugin. -->","yoast_head_json":{"title":"...Et remonter la mythique transam\u00e9ricaine en moto. - leblogmoto.com","robots":{"index":"index","follow":"follow","max-snippet":"max-snippet:-1","max-image-preview":"max-image-preview:large","max-video-preview":"max-video-preview:-1"},"canonical":"https:\/\/blogs.thesocialmedia.com\/leblogmoto\/2008\/10\/23\/et-remonter-la\/","twitter_card":"summary_large_image","twitter_title":"...Et remonter la mythique transam\u00e9ricaine en moto. - leblogmoto.com","twitter_description":"Il nous faudrait presque trois ou quatre posts pour vous faire partager ne serait-ce qu&rsquo;une once de la richesse de son blog, ou un joule de la chaleur humaine et m\u00e9canique qui s&rsquo;en d\u00e9gage. Et dans les demandes de jumelages que nous recevons (un blog qui vous r\u00e9f\u00e9rence en retour), je regrette que nous ne [&hellip;]","twitter_image":"http:\/\/www.leblogmoto.com\/images\/2008\/10\/18\/moto_transam.jpg","twitter_misc":{"\u00c9crit par":"benoit rieu","Dur\u00e9e de lecture estim\u00e9e":"2 minutes"},"schema":{"@context":"https:\/\/schema.org","@graph":[{"@type":"WebPage","@id":"https:\/\/blogs.thesocialmedia.com\/leblogmoto\/2008\/10\/23\/et-remonter-la\/","url":"https:\/\/blogs.thesocialmedia.com\/leblogmoto\/2008\/10\/23\/et-remonter-la\/","name":"...Et remonter la mythique transam\u00e9ricaine en moto. - leblogmoto.com","isPartOf":{"@id":"https:\/\/blogs.thesocialmedia.com\/leblogmoto\/#website"},"primaryImageOfPage":{"@id":"https:\/\/blogs.thesocialmedia.com\/leblogmoto\/2008\/10\/23\/et-remonter-la\/#primaryimage"},"image":{"@id":"https:\/\/blogs.thesocialmedia.com\/leblogmoto\/2008\/10\/23\/et-remonter-la\/#primaryimage"},"thumbnailUrl":"http:\/\/www.leblogmoto.com\/images\/2008\/10\/18\/moto_transam.jpg","datePublished":"2008-10-23T23:58:18+00:00","dateModified":"2012-07-11T16:28:30+00:00","author":{"@id":"https:\/\/blogs.thesocialmedia.com\/leblogmoto\/#\/schema\/person\/18bfe773e5725ed6d24f743da805362a"},"breadcrumb":{"@id":"https:\/\/blogs.thesocialmedia.com\/leblogmoto\/2008\/10\/23\/et-remonter-la\/#breadcrumb"},"inLanguage":"fr-FR","potentialAction":[{"@type":"ReadAction","target":["https:\/\/blogs.thesocialmedia.com\/leblogmoto\/2008\/10\/23\/et-remonter-la\/"]}]},{"@type":"ImageObject","inLanguage":"fr-FR","@id":"https:\/\/blogs.thesocialmedia.com\/leblogmoto\/2008\/10\/23\/et-remonter-la\/#primaryimage","url":"http:\/\/www.leblogmoto.com\/images\/2008\/10\/18\/moto_transam.jpg","contentUrl":"http:\/\/www.leblogmoto.com\/images\/2008\/10\/18\/moto_transam.jpg"},{"@type":"BreadcrumbList","@id":"https:\/\/blogs.thesocialmedia.com\/leblogmoto\/2008\/10\/23\/et-remonter-la\/#breadcrumb","itemListElement":[{"@type":"ListItem","position":1,"name":"Accueil","item":"https:\/\/blogs.thesocialmedia.com\/leblogmoto\/"},{"@type":"ListItem","position":2,"name":"&#8230;Et remonter la mythique transam\u00e9ricaine en moto."}]},{"@type":"WebSite","@id":"https:\/\/blogs.thesocialmedia.com\/leblogmoto\/#website","url":"https:\/\/blogs.thesocialmedia.com\/leblogmoto\/","name":"leblogmoto","description":"Toute l&#039;actualit\u00e9 des 2 roues","potentialAction":[{"@type":"SearchAction","target":{"@type":"EntryPoint","urlTemplate":"https:\/\/blogs.thesocialmedia.com\/leblogmoto\/?s={search_term_string}"},"query-input":{"@type":"PropertyValueSpecification","valueRequired":true,"valueName":"search_term_string"}}],"inLanguage":"fr-FR"},{"@type":"Person","@id":"https:\/\/blogs.thesocialmedia.com\/leblogmoto\/#\/schema\/person\/18bfe773e5725ed6d24f743da805362a","name":"benoit rieu","image":{"@type":"ImageObject","inLanguage":"fr-FR","@id":"https:\/\/blogs.thesocialmedia.com\/leblogmoto\/#\/schema\/person\/image\/","url":"https:\/\/secure.gravatar.com\/avatar\/?s=96&d=mm&r=g","contentUrl":"https:\/\/secure.gravatar.com\/avatar\/?s=96&d=mm&r=g","caption":"benoit rieu"},"url":"https:\/\/blogs.thesocialmedia.com\/leblogmoto\/author\/benoit-rieu\/"}]}},"_links":{"self":[{"href":"https:\/\/blogs.thesocialmedia.com\/leblogmoto\/wp-json\/wp\/v2\/posts\/441","targetHints":{"allow":["GET"]}}],"collection":[{"href":"https:\/\/blogs.thesocialmedia.com\/leblogmoto\/wp-json\/wp\/v2\/posts"}],"about":[{"href":"https:\/\/blogs.thesocialmedia.com\/leblogmoto\/wp-json\/wp\/v2\/types\/post"}],"author":[{"embeddable":true,"href":"https:\/\/blogs.thesocialmedia.com\/leblogmoto\/wp-json\/wp\/v2\/users\/324"}],"replies":[{"embeddable":true,"href":"https:\/\/blogs.thesocialmedia.com\/leblogmoto\/wp-json\/wp\/v2\/comments?post=441"}],"version-history":[{"count":2,"href":"https:\/\/blogs.thesocialmedia.com\/leblogmoto\/wp-json\/wp\/v2\/posts\/441\/revisions"}],"predecessor-version":[{"id":11898,"href":"https:\/\/blogs.thesocialmedia.com\/leblogmoto\/wp-json\/wp\/v2\/posts\/441\/revisions\/11898"}],"wp:attachment":[{"href":"https:\/\/blogs.thesocialmedia.com\/leblogmoto\/wp-json\/wp\/v2\/media?parent=441"}],"wp:term":[{"taxonomy":"category","embeddable":true,"href":"https:\/\/blogs.thesocialmedia.com\/leblogmoto\/wp-json\/wp\/v2\/categories?post=441"},{"taxonomy":"post_tag","embeddable":true,"href":"https:\/\/blogs.thesocialmedia.com\/leblogmoto\/wp-json\/wp\/v2\/tags?post=441"}],"curies":[{"name":"wp","href":"https:\/\/api.w.org\/{rel}","templated":true}]}}