{"id":443,"date":"2008-10-22T00:47:59","date_gmt":"2008-10-22T00:47:59","guid":{"rendered":"http:\/\/blogs.thesocialmedia.com\/leblogmoto\/2008\/10\/22\/peugeot-et-les\/"},"modified":"2012-07-11T16:28:10","modified_gmt":"2012-07-11T16:28:10","slug":"peugeot-et-les","status":"publish","type":"post","link":"https:\/\/blogs.thesocialmedia.com\/leblogmoto\/2008\/10\/22\/peugeot-et-les\/","title":{"rendered":"Peugeot et les m\u00e9galopoles de demain"},"content":{"rendered":"<p><a href=\"http:\/\/blogs.thesocialmedia.com\/leblogmoto\/files\/2012\/07\/peugeot6.jpg\"><img loading=\"lazy\" decoding=\"async\" width=\"470\" height=\"228\"  alt=\"Peugeot6\" src=\"http:\/\/www.leblogmoto.com\/images\/2008\/10\/21\/peugeot6.jpg\" \/><\/a> <\/p>\n<p>Depuis 5 ans, <a href=\"http:\/\/www.peugeot.com\/en\/design\/design-contest\/5th-edition\/the-podium.aspx\">Peugeot<\/a> organise ce concours de design aupr\u00e8s des designers \u00e9mergeant, leur demandant d\u2019imaginer la Peugeot de demain. D\u2019ailleurs, le th\u00e8me \u00e9tait \u00abImaginez la Peugeot des m\u00e9galopoles de demain\u00bb.<\/p>\n<p><a href=\"http:\/\/clabedan.typepad.com\/.shared\/image.html?\/photos\/uncategorized\/2008\/10\/21\/peugeot1.jpg\"><img loading=\"lazy\" decoding=\"async\" width=\"470\" height=\"76\"  alt=\"Peugeot1\" src=\"http:\/\/www.leblogmoto.com\/images\/2008\/10\/21\/peugeot1.jpg\" \/><\/a> <\/p>\n<p>Les participants se devaient de respecter certaines r\u00e8gles comme l\u2019adaptation et le respect du v\u00e9hicule \u00e0 son environnement, l\u2019harmonie avec le milieu, l\u2019efficacit\u00e9 \u00e9nerg\u00e9tique et la mobilit\u00e9 interactive, pour ce que cette derni\u00e8re veut dire, que l\u2019on m\u2019explique parce que \u00e7a me laisse perplexe.<\/p>\n<p><a href=\"http:\/\/blogs.thesocialmedia.com\/leblogmoto\/files\/2012\/07\/peugeot3.jpg\"><img loading=\"lazy\" decoding=\"async\" width=\"470\" height=\"286\"  src=\"http:\/\/www.leblogmoto.com\/images\/2008\/10\/21\/peugeot3.jpg\" alt=\"Peugeot3\" \/><\/a> <\/p>\n<p>Cette ann\u00e9e, le projet laur\u00e9at d\u00e9laisse les 4 roues pour y aller avec un tricycle. Issu de l\u2019imagination et du talent du jeune Colombien Carlos Arturo Torres Tovar, le v\u00e9hicule a la particularit\u00e9 d\u2019\u00eatre articul\u00e9 en son centre pour permettre une plus grande mobilit\u00e9 dans les grands axes urbains \u00e9touff\u00e9s.<br \/>Remarquez, le probl\u00e8me des centres urbains ne se r\u00e8gle pas par la mobilit\u00e9 de la congestion, mais par des moyens de transport collectif non invasif et un environnement s\u00e9curitaire et agr\u00e9able pour les pi\u00e9tons et cyclistes.<br \/>Le RD, c\u2019est son nom, et malgr\u00e9 un air de famille avec la <a href=\"http:\/\/archive.cardesignnews.com\/news\/2002\/020724minority-report\/\">Lexus<\/a> du film <a href=\"http:\/\/fr.wikipedia.org\/wiki\/Minority_Report\">Minority Report<\/a>, il semble un petit v\u00e9hicule excitant \u00e0 conduire, mais pas dans une m\u00e9galopole. Dommage que l&rsquo;on n&rsquo;ait aucune donn\u00e9e sur la motorisation, que l&rsquo;on imagine propre.<\/p>\n<p>Mais Peugeot devrait subventionner des solutions aux d\u00e9fis que devront affronter les villes de demain, plut\u00f4t que des v\u00e9hicules contribuant \u00e0 l\u2019\u00e9gotisme de son propri\u00e9taire.<\/p>\n<p>Pour les curieuses et curieux, le <a href=\"http:\/\/www.leblogmoto.com\/2008\/09\/peugeot-facile.html\">projet pr\u00e9f\u00e9r\u00e9<\/a> de Beno\u00eet qu&rsquo;il vous pr\u00e9sentait le mois dernier.<\/p>\n<p>&nbsp;<\/p>\n<p><a href=\"http:\/\/clabedan.typepad.com\/.shared\/image.html?\/photos\/uncategorized\/2008\/10\/21\/peugeot5.jpg\"><img loading=\"lazy\" decoding=\"async\" width=\"470\" height=\"217\"  src=\"http:\/\/www.leblogmoto.com\/images\/2008\/10\/21\/peugeot5.jpg\" alt=\"Peugeot5\" \/><\/a> <\/p>\n<p><a href=\"http:\/\/blogs.thesocialmedia.com\/leblogmoto\/files\/2012\/07\/peugeot4.jpg\"><img loading=\"lazy\" decoding=\"async\" width=\"470\" height=\"287\"  src=\"http:\/\/www.leblogmoto.com\/images\/2008\/10\/21\/peugeot4.jpg\" alt=\"Peugeot4\" \/><\/a> <\/p>\n<p><a href=\"http:\/\/blogs.thesocialmedia.com\/leblogmoto\/files\/2012\/07\/peugeot2.jpg\"><img loading=\"lazy\" decoding=\"async\" width=\"470\" height=\"336\"  src=\"http:\/\/www.leblogmoto.com\/images\/2008\/10\/21\/peugeot2.jpg\" alt=\"Peugeot2\" \/><\/a> <\/p>\n<p><object width=\"425\" height=\"349\"><param name=\"movie\" value=\"http:\/\/www.youtube.com\/v\/VaCYN5_GQ3c&amp;hl=fr&amp;fs=1&amp;rel=0&amp;border=1\" \/><param name=\"allowFullScreen\" value=\"true\" \/><embed width=\"425\" height=\"349\" src=\"http:\/\/www.youtube.com\/v\/VaCYN5_GQ3c&amp;hl=fr&amp;fs=1&amp;rel=0&amp;border=1\" type=\"application\/x-shockwave-flash\"><\/embed><\/object><\/p>\n","protected":false},"excerpt":{"rendered":"<p>Depuis 5 ans, Peugeot organise ce concours de design aupr\u00e8s des designers \u00e9mergeant, leur demandant d\u2019imaginer la Peugeot de demain. D\u2019ailleurs, le th\u00e8me \u00e9tait \u00abImaginez la Peugeot des m\u00e9galopoles de demain\u00bb. Les participants se devaient de respecter certaines r\u00e8gles comme l\u2019adaptation et le respect du v\u00e9hicule \u00e0 son environnement, l\u2019harmonie avec le milieu, l\u2019efficacit\u00e9 \u00e9nerg\u00e9tique [&hellip;]<\/p>\n","protected":false},"author":325,"featured_media":0,"comment_status":"open","ping_status":"open","sticky":false,"template":"","format":"standard","meta":{"footnotes":""},"categories":[49,33,71],"tags":[],"class_list":["post-443","post","type-post","status-publish","format-standard","hentry","category-actualites-entreprise","category-concept-bike","category-peugeot"],"yoast_head":"<!-- This site is optimized with the Yoast SEO plugin v26.0 - https:\/\/yoast.com\/wordpress\/plugins\/seo\/ -->\n<title>Peugeot et les m\u00e9galopoles de demain - leblogmoto.com<\/title>\n<meta name=\"robots\" content=\"index, follow, max-snippet:-1, max-image-preview:large, max-video-preview:-1\" \/>\n<link rel=\"canonical\" href=\"https:\/\/blogs.thesocialmedia.com\/leblogmoto\/2008\/10\/22\/peugeot-et-les\/\" \/>\n<meta name=\"twitter:card\" content=\"summary_large_image\" \/>\n<meta name=\"twitter:title\" content=\"Peugeot et les m\u00e9galopoles de demain - leblogmoto.com\" \/>\n<meta name=\"twitter:description\" content=\"Depuis 5 ans, Peugeot organise ce concours de design aupr\u00e8s des designers \u00e9mergeant, leur demandant d\u2019imaginer la Peugeot de demain. D\u2019ailleurs, le th\u00e8me \u00e9tait \u00abImaginez la Peugeot des m\u00e9galopoles de demain\u00bb. Les participants se devaient de respecter certaines r\u00e8gles comme l\u2019adaptation et le respect du v\u00e9hicule \u00e0 son environnement, l\u2019harmonie avec le milieu, l\u2019efficacit\u00e9 \u00e9nerg\u00e9tique [&hellip;]\" \/>\n<meta name=\"twitter:image\" content=\"http:\/\/www.leblogmoto.com\/images\/2008\/10\/21\/peugeot6.jpg\" \/>\n<meta name=\"twitter:label1\" content=\"\u00c9crit par\" \/>\n\t<meta name=\"twitter:data1\" content=\"jacques lesage\" \/>\n\t<meta name=\"twitter:label2\" content=\"Dur\u00e9e de lecture estim\u00e9e\" \/>\n\t<meta name=\"twitter:data2\" content=\"1 minute\" \/>\n<script type=\"application\/ld+json\" class=\"yoast-schema-graph\">{\"@context\":\"https:\/\/schema.org\",\"@graph\":[{\"@type\":\"WebPage\",\"@id\":\"https:\/\/blogs.thesocialmedia.com\/leblogmoto\/2008\/10\/22\/peugeot-et-les\/\",\"url\":\"https:\/\/blogs.thesocialmedia.com\/leblogmoto\/2008\/10\/22\/peugeot-et-les\/\",\"name\":\"Peugeot et les m\u00e9galopoles de demain - leblogmoto.com\",\"isPartOf\":{\"@id\":\"https:\/\/blogs.thesocialmedia.com\/leblogmoto\/#website\"},\"primaryImageOfPage\":{\"@id\":\"https:\/\/blogs.thesocialmedia.com\/leblogmoto\/2008\/10\/22\/peugeot-et-les\/#primaryimage\"},\"image\":{\"@id\":\"https:\/\/blogs.thesocialmedia.com\/leblogmoto\/2008\/10\/22\/peugeot-et-les\/#primaryimage\"},\"thumbnailUrl\":\"http:\/\/www.leblogmoto.com\/images\/2008\/10\/21\/peugeot6.jpg\",\"datePublished\":\"2008-10-22T00:47:59+00:00\",\"dateModified\":\"2012-07-11T16:28:10+00:00\",\"author\":{\"@id\":\"https:\/\/blogs.thesocialmedia.com\/leblogmoto\/#\/schema\/person\/e82a0ca8a9a63d031586097a3ed58526\"},\"breadcrumb\":{\"@id\":\"https:\/\/blogs.thesocialmedia.com\/leblogmoto\/2008\/10\/22\/peugeot-et-les\/#breadcrumb\"},\"inLanguage\":\"fr-FR\",\"potentialAction\":[{\"@type\":\"ReadAction\",\"target\":[\"https:\/\/blogs.thesocialmedia.com\/leblogmoto\/2008\/10\/22\/peugeot-et-les\/\"]}]},{\"@type\":\"ImageObject\",\"inLanguage\":\"fr-FR\",\"@id\":\"https:\/\/blogs.thesocialmedia.com\/leblogmoto\/2008\/10\/22\/peugeot-et-les\/#primaryimage\",\"url\":\"http:\/\/www.leblogmoto.com\/images\/2008\/10\/21\/peugeot6.jpg\",\"contentUrl\":\"http:\/\/www.leblogmoto.com\/images\/2008\/10\/21\/peugeot6.jpg\"},{\"@type\":\"BreadcrumbList\",\"@id\":\"https:\/\/blogs.thesocialmedia.com\/leblogmoto\/2008\/10\/22\/peugeot-et-les\/#breadcrumb\",\"itemListElement\":[{\"@type\":\"ListItem\",\"position\":1,\"name\":\"Accueil\",\"item\":\"https:\/\/blogs.thesocialmedia.com\/leblogmoto\/\"},{\"@type\":\"ListItem\",\"position\":2,\"name\":\"Peugeot et les m\u00e9galopoles de demain\"}]},{\"@type\":\"WebSite\",\"@id\":\"https:\/\/blogs.thesocialmedia.com\/leblogmoto\/#website\",\"url\":\"https:\/\/blogs.thesocialmedia.com\/leblogmoto\/\",\"name\":\"leblogmoto\",\"description\":\"Toute l&#039;actualit\u00e9 des 2 roues\",\"potentialAction\":[{\"@type\":\"SearchAction\",\"target\":{\"@type\":\"EntryPoint\",\"urlTemplate\":\"https:\/\/blogs.thesocialmedia.com\/leblogmoto\/?s={search_term_string}\"},\"query-input\":{\"@type\":\"PropertyValueSpecification\",\"valueRequired\":true,\"valueName\":\"search_term_string\"}}],\"inLanguage\":\"fr-FR\"},{\"@type\":\"Person\",\"@id\":\"https:\/\/blogs.thesocialmedia.com\/leblogmoto\/#\/schema\/person\/e82a0ca8a9a63d031586097a3ed58526\",\"name\":\"jacques lesage\",\"image\":{\"@type\":\"ImageObject\",\"inLanguage\":\"fr-FR\",\"@id\":\"https:\/\/blogs.thesocialmedia.com\/leblogmoto\/#\/schema\/person\/image\/\",\"url\":\"https:\/\/secure.gravatar.com\/avatar\/?s=96&d=mm&r=g\",\"contentUrl\":\"https:\/\/secure.gravatar.com\/avatar\/?s=96&d=mm&r=g\",\"caption\":\"jacques lesage\"},\"url\":\"https:\/\/blogs.thesocialmedia.com\/leblogmoto\/author\/jacques-lesage\/\"}]}<\/script>\n<!-- \/ Yoast SEO plugin. -->","yoast_head_json":{"title":"Peugeot et les m\u00e9galopoles de demain - leblogmoto.com","robots":{"index":"index","follow":"follow","max-snippet":"max-snippet:-1","max-image-preview":"max-image-preview:large","max-video-preview":"max-video-preview:-1"},"canonical":"https:\/\/blogs.thesocialmedia.com\/leblogmoto\/2008\/10\/22\/peugeot-et-les\/","twitter_card":"summary_large_image","twitter_title":"Peugeot et les m\u00e9galopoles de demain - leblogmoto.com","twitter_description":"Depuis 5 ans, Peugeot organise ce concours de design aupr\u00e8s des designers \u00e9mergeant, leur demandant d\u2019imaginer la Peugeot de demain. D\u2019ailleurs, le th\u00e8me \u00e9tait \u00abImaginez la Peugeot des m\u00e9galopoles de demain\u00bb. Les participants se devaient de respecter certaines r\u00e8gles comme l\u2019adaptation et le respect du v\u00e9hicule \u00e0 son environnement, l\u2019harmonie avec le milieu, l\u2019efficacit\u00e9 \u00e9nerg\u00e9tique [&hellip;]","twitter_image":"http:\/\/www.leblogmoto.com\/images\/2008\/10\/21\/peugeot6.jpg","twitter_misc":{"\u00c9crit par":"jacques lesage","Dur\u00e9e de lecture estim\u00e9e":"1 minute"},"schema":{"@context":"https:\/\/schema.org","@graph":[{"@type":"WebPage","@id":"https:\/\/blogs.thesocialmedia.com\/leblogmoto\/2008\/10\/22\/peugeot-et-les\/","url":"https:\/\/blogs.thesocialmedia.com\/leblogmoto\/2008\/10\/22\/peugeot-et-les\/","name":"Peugeot et les m\u00e9galopoles de demain - leblogmoto.com","isPartOf":{"@id":"https:\/\/blogs.thesocialmedia.com\/leblogmoto\/#website"},"primaryImageOfPage":{"@id":"https:\/\/blogs.thesocialmedia.com\/leblogmoto\/2008\/10\/22\/peugeot-et-les\/#primaryimage"},"image":{"@id":"https:\/\/blogs.thesocialmedia.com\/leblogmoto\/2008\/10\/22\/peugeot-et-les\/#primaryimage"},"thumbnailUrl":"http:\/\/www.leblogmoto.com\/images\/2008\/10\/21\/peugeot6.jpg","datePublished":"2008-10-22T00:47:59+00:00","dateModified":"2012-07-11T16:28:10+00:00","author":{"@id":"https:\/\/blogs.thesocialmedia.com\/leblogmoto\/#\/schema\/person\/e82a0ca8a9a63d031586097a3ed58526"},"breadcrumb":{"@id":"https:\/\/blogs.thesocialmedia.com\/leblogmoto\/2008\/10\/22\/peugeot-et-les\/#breadcrumb"},"inLanguage":"fr-FR","potentialAction":[{"@type":"ReadAction","target":["https:\/\/blogs.thesocialmedia.com\/leblogmoto\/2008\/10\/22\/peugeot-et-les\/"]}]},{"@type":"ImageObject","inLanguage":"fr-FR","@id":"https:\/\/blogs.thesocialmedia.com\/leblogmoto\/2008\/10\/22\/peugeot-et-les\/#primaryimage","url":"http:\/\/www.leblogmoto.com\/images\/2008\/10\/21\/peugeot6.jpg","contentUrl":"http:\/\/www.leblogmoto.com\/images\/2008\/10\/21\/peugeot6.jpg"},{"@type":"BreadcrumbList","@id":"https:\/\/blogs.thesocialmedia.com\/leblogmoto\/2008\/10\/22\/peugeot-et-les\/#breadcrumb","itemListElement":[{"@type":"ListItem","position":1,"name":"Accueil","item":"https:\/\/blogs.thesocialmedia.com\/leblogmoto\/"},{"@type":"ListItem","position":2,"name":"Peugeot et les m\u00e9galopoles de demain"}]},{"@type":"WebSite","@id":"https:\/\/blogs.thesocialmedia.com\/leblogmoto\/#website","url":"https:\/\/blogs.thesocialmedia.com\/leblogmoto\/","name":"leblogmoto","description":"Toute l&#039;actualit\u00e9 des 2 roues","potentialAction":[{"@type":"SearchAction","target":{"@type":"EntryPoint","urlTemplate":"https:\/\/blogs.thesocialmedia.com\/leblogmoto\/?s={search_term_string}"},"query-input":{"@type":"PropertyValueSpecification","valueRequired":true,"valueName":"search_term_string"}}],"inLanguage":"fr-FR"},{"@type":"Person","@id":"https:\/\/blogs.thesocialmedia.com\/leblogmoto\/#\/schema\/person\/e82a0ca8a9a63d031586097a3ed58526","name":"jacques lesage","image":{"@type":"ImageObject","inLanguage":"fr-FR","@id":"https:\/\/blogs.thesocialmedia.com\/leblogmoto\/#\/schema\/person\/image\/","url":"https:\/\/secure.gravatar.com\/avatar\/?s=96&d=mm&r=g","contentUrl":"https:\/\/secure.gravatar.com\/avatar\/?s=96&d=mm&r=g","caption":"jacques lesage"},"url":"https:\/\/blogs.thesocialmedia.com\/leblogmoto\/author\/jacques-lesage\/"}]}},"_links":{"self":[{"href":"https:\/\/blogs.thesocialmedia.com\/leblogmoto\/wp-json\/wp\/v2\/posts\/443","targetHints":{"allow":["GET"]}}],"collection":[{"href":"https:\/\/blogs.thesocialmedia.com\/leblogmoto\/wp-json\/wp\/v2\/posts"}],"about":[{"href":"https:\/\/blogs.thesocialmedia.com\/leblogmoto\/wp-json\/wp\/v2\/types\/post"}],"author":[{"embeddable":true,"href":"https:\/\/blogs.thesocialmedia.com\/leblogmoto\/wp-json\/wp\/v2\/users\/325"}],"replies":[{"embeddable":true,"href":"https:\/\/blogs.thesocialmedia.com\/leblogmoto\/wp-json\/wp\/v2\/comments?post=443"}],"version-history":[{"count":2,"href":"https:\/\/blogs.thesocialmedia.com\/leblogmoto\/wp-json\/wp\/v2\/posts\/443\/revisions"}],"predecessor-version":[{"id":11890,"href":"https:\/\/blogs.thesocialmedia.com\/leblogmoto\/wp-json\/wp\/v2\/posts\/443\/revisions\/11890"}],"wp:attachment":[{"href":"https:\/\/blogs.thesocialmedia.com\/leblogmoto\/wp-json\/wp\/v2\/media?parent=443"}],"wp:term":[{"taxonomy":"category","embeddable":true,"href":"https:\/\/blogs.thesocialmedia.com\/leblogmoto\/wp-json\/wp\/v2\/categories?post=443"},{"taxonomy":"post_tag","embeddable":true,"href":"https:\/\/blogs.thesocialmedia.com\/leblogmoto\/wp-json\/wp\/v2\/tags?post=443"}],"curies":[{"name":"wp","href":"https:\/\/api.w.org\/{rel}","templated":true}]}}