{"id":444,"date":"2008-10-21T18:31:22","date_gmt":"2008-10-21T18:31:22","guid":{"rendered":"http:\/\/blogs.thesocialmedia.com\/leblogmoto\/2008\/10\/21\/roof-boxer-doub\/"},"modified":"2012-07-11T16:28:04","modified_gmt":"2012-07-11T16:28:04","slug":"roof-boxer-doub","status":"publish","type":"post","link":"https:\/\/blogs.thesocialmedia.com\/leblogmoto\/2008\/10\/21\/roof-boxer-doub\/","title":{"rendered":"Roof Boxer double homologation Jet\/Int\u00e9gral"},"content":{"rendered":"<p><a href=\"http:\/\/blogs.thesocialmedia.com\/leblogmoto\/files\/2012\/07\/boxer_orangenr_profil_ouvert.jpg\"><img loading=\"lazy\" decoding=\"async\" height=\"470\"  width=\"470\" alt=\"Boxer_orangenr_profil_ouvert\" src=\"http:\/\/www.leblogmoto.com\/images\/2008\/10\/21\/boxer_orangenr_profil_ouvert.jpg\" \/><\/a>Le mod\u00e8le phare de la marque Roof est d\u00e9sormais homologu\u00e9 E22-05 Jet <u><strong>et<\/strong><\/u> Int\u00e9gral. Pour obtenir cette double homologation le <a href=\"http:\/\/www.boxerv8.com\/\">Boxer<\/a> n&rsquo;a subit aucune modification conceptuelle ou structurelle.<\/p>\n<p> Il faut savoir que la quasi totalit\u00e9 des casques modulables vendus ne sont pas homologu\u00e9s en version jet. C&rsquo;est \u00e0 dire que le casque est fait pour \u00eatre utilis\u00e9 en position ferm\u00e9e, la position ouverte ne devant servir que lorsque l&rsquo;on est l&rsquo;arr\u00eat. <\/p>\n<p>Dans la pratique on voit beaucoup de monde rouler en ville et en p\u00e9riph\u00e9rie avec un modulable ouvert ce qui est \u00e9videmment dangereux. Je ne suis pas sur que les nombreux usagers de casques modulables agissent ainsi en r\u00e9elle connaissance de cause.<\/p>\n<p>A ma connaissance seuls les mod\u00e8les<br \/>&#8211; <a href=\"http:\/\/www.shark-evoline.com\/\">Shark EvoLine<\/a><br \/>&#8211; <a href=\"http:\/\/www.nolan.it\/catalogo_09.jsp?iditem=207&amp;lng=en\">Nolan N43 Air<\/a><br \/>b\u00e9n\u00e9ficient aussi de la double homologation.<\/p>\n<p>Si vous connaissez d&rsquo;autres mod\u00e8les avec la double homologation, n&rsquo;h\u00e9sitez pas \u00e0 nous en faire part en commentaires.<\/p>\n","protected":false},"excerpt":{"rendered":"<p>Le mod\u00e8le phare de la marque Roof est d\u00e9sormais homologu\u00e9 E22-05 Jet et Int\u00e9gral. Pour obtenir cette double homologation le Boxer n&rsquo;a subit aucune modification conceptuelle ou structurelle. Il faut savoir que la quasi totalit\u00e9 des casques modulables vendus ne sont pas homologu\u00e9s en version jet. C&rsquo;est \u00e0 dire que le casque est fait pour [&hellip;]<\/p>\n","protected":false},"author":328,"featured_media":0,"comment_status":"open","ping_status":"open","sticky":false,"template":"","format":"standard","meta":{"footnotes":""},"categories":[3,56,19,27],"tags":[],"class_list":["post-444","post","type-post","status-publish","format-standard","hentry","category-actualite","category-protections","category-scooter","category-securite"],"yoast_head":"<!-- This site is optimized with the Yoast SEO plugin v26.0 - https:\/\/yoast.com\/wordpress\/plugins\/seo\/ -->\n<title>Roof Boxer double homologation Jet\/Int\u00e9gral - leblogmoto.com<\/title>\n<meta name=\"robots\" content=\"index, follow, max-snippet:-1, max-image-preview:large, max-video-preview:-1\" \/>\n<link rel=\"canonical\" href=\"https:\/\/blogs.thesocialmedia.com\/leblogmoto\/2008\/10\/21\/roof-boxer-doub\/\" \/>\n<meta name=\"twitter:card\" content=\"summary_large_image\" \/>\n<meta name=\"twitter:title\" content=\"Roof Boxer double homologation Jet\/Int\u00e9gral - leblogmoto.com\" \/>\n<meta name=\"twitter:description\" content=\"Le mod\u00e8le phare de la marque Roof est d\u00e9sormais homologu\u00e9 E22-05 Jet et Int\u00e9gral. Pour obtenir cette double homologation le Boxer n&rsquo;a subit aucune modification conceptuelle ou structurelle. Il faut savoir que la quasi totalit\u00e9 des casques modulables vendus ne sont pas homologu\u00e9s en version jet. C&rsquo;est \u00e0 dire que le casque est fait pour [&hellip;]\" \/>\n<meta name=\"twitter:image\" content=\"http:\/\/www.leblogmoto.com\/images\/2008\/10\/21\/boxer_orangenr_profil_ouvert.jpg\" \/>\n<meta name=\"twitter:label1\" content=\"\u00c9crit par\" \/>\n\t<meta name=\"twitter:data1\" content=\"thomas ceccaldi\" \/>\n\t<meta name=\"twitter:label2\" content=\"Dur\u00e9e de lecture estim\u00e9e\" \/>\n\t<meta name=\"twitter:data2\" content=\"1 minute\" \/>\n<script type=\"application\/ld+json\" class=\"yoast-schema-graph\">{\"@context\":\"https:\/\/schema.org\",\"@graph\":[{\"@type\":\"WebPage\",\"@id\":\"https:\/\/blogs.thesocialmedia.com\/leblogmoto\/2008\/10\/21\/roof-boxer-doub\/\",\"url\":\"https:\/\/blogs.thesocialmedia.com\/leblogmoto\/2008\/10\/21\/roof-boxer-doub\/\",\"name\":\"Roof Boxer double homologation Jet\/Int\u00e9gral - leblogmoto.com\",\"isPartOf\":{\"@id\":\"https:\/\/blogs.thesocialmedia.com\/leblogmoto\/#website\"},\"primaryImageOfPage\":{\"@id\":\"https:\/\/blogs.thesocialmedia.com\/leblogmoto\/2008\/10\/21\/roof-boxer-doub\/#primaryimage\"},\"image\":{\"@id\":\"https:\/\/blogs.thesocialmedia.com\/leblogmoto\/2008\/10\/21\/roof-boxer-doub\/#primaryimage\"},\"thumbnailUrl\":\"http:\/\/www.leblogmoto.com\/images\/2008\/10\/21\/boxer_orangenr_profil_ouvert.jpg\",\"datePublished\":\"2008-10-21T18:31:22+00:00\",\"dateModified\":\"2012-07-11T16:28:04+00:00\",\"author\":{\"@id\":\"https:\/\/blogs.thesocialmedia.com\/leblogmoto\/#\/schema\/person\/55a1b27eb27b853144bd098e110e31f7\"},\"breadcrumb\":{\"@id\":\"https:\/\/blogs.thesocialmedia.com\/leblogmoto\/2008\/10\/21\/roof-boxer-doub\/#breadcrumb\"},\"inLanguage\":\"fr-FR\",\"potentialAction\":[{\"@type\":\"ReadAction\",\"target\":[\"https:\/\/blogs.thesocialmedia.com\/leblogmoto\/2008\/10\/21\/roof-boxer-doub\/\"]}]},{\"@type\":\"ImageObject\",\"inLanguage\":\"fr-FR\",\"@id\":\"https:\/\/blogs.thesocialmedia.com\/leblogmoto\/2008\/10\/21\/roof-boxer-doub\/#primaryimage\",\"url\":\"http:\/\/www.leblogmoto.com\/images\/2008\/10\/21\/boxer_orangenr_profil_ouvert.jpg\",\"contentUrl\":\"http:\/\/www.leblogmoto.com\/images\/2008\/10\/21\/boxer_orangenr_profil_ouvert.jpg\"},{\"@type\":\"BreadcrumbList\",\"@id\":\"https:\/\/blogs.thesocialmedia.com\/leblogmoto\/2008\/10\/21\/roof-boxer-doub\/#breadcrumb\",\"itemListElement\":[{\"@type\":\"ListItem\",\"position\":1,\"name\":\"Accueil\",\"item\":\"https:\/\/blogs.thesocialmedia.com\/leblogmoto\/\"},{\"@type\":\"ListItem\",\"position\":2,\"name\":\"Roof Boxer double homologation Jet\/Int\u00e9gral\"}]},{\"@type\":\"WebSite\",\"@id\":\"https:\/\/blogs.thesocialmedia.com\/leblogmoto\/#website\",\"url\":\"https:\/\/blogs.thesocialmedia.com\/leblogmoto\/\",\"name\":\"leblogmoto\",\"description\":\"Toute l&#039;actualit\u00e9 des 2 roues\",\"potentialAction\":[{\"@type\":\"SearchAction\",\"target\":{\"@type\":\"EntryPoint\",\"urlTemplate\":\"https:\/\/blogs.thesocialmedia.com\/leblogmoto\/?s={search_term_string}\"},\"query-input\":{\"@type\":\"PropertyValueSpecification\",\"valueRequired\":true,\"valueName\":\"search_term_string\"}}],\"inLanguage\":\"fr-FR\"},{\"@type\":\"Person\",\"@id\":\"https:\/\/blogs.thesocialmedia.com\/leblogmoto\/#\/schema\/person\/55a1b27eb27b853144bd098e110e31f7\",\"name\":\"thomas ceccaldi\",\"image\":{\"@type\":\"ImageObject\",\"inLanguage\":\"fr-FR\",\"@id\":\"https:\/\/blogs.thesocialmedia.com\/leblogmoto\/#\/schema\/person\/image\/\",\"url\":\"https:\/\/secure.gravatar.com\/avatar\/?s=96&d=mm&r=g\",\"contentUrl\":\"https:\/\/secure.gravatar.com\/avatar\/?s=96&d=mm&r=g\",\"caption\":\"thomas ceccaldi\"},\"url\":\"https:\/\/blogs.thesocialmedia.com\/leblogmoto\/author\/thomas-ceccaldi\/\"}]}<\/script>\n<!-- \/ Yoast SEO plugin. -->","yoast_head_json":{"title":"Roof Boxer double homologation Jet\/Int\u00e9gral - leblogmoto.com","robots":{"index":"index","follow":"follow","max-snippet":"max-snippet:-1","max-image-preview":"max-image-preview:large","max-video-preview":"max-video-preview:-1"},"canonical":"https:\/\/blogs.thesocialmedia.com\/leblogmoto\/2008\/10\/21\/roof-boxer-doub\/","twitter_card":"summary_large_image","twitter_title":"Roof Boxer double homologation Jet\/Int\u00e9gral - leblogmoto.com","twitter_description":"Le mod\u00e8le phare de la marque Roof est d\u00e9sormais homologu\u00e9 E22-05 Jet et Int\u00e9gral. Pour obtenir cette double homologation le Boxer n&rsquo;a subit aucune modification conceptuelle ou structurelle. Il faut savoir que la quasi totalit\u00e9 des casques modulables vendus ne sont pas homologu\u00e9s en version jet. C&rsquo;est \u00e0 dire que le casque est fait pour [&hellip;]","twitter_image":"http:\/\/www.leblogmoto.com\/images\/2008\/10\/21\/boxer_orangenr_profil_ouvert.jpg","twitter_misc":{"\u00c9crit par":"thomas ceccaldi","Dur\u00e9e de lecture estim\u00e9e":"1 minute"},"schema":{"@context":"https:\/\/schema.org","@graph":[{"@type":"WebPage","@id":"https:\/\/blogs.thesocialmedia.com\/leblogmoto\/2008\/10\/21\/roof-boxer-doub\/","url":"https:\/\/blogs.thesocialmedia.com\/leblogmoto\/2008\/10\/21\/roof-boxer-doub\/","name":"Roof Boxer double homologation Jet\/Int\u00e9gral - leblogmoto.com","isPartOf":{"@id":"https:\/\/blogs.thesocialmedia.com\/leblogmoto\/#website"},"primaryImageOfPage":{"@id":"https:\/\/blogs.thesocialmedia.com\/leblogmoto\/2008\/10\/21\/roof-boxer-doub\/#primaryimage"},"image":{"@id":"https:\/\/blogs.thesocialmedia.com\/leblogmoto\/2008\/10\/21\/roof-boxer-doub\/#primaryimage"},"thumbnailUrl":"http:\/\/www.leblogmoto.com\/images\/2008\/10\/21\/boxer_orangenr_profil_ouvert.jpg","datePublished":"2008-10-21T18:31:22+00:00","dateModified":"2012-07-11T16:28:04+00:00","author":{"@id":"https:\/\/blogs.thesocialmedia.com\/leblogmoto\/#\/schema\/person\/55a1b27eb27b853144bd098e110e31f7"},"breadcrumb":{"@id":"https:\/\/blogs.thesocialmedia.com\/leblogmoto\/2008\/10\/21\/roof-boxer-doub\/#breadcrumb"},"inLanguage":"fr-FR","potentialAction":[{"@type":"ReadAction","target":["https:\/\/blogs.thesocialmedia.com\/leblogmoto\/2008\/10\/21\/roof-boxer-doub\/"]}]},{"@type":"ImageObject","inLanguage":"fr-FR","@id":"https:\/\/blogs.thesocialmedia.com\/leblogmoto\/2008\/10\/21\/roof-boxer-doub\/#primaryimage","url":"http:\/\/www.leblogmoto.com\/images\/2008\/10\/21\/boxer_orangenr_profil_ouvert.jpg","contentUrl":"http:\/\/www.leblogmoto.com\/images\/2008\/10\/21\/boxer_orangenr_profil_ouvert.jpg"},{"@type":"BreadcrumbList","@id":"https:\/\/blogs.thesocialmedia.com\/leblogmoto\/2008\/10\/21\/roof-boxer-doub\/#breadcrumb","itemListElement":[{"@type":"ListItem","position":1,"name":"Accueil","item":"https:\/\/blogs.thesocialmedia.com\/leblogmoto\/"},{"@type":"ListItem","position":2,"name":"Roof Boxer double homologation Jet\/Int\u00e9gral"}]},{"@type":"WebSite","@id":"https:\/\/blogs.thesocialmedia.com\/leblogmoto\/#website","url":"https:\/\/blogs.thesocialmedia.com\/leblogmoto\/","name":"leblogmoto","description":"Toute l&#039;actualit\u00e9 des 2 roues","potentialAction":[{"@type":"SearchAction","target":{"@type":"EntryPoint","urlTemplate":"https:\/\/blogs.thesocialmedia.com\/leblogmoto\/?s={search_term_string}"},"query-input":{"@type":"PropertyValueSpecification","valueRequired":true,"valueName":"search_term_string"}}],"inLanguage":"fr-FR"},{"@type":"Person","@id":"https:\/\/blogs.thesocialmedia.com\/leblogmoto\/#\/schema\/person\/55a1b27eb27b853144bd098e110e31f7","name":"thomas ceccaldi","image":{"@type":"ImageObject","inLanguage":"fr-FR","@id":"https:\/\/blogs.thesocialmedia.com\/leblogmoto\/#\/schema\/person\/image\/","url":"https:\/\/secure.gravatar.com\/avatar\/?s=96&d=mm&r=g","contentUrl":"https:\/\/secure.gravatar.com\/avatar\/?s=96&d=mm&r=g","caption":"thomas ceccaldi"},"url":"https:\/\/blogs.thesocialmedia.com\/leblogmoto\/author\/thomas-ceccaldi\/"}]}},"_links":{"self":[{"href":"https:\/\/blogs.thesocialmedia.com\/leblogmoto\/wp-json\/wp\/v2\/posts\/444","targetHints":{"allow":["GET"]}}],"collection":[{"href":"https:\/\/blogs.thesocialmedia.com\/leblogmoto\/wp-json\/wp\/v2\/posts"}],"about":[{"href":"https:\/\/blogs.thesocialmedia.com\/leblogmoto\/wp-json\/wp\/v2\/types\/post"}],"author":[{"embeddable":true,"href":"https:\/\/blogs.thesocialmedia.com\/leblogmoto\/wp-json\/wp\/v2\/users\/328"}],"replies":[{"embeddable":true,"href":"https:\/\/blogs.thesocialmedia.com\/leblogmoto\/wp-json\/wp\/v2\/comments?post=444"}],"version-history":[{"count":2,"href":"https:\/\/blogs.thesocialmedia.com\/leblogmoto\/wp-json\/wp\/v2\/posts\/444\/revisions"}],"predecessor-version":[{"id":11885,"href":"https:\/\/blogs.thesocialmedia.com\/leblogmoto\/wp-json\/wp\/v2\/posts\/444\/revisions\/11885"}],"wp:attachment":[{"href":"https:\/\/blogs.thesocialmedia.com\/leblogmoto\/wp-json\/wp\/v2\/media?parent=444"}],"wp:term":[{"taxonomy":"category","embeddable":true,"href":"https:\/\/blogs.thesocialmedia.com\/leblogmoto\/wp-json\/wp\/v2\/categories?post=444"},{"taxonomy":"post_tag","embeddable":true,"href":"https:\/\/blogs.thesocialmedia.com\/leblogmoto\/wp-json\/wp\/v2\/tags?post=444"}],"curies":[{"name":"wp","href":"https:\/\/api.w.org\/{rel}","templated":true}]}}