{"id":446,"date":"2008-10-18T23:50:16","date_gmt":"2008-10-18T23:50:16","guid":{"rendered":"http:\/\/blogs.thesocialmedia.com\/leblogmoto\/2008\/10\/18\/pedrosa-en-pole\/"},"modified":"2012-07-11T16:27:53","modified_gmt":"2012-07-11T16:27:53","slug":"pedrosa-en-pole","status":"publish","type":"post","link":"https:\/\/blogs.thesocialmedia.com\/leblogmoto\/2008\/10\/18\/pedrosa-en-pole\/","title":{"rendered":"Pedrosa \u00e0 l&rsquo;arrach\u00e9, pour sa premi\u00e8re pole en Bridge."},"content":{"rendered":"<p><a href=\"http:\/\/blogs.thesocialmedia.com\/leblogmoto\/files\/2012\/07\/pedrosa1.jpg\"><img loading=\"lazy\" decoding=\"async\" height=\"354\"  width=\"470\" src=\"http:\/\/www.leblogmoto.com\/images\/2008\/10\/18\/pedrosa.jpg\" alt=\"Pedrosa\" \/><\/a><\/p>\n<p>C&rsquo;est seulement dans son dernier tour de qualifs au Grand Prix de Malaisie \u00e0 Sepang que le jeune pilote espagnol \u00e0 d\u00e9poss\u00e9d\u00e9 Rossi de sa pole position pour 0.405sec. Le futur <a href=\"http:\/\/blogs.thesocialmedia.com\/leblogmoto\/files\/2012\/07\/alors-la-chance.html_.png\">champion du monde 2008<\/a> est deuxi\u00e8me, devan\u00e7ant son co\u00e9quipier de chez Fiat\/Yamaha, Jorge Lorenzo. La seconde ligne est occup\u00e9e par les Am\u00e9ricains Nicky Hayden et Colin Edwards, repoussant Andrea Dovizioso &#8211; l&rsquo;homme plus c\u00e9l\u00e8bre pour ses couvres-chefs atypiques que pour ses r\u00e9sultats &#8211; en sixi\u00e8me position. Mauvaise prestation finale du champion en titre, Casey Stoner, l&rsquo;Australien ne d\u00e9crochant que la septi\u00e8me place. Le d\u00e9but de la s\u00e9ance qualificative n&rsquo;\u00e9tait pas plac\u00e9e sous les meilleurs auspices, la piste \u00e9tant mouill\u00e9e. A la grande surprise de leur team, ce sont les pilotes Shinya Nakano et Chris Vermeulen qui h\u00e9riteront tour \u00e0 tour de la place la plus haute sur la grille des temps. Mais ces deux-l\u00e0 firent long feu sur le s\u00e9chant.<\/p>\n<p>Apr\u00e8s de nombreux rebondissements, Dovizioso et Vale se succ\u00e8deront au meilleur chrono, \u00e0 pr\u00e9sent chauss\u00e9s de leur gommes de qualifs. Au seuil de la derni\u00e8re minute ce sont encore ces deux Italiens qui r\u00e9alis\u00e8rent les meilleurs tours, avant que Jorge, Nicky, Colin puis finalement Dani ne leur subtilise le meilleur temps, en 2:01.548; devant un Valentino qui, avec ses 2.01.957, et dans une ultime tentative pensait certainement avoir fait le plus dur.<\/p>\n<p><a href=\"http:\/\/clabedan.typepad.com\/.shared\/image.html?\/photos\/uncategorized\/2008\/10\/18\/pedrosa_2.jpg\"><img loading=\"lazy\" decoding=\"async\" height=\"308\"  width=\"470\" src=\"http:\/\/www.leblogmoto.com\/images\/2008\/10\/18\/pedrosa_2.jpg\" alt=\"Pedrosa_2\" \/><\/a><\/p>\n<p><strong>Malaysian MotoGP qualifying result:<\/strong> <\/p>\n<p>1 D Pedrosa (Spn) Honda 2:01.548<br \/> 2 V Rossi (Ita) Yamaha 2:01.957<br \/> 3 J Lorenzo (Spn) Yamaha 2:02.171<br \/> 4 N Hayden (US) Honda 2:02.192<br \/> 5 C Edwards (US) Yamaha 2:02.245<br \/> 6 A Dovizioso (Ita) Honda 2:02.836<br \/> 7 C Stoner (Aus) Ducati 2:02.953<br \/> 8 L Capirossi (Ita) Suzuki 2:03.078<br \/> 9 R de Puniet (Fr) Honda 2:03.110<br \/> 10 J Hopkins (US) Kawasaki 2:03.184 <\/p>\n<p><strong>250cc qualifying result:<\/strong> <\/p>\n<p>1 M Simoncelli (Ita) Gilera 2mins 07.109secs<br \/> 2 A Bautista (Spa) Aprilia 2:07.444<br \/> 3 H Aoyama (Jpn) KTM 2:07.535  <\/p>\n<p><strong>125cc qualifying result:<\/strong> <\/p>\n<p>1 L Zanetti (Ita) KTM 2:28.760<br \/> 2 P Espargaro (Spn) Derbi 2:30.385<br \/> 3 S Gadea (Spn) Aprilia 2:30.386<br \/> 4 D Webb (GB) Aprilia 2:30.611<\/p>\n","protected":false},"excerpt":{"rendered":"<p>C&rsquo;est seulement dans son dernier tour de qualifs au Grand Prix de Malaisie \u00e0 Sepang que le jeune pilote espagnol \u00e0 d\u00e9poss\u00e9d\u00e9 Rossi de sa pole position pour 0.405sec. Le futur champion du monde 2008 est deuxi\u00e8me, devan\u00e7ant son co\u00e9quipier de chez Fiat\/Yamaha, Jorge Lorenzo. La seconde ligne est occup\u00e9e par les Am\u00e9ricains Nicky Hayden [&hellip;]<\/p>\n","protected":false},"author":324,"featured_media":0,"comment_status":"open","ping_status":"open","sticky":false,"template":"","format":"standard","meta":{"footnotes":""},"categories":[3,22],"tags":[],"class_list":["post-446","post","type-post","status-publish","format-standard","hentry","category-actualite","category-motogp"],"yoast_head":"<!-- This site is optimized with the Yoast SEO plugin v26.0 - https:\/\/yoast.com\/wordpress\/plugins\/seo\/ -->\n<title>Pedrosa \u00e0 l&#039;arrach\u00e9, pour sa premi\u00e8re pole en Bridge. - leblogmoto.com<\/title>\n<meta name=\"robots\" content=\"index, follow, max-snippet:-1, max-image-preview:large, max-video-preview:-1\" \/>\n<link rel=\"canonical\" href=\"https:\/\/blogs.thesocialmedia.com\/leblogmoto\/2008\/10\/18\/pedrosa-en-pole\/\" \/>\n<meta name=\"twitter:card\" content=\"summary_large_image\" \/>\n<meta name=\"twitter:title\" content=\"Pedrosa \u00e0 l&#039;arrach\u00e9, pour sa premi\u00e8re pole en Bridge. - leblogmoto.com\" \/>\n<meta name=\"twitter:description\" content=\"C&rsquo;est seulement dans son dernier tour de qualifs au Grand Prix de Malaisie \u00e0 Sepang que le jeune pilote espagnol \u00e0 d\u00e9poss\u00e9d\u00e9 Rossi de sa pole position pour 0.405sec. Le futur champion du monde 2008 est deuxi\u00e8me, devan\u00e7ant son co\u00e9quipier de chez Fiat\/Yamaha, Jorge Lorenzo. La seconde ligne est occup\u00e9e par les Am\u00e9ricains Nicky Hayden [&hellip;]\" \/>\n<meta name=\"twitter:image\" content=\"http:\/\/www.leblogmoto.com\/images\/2008\/10\/18\/pedrosa.jpg\" \/>\n<meta name=\"twitter:label1\" content=\"\u00c9crit par\" \/>\n\t<meta name=\"twitter:data1\" content=\"benoit rieu\" \/>\n\t<meta name=\"twitter:label2\" content=\"Dur\u00e9e de lecture estim\u00e9e\" \/>\n\t<meta name=\"twitter:data2\" content=\"2 minutes\" \/>\n<script type=\"application\/ld+json\" class=\"yoast-schema-graph\">{\"@context\":\"https:\/\/schema.org\",\"@graph\":[{\"@type\":\"WebPage\",\"@id\":\"https:\/\/blogs.thesocialmedia.com\/leblogmoto\/2008\/10\/18\/pedrosa-en-pole\/\",\"url\":\"https:\/\/blogs.thesocialmedia.com\/leblogmoto\/2008\/10\/18\/pedrosa-en-pole\/\",\"name\":\"Pedrosa \u00e0 l'arrach\u00e9, pour sa premi\u00e8re pole en Bridge. - leblogmoto.com\",\"isPartOf\":{\"@id\":\"https:\/\/blogs.thesocialmedia.com\/leblogmoto\/#website\"},\"primaryImageOfPage\":{\"@id\":\"https:\/\/blogs.thesocialmedia.com\/leblogmoto\/2008\/10\/18\/pedrosa-en-pole\/#primaryimage\"},\"image\":{\"@id\":\"https:\/\/blogs.thesocialmedia.com\/leblogmoto\/2008\/10\/18\/pedrosa-en-pole\/#primaryimage\"},\"thumbnailUrl\":\"http:\/\/www.leblogmoto.com\/images\/2008\/10\/18\/pedrosa.jpg\",\"datePublished\":\"2008-10-18T23:50:16+00:00\",\"dateModified\":\"2012-07-11T16:27:53+00:00\",\"author\":{\"@id\":\"https:\/\/blogs.thesocialmedia.com\/leblogmoto\/#\/schema\/person\/18bfe773e5725ed6d24f743da805362a\"},\"breadcrumb\":{\"@id\":\"https:\/\/blogs.thesocialmedia.com\/leblogmoto\/2008\/10\/18\/pedrosa-en-pole\/#breadcrumb\"},\"inLanguage\":\"fr-FR\",\"potentialAction\":[{\"@type\":\"ReadAction\",\"target\":[\"https:\/\/blogs.thesocialmedia.com\/leblogmoto\/2008\/10\/18\/pedrosa-en-pole\/\"]}]},{\"@type\":\"ImageObject\",\"inLanguage\":\"fr-FR\",\"@id\":\"https:\/\/blogs.thesocialmedia.com\/leblogmoto\/2008\/10\/18\/pedrosa-en-pole\/#primaryimage\",\"url\":\"http:\/\/www.leblogmoto.com\/images\/2008\/10\/18\/pedrosa.jpg\",\"contentUrl\":\"http:\/\/www.leblogmoto.com\/images\/2008\/10\/18\/pedrosa.jpg\"},{\"@type\":\"BreadcrumbList\",\"@id\":\"https:\/\/blogs.thesocialmedia.com\/leblogmoto\/2008\/10\/18\/pedrosa-en-pole\/#breadcrumb\",\"itemListElement\":[{\"@type\":\"ListItem\",\"position\":1,\"name\":\"Accueil\",\"item\":\"https:\/\/blogs.thesocialmedia.com\/leblogmoto\/\"},{\"@type\":\"ListItem\",\"position\":2,\"name\":\"Pedrosa \u00e0 l&rsquo;arrach\u00e9, pour sa premi\u00e8re pole en Bridge.\"}]},{\"@type\":\"WebSite\",\"@id\":\"https:\/\/blogs.thesocialmedia.com\/leblogmoto\/#website\",\"url\":\"https:\/\/blogs.thesocialmedia.com\/leblogmoto\/\",\"name\":\"leblogmoto\",\"description\":\"Toute l&#039;actualit\u00e9 des 2 roues\",\"potentialAction\":[{\"@type\":\"SearchAction\",\"target\":{\"@type\":\"EntryPoint\",\"urlTemplate\":\"https:\/\/blogs.thesocialmedia.com\/leblogmoto\/?s={search_term_string}\"},\"query-input\":{\"@type\":\"PropertyValueSpecification\",\"valueRequired\":true,\"valueName\":\"search_term_string\"}}],\"inLanguage\":\"fr-FR\"},{\"@type\":\"Person\",\"@id\":\"https:\/\/blogs.thesocialmedia.com\/leblogmoto\/#\/schema\/person\/18bfe773e5725ed6d24f743da805362a\",\"name\":\"benoit rieu\",\"image\":{\"@type\":\"ImageObject\",\"inLanguage\":\"fr-FR\",\"@id\":\"https:\/\/blogs.thesocialmedia.com\/leblogmoto\/#\/schema\/person\/image\/\",\"url\":\"https:\/\/secure.gravatar.com\/avatar\/?s=96&d=mm&r=g\",\"contentUrl\":\"https:\/\/secure.gravatar.com\/avatar\/?s=96&d=mm&r=g\",\"caption\":\"benoit rieu\"},\"url\":\"https:\/\/blogs.thesocialmedia.com\/leblogmoto\/author\/benoit-rieu\/\"}]}<\/script>\n<!-- \/ Yoast SEO plugin. -->","yoast_head_json":{"title":"Pedrosa \u00e0 l'arrach\u00e9, pour sa premi\u00e8re pole en Bridge. - leblogmoto.com","robots":{"index":"index","follow":"follow","max-snippet":"max-snippet:-1","max-image-preview":"max-image-preview:large","max-video-preview":"max-video-preview:-1"},"canonical":"https:\/\/blogs.thesocialmedia.com\/leblogmoto\/2008\/10\/18\/pedrosa-en-pole\/","twitter_card":"summary_large_image","twitter_title":"Pedrosa \u00e0 l'arrach\u00e9, pour sa premi\u00e8re pole en Bridge. - leblogmoto.com","twitter_description":"C&rsquo;est seulement dans son dernier tour de qualifs au Grand Prix de Malaisie \u00e0 Sepang que le jeune pilote espagnol \u00e0 d\u00e9poss\u00e9d\u00e9 Rossi de sa pole position pour 0.405sec. Le futur champion du monde 2008 est deuxi\u00e8me, devan\u00e7ant son co\u00e9quipier de chez Fiat\/Yamaha, Jorge Lorenzo. La seconde ligne est occup\u00e9e par les Am\u00e9ricains Nicky Hayden [&hellip;]","twitter_image":"http:\/\/www.leblogmoto.com\/images\/2008\/10\/18\/pedrosa.jpg","twitter_misc":{"\u00c9crit par":"benoit rieu","Dur\u00e9e de lecture estim\u00e9e":"2 minutes"},"schema":{"@context":"https:\/\/schema.org","@graph":[{"@type":"WebPage","@id":"https:\/\/blogs.thesocialmedia.com\/leblogmoto\/2008\/10\/18\/pedrosa-en-pole\/","url":"https:\/\/blogs.thesocialmedia.com\/leblogmoto\/2008\/10\/18\/pedrosa-en-pole\/","name":"Pedrosa \u00e0 l'arrach\u00e9, pour sa premi\u00e8re pole en Bridge. - leblogmoto.com","isPartOf":{"@id":"https:\/\/blogs.thesocialmedia.com\/leblogmoto\/#website"},"primaryImageOfPage":{"@id":"https:\/\/blogs.thesocialmedia.com\/leblogmoto\/2008\/10\/18\/pedrosa-en-pole\/#primaryimage"},"image":{"@id":"https:\/\/blogs.thesocialmedia.com\/leblogmoto\/2008\/10\/18\/pedrosa-en-pole\/#primaryimage"},"thumbnailUrl":"http:\/\/www.leblogmoto.com\/images\/2008\/10\/18\/pedrosa.jpg","datePublished":"2008-10-18T23:50:16+00:00","dateModified":"2012-07-11T16:27:53+00:00","author":{"@id":"https:\/\/blogs.thesocialmedia.com\/leblogmoto\/#\/schema\/person\/18bfe773e5725ed6d24f743da805362a"},"breadcrumb":{"@id":"https:\/\/blogs.thesocialmedia.com\/leblogmoto\/2008\/10\/18\/pedrosa-en-pole\/#breadcrumb"},"inLanguage":"fr-FR","potentialAction":[{"@type":"ReadAction","target":["https:\/\/blogs.thesocialmedia.com\/leblogmoto\/2008\/10\/18\/pedrosa-en-pole\/"]}]},{"@type":"ImageObject","inLanguage":"fr-FR","@id":"https:\/\/blogs.thesocialmedia.com\/leblogmoto\/2008\/10\/18\/pedrosa-en-pole\/#primaryimage","url":"http:\/\/www.leblogmoto.com\/images\/2008\/10\/18\/pedrosa.jpg","contentUrl":"http:\/\/www.leblogmoto.com\/images\/2008\/10\/18\/pedrosa.jpg"},{"@type":"BreadcrumbList","@id":"https:\/\/blogs.thesocialmedia.com\/leblogmoto\/2008\/10\/18\/pedrosa-en-pole\/#breadcrumb","itemListElement":[{"@type":"ListItem","position":1,"name":"Accueil","item":"https:\/\/blogs.thesocialmedia.com\/leblogmoto\/"},{"@type":"ListItem","position":2,"name":"Pedrosa \u00e0 l&rsquo;arrach\u00e9, pour sa premi\u00e8re pole en Bridge."}]},{"@type":"WebSite","@id":"https:\/\/blogs.thesocialmedia.com\/leblogmoto\/#website","url":"https:\/\/blogs.thesocialmedia.com\/leblogmoto\/","name":"leblogmoto","description":"Toute l&#039;actualit\u00e9 des 2 roues","potentialAction":[{"@type":"SearchAction","target":{"@type":"EntryPoint","urlTemplate":"https:\/\/blogs.thesocialmedia.com\/leblogmoto\/?s={search_term_string}"},"query-input":{"@type":"PropertyValueSpecification","valueRequired":true,"valueName":"search_term_string"}}],"inLanguage":"fr-FR"},{"@type":"Person","@id":"https:\/\/blogs.thesocialmedia.com\/leblogmoto\/#\/schema\/person\/18bfe773e5725ed6d24f743da805362a","name":"benoit rieu","image":{"@type":"ImageObject","inLanguage":"fr-FR","@id":"https:\/\/blogs.thesocialmedia.com\/leblogmoto\/#\/schema\/person\/image\/","url":"https:\/\/secure.gravatar.com\/avatar\/?s=96&d=mm&r=g","contentUrl":"https:\/\/secure.gravatar.com\/avatar\/?s=96&d=mm&r=g","caption":"benoit rieu"},"url":"https:\/\/blogs.thesocialmedia.com\/leblogmoto\/author\/benoit-rieu\/"}]}},"_links":{"self":[{"href":"https:\/\/blogs.thesocialmedia.com\/leblogmoto\/wp-json\/wp\/v2\/posts\/446","targetHints":{"allow":["GET"]}}],"collection":[{"href":"https:\/\/blogs.thesocialmedia.com\/leblogmoto\/wp-json\/wp\/v2\/posts"}],"about":[{"href":"https:\/\/blogs.thesocialmedia.com\/leblogmoto\/wp-json\/wp\/v2\/types\/post"}],"author":[{"embeddable":true,"href":"https:\/\/blogs.thesocialmedia.com\/leblogmoto\/wp-json\/wp\/v2\/users\/324"}],"replies":[{"embeddable":true,"href":"https:\/\/blogs.thesocialmedia.com\/leblogmoto\/wp-json\/wp\/v2\/comments?post=446"}],"version-history":[{"count":2,"href":"https:\/\/blogs.thesocialmedia.com\/leblogmoto\/wp-json\/wp\/v2\/posts\/446\/revisions"}],"predecessor-version":[{"id":11878,"href":"https:\/\/blogs.thesocialmedia.com\/leblogmoto\/wp-json\/wp\/v2\/posts\/446\/revisions\/11878"}],"wp:attachment":[{"href":"https:\/\/blogs.thesocialmedia.com\/leblogmoto\/wp-json\/wp\/v2\/media?parent=446"}],"wp:term":[{"taxonomy":"category","embeddable":true,"href":"https:\/\/blogs.thesocialmedia.com\/leblogmoto\/wp-json\/wp\/v2\/categories?post=446"},{"taxonomy":"post_tag","embeddable":true,"href":"https:\/\/blogs.thesocialmedia.com\/leblogmoto\/wp-json\/wp\/v2\/tags?post=446"}],"curies":[{"name":"wp","href":"https:\/\/api.w.org\/{rel}","templated":true}]}}