{"id":45,"date":"2009-10-15T12:25:51","date_gmt":"2009-10-15T12:25:51","guid":{"rendered":"http:\/\/blogs.thesocialmedia.com\/leblogmoto\/2009\/10\/15\/240\/"},"modified":"2012-07-11T17:40:31","modified_gmt":"2012-07-11T17:40:31","slug":"240","status":"publish","type":"post","link":"https:\/\/blogs.thesocialmedia.com\/leblogmoto\/2009\/10\/15\/240\/","title":{"rendered":"240 km\/h pour une moto \u00e9lectrique"},"content":{"rendered":"<p><a href=\"http:\/\/blogs.thesocialmedia.com\/leblogmoto\/files\/2012\/07\/6a00d83451b18369e20120a5e56ea7970b-pi.jpg\"><img decoding=\"async\" alt=\"MISSION MOTORS\" class=\"asset asset-image at-xid-6a00d83451b18369e20120a5e56ea7970b \" src=\"http:\/\/blogs.thesocialmedia.com\/leblogmoto\/files\/2012\/07\/6a00d83451b18369e20120a5e56ea7970b-500wi.jpg\" \/><\/a> <\/p>\n<p>Le 1er septembre&#160;dernier la Mission One, une moto \u00e9lectrique a franchi la barre symbolique des 150 mph, plus de 240 km\/h, sur un des lacs sal\u00e9s de l&#039;aire de jeux de <a href=\"http:\/\/blogs.thesocialmedia.com\/leblogmoto\/files\/2012\/07\/591-kmh-sur-deux-roues.html_.png\" target=\"_blank\">Bonneville<\/a>&#8230; <\/p>\n<p><a href=\"http:\/\/clabedan.typepad.com\/.a\/6a00d83451b18369e20120a63f0071970c-pi\"><img decoding=\"async\" alt=\"Mission one\" class=\"asset asset-image at-xid-6a00d83451b18369e20120a63f0071970c \" src=\"http:\/\/blogs.thesocialmedia.com\/leblogmoto\/files\/2012\/07\/6a00d83451b18369e20120a63f0071970c-500wi.jpg\" \/><\/a> <\/p>\n<p>Des prototypes \u00e9lectrique \u00e0 deux roues ont d\u00e9j\u00e0 pass\u00e9 la barre des 300 km\/h. La Mission One est une &quot;vraie&quot; moto, non pas&#160;un prototype extravagant de plus mais une version proche de la version de s\u00e9rie qui commence \u00e0 \u00eatre commercialis\u00e9e.<\/p>\n<p><a href=\"http:\/\/blogs.thesocialmedia.com\/leblogmoto\/files\/2012\/07\/6a00d83451b18369e20120a63f00c6970c-pi.jpg\"><img decoding=\"async\" alt=\"Mission one\" class=\"asset asset-image at-xid-6a00d83451b18369e20120a63f00c6970c \" src=\"http:\/\/blogs.thesocialmedia.com\/leblogmoto\/files\/2012\/07\/6a00d83451b18369e20120a63f00c6970c-500wi.jpg\" \/><\/a>&#160;<br \/>&#160;&#160;<\/p>\n<p>Si vous voulez acheter un prototype de la Mission One il vous en coutera un peu moins de 70000 euros mais les tarifs devraient baisser grandement pour atteindre&#160;des prix raisonnables, environ 20000 euros avant la fin de l&#039;ann\u00e9e&#160;2012.<\/p>\n<p><a href=\"http:\/\/blogs.thesocialmedia.com\/leblogmoto\/files\/2012\/07\/6a00d83451b18369e20120a63f02ec970c-pi.jpg\"><img decoding=\"async\" alt=\"Mission one\" class=\"asset asset-image at-xid-6a00d83451b18369e20120a63f02ec970c \" src=\"http:\/\/blogs.thesocialmedia.com\/leblogmoto\/files\/2012\/07\/6a00d83451b18369e20120a63f02ec970c-500wi.jpg\" \/><\/a>&#160;<br \/>&#160;<br \/>Pour les fans de chiffres exacts la vitesse moyenne r\u00e9alis\u00e9e sur les 2 miles (aller et retour) de la piste est exactement de 150,059 mph soit 241,5 km\/h. La vitesse maximum en pointe a flirt\u00e9 \u00e0 plusieurs reprises&#160;avec les 260 km\/h.<\/p>\n<p> <object height=\"340\" width=\"560\"><param name=\"movie\" value=\"http:\/\/www.youtube.com\/v\/U7xinT2YYxA&amp;hl=fr&amp;fs=1&amp;\" \/><param name=\"allowFullScreen\" value=\"true\" \/><param name=\"allowscriptaccess\" value=\"always\" \/><embed height=\"340\" src=\"http:\/\/www.youtube.com\/v\/U7xinT2YYxA&amp;hl=fr&amp;fs=1&amp;\" type=\"application\/x-shockwave-flash\" width=\"470\" \/><\/object><\/p>\n<p>Plus d&#039;informations et de photos sur le site <a href=\"http:\/\/ridemission.com\">MISSION MOTORS<\/a><\/p>\n","protected":false},"excerpt":{"rendered":"<p>Le 1er septembre&#160;dernier la Mission One, une moto \u00e9lectrique a franchi la barre symbolique des 150 mph, plus de 240 km\/h, sur un des lacs sal\u00e9s de l&#039;aire de jeux de Bonneville&#8230; Des prototypes \u00e9lectrique \u00e0 deux roues ont d\u00e9j\u00e0 pass\u00e9 la barre des 300 km\/h. La Mission One est une &quot;vraie&quot; moto, non pas&#160;un [&hellip;]<\/p>\n","protected":false},"author":323,"featured_media":14234,"comment_status":"open","ping_status":"open","sticky":false,"template":"","format":"standard","meta":{"footnotes":""},"categories":[3,30,12],"tags":[],"class_list":["post-45","post","type-post","status-publish","format-standard","has-post-thumbnail","hentry","category-actualite","category-bio-carburantsvehicules-propres","category-videos"],"yoast_head":"<!-- This site is optimized with the Yoast SEO plugin v26.0 - https:\/\/yoast.com\/wordpress\/plugins\/seo\/ -->\n<title>240 km\/h pour une moto \u00e9lectrique - leblogmoto.com<\/title>\n<meta name=\"robots\" content=\"index, follow, max-snippet:-1, max-image-preview:large, max-video-preview:-1\" \/>\n<link rel=\"canonical\" href=\"https:\/\/blogs.thesocialmedia.com\/leblogmoto\/2009\/10\/15\/240\/\" \/>\n<meta name=\"twitter:card\" content=\"summary_large_image\" \/>\n<meta name=\"twitter:title\" content=\"240 km\/h pour une moto \u00e9lectrique - leblogmoto.com\" \/>\n<meta name=\"twitter:description\" content=\"Le 1er septembre&#160;dernier la Mission One, une moto \u00e9lectrique a franchi la barre symbolique des 150 mph, plus de 240 km\/h, sur un des lacs sal\u00e9s de l&#039;aire de jeux de Bonneville&#8230; Des prototypes \u00e9lectrique \u00e0 deux roues ont d\u00e9j\u00e0 pass\u00e9 la barre des 300 km\/h. La Mission One est une &quot;vraie&quot; moto, non pas&#160;un [&hellip;]\" \/>\n<meta name=\"twitter:image\" content=\"https:\/\/blogs.thesocialmedia.com\/leblogmoto\/files\/2012\/07\/6a00d83451b18369e20120a5e56ea7970b-500wi.jpg\" \/>\n<meta name=\"twitter:label1\" content=\"\u00c9crit par\" \/>\n\t<meta name=\"twitter:data1\" content=\"albin le guyader\" \/>\n\t<meta name=\"twitter:label2\" content=\"Dur\u00e9e de lecture estim\u00e9e\" \/>\n\t<meta name=\"twitter:data2\" content=\"1 minute\" \/>\n<script type=\"application\/ld+json\" class=\"yoast-schema-graph\">{\"@context\":\"https:\/\/schema.org\",\"@graph\":[{\"@type\":\"WebPage\",\"@id\":\"https:\/\/blogs.thesocialmedia.com\/leblogmoto\/2009\/10\/15\/240\/\",\"url\":\"https:\/\/blogs.thesocialmedia.com\/leblogmoto\/2009\/10\/15\/240\/\",\"name\":\"240 km\/h pour une moto \u00e9lectrique - leblogmoto.com\",\"isPartOf\":{\"@id\":\"https:\/\/blogs.thesocialmedia.com\/leblogmoto\/#website\"},\"primaryImageOfPage\":{\"@id\":\"https:\/\/blogs.thesocialmedia.com\/leblogmoto\/2009\/10\/15\/240\/#primaryimage\"},\"image\":{\"@id\":\"https:\/\/blogs.thesocialmedia.com\/leblogmoto\/2009\/10\/15\/240\/#primaryimage\"},\"thumbnailUrl\":\"https:\/\/blogs.thesocialmedia.com\/leblogmoto\/files\/2012\/07\/6a00d83451b18369e20120a5e56ea7970b-500wi.jpg\",\"datePublished\":\"2009-10-15T12:25:51+00:00\",\"dateModified\":\"2012-07-11T17:40:31+00:00\",\"author\":{\"@id\":\"https:\/\/blogs.thesocialmedia.com\/leblogmoto\/#\/schema\/person\/b496d27c898c29a39678e2425cafb9ae\"},\"breadcrumb\":{\"@id\":\"https:\/\/blogs.thesocialmedia.com\/leblogmoto\/2009\/10\/15\/240\/#breadcrumb\"},\"inLanguage\":\"fr-FR\",\"potentialAction\":[{\"@type\":\"ReadAction\",\"target\":[\"https:\/\/blogs.thesocialmedia.com\/leblogmoto\/2009\/10\/15\/240\/\"]}]},{\"@type\":\"ImageObject\",\"inLanguage\":\"fr-FR\",\"@id\":\"https:\/\/blogs.thesocialmedia.com\/leblogmoto\/2009\/10\/15\/240\/#primaryimage\",\"url\":\"https:\/\/blogs.thesocialmedia.com\/leblogmoto\/files\/2012\/07\/6a00d83451b18369e20120a5e56ea7970b-500wi.jpg\",\"contentUrl\":\"https:\/\/blogs.thesocialmedia.com\/leblogmoto\/files\/2012\/07\/6a00d83451b18369e20120a5e56ea7970b-500wi.jpg\",\"width\":\"500\",\"height\":\"718\"},{\"@type\":\"BreadcrumbList\",\"@id\":\"https:\/\/blogs.thesocialmedia.com\/leblogmoto\/2009\/10\/15\/240\/#breadcrumb\",\"itemListElement\":[{\"@type\":\"ListItem\",\"position\":1,\"name\":\"Accueil\",\"item\":\"https:\/\/blogs.thesocialmedia.com\/leblogmoto\/\"},{\"@type\":\"ListItem\",\"position\":2,\"name\":\"240 km\/h pour une moto \u00e9lectrique\"}]},{\"@type\":\"WebSite\",\"@id\":\"https:\/\/blogs.thesocialmedia.com\/leblogmoto\/#website\",\"url\":\"https:\/\/blogs.thesocialmedia.com\/leblogmoto\/\",\"name\":\"leblogmoto\",\"description\":\"Toute l&#039;actualit\u00e9 des 2 roues\",\"potentialAction\":[{\"@type\":\"SearchAction\",\"target\":{\"@type\":\"EntryPoint\",\"urlTemplate\":\"https:\/\/blogs.thesocialmedia.com\/leblogmoto\/?s={search_term_string}\"},\"query-input\":{\"@type\":\"PropertyValueSpecification\",\"valueRequired\":true,\"valueName\":\"search_term_string\"}}],\"inLanguage\":\"fr-FR\"},{\"@type\":\"Person\",\"@id\":\"https:\/\/blogs.thesocialmedia.com\/leblogmoto\/#\/schema\/person\/b496d27c898c29a39678e2425cafb9ae\",\"name\":\"albin le guyader\",\"image\":{\"@type\":\"ImageObject\",\"inLanguage\":\"fr-FR\",\"@id\":\"https:\/\/blogs.thesocialmedia.com\/leblogmoto\/#\/schema\/person\/image\/\",\"url\":\"https:\/\/secure.gravatar.com\/avatar\/?s=96&d=mm&r=g\",\"contentUrl\":\"https:\/\/secure.gravatar.com\/avatar\/?s=96&d=mm&r=g\",\"caption\":\"albin le guyader\"},\"url\":\"https:\/\/blogs.thesocialmedia.com\/leblogmoto\/author\/albin-le-guyader\/\"}]}<\/script>\n<!-- \/ Yoast SEO plugin. -->","yoast_head_json":{"title":"240 km\/h pour une moto \u00e9lectrique - leblogmoto.com","robots":{"index":"index","follow":"follow","max-snippet":"max-snippet:-1","max-image-preview":"max-image-preview:large","max-video-preview":"max-video-preview:-1"},"canonical":"https:\/\/blogs.thesocialmedia.com\/leblogmoto\/2009\/10\/15\/240\/","twitter_card":"summary_large_image","twitter_title":"240 km\/h pour une moto \u00e9lectrique - leblogmoto.com","twitter_description":"Le 1er septembre&#160;dernier la Mission One, une moto \u00e9lectrique a franchi la barre symbolique des 150 mph, plus de 240 km\/h, sur un des lacs sal\u00e9s de l&#039;aire de jeux de Bonneville&#8230; Des prototypes \u00e9lectrique \u00e0 deux roues ont d\u00e9j\u00e0 pass\u00e9 la barre des 300 km\/h. La Mission One est une &quot;vraie&quot; moto, non pas&#160;un [&hellip;]","twitter_image":"https:\/\/blogs.thesocialmedia.com\/leblogmoto\/files\/2012\/07\/6a00d83451b18369e20120a5e56ea7970b-500wi.jpg","twitter_misc":{"\u00c9crit par":"albin le guyader","Dur\u00e9e de lecture estim\u00e9e":"1 minute"},"schema":{"@context":"https:\/\/schema.org","@graph":[{"@type":"WebPage","@id":"https:\/\/blogs.thesocialmedia.com\/leblogmoto\/2009\/10\/15\/240\/","url":"https:\/\/blogs.thesocialmedia.com\/leblogmoto\/2009\/10\/15\/240\/","name":"240 km\/h pour une moto \u00e9lectrique - leblogmoto.com","isPartOf":{"@id":"https:\/\/blogs.thesocialmedia.com\/leblogmoto\/#website"},"primaryImageOfPage":{"@id":"https:\/\/blogs.thesocialmedia.com\/leblogmoto\/2009\/10\/15\/240\/#primaryimage"},"image":{"@id":"https:\/\/blogs.thesocialmedia.com\/leblogmoto\/2009\/10\/15\/240\/#primaryimage"},"thumbnailUrl":"https:\/\/blogs.thesocialmedia.com\/leblogmoto\/files\/2012\/07\/6a00d83451b18369e20120a5e56ea7970b-500wi.jpg","datePublished":"2009-10-15T12:25:51+00:00","dateModified":"2012-07-11T17:40:31+00:00","author":{"@id":"https:\/\/blogs.thesocialmedia.com\/leblogmoto\/#\/schema\/person\/b496d27c898c29a39678e2425cafb9ae"},"breadcrumb":{"@id":"https:\/\/blogs.thesocialmedia.com\/leblogmoto\/2009\/10\/15\/240\/#breadcrumb"},"inLanguage":"fr-FR","potentialAction":[{"@type":"ReadAction","target":["https:\/\/blogs.thesocialmedia.com\/leblogmoto\/2009\/10\/15\/240\/"]}]},{"@type":"ImageObject","inLanguage":"fr-FR","@id":"https:\/\/blogs.thesocialmedia.com\/leblogmoto\/2009\/10\/15\/240\/#primaryimage","url":"https:\/\/blogs.thesocialmedia.com\/leblogmoto\/files\/2012\/07\/6a00d83451b18369e20120a5e56ea7970b-500wi.jpg","contentUrl":"https:\/\/blogs.thesocialmedia.com\/leblogmoto\/files\/2012\/07\/6a00d83451b18369e20120a5e56ea7970b-500wi.jpg","width":"500","height":"718"},{"@type":"BreadcrumbList","@id":"https:\/\/blogs.thesocialmedia.com\/leblogmoto\/2009\/10\/15\/240\/#breadcrumb","itemListElement":[{"@type":"ListItem","position":1,"name":"Accueil","item":"https:\/\/blogs.thesocialmedia.com\/leblogmoto\/"},{"@type":"ListItem","position":2,"name":"240 km\/h pour une moto \u00e9lectrique"}]},{"@type":"WebSite","@id":"https:\/\/blogs.thesocialmedia.com\/leblogmoto\/#website","url":"https:\/\/blogs.thesocialmedia.com\/leblogmoto\/","name":"leblogmoto","description":"Toute l&#039;actualit\u00e9 des 2 roues","potentialAction":[{"@type":"SearchAction","target":{"@type":"EntryPoint","urlTemplate":"https:\/\/blogs.thesocialmedia.com\/leblogmoto\/?s={search_term_string}"},"query-input":{"@type":"PropertyValueSpecification","valueRequired":true,"valueName":"search_term_string"}}],"inLanguage":"fr-FR"},{"@type":"Person","@id":"https:\/\/blogs.thesocialmedia.com\/leblogmoto\/#\/schema\/person\/b496d27c898c29a39678e2425cafb9ae","name":"albin le guyader","image":{"@type":"ImageObject","inLanguage":"fr-FR","@id":"https:\/\/blogs.thesocialmedia.com\/leblogmoto\/#\/schema\/person\/image\/","url":"https:\/\/secure.gravatar.com\/avatar\/?s=96&d=mm&r=g","contentUrl":"https:\/\/secure.gravatar.com\/avatar\/?s=96&d=mm&r=g","caption":"albin le guyader"},"url":"https:\/\/blogs.thesocialmedia.com\/leblogmoto\/author\/albin-le-guyader\/"}]}},"_links":{"self":[{"href":"https:\/\/blogs.thesocialmedia.com\/leblogmoto\/wp-json\/wp\/v2\/posts\/45","targetHints":{"allow":["GET"]}}],"collection":[{"href":"https:\/\/blogs.thesocialmedia.com\/leblogmoto\/wp-json\/wp\/v2\/posts"}],"about":[{"href":"https:\/\/blogs.thesocialmedia.com\/leblogmoto\/wp-json\/wp\/v2\/types\/post"}],"author":[{"embeddable":true,"href":"https:\/\/blogs.thesocialmedia.com\/leblogmoto\/wp-json\/wp\/v2\/users\/323"}],"replies":[{"embeddable":true,"href":"https:\/\/blogs.thesocialmedia.com\/leblogmoto\/wp-json\/wp\/v2\/comments?post=45"}],"version-history":[{"count":2,"href":"https:\/\/blogs.thesocialmedia.com\/leblogmoto\/wp-json\/wp\/v2\/posts\/45\/revisions"}],"predecessor-version":[{"id":14241,"href":"https:\/\/blogs.thesocialmedia.com\/leblogmoto\/wp-json\/wp\/v2\/posts\/45\/revisions\/14241"}],"wp:featuredmedia":[{"embeddable":true,"href":"https:\/\/blogs.thesocialmedia.com\/leblogmoto\/wp-json\/wp\/v2\/media\/14234"}],"wp:attachment":[{"href":"https:\/\/blogs.thesocialmedia.com\/leblogmoto\/wp-json\/wp\/v2\/media?parent=45"}],"wp:term":[{"taxonomy":"category","embeddable":true,"href":"https:\/\/blogs.thesocialmedia.com\/leblogmoto\/wp-json\/wp\/v2\/categories?post=45"},{"taxonomy":"post_tag","embeddable":true,"href":"https:\/\/blogs.thesocialmedia.com\/leblogmoto\/wp-json\/wp\/v2\/tags?post=45"}],"curies":[{"name":"wp","href":"https:\/\/api.w.org\/{rel}","templated":true}]}}