{"id":455,"date":"2008-10-13T22:54:56","date_gmt":"2008-10-13T22:54:56","guid":{"rendered":"http:\/\/blogs.thesocialmedia.com\/leblogmoto\/2008\/10\/13\/des-nouvelles-d-2\/"},"modified":"2012-07-11T16:27:15","modified_gmt":"2012-07-11T16:27:15","slug":"des-nouvelles-d-2","status":"publish","type":"post","link":"https:\/\/blogs.thesocialmedia.com\/leblogmoto\/2008\/10\/13\/des-nouvelles-d-2\/","title":{"rendered":"Des nouvelles de la moto au logo Jaguar."},"content":{"rendered":"<p><a href=\"http:\/\/blogs.thesocialmedia.com\/leblogmoto\/files\/2012\/07\/cat_2.jpg\"><img loading=\"lazy\" decoding=\"async\" height=\"406\"  width=\"470\" src=\"http:\/\/www.leblogmoto.com\/images\/2008\/10\/13\/cat_2.jpg\" alt=\"Cat_2\" \/><\/a><\/p>\n<p>Nous vous avions montr\u00e9s la derni\u00e8re fois une moto, pr\u00e9sent\u00e9e comme fra\u00eechement sortie de l&rsquo;atelier de son cr\u00e9ateur. Et nous <a href=\"http:\/\/blogs.thesocialmedia.com\/leblogmoto\/files\/2012\/07\/moto-au-logo-ja.html_.png\">avions indiqu\u00e9<\/a> que contrairement aux apparences, ce n&rsquo;\u00e9tait qu&rsquo;un avatar, une nouvelle r\u00e9incarnation du Jaguar de la grande \u00e9poque, soci\u00e9t\u00e9 qui \u00e0 l&rsquo;origine produisait des side-cars. Par le truchement de nos voisins de w3sh, nous avons enfin r\u00e9ussi \u00e0 mettre un nom sur le concepteur ainsi que mettre la main sur une nouvelle lamp\u00e9e de photos compl\u00e9mentaires qui en d\u00e9voilent un peu plus de la b\u00eate. De son \u00e9volution <em>ab ovo<\/em>, avant m\u00eame l&rsquo;atelier, sur l&rsquo;\u00e9cran d&rsquo;ordi avec un logiciel de CAO (derni\u00e8re photo), \u00e0 son apparition, toute pimpante, devant les appareils photos. Et la confirmation de ce que l&rsquo;on esp\u00e9rait secr\u00e8tement&nbsp; (&#8230;ou pas), <a href=\"http:\/\/m-cycles.com\/\">Massow<\/a> va s&rsquo;attaquer \u00e0 d&rsquo;autres marques. Sont en effet pr\u00e9vues d&rsquo;apr\u00e8s son site des deux-roues Rolls-Royce, Bentley, Ferrari et Audi. Inutile de dire que l&rsquo;on vous tiendra au jus. <\/p>\n<p><a href=\"http:\/\/clabedan.typepad.com\/.shared\/image.html?\/photos\/uncategorized\/2008\/10\/13\/cat1uberbike.jpg\"><img loading=\"lazy\" decoding=\"async\" height=\"645\"  width=\"470\" src=\"http:\/\/www.leblogmoto.com\/images\/2008\/10\/13\/cat1uberbike.jpg\" alt=\"Cat1uberbike\" \/><\/a><\/p>\n<p><a href=\"http:\/\/blogs.thesocialmedia.com\/leblogmoto\/files\/2012\/07\/cat1uberbike2_2.jpg\"><img loading=\"lazy\" decoding=\"async\" height=\"386\"  width=\"470\" src=\"http:\/\/www.leblogmoto.com\/images\/2008\/10\/13\/cat1uberbike2_2.jpg\" alt=\"Cat1uberbike2_2\" \/><\/a> <\/p>\n<p><a href=\"http:\/\/blogs.thesocialmedia.com\/leblogmoto\/files\/2012\/07\/cat_1.jpg\"><img loading=\"lazy\" decoding=\"async\" height=\"342\"  width=\"470\" src=\"http:\/\/www.leblogmoto.com\/images\/2008\/10\/13\/cat_1.jpg\" alt=\"Cat_1\" \/><\/a> <\/p>\n","protected":false},"excerpt":{"rendered":"<p>Nous vous avions montr\u00e9s la derni\u00e8re fois une moto, pr\u00e9sent\u00e9e comme fra\u00eechement sortie de l&rsquo;atelier de son cr\u00e9ateur. Et nous avions indiqu\u00e9 que contrairement aux apparences, ce n&rsquo;\u00e9tait qu&rsquo;un avatar, une nouvelle r\u00e9incarnation du Jaguar de la grande \u00e9poque, soci\u00e9t\u00e9 qui \u00e0 l&rsquo;origine produisait des side-cars. Par le truchement de nos voisins de w3sh, nous [&hellip;]<\/p>\n","protected":false},"author":324,"featured_media":0,"comment_status":"open","ping_status":"open","sticky":false,"template":"","format":"standard","meta":{"footnotes":""},"categories":[3,16,38,33],"tags":[],"class_list":["post-455","post","type-post","status-publish","format-standard","hentry","category-actualite","category-art-moto","category-atelier","category-concept-bike"],"yoast_head":"<!-- This site is optimized with the Yoast SEO plugin v26.0 - https:\/\/yoast.com\/wordpress\/plugins\/seo\/ -->\n<title>Des nouvelles de la moto au logo Jaguar. - leblogmoto.com<\/title>\n<meta name=\"robots\" content=\"index, follow, max-snippet:-1, max-image-preview:large, max-video-preview:-1\" \/>\n<link rel=\"canonical\" href=\"https:\/\/blogs.thesocialmedia.com\/leblogmoto\/2008\/10\/13\/des-nouvelles-d-2\/\" \/>\n<meta name=\"twitter:card\" content=\"summary_large_image\" \/>\n<meta name=\"twitter:title\" content=\"Des nouvelles de la moto au logo Jaguar. - leblogmoto.com\" \/>\n<meta name=\"twitter:description\" content=\"Nous vous avions montr\u00e9s la derni\u00e8re fois une moto, pr\u00e9sent\u00e9e comme fra\u00eechement sortie de l&rsquo;atelier de son cr\u00e9ateur. Et nous avions indiqu\u00e9 que contrairement aux apparences, ce n&rsquo;\u00e9tait qu&rsquo;un avatar, une nouvelle r\u00e9incarnation du Jaguar de la grande \u00e9poque, soci\u00e9t\u00e9 qui \u00e0 l&rsquo;origine produisait des side-cars. Par le truchement de nos voisins de w3sh, nous [&hellip;]\" \/>\n<meta name=\"twitter:image\" content=\"http:\/\/www.leblogmoto.com\/images\/2008\/10\/13\/cat_2.jpg\" \/>\n<meta name=\"twitter:label1\" content=\"\u00c9crit par\" \/>\n\t<meta name=\"twitter:data1\" content=\"benoit rieu\" \/>\n\t<meta name=\"twitter:label2\" content=\"Dur\u00e9e de lecture estim\u00e9e\" \/>\n\t<meta name=\"twitter:data2\" content=\"1 minute\" \/>\n<script type=\"application\/ld+json\" class=\"yoast-schema-graph\">{\"@context\":\"https:\/\/schema.org\",\"@graph\":[{\"@type\":\"WebPage\",\"@id\":\"https:\/\/blogs.thesocialmedia.com\/leblogmoto\/2008\/10\/13\/des-nouvelles-d-2\/\",\"url\":\"https:\/\/blogs.thesocialmedia.com\/leblogmoto\/2008\/10\/13\/des-nouvelles-d-2\/\",\"name\":\"Des nouvelles de la moto au logo Jaguar. - leblogmoto.com\",\"isPartOf\":{\"@id\":\"https:\/\/blogs.thesocialmedia.com\/leblogmoto\/#website\"},\"primaryImageOfPage\":{\"@id\":\"https:\/\/blogs.thesocialmedia.com\/leblogmoto\/2008\/10\/13\/des-nouvelles-d-2\/#primaryimage\"},\"image\":{\"@id\":\"https:\/\/blogs.thesocialmedia.com\/leblogmoto\/2008\/10\/13\/des-nouvelles-d-2\/#primaryimage\"},\"thumbnailUrl\":\"http:\/\/www.leblogmoto.com\/images\/2008\/10\/13\/cat_2.jpg\",\"datePublished\":\"2008-10-13T22:54:56+00:00\",\"dateModified\":\"2012-07-11T16:27:15+00:00\",\"author\":{\"@id\":\"https:\/\/blogs.thesocialmedia.com\/leblogmoto\/#\/schema\/person\/18bfe773e5725ed6d24f743da805362a\"},\"breadcrumb\":{\"@id\":\"https:\/\/blogs.thesocialmedia.com\/leblogmoto\/2008\/10\/13\/des-nouvelles-d-2\/#breadcrumb\"},\"inLanguage\":\"fr-FR\",\"potentialAction\":[{\"@type\":\"ReadAction\",\"target\":[\"https:\/\/blogs.thesocialmedia.com\/leblogmoto\/2008\/10\/13\/des-nouvelles-d-2\/\"]}]},{\"@type\":\"ImageObject\",\"inLanguage\":\"fr-FR\",\"@id\":\"https:\/\/blogs.thesocialmedia.com\/leblogmoto\/2008\/10\/13\/des-nouvelles-d-2\/#primaryimage\",\"url\":\"http:\/\/www.leblogmoto.com\/images\/2008\/10\/13\/cat_2.jpg\",\"contentUrl\":\"http:\/\/www.leblogmoto.com\/images\/2008\/10\/13\/cat_2.jpg\"},{\"@type\":\"BreadcrumbList\",\"@id\":\"https:\/\/blogs.thesocialmedia.com\/leblogmoto\/2008\/10\/13\/des-nouvelles-d-2\/#breadcrumb\",\"itemListElement\":[{\"@type\":\"ListItem\",\"position\":1,\"name\":\"Accueil\",\"item\":\"https:\/\/blogs.thesocialmedia.com\/leblogmoto\/\"},{\"@type\":\"ListItem\",\"position\":2,\"name\":\"Des nouvelles de la moto au logo Jaguar.\"}]},{\"@type\":\"WebSite\",\"@id\":\"https:\/\/blogs.thesocialmedia.com\/leblogmoto\/#website\",\"url\":\"https:\/\/blogs.thesocialmedia.com\/leblogmoto\/\",\"name\":\"leblogmoto\",\"description\":\"Toute l&#039;actualit\u00e9 des 2 roues\",\"potentialAction\":[{\"@type\":\"SearchAction\",\"target\":{\"@type\":\"EntryPoint\",\"urlTemplate\":\"https:\/\/blogs.thesocialmedia.com\/leblogmoto\/?s={search_term_string}\"},\"query-input\":{\"@type\":\"PropertyValueSpecification\",\"valueRequired\":true,\"valueName\":\"search_term_string\"}}],\"inLanguage\":\"fr-FR\"},{\"@type\":\"Person\",\"@id\":\"https:\/\/blogs.thesocialmedia.com\/leblogmoto\/#\/schema\/person\/18bfe773e5725ed6d24f743da805362a\",\"name\":\"benoit rieu\",\"image\":{\"@type\":\"ImageObject\",\"inLanguage\":\"fr-FR\",\"@id\":\"https:\/\/blogs.thesocialmedia.com\/leblogmoto\/#\/schema\/person\/image\/\",\"url\":\"https:\/\/secure.gravatar.com\/avatar\/?s=96&d=mm&r=g\",\"contentUrl\":\"https:\/\/secure.gravatar.com\/avatar\/?s=96&d=mm&r=g\",\"caption\":\"benoit rieu\"},\"url\":\"https:\/\/blogs.thesocialmedia.com\/leblogmoto\/author\/benoit-rieu\/\"}]}<\/script>\n<!-- \/ Yoast SEO plugin. -->","yoast_head_json":{"title":"Des nouvelles de la moto au logo Jaguar. - leblogmoto.com","robots":{"index":"index","follow":"follow","max-snippet":"max-snippet:-1","max-image-preview":"max-image-preview:large","max-video-preview":"max-video-preview:-1"},"canonical":"https:\/\/blogs.thesocialmedia.com\/leblogmoto\/2008\/10\/13\/des-nouvelles-d-2\/","twitter_card":"summary_large_image","twitter_title":"Des nouvelles de la moto au logo Jaguar. - leblogmoto.com","twitter_description":"Nous vous avions montr\u00e9s la derni\u00e8re fois une moto, pr\u00e9sent\u00e9e comme fra\u00eechement sortie de l&rsquo;atelier de son cr\u00e9ateur. Et nous avions indiqu\u00e9 que contrairement aux apparences, ce n&rsquo;\u00e9tait qu&rsquo;un avatar, une nouvelle r\u00e9incarnation du Jaguar de la grande \u00e9poque, soci\u00e9t\u00e9 qui \u00e0 l&rsquo;origine produisait des side-cars. Par le truchement de nos voisins de w3sh, nous [&hellip;]","twitter_image":"http:\/\/www.leblogmoto.com\/images\/2008\/10\/13\/cat_2.jpg","twitter_misc":{"\u00c9crit par":"benoit rieu","Dur\u00e9e de lecture estim\u00e9e":"1 minute"},"schema":{"@context":"https:\/\/schema.org","@graph":[{"@type":"WebPage","@id":"https:\/\/blogs.thesocialmedia.com\/leblogmoto\/2008\/10\/13\/des-nouvelles-d-2\/","url":"https:\/\/blogs.thesocialmedia.com\/leblogmoto\/2008\/10\/13\/des-nouvelles-d-2\/","name":"Des nouvelles de la moto au logo Jaguar. - leblogmoto.com","isPartOf":{"@id":"https:\/\/blogs.thesocialmedia.com\/leblogmoto\/#website"},"primaryImageOfPage":{"@id":"https:\/\/blogs.thesocialmedia.com\/leblogmoto\/2008\/10\/13\/des-nouvelles-d-2\/#primaryimage"},"image":{"@id":"https:\/\/blogs.thesocialmedia.com\/leblogmoto\/2008\/10\/13\/des-nouvelles-d-2\/#primaryimage"},"thumbnailUrl":"http:\/\/www.leblogmoto.com\/images\/2008\/10\/13\/cat_2.jpg","datePublished":"2008-10-13T22:54:56+00:00","dateModified":"2012-07-11T16:27:15+00:00","author":{"@id":"https:\/\/blogs.thesocialmedia.com\/leblogmoto\/#\/schema\/person\/18bfe773e5725ed6d24f743da805362a"},"breadcrumb":{"@id":"https:\/\/blogs.thesocialmedia.com\/leblogmoto\/2008\/10\/13\/des-nouvelles-d-2\/#breadcrumb"},"inLanguage":"fr-FR","potentialAction":[{"@type":"ReadAction","target":["https:\/\/blogs.thesocialmedia.com\/leblogmoto\/2008\/10\/13\/des-nouvelles-d-2\/"]}]},{"@type":"ImageObject","inLanguage":"fr-FR","@id":"https:\/\/blogs.thesocialmedia.com\/leblogmoto\/2008\/10\/13\/des-nouvelles-d-2\/#primaryimage","url":"http:\/\/www.leblogmoto.com\/images\/2008\/10\/13\/cat_2.jpg","contentUrl":"http:\/\/www.leblogmoto.com\/images\/2008\/10\/13\/cat_2.jpg"},{"@type":"BreadcrumbList","@id":"https:\/\/blogs.thesocialmedia.com\/leblogmoto\/2008\/10\/13\/des-nouvelles-d-2\/#breadcrumb","itemListElement":[{"@type":"ListItem","position":1,"name":"Accueil","item":"https:\/\/blogs.thesocialmedia.com\/leblogmoto\/"},{"@type":"ListItem","position":2,"name":"Des nouvelles de la moto au logo Jaguar."}]},{"@type":"WebSite","@id":"https:\/\/blogs.thesocialmedia.com\/leblogmoto\/#website","url":"https:\/\/blogs.thesocialmedia.com\/leblogmoto\/","name":"leblogmoto","description":"Toute l&#039;actualit\u00e9 des 2 roues","potentialAction":[{"@type":"SearchAction","target":{"@type":"EntryPoint","urlTemplate":"https:\/\/blogs.thesocialmedia.com\/leblogmoto\/?s={search_term_string}"},"query-input":{"@type":"PropertyValueSpecification","valueRequired":true,"valueName":"search_term_string"}}],"inLanguage":"fr-FR"},{"@type":"Person","@id":"https:\/\/blogs.thesocialmedia.com\/leblogmoto\/#\/schema\/person\/18bfe773e5725ed6d24f743da805362a","name":"benoit rieu","image":{"@type":"ImageObject","inLanguage":"fr-FR","@id":"https:\/\/blogs.thesocialmedia.com\/leblogmoto\/#\/schema\/person\/image\/","url":"https:\/\/secure.gravatar.com\/avatar\/?s=96&d=mm&r=g","contentUrl":"https:\/\/secure.gravatar.com\/avatar\/?s=96&d=mm&r=g","caption":"benoit rieu"},"url":"https:\/\/blogs.thesocialmedia.com\/leblogmoto\/author\/benoit-rieu\/"}]}},"_links":{"self":[{"href":"https:\/\/blogs.thesocialmedia.com\/leblogmoto\/wp-json\/wp\/v2\/posts\/455","targetHints":{"allow":["GET"]}}],"collection":[{"href":"https:\/\/blogs.thesocialmedia.com\/leblogmoto\/wp-json\/wp\/v2\/posts"}],"about":[{"href":"https:\/\/blogs.thesocialmedia.com\/leblogmoto\/wp-json\/wp\/v2\/types\/post"}],"author":[{"embeddable":true,"href":"https:\/\/blogs.thesocialmedia.com\/leblogmoto\/wp-json\/wp\/v2\/users\/324"}],"replies":[{"embeddable":true,"href":"https:\/\/blogs.thesocialmedia.com\/leblogmoto\/wp-json\/wp\/v2\/comments?post=455"}],"version-history":[{"count":2,"href":"https:\/\/blogs.thesocialmedia.com\/leblogmoto\/wp-json\/wp\/v2\/posts\/455\/revisions"}],"predecessor-version":[{"id":11854,"href":"https:\/\/blogs.thesocialmedia.com\/leblogmoto\/wp-json\/wp\/v2\/posts\/455\/revisions\/11854"}],"wp:attachment":[{"href":"https:\/\/blogs.thesocialmedia.com\/leblogmoto\/wp-json\/wp\/v2\/media?parent=455"}],"wp:term":[{"taxonomy":"category","embeddable":true,"href":"https:\/\/blogs.thesocialmedia.com\/leblogmoto\/wp-json\/wp\/v2\/categories?post=455"},{"taxonomy":"post_tag","embeddable":true,"href":"https:\/\/blogs.thesocialmedia.com\/leblogmoto\/wp-json\/wp\/v2\/tags?post=455"}],"curies":[{"name":"wp","href":"https:\/\/api.w.org\/{rel}","templated":true}]}}