{"id":456,"date":"2008-10-13T22:53:10","date_gmt":"2008-10-13T22:53:10","guid":{"rendered":"http:\/\/blogs.thesocialmedia.com\/leblogmoto\/2008\/10\/13\/non-non-ce-trik\/"},"modified":"2012-07-11T16:27:10","modified_gmt":"2012-07-11T16:27:10","slug":"non-non-ce-trik","status":"publish","type":"post","link":"https:\/\/blogs.thesocialmedia.com\/leblogmoto\/2008\/10\/13\/non-non-ce-trik\/","title":{"rendered":"Non, non, ce trike n&rsquo;est pas couch\u00e9 sur le flanc."},"content":{"rendered":"<p><a href=\"http:\/\/blogs.thesocialmedia.com\/leblogmoto\/files\/2012\/07\/brudeli_leanster_10.jpg\"><img loading=\"lazy\" decoding=\"async\" height=\"705\"  width=\"470\" src=\"http:\/\/www.leblogmoto.com\/images\/2008\/10\/13\/brudeli_leanster_10.jpg\" alt=\"Brudeli_leanster_10\" \/><\/a><\/p>\n<p>Cette inclinaison des roues et du ch\u00e2ssis simule en fait un passage en courbe. Le Leanster de Brudeli est un v\u00e9hicule qui adopte l&rsquo;architecture moderne d&rsquo;un <em>reverse trike<\/em> ou trike invers\u00e9, type Can-Am et la maniabilit\u00e9 du <a href=\"http:\/\/blogs.thesocialmedia.com\/leblogmoto\/files\/2012\/07\/photo-du-yamaha.html_.png\">concept<\/a> Yamaha <a href=\"http:\/\/www.leblogmoto.com\/2007\/10\/concept-bike-de.html\">Tesseract<\/a>. Ce 654L prend la suite du <a href=\"http:\/\/www.leblogmoto.com\/2006\/06\/brudeli_625l_la.html\">625L<\/a>, d\u00e9j\u00e0 pr\u00e9sent\u00e9 dans nos colonnes num\u00e9riques. Construit sur une base KTM 690 Supermoto, il n&rsquo;en emprunte pas seulement le mono, mais aussi les pots genre &quot;po\u00eale \u00e0 charbon&quot;, ainsi que l&rsquo;allure g\u00e9n\u00e9rale des deux-roues, quads et voitures de la firme autrichienne avec son look <em>diamond cut<\/em>, biseaut\u00e9, comme taill\u00e9 \u00e0 la serpe. Dispo depuis deux semaines en Europe, il vous en co\u00fbtera tout de m\u00eame 21.000 \u20ac pour rouler diff\u00e9remment au guidon de ce mp3 de luxe et surboost\u00e9. Notons que cette solution technique tr\u00e8s s\u00e9curisante pour le conducteur s\u00e9duit au-del\u00e0 de chez BRP, Brudeli et consorts, puisqu&rsquo;un <a href=\"http:\/\/www.autobloggreen.com\/2008\/09\/19\/harldy-davidson-trike-getting-closer-to-production\/\">trike de chez Harley<\/a> Davidson devrait \u00e9galement voir le jour. Pour ce qui est du Leanster, si vous souhaitez de plus amples info, le communiqu\u00e9 de presse de la firme est <a href=\"http:\/\/www.brudelitech.com\/Brudeli_654L_pressrelease_20080926c.pdf\">ici<\/a>.<\/p>\n<p><a href=\"http:\/\/clabedan.typepad.com\/.shared\/image.html?\/photos\/uncategorized\/2008\/10\/13\/brudeli_leanster_09.jpg\"><img loading=\"lazy\" decoding=\"async\" height=\"312\"  width=\"470\" src=\"http:\/\/www.leblogmoto.com\/images\/2008\/10\/13\/brudeli_leanster_09.jpg\" alt=\"Brudeli_leanster_09\" \/><\/a><\/p>\n<p><a href=\"http:\/\/blogs.thesocialmedia.com\/leblogmoto\/files\/2012\/07\/brudeli_leanster_11.jpg\"><img loading=\"lazy\" decoding=\"async\" height=\"313\"  width=\"470\" src=\"http:\/\/www.leblogmoto.com\/images\/2008\/10\/13\/brudeli_leanster_11.jpg\" alt=\"Brudeli_leanster_11\" \/><\/a><\/p>\n<p><a href=\"http:\/\/blogs.thesocialmedia.com\/leblogmoto\/files\/2012\/07\/brudeli_leanster_01.jpg\"><img loading=\"lazy\" decoding=\"async\" height=\"470\"  width=\"470\" src=\"http:\/\/www.leblogmoto.com\/images\/2008\/10\/13\/brudeli_leanster_01.jpg\" alt=\"Brudeli_leanster_01\" \/><\/a><\/p>\n<p><a href=\"http:\/\/blogs.thesocialmedia.com\/leblogmoto\/files\/2012\/07\/brudeli_leanster_02.jpg\"><img loading=\"lazy\" decoding=\"async\" height=\"470\"  width=\"470\" src=\"http:\/\/www.leblogmoto.com\/images\/2008\/10\/13\/brudeli_leanster_02.jpg\" alt=\"Brudeli_leanster_02\" \/><\/a> <\/p>\n<p><a href=\"http:\/\/blogs.thesocialmedia.com\/leblogmoto\/files\/2012\/07\/brudeli_leanster_04.jpg\"><img loading=\"lazy\" decoding=\"async\" height=\"470\"  width=\"470\" src=\"http:\/\/www.leblogmoto.com\/images\/2008\/10\/13\/brudeli_leanster_04.jpg\" alt=\"Brudeli_leanster_04\" \/><\/a> <\/p>\n<p><a href=\"http:\/\/blogs.thesocialmedia.com\/leblogmoto\/files\/2012\/07\/brudeli_leanster_05.jpg\"><img loading=\"lazy\" decoding=\"async\" height=\"470\"  width=\"470\" src=\"http:\/\/www.leblogmoto.com\/images\/2008\/10\/13\/brudeli_leanster_05.jpg\" alt=\"Brudeli_leanster_05\" \/><\/a> <\/p>\n<p><a href=\"http:\/\/blogs.thesocialmedia.com\/leblogmoto\/files\/2012\/07\/brudeli_leanster_07.jpg\"><img loading=\"lazy\" decoding=\"async\" height=\"376\"  width=\"470\" src=\"http:\/\/www.leblogmoto.com\/images\/2008\/10\/13\/brudeli_leanster_07.jpg\" alt=\"Brudeli_leanster_07\" \/><\/a> <\/p>\n<p><a href=\"http:\/\/blogs.thesocialmedia.com\/leblogmoto\/files\/2012\/07\/brudeli_leanster_08.jpg\"><img loading=\"lazy\" decoding=\"async\" height=\"312\"  width=\"470\" src=\"http:\/\/www.leblogmoto.com\/images\/2008\/10\/13\/brudeli_leanster_08.jpg\" alt=\"Brudeli_leanster_08\" \/><\/a> <\/p>\n<p>&nbsp;<\/p>\n<p><a href=\"http:\/\/blogs.thesocialmedia.com\/leblogmoto\/files\/2012\/07\/brudeli_leanster_06.jpg\"><img loading=\"lazy\" decoding=\"async\" height=\"585\"  width=\"470\" src=\"http:\/\/www.leblogmoto.com\/images\/2008\/10\/13\/brudeli_leanster_06.jpg\" alt=\"Brudeli_leanster_06\" \/><\/a> <\/p>\n","protected":false},"excerpt":{"rendered":"<p>Cette inclinaison des roues et du ch\u00e2ssis simule en fait un passage en courbe. Le Leanster de Brudeli est un v\u00e9hicule qui adopte l&rsquo;architecture moderne d&rsquo;un reverse trike ou trike invers\u00e9, type Can-Am et la maniabilit\u00e9 du concept Yamaha Tesseract. Ce 654L prend la suite du 625L, d\u00e9j\u00e0 pr\u00e9sent\u00e9 dans nos colonnes num\u00e9riques. Construit sur [&hellip;]<\/p>\n","protected":false},"author":324,"featured_media":0,"comment_status":"open","ping_status":"open","sticky":false,"template":"","format":"standard","meta":{"footnotes":""},"categories":[3,39,52],"tags":[],"class_list":["post-456","post","type-post","status-publish","format-standard","hentry","category-actualite","category-ktm","category-trike"],"yoast_head":"<!-- This site is optimized with the Yoast SEO plugin v26.0 - https:\/\/yoast.com\/wordpress\/plugins\/seo\/ -->\n<title>Non, non, ce trike n&#039;est pas couch\u00e9 sur le flanc. - leblogmoto.com<\/title>\n<meta name=\"robots\" content=\"index, follow, max-snippet:-1, max-image-preview:large, max-video-preview:-1\" \/>\n<link rel=\"canonical\" href=\"https:\/\/blogs.thesocialmedia.com\/leblogmoto\/2008\/10\/13\/non-non-ce-trik\/\" \/>\n<meta name=\"twitter:card\" content=\"summary_large_image\" \/>\n<meta name=\"twitter:title\" content=\"Non, non, ce trike n&#039;est pas couch\u00e9 sur le flanc. - leblogmoto.com\" \/>\n<meta name=\"twitter:description\" content=\"Cette inclinaison des roues et du ch\u00e2ssis simule en fait un passage en courbe. Le Leanster de Brudeli est un v\u00e9hicule qui adopte l&rsquo;architecture moderne d&rsquo;un reverse trike ou trike invers\u00e9, type Can-Am et la maniabilit\u00e9 du concept Yamaha Tesseract. Ce 654L prend la suite du 625L, d\u00e9j\u00e0 pr\u00e9sent\u00e9 dans nos colonnes num\u00e9riques. Construit sur [&hellip;]\" \/>\n<meta name=\"twitter:image\" content=\"http:\/\/www.leblogmoto.com\/images\/2008\/10\/13\/brudeli_leanster_10.jpg\" \/>\n<meta name=\"twitter:label1\" content=\"\u00c9crit par\" \/>\n\t<meta name=\"twitter:data1\" content=\"benoit rieu\" \/>\n\t<meta name=\"twitter:label2\" content=\"Dur\u00e9e de lecture estim\u00e9e\" \/>\n\t<meta name=\"twitter:data2\" content=\"1 minute\" \/>\n<script type=\"application\/ld+json\" class=\"yoast-schema-graph\">{\"@context\":\"https:\/\/schema.org\",\"@graph\":[{\"@type\":\"WebPage\",\"@id\":\"https:\/\/blogs.thesocialmedia.com\/leblogmoto\/2008\/10\/13\/non-non-ce-trik\/\",\"url\":\"https:\/\/blogs.thesocialmedia.com\/leblogmoto\/2008\/10\/13\/non-non-ce-trik\/\",\"name\":\"Non, non, ce trike n'est pas couch\u00e9 sur le flanc. - leblogmoto.com\",\"isPartOf\":{\"@id\":\"https:\/\/blogs.thesocialmedia.com\/leblogmoto\/#website\"},\"primaryImageOfPage\":{\"@id\":\"https:\/\/blogs.thesocialmedia.com\/leblogmoto\/2008\/10\/13\/non-non-ce-trik\/#primaryimage\"},\"image\":{\"@id\":\"https:\/\/blogs.thesocialmedia.com\/leblogmoto\/2008\/10\/13\/non-non-ce-trik\/#primaryimage\"},\"thumbnailUrl\":\"http:\/\/www.leblogmoto.com\/images\/2008\/10\/13\/brudeli_leanster_10.jpg\",\"datePublished\":\"2008-10-13T22:53:10+00:00\",\"dateModified\":\"2012-07-11T16:27:10+00:00\",\"author\":{\"@id\":\"https:\/\/blogs.thesocialmedia.com\/leblogmoto\/#\/schema\/person\/18bfe773e5725ed6d24f743da805362a\"},\"breadcrumb\":{\"@id\":\"https:\/\/blogs.thesocialmedia.com\/leblogmoto\/2008\/10\/13\/non-non-ce-trik\/#breadcrumb\"},\"inLanguage\":\"fr-FR\",\"potentialAction\":[{\"@type\":\"ReadAction\",\"target\":[\"https:\/\/blogs.thesocialmedia.com\/leblogmoto\/2008\/10\/13\/non-non-ce-trik\/\"]}]},{\"@type\":\"ImageObject\",\"inLanguage\":\"fr-FR\",\"@id\":\"https:\/\/blogs.thesocialmedia.com\/leblogmoto\/2008\/10\/13\/non-non-ce-trik\/#primaryimage\",\"url\":\"http:\/\/www.leblogmoto.com\/images\/2008\/10\/13\/brudeli_leanster_10.jpg\",\"contentUrl\":\"http:\/\/www.leblogmoto.com\/images\/2008\/10\/13\/brudeli_leanster_10.jpg\"},{\"@type\":\"BreadcrumbList\",\"@id\":\"https:\/\/blogs.thesocialmedia.com\/leblogmoto\/2008\/10\/13\/non-non-ce-trik\/#breadcrumb\",\"itemListElement\":[{\"@type\":\"ListItem\",\"position\":1,\"name\":\"Accueil\",\"item\":\"https:\/\/blogs.thesocialmedia.com\/leblogmoto\/\"},{\"@type\":\"ListItem\",\"position\":2,\"name\":\"Non, non, ce trike n&rsquo;est pas couch\u00e9 sur le flanc.\"}]},{\"@type\":\"WebSite\",\"@id\":\"https:\/\/blogs.thesocialmedia.com\/leblogmoto\/#website\",\"url\":\"https:\/\/blogs.thesocialmedia.com\/leblogmoto\/\",\"name\":\"leblogmoto\",\"description\":\"Toute l&#039;actualit\u00e9 des 2 roues\",\"potentialAction\":[{\"@type\":\"SearchAction\",\"target\":{\"@type\":\"EntryPoint\",\"urlTemplate\":\"https:\/\/blogs.thesocialmedia.com\/leblogmoto\/?s={search_term_string}\"},\"query-input\":{\"@type\":\"PropertyValueSpecification\",\"valueRequired\":true,\"valueName\":\"search_term_string\"}}],\"inLanguage\":\"fr-FR\"},{\"@type\":\"Person\",\"@id\":\"https:\/\/blogs.thesocialmedia.com\/leblogmoto\/#\/schema\/person\/18bfe773e5725ed6d24f743da805362a\",\"name\":\"benoit rieu\",\"image\":{\"@type\":\"ImageObject\",\"inLanguage\":\"fr-FR\",\"@id\":\"https:\/\/blogs.thesocialmedia.com\/leblogmoto\/#\/schema\/person\/image\/\",\"url\":\"https:\/\/secure.gravatar.com\/avatar\/?s=96&d=mm&r=g\",\"contentUrl\":\"https:\/\/secure.gravatar.com\/avatar\/?s=96&d=mm&r=g\",\"caption\":\"benoit rieu\"},\"url\":\"https:\/\/blogs.thesocialmedia.com\/leblogmoto\/author\/benoit-rieu\/\"}]}<\/script>\n<!-- \/ Yoast SEO plugin. -->","yoast_head_json":{"title":"Non, non, ce trike n'est pas couch\u00e9 sur le flanc. - leblogmoto.com","robots":{"index":"index","follow":"follow","max-snippet":"max-snippet:-1","max-image-preview":"max-image-preview:large","max-video-preview":"max-video-preview:-1"},"canonical":"https:\/\/blogs.thesocialmedia.com\/leblogmoto\/2008\/10\/13\/non-non-ce-trik\/","twitter_card":"summary_large_image","twitter_title":"Non, non, ce trike n'est pas couch\u00e9 sur le flanc. - leblogmoto.com","twitter_description":"Cette inclinaison des roues et du ch\u00e2ssis simule en fait un passage en courbe. Le Leanster de Brudeli est un v\u00e9hicule qui adopte l&rsquo;architecture moderne d&rsquo;un reverse trike ou trike invers\u00e9, type Can-Am et la maniabilit\u00e9 du concept Yamaha Tesseract. Ce 654L prend la suite du 625L, d\u00e9j\u00e0 pr\u00e9sent\u00e9 dans nos colonnes num\u00e9riques. Construit sur [&hellip;]","twitter_image":"http:\/\/www.leblogmoto.com\/images\/2008\/10\/13\/brudeli_leanster_10.jpg","twitter_misc":{"\u00c9crit par":"benoit rieu","Dur\u00e9e de lecture estim\u00e9e":"1 minute"},"schema":{"@context":"https:\/\/schema.org","@graph":[{"@type":"WebPage","@id":"https:\/\/blogs.thesocialmedia.com\/leblogmoto\/2008\/10\/13\/non-non-ce-trik\/","url":"https:\/\/blogs.thesocialmedia.com\/leblogmoto\/2008\/10\/13\/non-non-ce-trik\/","name":"Non, non, ce trike n'est pas couch\u00e9 sur le flanc. - leblogmoto.com","isPartOf":{"@id":"https:\/\/blogs.thesocialmedia.com\/leblogmoto\/#website"},"primaryImageOfPage":{"@id":"https:\/\/blogs.thesocialmedia.com\/leblogmoto\/2008\/10\/13\/non-non-ce-trik\/#primaryimage"},"image":{"@id":"https:\/\/blogs.thesocialmedia.com\/leblogmoto\/2008\/10\/13\/non-non-ce-trik\/#primaryimage"},"thumbnailUrl":"http:\/\/www.leblogmoto.com\/images\/2008\/10\/13\/brudeli_leanster_10.jpg","datePublished":"2008-10-13T22:53:10+00:00","dateModified":"2012-07-11T16:27:10+00:00","author":{"@id":"https:\/\/blogs.thesocialmedia.com\/leblogmoto\/#\/schema\/person\/18bfe773e5725ed6d24f743da805362a"},"breadcrumb":{"@id":"https:\/\/blogs.thesocialmedia.com\/leblogmoto\/2008\/10\/13\/non-non-ce-trik\/#breadcrumb"},"inLanguage":"fr-FR","potentialAction":[{"@type":"ReadAction","target":["https:\/\/blogs.thesocialmedia.com\/leblogmoto\/2008\/10\/13\/non-non-ce-trik\/"]}]},{"@type":"ImageObject","inLanguage":"fr-FR","@id":"https:\/\/blogs.thesocialmedia.com\/leblogmoto\/2008\/10\/13\/non-non-ce-trik\/#primaryimage","url":"http:\/\/www.leblogmoto.com\/images\/2008\/10\/13\/brudeli_leanster_10.jpg","contentUrl":"http:\/\/www.leblogmoto.com\/images\/2008\/10\/13\/brudeli_leanster_10.jpg"},{"@type":"BreadcrumbList","@id":"https:\/\/blogs.thesocialmedia.com\/leblogmoto\/2008\/10\/13\/non-non-ce-trik\/#breadcrumb","itemListElement":[{"@type":"ListItem","position":1,"name":"Accueil","item":"https:\/\/blogs.thesocialmedia.com\/leblogmoto\/"},{"@type":"ListItem","position":2,"name":"Non, non, ce trike n&rsquo;est pas couch\u00e9 sur le flanc."}]},{"@type":"WebSite","@id":"https:\/\/blogs.thesocialmedia.com\/leblogmoto\/#website","url":"https:\/\/blogs.thesocialmedia.com\/leblogmoto\/","name":"leblogmoto","description":"Toute l&#039;actualit\u00e9 des 2 roues","potentialAction":[{"@type":"SearchAction","target":{"@type":"EntryPoint","urlTemplate":"https:\/\/blogs.thesocialmedia.com\/leblogmoto\/?s={search_term_string}"},"query-input":{"@type":"PropertyValueSpecification","valueRequired":true,"valueName":"search_term_string"}}],"inLanguage":"fr-FR"},{"@type":"Person","@id":"https:\/\/blogs.thesocialmedia.com\/leblogmoto\/#\/schema\/person\/18bfe773e5725ed6d24f743da805362a","name":"benoit rieu","image":{"@type":"ImageObject","inLanguage":"fr-FR","@id":"https:\/\/blogs.thesocialmedia.com\/leblogmoto\/#\/schema\/person\/image\/","url":"https:\/\/secure.gravatar.com\/avatar\/?s=96&d=mm&r=g","contentUrl":"https:\/\/secure.gravatar.com\/avatar\/?s=96&d=mm&r=g","caption":"benoit rieu"},"url":"https:\/\/blogs.thesocialmedia.com\/leblogmoto\/author\/benoit-rieu\/"}]}},"_links":{"self":[{"href":"https:\/\/blogs.thesocialmedia.com\/leblogmoto\/wp-json\/wp\/v2\/posts\/456","targetHints":{"allow":["GET"]}}],"collection":[{"href":"https:\/\/blogs.thesocialmedia.com\/leblogmoto\/wp-json\/wp\/v2\/posts"}],"about":[{"href":"https:\/\/blogs.thesocialmedia.com\/leblogmoto\/wp-json\/wp\/v2\/types\/post"}],"author":[{"embeddable":true,"href":"https:\/\/blogs.thesocialmedia.com\/leblogmoto\/wp-json\/wp\/v2\/users\/324"}],"replies":[{"embeddable":true,"href":"https:\/\/blogs.thesocialmedia.com\/leblogmoto\/wp-json\/wp\/v2\/comments?post=456"}],"version-history":[{"count":2,"href":"https:\/\/blogs.thesocialmedia.com\/leblogmoto\/wp-json\/wp\/v2\/posts\/456\/revisions"}],"predecessor-version":[{"id":11850,"href":"https:\/\/blogs.thesocialmedia.com\/leblogmoto\/wp-json\/wp\/v2\/posts\/456\/revisions\/11850"}],"wp:attachment":[{"href":"https:\/\/blogs.thesocialmedia.com\/leblogmoto\/wp-json\/wp\/v2\/media?parent=456"}],"wp:term":[{"taxonomy":"category","embeddable":true,"href":"https:\/\/blogs.thesocialmedia.com\/leblogmoto\/wp-json\/wp\/v2\/categories?post=456"},{"taxonomy":"post_tag","embeddable":true,"href":"https:\/\/blogs.thesocialmedia.com\/leblogmoto\/wp-json\/wp\/v2\/tags?post=456"}],"curies":[{"name":"wp","href":"https:\/\/api.w.org\/{rel}","templated":true}]}}