{"id":457,"date":"2008-10-13T22:52:12","date_gmt":"2008-10-13T22:52:12","guid":{"rendered":"http:\/\/blogs.thesocialmedia.com\/leblogmoto\/2008\/10\/13\/bling-bling-bhm\/"},"modified":"2012-07-11T16:26:47","modified_gmt":"2012-07-11T16:26:47","slug":"bling-bling-bhm","status":"publish","type":"post","link":"https:\/\/blogs.thesocialmedia.com\/leblogmoto\/2008\/10\/13\/bling-bling-bhm\/","title":{"rendered":"Bling-bling B\u00e9h\u00e8me pas boh\u00e8me."},"content":{"rendered":"<p><a href=\"http:\/\/blogs.thesocialmedia.com\/leblogmoto\/files\/2012\/07\/bmw.jpg\"><img loading=\"lazy\" decoding=\"async\" height=\"425\"  width=\"470\" alt=\"Bmw\" src=\"http:\/\/www.leblogmoto.com\/images\/2008\/10\/05\/bmw.jpg\" \/><\/a><\/p>\n<p>D\u00e9nich\u00e9 lors de p\u00e9r\u00e9grinations sur le net, au d\u00e9tour d&rsquo;un article de <a href=\"http:\/\/www.time.com\/time\/specials\/2007\/article\/0,28804,1642444_1842874_1842866,00.html\">Time<\/a> magazine dans son \u00e9dition en ligne (mais dispo aussi je pense dans l&rsquo;\u00e9dition papier), les Allemands de <a href=\"http:\/\/www.bling-my-thing.com\/\"><em>Bling my thing<\/em><\/a> se proposent d&rsquo;ajouter une touche frime &#8211; mais para\u00eet-il &#8211; classe, \u00e0 <em>tous<\/em> les objets de la vie quotidienne que vous leur fournirez. De les &quot;pimper&quot; comme l&rsquo;on dit maintenant, du nom de la c\u00e9l\u00e8bre \u00e9mission de MTV <em>Pimp my ride<\/em>; le tuning en profondeur en moins, l&rsquo;apparence moto d&rsquo;esth\u00e9ticienne en plus. L&rsquo;op\u00e9ration, d\u00e9nomm\u00e9e <em>blinging<\/em>, par Ayano Kimura, le designer en chef, consiste \u00e0 apposer une multitude de cristaux Swarovski sur le car\u00e9nage ainsi que sur les valises. Ne manque plus qu&rsquo;un panneau&quot;french manucure&quot;. Et si la transformation de votre belle br\u00eale vous effraie (il y a de quoi), vous pouvez tout simplement leur fournir vos cl\u00e9s (photo suivante). <\/p>\n<p><a href=\"http:\/\/clabedan.typepad.com\/.shared\/image.html?\/photos\/uncategorized\/2008\/10\/13\/moto_tuning_pimp_bling_my_thing_cls.jpg\"><img loading=\"lazy\" decoding=\"async\" height=\"274\"  width=\"470\" alt=\"Moto_tuning_pimp_bling_my_thing_cls\" src=\"http:\/\/www.leblogmoto.com\/images\/2008\/10\/13\/moto_tuning_pimp_bling_my_thing_cls.jpg\" \/><\/a> <\/p>\n","protected":false},"excerpt":{"rendered":"<p>D\u00e9nich\u00e9 lors de p\u00e9r\u00e9grinations sur le net, au d\u00e9tour d&rsquo;un article de Time magazine dans son \u00e9dition en ligne (mais dispo aussi je pense dans l&rsquo;\u00e9dition papier), les Allemands de Bling my thing se proposent d&rsquo;ajouter une touche frime &#8211; mais para\u00eet-il &#8211; classe, \u00e0 tous les objets de la vie quotidienne que vous leur [&hellip;]<\/p>\n","protected":false},"author":324,"featured_media":0,"comment_status":"open","ping_status":"open","sticky":false,"template":"","format":"standard","meta":{"footnotes":""},"categories":[7,58],"tags":[],"class_list":["post-457","post","type-post","status-publish","format-standard","hentry","category-bmw","category-insolite"],"yoast_head":"<!-- This site is optimized with the Yoast SEO plugin v26.0 - https:\/\/yoast.com\/wordpress\/plugins\/seo\/ -->\n<title>Bling-bling B\u00e9h\u00e8me pas boh\u00e8me. - leblogmoto.com<\/title>\n<meta name=\"robots\" content=\"index, follow, max-snippet:-1, max-image-preview:large, max-video-preview:-1\" \/>\n<link rel=\"canonical\" href=\"https:\/\/blogs.thesocialmedia.com\/leblogmoto\/2008\/10\/13\/bling-bling-bhm\/\" \/>\n<meta name=\"twitter:card\" content=\"summary_large_image\" \/>\n<meta name=\"twitter:title\" content=\"Bling-bling B\u00e9h\u00e8me pas boh\u00e8me. - leblogmoto.com\" \/>\n<meta name=\"twitter:description\" content=\"D\u00e9nich\u00e9 lors de p\u00e9r\u00e9grinations sur le net, au d\u00e9tour d&rsquo;un article de Time magazine dans son \u00e9dition en ligne (mais dispo aussi je pense dans l&rsquo;\u00e9dition papier), les Allemands de Bling my thing se proposent d&rsquo;ajouter une touche frime &#8211; mais para\u00eet-il &#8211; classe, \u00e0 tous les objets de la vie quotidienne que vous leur [&hellip;]\" \/>\n<meta name=\"twitter:image\" content=\"http:\/\/www.leblogmoto.com\/images\/2008\/10\/05\/bmw.jpg\" \/>\n<meta name=\"twitter:label1\" content=\"\u00c9crit par\" \/>\n\t<meta name=\"twitter:data1\" content=\"benoit rieu\" \/>\n\t<meta name=\"twitter:label2\" content=\"Dur\u00e9e de lecture estim\u00e9e\" \/>\n\t<meta name=\"twitter:data2\" content=\"1 minute\" \/>\n<script type=\"application\/ld+json\" class=\"yoast-schema-graph\">{\"@context\":\"https:\/\/schema.org\",\"@graph\":[{\"@type\":\"WebPage\",\"@id\":\"https:\/\/blogs.thesocialmedia.com\/leblogmoto\/2008\/10\/13\/bling-bling-bhm\/\",\"url\":\"https:\/\/blogs.thesocialmedia.com\/leblogmoto\/2008\/10\/13\/bling-bling-bhm\/\",\"name\":\"Bling-bling B\u00e9h\u00e8me pas boh\u00e8me. - leblogmoto.com\",\"isPartOf\":{\"@id\":\"https:\/\/blogs.thesocialmedia.com\/leblogmoto\/#website\"},\"primaryImageOfPage\":{\"@id\":\"https:\/\/blogs.thesocialmedia.com\/leblogmoto\/2008\/10\/13\/bling-bling-bhm\/#primaryimage\"},\"image\":{\"@id\":\"https:\/\/blogs.thesocialmedia.com\/leblogmoto\/2008\/10\/13\/bling-bling-bhm\/#primaryimage\"},\"thumbnailUrl\":\"http:\/\/www.leblogmoto.com\/images\/2008\/10\/05\/bmw.jpg\",\"datePublished\":\"2008-10-13T22:52:12+00:00\",\"dateModified\":\"2012-07-11T16:26:47+00:00\",\"author\":{\"@id\":\"https:\/\/blogs.thesocialmedia.com\/leblogmoto\/#\/schema\/person\/18bfe773e5725ed6d24f743da805362a\"},\"breadcrumb\":{\"@id\":\"https:\/\/blogs.thesocialmedia.com\/leblogmoto\/2008\/10\/13\/bling-bling-bhm\/#breadcrumb\"},\"inLanguage\":\"fr-FR\",\"potentialAction\":[{\"@type\":\"ReadAction\",\"target\":[\"https:\/\/blogs.thesocialmedia.com\/leblogmoto\/2008\/10\/13\/bling-bling-bhm\/\"]}]},{\"@type\":\"ImageObject\",\"inLanguage\":\"fr-FR\",\"@id\":\"https:\/\/blogs.thesocialmedia.com\/leblogmoto\/2008\/10\/13\/bling-bling-bhm\/#primaryimage\",\"url\":\"http:\/\/www.leblogmoto.com\/images\/2008\/10\/05\/bmw.jpg\",\"contentUrl\":\"http:\/\/www.leblogmoto.com\/images\/2008\/10\/05\/bmw.jpg\"},{\"@type\":\"BreadcrumbList\",\"@id\":\"https:\/\/blogs.thesocialmedia.com\/leblogmoto\/2008\/10\/13\/bling-bling-bhm\/#breadcrumb\",\"itemListElement\":[{\"@type\":\"ListItem\",\"position\":1,\"name\":\"Accueil\",\"item\":\"https:\/\/blogs.thesocialmedia.com\/leblogmoto\/\"},{\"@type\":\"ListItem\",\"position\":2,\"name\":\"Bling-bling B\u00e9h\u00e8me pas boh\u00e8me.\"}]},{\"@type\":\"WebSite\",\"@id\":\"https:\/\/blogs.thesocialmedia.com\/leblogmoto\/#website\",\"url\":\"https:\/\/blogs.thesocialmedia.com\/leblogmoto\/\",\"name\":\"leblogmoto\",\"description\":\"Toute l&#039;actualit\u00e9 des 2 roues\",\"potentialAction\":[{\"@type\":\"SearchAction\",\"target\":{\"@type\":\"EntryPoint\",\"urlTemplate\":\"https:\/\/blogs.thesocialmedia.com\/leblogmoto\/?s={search_term_string}\"},\"query-input\":{\"@type\":\"PropertyValueSpecification\",\"valueRequired\":true,\"valueName\":\"search_term_string\"}}],\"inLanguage\":\"fr-FR\"},{\"@type\":\"Person\",\"@id\":\"https:\/\/blogs.thesocialmedia.com\/leblogmoto\/#\/schema\/person\/18bfe773e5725ed6d24f743da805362a\",\"name\":\"benoit rieu\",\"image\":{\"@type\":\"ImageObject\",\"inLanguage\":\"fr-FR\",\"@id\":\"https:\/\/blogs.thesocialmedia.com\/leblogmoto\/#\/schema\/person\/image\/\",\"url\":\"https:\/\/secure.gravatar.com\/avatar\/?s=96&d=mm&r=g\",\"contentUrl\":\"https:\/\/secure.gravatar.com\/avatar\/?s=96&d=mm&r=g\",\"caption\":\"benoit rieu\"},\"url\":\"https:\/\/blogs.thesocialmedia.com\/leblogmoto\/author\/benoit-rieu\/\"}]}<\/script>\n<!-- \/ Yoast SEO plugin. -->","yoast_head_json":{"title":"Bling-bling B\u00e9h\u00e8me pas boh\u00e8me. - leblogmoto.com","robots":{"index":"index","follow":"follow","max-snippet":"max-snippet:-1","max-image-preview":"max-image-preview:large","max-video-preview":"max-video-preview:-1"},"canonical":"https:\/\/blogs.thesocialmedia.com\/leblogmoto\/2008\/10\/13\/bling-bling-bhm\/","twitter_card":"summary_large_image","twitter_title":"Bling-bling B\u00e9h\u00e8me pas boh\u00e8me. - leblogmoto.com","twitter_description":"D\u00e9nich\u00e9 lors de p\u00e9r\u00e9grinations sur le net, au d\u00e9tour d&rsquo;un article de Time magazine dans son \u00e9dition en ligne (mais dispo aussi je pense dans l&rsquo;\u00e9dition papier), les Allemands de Bling my thing se proposent d&rsquo;ajouter une touche frime &#8211; mais para\u00eet-il &#8211; classe, \u00e0 tous les objets de la vie quotidienne que vous leur [&hellip;]","twitter_image":"http:\/\/www.leblogmoto.com\/images\/2008\/10\/05\/bmw.jpg","twitter_misc":{"\u00c9crit par":"benoit rieu","Dur\u00e9e de lecture estim\u00e9e":"1 minute"},"schema":{"@context":"https:\/\/schema.org","@graph":[{"@type":"WebPage","@id":"https:\/\/blogs.thesocialmedia.com\/leblogmoto\/2008\/10\/13\/bling-bling-bhm\/","url":"https:\/\/blogs.thesocialmedia.com\/leblogmoto\/2008\/10\/13\/bling-bling-bhm\/","name":"Bling-bling B\u00e9h\u00e8me pas boh\u00e8me. - leblogmoto.com","isPartOf":{"@id":"https:\/\/blogs.thesocialmedia.com\/leblogmoto\/#website"},"primaryImageOfPage":{"@id":"https:\/\/blogs.thesocialmedia.com\/leblogmoto\/2008\/10\/13\/bling-bling-bhm\/#primaryimage"},"image":{"@id":"https:\/\/blogs.thesocialmedia.com\/leblogmoto\/2008\/10\/13\/bling-bling-bhm\/#primaryimage"},"thumbnailUrl":"http:\/\/www.leblogmoto.com\/images\/2008\/10\/05\/bmw.jpg","datePublished":"2008-10-13T22:52:12+00:00","dateModified":"2012-07-11T16:26:47+00:00","author":{"@id":"https:\/\/blogs.thesocialmedia.com\/leblogmoto\/#\/schema\/person\/18bfe773e5725ed6d24f743da805362a"},"breadcrumb":{"@id":"https:\/\/blogs.thesocialmedia.com\/leblogmoto\/2008\/10\/13\/bling-bling-bhm\/#breadcrumb"},"inLanguage":"fr-FR","potentialAction":[{"@type":"ReadAction","target":["https:\/\/blogs.thesocialmedia.com\/leblogmoto\/2008\/10\/13\/bling-bling-bhm\/"]}]},{"@type":"ImageObject","inLanguage":"fr-FR","@id":"https:\/\/blogs.thesocialmedia.com\/leblogmoto\/2008\/10\/13\/bling-bling-bhm\/#primaryimage","url":"http:\/\/www.leblogmoto.com\/images\/2008\/10\/05\/bmw.jpg","contentUrl":"http:\/\/www.leblogmoto.com\/images\/2008\/10\/05\/bmw.jpg"},{"@type":"BreadcrumbList","@id":"https:\/\/blogs.thesocialmedia.com\/leblogmoto\/2008\/10\/13\/bling-bling-bhm\/#breadcrumb","itemListElement":[{"@type":"ListItem","position":1,"name":"Accueil","item":"https:\/\/blogs.thesocialmedia.com\/leblogmoto\/"},{"@type":"ListItem","position":2,"name":"Bling-bling B\u00e9h\u00e8me pas boh\u00e8me."}]},{"@type":"WebSite","@id":"https:\/\/blogs.thesocialmedia.com\/leblogmoto\/#website","url":"https:\/\/blogs.thesocialmedia.com\/leblogmoto\/","name":"leblogmoto","description":"Toute l&#039;actualit\u00e9 des 2 roues","potentialAction":[{"@type":"SearchAction","target":{"@type":"EntryPoint","urlTemplate":"https:\/\/blogs.thesocialmedia.com\/leblogmoto\/?s={search_term_string}"},"query-input":{"@type":"PropertyValueSpecification","valueRequired":true,"valueName":"search_term_string"}}],"inLanguage":"fr-FR"},{"@type":"Person","@id":"https:\/\/blogs.thesocialmedia.com\/leblogmoto\/#\/schema\/person\/18bfe773e5725ed6d24f743da805362a","name":"benoit rieu","image":{"@type":"ImageObject","inLanguage":"fr-FR","@id":"https:\/\/blogs.thesocialmedia.com\/leblogmoto\/#\/schema\/person\/image\/","url":"https:\/\/secure.gravatar.com\/avatar\/?s=96&d=mm&r=g","contentUrl":"https:\/\/secure.gravatar.com\/avatar\/?s=96&d=mm&r=g","caption":"benoit rieu"},"url":"https:\/\/blogs.thesocialmedia.com\/leblogmoto\/author\/benoit-rieu\/"}]}},"_links":{"self":[{"href":"https:\/\/blogs.thesocialmedia.com\/leblogmoto\/wp-json\/wp\/v2\/posts\/457","targetHints":{"allow":["GET"]}}],"collection":[{"href":"https:\/\/blogs.thesocialmedia.com\/leblogmoto\/wp-json\/wp\/v2\/posts"}],"about":[{"href":"https:\/\/blogs.thesocialmedia.com\/leblogmoto\/wp-json\/wp\/v2\/types\/post"}],"author":[{"embeddable":true,"href":"https:\/\/blogs.thesocialmedia.com\/leblogmoto\/wp-json\/wp\/v2\/users\/324"}],"replies":[{"embeddable":true,"href":"https:\/\/blogs.thesocialmedia.com\/leblogmoto\/wp-json\/wp\/v2\/comments?post=457"}],"version-history":[{"count":2,"href":"https:\/\/blogs.thesocialmedia.com\/leblogmoto\/wp-json\/wp\/v2\/posts\/457\/revisions"}],"predecessor-version":[{"id":11840,"href":"https:\/\/blogs.thesocialmedia.com\/leblogmoto\/wp-json\/wp\/v2\/posts\/457\/revisions\/11840"}],"wp:attachment":[{"href":"https:\/\/blogs.thesocialmedia.com\/leblogmoto\/wp-json\/wp\/v2\/media?parent=457"}],"wp:term":[{"taxonomy":"category","embeddable":true,"href":"https:\/\/blogs.thesocialmedia.com\/leblogmoto\/wp-json\/wp\/v2\/categories?post=457"},{"taxonomy":"post_tag","embeddable":true,"href":"https:\/\/blogs.thesocialmedia.com\/leblogmoto\/wp-json\/wp\/v2\/tags?post=457"}],"curies":[{"name":"wp","href":"https:\/\/api.w.org\/{rel}","templated":true}]}}