{"id":47,"date":"2009-10-15T07:59:10","date_gmt":"2009-10-15T07:59:10","guid":{"rendered":"http:\/\/blogs.thesocialmedia.com\/leblogmoto\/2009\/10\/15\/notre-bonte-nous-perdra\/"},"modified":"2012-07-11T17:40:16","modified_gmt":"2012-07-11T17:40:16","slug":"notre-bonte-nous-perdra","status":"publish","type":"post","link":"https:\/\/blogs.thesocialmedia.com\/leblogmoto\/2009\/10\/15\/notre-bonte-nous-perdra\/","title":{"rendered":"Notre bont\u00e9 nous perdra."},"content":{"rendered":"<p><a href=\"http:\/\/blogs.thesocialmedia.com\/leblogmoto\/files\/2012\/07\/6a00d83451b18369e20120a5e4f405970b-popup.png\"><img decoding=\"async\" alt=\"Moto Triangle Grd\" class=\"asset asset-image at-xid-6a00d83451b18369e20120a5e4f405970b \" src=\"http:\/\/blogs.thesocialmedia.com\/leblogmoto\/files\/2012\/07\/6a00d83451b18369e20120a5e4f405970b-500wi.jpg\" \/><\/a>&#160;<\/p>\n<p>La m\u00e9saventure arriv\u00e9e cet \u00e9t\u00e9&#160;\u00e0 l&#039;un des n\u00f4tres a une r\u00e9sonance particuli\u00e8re apr\u00e8s le bike-jacking dont nous parlions&#160;lundi, \u00e0 l&#039;occasion de la comm\u00e9moration du <a href=\"http:\/\/www.leblogmoto.com\/2009\/10\/rassemblement-motard-assassin%C3%A9-toulouse.html\">d\u00e9c\u00e8s<\/a> de Fr\u00e9d\u00e9ric Daigneau. A ceci pr\u00e8s que, si dans le cas pr\u00e9c\u00e9dent&#160;la force&#160;brutale fut utilis\u00e9e,&#160;avec un scooter barrant le chemin du&#160;pilote en Yam&#160;(sans parler des coups mortels); ici c&#039;est l&#039;art de la simulation, de la feinte et de la ruse qui ont \u00e9t\u00e9 mis \u00e0 profit part&#160;un jeune&#160;voleur saoul, puisque la pr\u00e9venance d&#039;un bon Samaritain a \u00e9t\u00e9 prise en d\u00e9faut. Pour la suite, et comprendre&#160;la raison d&#039;\u00eatre&#160;de ce bon gros triangle de signalisation, c&#039;est dans <a href=\"http:\/\/www.libeorleans.fr\/libe\/2009\/07\/ni-voiture-ni-moto-en-%C3%A9tat-d%C3%A9br%C3%A9it%C3%A9-tu-ne-voleras.html\">Lib\u00e9 Orl\u00e9ans<\/a> qu&#039;il faut aller. On ne manquera pas de s&#039;\u00e9tonner du&#160;comportement paradoxal&#160;d&#039;un caisseux&#160;dit &quot;en \u00e9tat d&#039;\u00e9bri\u00e9t\u00e9&quot; qui a tout de m\u00eame&#160;la pr\u00e9sence d&#039;esprit de feindre&#160;un \u00e9vanouissement, ou une perte de connaissance au volant,&#160;et de&#160;guetter un moment d&#039;inattention de son sauveur pour lui d\u00e9rober&#160;son v\u00e9hicule. La morale de l&#039;histoire ?<\/p>\n<\/p>\n<p>Il y en a une, g\u00e9n\u00e9rale,&#160;dont l&#039;application transformerait le motard en un \u00eatre&#160;misanthrope&#160;et \u00e9go\u00efste*, sans parler du manquement aux devoirs de secours et d&#039;assistance. Et puis le titre de notre article est assez provocateur pour ne pas avoir \u00e0 en rajouter. Je pr\u00e9f\u00e8re m&#039;arr\u00eater&#160;sur la seconde&#160;qui a des cons\u00e9quences plus pratiques et ancr\u00e9es dans la r\u00e9alit\u00e9 quotidienne: ne jamais laisser ses cl\u00e9s sur le Neiman (contacteur) quand on n&#039;a pas les fesses sur la bavette, a fortiori quand on s&#039;\u00e9loigne de son deux-roues.&#160;<\/p>\n<p>Et sans&#160;aller jusqu&#039;\u00e0&#160;cette m\u00e9saventure&#160;estivale tout de m\u00eame exceptionnelle, et puisque l&#039;on s&#039;approche des grands froids, cette r\u00e9gle de prudence&#160;vaut pour chacun d&#039;entre nous qui fera <em>tourner son moteur<\/em> puis effectuera le &quot;tour du propri\u00e9taire&quot; (bloc-gommes-optiques-freins et tutti quanti),&#160;enfilera ses gants,&#160;<em>avant<\/em> de grimper sur &quot;mimine&quot;.<\/p>\n<p><em>*D\u00e9j\u00e0 qu&#039;il l&#039;est selon l&#039;avis de bien de&#160;nos voisins&#160;sur la route.<\/em><\/p>\n","protected":false},"excerpt":{"rendered":"<p>&#160; La m\u00e9saventure arriv\u00e9e cet \u00e9t\u00e9&#160;\u00e0 l&#039;un des n\u00f4tres a une r\u00e9sonance particuli\u00e8re apr\u00e8s le bike-jacking dont nous parlions&#160;lundi, \u00e0 l&#039;occasion de la comm\u00e9moration du d\u00e9c\u00e8s de Fr\u00e9d\u00e9ric Daigneau. A ceci pr\u00e8s que, si dans le cas pr\u00e9c\u00e9dent&#160;la force&#160;brutale fut utilis\u00e9e,&#160;avec un scooter barrant le chemin du&#160;pilote en Yam&#160;(sans parler des coups mortels); ici c&#039;est [&hellip;]<\/p>\n","protected":false},"author":324,"featured_media":14227,"comment_status":"open","ping_status":"open","sticky":false,"template":"","format":"standard","meta":{"footnotes":""},"categories":[3,26,27],"tags":[],"class_list":["post-47","post","type-post","status-publish","format-standard","has-post-thumbnail","hentry","category-actualite","category-circulation","category-securite"],"yoast_head":"<!-- This site is optimized with the Yoast SEO plugin v26.0 - https:\/\/yoast.com\/wordpress\/plugins\/seo\/ -->\n<title>Notre bont\u00e9 nous perdra. - leblogmoto.com<\/title>\n<meta name=\"robots\" content=\"index, follow, max-snippet:-1, max-image-preview:large, max-video-preview:-1\" \/>\n<link rel=\"canonical\" href=\"https:\/\/blogs.thesocialmedia.com\/leblogmoto\/2009\/10\/15\/notre-bonte-nous-perdra\/\" \/>\n<meta name=\"twitter:card\" content=\"summary_large_image\" \/>\n<meta name=\"twitter:title\" content=\"Notre bont\u00e9 nous perdra. - leblogmoto.com\" \/>\n<meta name=\"twitter:description\" content=\"&#160; La m\u00e9saventure arriv\u00e9e cet \u00e9t\u00e9&#160;\u00e0 l&#039;un des n\u00f4tres a une r\u00e9sonance particuli\u00e8re apr\u00e8s le bike-jacking dont nous parlions&#160;lundi, \u00e0 l&#039;occasion de la comm\u00e9moration du d\u00e9c\u00e8s de Fr\u00e9d\u00e9ric Daigneau. A ceci pr\u00e8s que, si dans le cas pr\u00e9c\u00e9dent&#160;la force&#160;brutale fut utilis\u00e9e,&#160;avec un scooter barrant le chemin du&#160;pilote en Yam&#160;(sans parler des coups mortels); ici c&#039;est [&hellip;]\" \/>\n<meta name=\"twitter:image\" content=\"https:\/\/blogs.thesocialmedia.com\/leblogmoto\/files\/2012\/07\/6a00d83451b18369e20120a5e4f405970b-500wi.jpg\" \/>\n<meta name=\"twitter:label1\" content=\"\u00c9crit par\" \/>\n\t<meta name=\"twitter:data1\" content=\"benoit rieu\" \/>\n\t<meta name=\"twitter:label2\" content=\"Dur\u00e9e de lecture estim\u00e9e\" \/>\n\t<meta name=\"twitter:data2\" content=\"2 minutes\" \/>\n<script type=\"application\/ld+json\" class=\"yoast-schema-graph\">{\"@context\":\"https:\/\/schema.org\",\"@graph\":[{\"@type\":\"WebPage\",\"@id\":\"https:\/\/blogs.thesocialmedia.com\/leblogmoto\/2009\/10\/15\/notre-bonte-nous-perdra\/\",\"url\":\"https:\/\/blogs.thesocialmedia.com\/leblogmoto\/2009\/10\/15\/notre-bonte-nous-perdra\/\",\"name\":\"Notre bont\u00e9 nous perdra. - leblogmoto.com\",\"isPartOf\":{\"@id\":\"https:\/\/blogs.thesocialmedia.com\/leblogmoto\/#website\"},\"primaryImageOfPage\":{\"@id\":\"https:\/\/blogs.thesocialmedia.com\/leblogmoto\/2009\/10\/15\/notre-bonte-nous-perdra\/#primaryimage\"},\"image\":{\"@id\":\"https:\/\/blogs.thesocialmedia.com\/leblogmoto\/2009\/10\/15\/notre-bonte-nous-perdra\/#primaryimage\"},\"thumbnailUrl\":\"https:\/\/blogs.thesocialmedia.com\/leblogmoto\/files\/2012\/07\/6a00d83451b18369e20120a5e4f405970b-500wi.jpg\",\"datePublished\":\"2009-10-15T07:59:10+00:00\",\"dateModified\":\"2012-07-11T17:40:16+00:00\",\"author\":{\"@id\":\"https:\/\/blogs.thesocialmedia.com\/leblogmoto\/#\/schema\/person\/18bfe773e5725ed6d24f743da805362a\"},\"breadcrumb\":{\"@id\":\"https:\/\/blogs.thesocialmedia.com\/leblogmoto\/2009\/10\/15\/notre-bonte-nous-perdra\/#breadcrumb\"},\"inLanguage\":\"fr-FR\",\"potentialAction\":[{\"@type\":\"ReadAction\",\"target\":[\"https:\/\/blogs.thesocialmedia.com\/leblogmoto\/2009\/10\/15\/notre-bonte-nous-perdra\/\"]}]},{\"@type\":\"ImageObject\",\"inLanguage\":\"fr-FR\",\"@id\":\"https:\/\/blogs.thesocialmedia.com\/leblogmoto\/2009\/10\/15\/notre-bonte-nous-perdra\/#primaryimage\",\"url\":\"https:\/\/blogs.thesocialmedia.com\/leblogmoto\/files\/2012\/07\/6a00d83451b18369e20120a5e4f405970b-500wi.jpg\",\"contentUrl\":\"https:\/\/blogs.thesocialmedia.com\/leblogmoto\/files\/2012\/07\/6a00d83451b18369e20120a5e4f405970b-500wi.jpg\",\"width\":\"500\",\"height\":\"462\"},{\"@type\":\"BreadcrumbList\",\"@id\":\"https:\/\/blogs.thesocialmedia.com\/leblogmoto\/2009\/10\/15\/notre-bonte-nous-perdra\/#breadcrumb\",\"itemListElement\":[{\"@type\":\"ListItem\",\"position\":1,\"name\":\"Accueil\",\"item\":\"https:\/\/blogs.thesocialmedia.com\/leblogmoto\/\"},{\"@type\":\"ListItem\",\"position\":2,\"name\":\"Notre bont\u00e9 nous perdra.\"}]},{\"@type\":\"WebSite\",\"@id\":\"https:\/\/blogs.thesocialmedia.com\/leblogmoto\/#website\",\"url\":\"https:\/\/blogs.thesocialmedia.com\/leblogmoto\/\",\"name\":\"leblogmoto\",\"description\":\"Toute l&#039;actualit\u00e9 des 2 roues\",\"potentialAction\":[{\"@type\":\"SearchAction\",\"target\":{\"@type\":\"EntryPoint\",\"urlTemplate\":\"https:\/\/blogs.thesocialmedia.com\/leblogmoto\/?s={search_term_string}\"},\"query-input\":{\"@type\":\"PropertyValueSpecification\",\"valueRequired\":true,\"valueName\":\"search_term_string\"}}],\"inLanguage\":\"fr-FR\"},{\"@type\":\"Person\",\"@id\":\"https:\/\/blogs.thesocialmedia.com\/leblogmoto\/#\/schema\/person\/18bfe773e5725ed6d24f743da805362a\",\"name\":\"benoit rieu\",\"image\":{\"@type\":\"ImageObject\",\"inLanguage\":\"fr-FR\",\"@id\":\"https:\/\/blogs.thesocialmedia.com\/leblogmoto\/#\/schema\/person\/image\/\",\"url\":\"https:\/\/secure.gravatar.com\/avatar\/?s=96&d=mm&r=g\",\"contentUrl\":\"https:\/\/secure.gravatar.com\/avatar\/?s=96&d=mm&r=g\",\"caption\":\"benoit rieu\"},\"url\":\"https:\/\/blogs.thesocialmedia.com\/leblogmoto\/author\/benoit-rieu\/\"}]}<\/script>\n<!-- \/ Yoast SEO plugin. -->","yoast_head_json":{"title":"Notre bont\u00e9 nous perdra. - leblogmoto.com","robots":{"index":"index","follow":"follow","max-snippet":"max-snippet:-1","max-image-preview":"max-image-preview:large","max-video-preview":"max-video-preview:-1"},"canonical":"https:\/\/blogs.thesocialmedia.com\/leblogmoto\/2009\/10\/15\/notre-bonte-nous-perdra\/","twitter_card":"summary_large_image","twitter_title":"Notre bont\u00e9 nous perdra. - leblogmoto.com","twitter_description":"&#160; La m\u00e9saventure arriv\u00e9e cet \u00e9t\u00e9&#160;\u00e0 l&#039;un des n\u00f4tres a une r\u00e9sonance particuli\u00e8re apr\u00e8s le bike-jacking dont nous parlions&#160;lundi, \u00e0 l&#039;occasion de la comm\u00e9moration du d\u00e9c\u00e8s de Fr\u00e9d\u00e9ric Daigneau. A ceci pr\u00e8s que, si dans le cas pr\u00e9c\u00e9dent&#160;la force&#160;brutale fut utilis\u00e9e,&#160;avec un scooter barrant le chemin du&#160;pilote en Yam&#160;(sans parler des coups mortels); ici c&#039;est [&hellip;]","twitter_image":"https:\/\/blogs.thesocialmedia.com\/leblogmoto\/files\/2012\/07\/6a00d83451b18369e20120a5e4f405970b-500wi.jpg","twitter_misc":{"\u00c9crit par":"benoit rieu","Dur\u00e9e de lecture estim\u00e9e":"2 minutes"},"schema":{"@context":"https:\/\/schema.org","@graph":[{"@type":"WebPage","@id":"https:\/\/blogs.thesocialmedia.com\/leblogmoto\/2009\/10\/15\/notre-bonte-nous-perdra\/","url":"https:\/\/blogs.thesocialmedia.com\/leblogmoto\/2009\/10\/15\/notre-bonte-nous-perdra\/","name":"Notre bont\u00e9 nous perdra. - leblogmoto.com","isPartOf":{"@id":"https:\/\/blogs.thesocialmedia.com\/leblogmoto\/#website"},"primaryImageOfPage":{"@id":"https:\/\/blogs.thesocialmedia.com\/leblogmoto\/2009\/10\/15\/notre-bonte-nous-perdra\/#primaryimage"},"image":{"@id":"https:\/\/blogs.thesocialmedia.com\/leblogmoto\/2009\/10\/15\/notre-bonte-nous-perdra\/#primaryimage"},"thumbnailUrl":"https:\/\/blogs.thesocialmedia.com\/leblogmoto\/files\/2012\/07\/6a00d83451b18369e20120a5e4f405970b-500wi.jpg","datePublished":"2009-10-15T07:59:10+00:00","dateModified":"2012-07-11T17:40:16+00:00","author":{"@id":"https:\/\/blogs.thesocialmedia.com\/leblogmoto\/#\/schema\/person\/18bfe773e5725ed6d24f743da805362a"},"breadcrumb":{"@id":"https:\/\/blogs.thesocialmedia.com\/leblogmoto\/2009\/10\/15\/notre-bonte-nous-perdra\/#breadcrumb"},"inLanguage":"fr-FR","potentialAction":[{"@type":"ReadAction","target":["https:\/\/blogs.thesocialmedia.com\/leblogmoto\/2009\/10\/15\/notre-bonte-nous-perdra\/"]}]},{"@type":"ImageObject","inLanguage":"fr-FR","@id":"https:\/\/blogs.thesocialmedia.com\/leblogmoto\/2009\/10\/15\/notre-bonte-nous-perdra\/#primaryimage","url":"https:\/\/blogs.thesocialmedia.com\/leblogmoto\/files\/2012\/07\/6a00d83451b18369e20120a5e4f405970b-500wi.jpg","contentUrl":"https:\/\/blogs.thesocialmedia.com\/leblogmoto\/files\/2012\/07\/6a00d83451b18369e20120a5e4f405970b-500wi.jpg","width":"500","height":"462"},{"@type":"BreadcrumbList","@id":"https:\/\/blogs.thesocialmedia.com\/leblogmoto\/2009\/10\/15\/notre-bonte-nous-perdra\/#breadcrumb","itemListElement":[{"@type":"ListItem","position":1,"name":"Accueil","item":"https:\/\/blogs.thesocialmedia.com\/leblogmoto\/"},{"@type":"ListItem","position":2,"name":"Notre bont\u00e9 nous perdra."}]},{"@type":"WebSite","@id":"https:\/\/blogs.thesocialmedia.com\/leblogmoto\/#website","url":"https:\/\/blogs.thesocialmedia.com\/leblogmoto\/","name":"leblogmoto","description":"Toute l&#039;actualit\u00e9 des 2 roues","potentialAction":[{"@type":"SearchAction","target":{"@type":"EntryPoint","urlTemplate":"https:\/\/blogs.thesocialmedia.com\/leblogmoto\/?s={search_term_string}"},"query-input":{"@type":"PropertyValueSpecification","valueRequired":true,"valueName":"search_term_string"}}],"inLanguage":"fr-FR"},{"@type":"Person","@id":"https:\/\/blogs.thesocialmedia.com\/leblogmoto\/#\/schema\/person\/18bfe773e5725ed6d24f743da805362a","name":"benoit rieu","image":{"@type":"ImageObject","inLanguage":"fr-FR","@id":"https:\/\/blogs.thesocialmedia.com\/leblogmoto\/#\/schema\/person\/image\/","url":"https:\/\/secure.gravatar.com\/avatar\/?s=96&d=mm&r=g","contentUrl":"https:\/\/secure.gravatar.com\/avatar\/?s=96&d=mm&r=g","caption":"benoit rieu"},"url":"https:\/\/blogs.thesocialmedia.com\/leblogmoto\/author\/benoit-rieu\/"}]}},"_links":{"self":[{"href":"https:\/\/blogs.thesocialmedia.com\/leblogmoto\/wp-json\/wp\/v2\/posts\/47","targetHints":{"allow":["GET"]}}],"collection":[{"href":"https:\/\/blogs.thesocialmedia.com\/leblogmoto\/wp-json\/wp\/v2\/posts"}],"about":[{"href":"https:\/\/blogs.thesocialmedia.com\/leblogmoto\/wp-json\/wp\/v2\/types\/post"}],"author":[{"embeddable":true,"href":"https:\/\/blogs.thesocialmedia.com\/leblogmoto\/wp-json\/wp\/v2\/users\/324"}],"replies":[{"embeddable":true,"href":"https:\/\/blogs.thesocialmedia.com\/leblogmoto\/wp-json\/wp\/v2\/comments?post=47"}],"version-history":[{"count":2,"href":"https:\/\/blogs.thesocialmedia.com\/leblogmoto\/wp-json\/wp\/v2\/posts\/47\/revisions"}],"predecessor-version":[{"id":14229,"href":"https:\/\/blogs.thesocialmedia.com\/leblogmoto\/wp-json\/wp\/v2\/posts\/47\/revisions\/14229"}],"wp:featuredmedia":[{"embeddable":true,"href":"https:\/\/blogs.thesocialmedia.com\/leblogmoto\/wp-json\/wp\/v2\/media\/14227"}],"wp:attachment":[{"href":"https:\/\/blogs.thesocialmedia.com\/leblogmoto\/wp-json\/wp\/v2\/media?parent=47"}],"wp:term":[{"taxonomy":"category","embeddable":true,"href":"https:\/\/blogs.thesocialmedia.com\/leblogmoto\/wp-json\/wp\/v2\/categories?post=47"},{"taxonomy":"post_tag","embeddable":true,"href":"https:\/\/blogs.thesocialmedia.com\/leblogmoto\/wp-json\/wp\/v2\/tags?post=47"}],"curies":[{"name":"wp","href":"https:\/\/api.w.org\/{rel}","templated":true}]}}