{"id":470,"date":"2008-10-03T04:07:00","date_gmt":"2008-10-03T04:07:00","guid":{"rendered":"http:\/\/blogs.thesocialmedia.com\/leblogmoto\/2008\/10\/03\/album-du-vendre-6\/"},"modified":"2012-07-11T16:25:19","modified_gmt":"2012-07-11T16:25:19","slug":"album-du-vendre-6","status":"publish","type":"post","link":"https:\/\/blogs.thesocialmedia.com\/leblogmoto\/2008\/10\/03\/album-du-vendre-6\/","title":{"rendered":"Album du vendredi, Ducati Monster 696"},"content":{"rendered":"<p><a href=\"http:\/\/blogs.thesocialmedia.com\/leblogmoto\/files\/2012\/07\/696_11.jpg\"><img loading=\"lazy\" decoding=\"async\" width=\"470\" height=\"311\"  src=\"http:\/\/www.leblogmoto.com\/images\/2008\/10\/02\/696_1.jpg\" alt=\"696_1\" \/><\/a> <\/p>\n<p>Les nouveaux Monster sont, semble-t-il, des accessoires de mode, au m\u00eame titre qu&rsquo;un sac Louis Vuitton ou des chaussures Gucci. Comme tels, ils d\u00e9passent le simple rang de vulgaire motocyclette pour devenir des ic\u00f4nes, des objets de d\u00e9sirs, des outils de s\u00e9ductions.<br \/>La moto en elles m\u00eame y est pour beaucoup, mais le prestige du nom et surnom, appuy\u00e9 par un impeccable marketing fait le reste.<br \/>Mais la pub n&rsquo;y peut rien sans l&rsquo;aura autour de la marque. Le championnat du monde de <a href=\"http:\/\/www.yamaha-racing.com\/Racing\/motogp\/rider_team\/rossi.jsp\">Rossi et sa Yamaha<\/a> ne changerons rien \u00e0 la perception de la MT-03, et la qualit\u00e9 du produit n&rsquo;y est pour rien, c&rsquo;est juste que, n&rsquo;est pas sexy qui veut, et David sera toujours plus s\u00e9duisant que Goliath.<\/p>\n<p>Et le nouveau <a href=\"http:\/\/www.ducati.com\/od\/ducatifrance\/fr\/bikes\/model.jhtml?model=2501\">Monster 696<\/a> est bien un David de la t\u00eate au pied, ou plut\u00f4t du phare aux \u00e9chappements. La ligne est superbe, j&rsquo;y reviendrai, mais c&rsquo;est surtout le moteur qui fait une Ducati. Et les 80 chevaux de ce V-Twin pour les uns ou bicylindre en L pour les autres sont non seulement un ravissement pour l&rsquo;oreille, remarquez les <a href=\"http:\/\/www.termignoni.it\/\">Termignonis<\/a> sur notre machine d&rsquo;essai, mais ils savent se faire tendre. Le plaisir, un des plaisirs, de ce Monster est de rel\u00e2cher doucement le levier d&#8217;embrayage une fois la premi\u00e8re enclench\u00e9, et de doucement se laisser couler sur la route, sans \u00e0-coups ni grincements, roulant au pas, certains de son effet, puis s&rsquo;\u00e9loigner dans un ronronnement soutenu en acc\u00e9l\u00e9rant alors avec autorit\u00e9. Le moteur ne d\u00e9\u00e7oit donc pas, la tenue de route non plus, si ce n&rsquo;est de la duret\u00e9 du mono-amortisseur arri\u00e8re, et l\u00e0 c&rsquo;est mon dos fragile qui se plaint seul dans son coin, de toute fa\u00e7on il est ajustable, l&rsquo;amortisseur, pas mon dos, m\u00eame si c&rsquo;est mieux ferme, un Monster, c&rsquo;est pas mou.<\/p>\n<p><a href=\"http:\/\/clabedan.typepad.com\/.shared\/image.html?\/photos\/uncategorized\/2008\/10\/02\/696_2.jpg\"><img loading=\"lazy\" decoding=\"async\" width=\"470\" height=\"311\"  src=\"http:\/\/www.leblogmoto.com\/images\/2008\/10\/02\/696_2.jpg\" alt=\"696_2\" \/><\/a> <\/p>\n<p>La ligne est superbe, beaucoup plus dynamique que celle de ses pr\u00e9d\u00e9cesseurs et malheureusement, il y a l\u00e0 un gros probl\u00e8me. Sur les 400 km\/h parcourus, une bonne moiti\u00e9 fut consacr\u00e9e \u00e0 trouver une position pas trop&nbsp; inconfortable. Et si la machine r\u00e9ussit sur les petites routes sinueuses \u00e0 faire oublier la g\u00eane cr\u00e9\u00e9e par l&rsquo;angle du si\u00e8ge, il se rappelle \u00e0 notre mauvais souvenir tr\u00e8s rapidement. Un bel exemple o\u00f9 la forme prime sur la fonction, au point qu&rsquo;il est l\u00e9gitime de se demander si les pilotes essayeur chez Ducati ont des couilles, ce qu&rsquo;ils ont assur\u00e9ment, mais certainement pas au m\u00eame endroit que les n\u00f4tres.<br \/>Un si\u00e8ge dit de \u00abtouring\u00bb est disponible en option, ce qui permettra peut-\u00eatre de limiter ce glissement progressif, mais n\u00e9anmoins in\u00e9luctable vers la pointe du r\u00e9servoir.<\/p>\n<p><a href=\"http:\/\/blogs.thesocialmedia.com\/leblogmoto\/files\/2012\/07\/696_3.jpg\"><img loading=\"lazy\" decoding=\"async\" width=\"470\" height=\"311\"  src=\"http:\/\/www.leblogmoto.com\/images\/2008\/10\/02\/696_3.jpg\" alt=\"696_3\" \/><\/a> <\/p>\n<p>C&rsquo;est un inconv\u00e9nient de taille, le confort n&rsquo;\u00e9tant plus un luxe, mais bien un imp\u00e9ratif. Autres petites tracasseries, comme le r\u00e9troviseur de gauche qui avait une tendance certaine \u00e0 c\u00e9der sous le vent, pivotant sur son axe, m&rsquo;obligeant \u00e0 garder avec moi une cl\u00e9 m\u00e9trique, un interrupteur de clignotants capricieux et un bruit de caisse assez d\u00e9sagr\u00e9able, celui du porte-plaque\/garde-boue arri\u00e8re, qui vibrait en un bruit de plastique bon march\u00e9. Rien de bien grave, mais en \u00eatre propri\u00e9taire, cela m&rsquo;ennuierait profond\u00e9ment. Je veux bien rouler et toutes les occasions sont bonnes, mais pas constamment en direction du concessionnaire pour des broutilles.<\/p>\n<p>Difficile de trouver la perfection, et si, m\u00eame les Italiens n&rsquo;y parviennent pas, il ne nous reste plus qu&rsquo;\u00e0 choisir ses maux. Et \u00e0 ce compte-l\u00e0, cette Monster 696 \u00e0 de bien beaux malaises.<\/p>\n<p><a href=\"http:\/\/blogs.thesocialmedia.com\/leblogmoto\/files\/2012\/07\/696_4.jpg\"><img loading=\"lazy\" decoding=\"async\" width=\"470\" height=\"234\"  src=\"http:\/\/www.leblogmoto.com\/images\/2008\/10\/02\/696_4.jpg\" alt=\"696_4\" \/><\/a> <\/p>\n<p><a href=\"http:\/\/blogs.thesocialmedia.com\/leblogmoto\/files\/2012\/07\/696_5.jpg\"><img loading=\"lazy\" decoding=\"async\" width=\"470\" height=\"311\"  src=\"http:\/\/www.leblogmoto.com\/images\/2008\/10\/02\/696_5.jpg\" alt=\"696_5\" \/><\/a> <\/p>\n<p><a href=\"http:\/\/blogs.thesocialmedia.com\/leblogmoto\/files\/2012\/07\/696_6.jpg\"><img loading=\"lazy\" decoding=\"async\" width=\"470\" height=\"311\"  src=\"http:\/\/www.leblogmoto.com\/images\/2008\/10\/02\/696_6.jpg\" alt=\"696_6\" \/><\/a> <\/p>\n<p><a href=\"http:\/\/blogs.thesocialmedia.com\/leblogmoto\/files\/2012\/07\/696_7.jpg\"><img loading=\"lazy\" decoding=\"async\" width=\"470\" height=\"641\"  src=\"http:\/\/www.leblogmoto.com\/images\/2008\/10\/02\/696_7.jpg\" alt=\"696_7\" \/><\/a> <\/p>\n<p><a href=\"http:\/\/blogs.thesocialmedia.com\/leblogmoto\/files\/2012\/07\/696_8.jpg\"><img loading=\"lazy\" decoding=\"async\" width=\"470\" height=\"311\"  src=\"http:\/\/www.leblogmoto.com\/images\/2008\/10\/02\/696_8.jpg\" alt=\"696_8\" \/><\/a> <\/p>\n<p><a href=\"http:\/\/blogs.thesocialmedia.com\/leblogmoto\/files\/2012\/07\/696ombre.jpg\"><img loading=\"lazy\" decoding=\"async\" width=\"470\" height=\"287\"  src=\"http:\/\/www.leblogmoto.com\/images\/2008\/10\/02\/696ombre.jpg\" alt=\"696ombre\" \/><\/a> <\/p>\n","protected":false},"excerpt":{"rendered":"<p>Les nouveaux Monster sont, semble-t-il, des accessoires de mode, au m\u00eame titre qu&rsquo;un sac Louis Vuitton ou des chaussures Gucci. Comme tels, ils d\u00e9passent le simple rang de vulgaire motocyclette pour devenir des ic\u00f4nes, des objets de d\u00e9sirs, des outils de s\u00e9ductions.La moto en elles m\u00eame y est pour beaucoup, mais le prestige du nom [&hellip;]<\/p>\n","protected":false},"author":325,"featured_media":0,"comment_status":"open","ping_status":"open","sticky":false,"template":"","format":"standard","meta":{"footnotes":""},"categories":[41,37,44],"tags":[],"class_list":["post-470","post","type-post","status-publish","format-standard","hentry","category-ducati","category-essais","category-yamaha"],"yoast_head":"<!-- This site is optimized with the Yoast SEO plugin v26.0 - https:\/\/yoast.com\/wordpress\/plugins\/seo\/ -->\n<title>Album du vendredi, Ducati Monster 696 - leblogmoto.com<\/title>\n<meta name=\"robots\" content=\"index, follow, max-snippet:-1, max-image-preview:large, max-video-preview:-1\" \/>\n<link rel=\"canonical\" href=\"https:\/\/blogs.thesocialmedia.com\/leblogmoto\/2008\/10\/03\/album-du-vendre-6\/\" \/>\n<meta name=\"twitter:card\" content=\"summary_large_image\" \/>\n<meta name=\"twitter:title\" content=\"Album du vendredi, Ducati Monster 696 - leblogmoto.com\" \/>\n<meta name=\"twitter:description\" content=\"Les nouveaux Monster sont, semble-t-il, des accessoires de mode, au m\u00eame titre qu&rsquo;un sac Louis Vuitton ou des chaussures Gucci. Comme tels, ils d\u00e9passent le simple rang de vulgaire motocyclette pour devenir des ic\u00f4nes, des objets de d\u00e9sirs, des outils de s\u00e9ductions.La moto en elles m\u00eame y est pour beaucoup, mais le prestige du nom [&hellip;]\" \/>\n<meta name=\"twitter:image\" content=\"http:\/\/www.leblogmoto.com\/images\/2008\/10\/02\/696_1.jpg\" \/>\n<meta name=\"twitter:label1\" content=\"\u00c9crit par\" \/>\n\t<meta name=\"twitter:data1\" content=\"jacques lesage\" \/>\n\t<meta name=\"twitter:label2\" content=\"Dur\u00e9e de lecture estim\u00e9e\" \/>\n\t<meta name=\"twitter:data2\" content=\"3 minutes\" \/>\n<script type=\"application\/ld+json\" class=\"yoast-schema-graph\">{\"@context\":\"https:\/\/schema.org\",\"@graph\":[{\"@type\":\"WebPage\",\"@id\":\"https:\/\/blogs.thesocialmedia.com\/leblogmoto\/2008\/10\/03\/album-du-vendre-6\/\",\"url\":\"https:\/\/blogs.thesocialmedia.com\/leblogmoto\/2008\/10\/03\/album-du-vendre-6\/\",\"name\":\"Album du vendredi, Ducati Monster 696 - leblogmoto.com\",\"isPartOf\":{\"@id\":\"https:\/\/blogs.thesocialmedia.com\/leblogmoto\/#website\"},\"primaryImageOfPage\":{\"@id\":\"https:\/\/blogs.thesocialmedia.com\/leblogmoto\/2008\/10\/03\/album-du-vendre-6\/#primaryimage\"},\"image\":{\"@id\":\"https:\/\/blogs.thesocialmedia.com\/leblogmoto\/2008\/10\/03\/album-du-vendre-6\/#primaryimage\"},\"thumbnailUrl\":\"http:\/\/www.leblogmoto.com\/images\/2008\/10\/02\/696_1.jpg\",\"datePublished\":\"2008-10-03T04:07:00+00:00\",\"dateModified\":\"2012-07-11T16:25:19+00:00\",\"author\":{\"@id\":\"https:\/\/blogs.thesocialmedia.com\/leblogmoto\/#\/schema\/person\/e82a0ca8a9a63d031586097a3ed58526\"},\"breadcrumb\":{\"@id\":\"https:\/\/blogs.thesocialmedia.com\/leblogmoto\/2008\/10\/03\/album-du-vendre-6\/#breadcrumb\"},\"inLanguage\":\"fr-FR\",\"potentialAction\":[{\"@type\":\"ReadAction\",\"target\":[\"https:\/\/blogs.thesocialmedia.com\/leblogmoto\/2008\/10\/03\/album-du-vendre-6\/\"]}]},{\"@type\":\"ImageObject\",\"inLanguage\":\"fr-FR\",\"@id\":\"https:\/\/blogs.thesocialmedia.com\/leblogmoto\/2008\/10\/03\/album-du-vendre-6\/#primaryimage\",\"url\":\"http:\/\/www.leblogmoto.com\/images\/2008\/10\/02\/696_1.jpg\",\"contentUrl\":\"http:\/\/www.leblogmoto.com\/images\/2008\/10\/02\/696_1.jpg\"},{\"@type\":\"BreadcrumbList\",\"@id\":\"https:\/\/blogs.thesocialmedia.com\/leblogmoto\/2008\/10\/03\/album-du-vendre-6\/#breadcrumb\",\"itemListElement\":[{\"@type\":\"ListItem\",\"position\":1,\"name\":\"Accueil\",\"item\":\"https:\/\/blogs.thesocialmedia.com\/leblogmoto\/\"},{\"@type\":\"ListItem\",\"position\":2,\"name\":\"Album du vendredi, Ducati Monster 696\"}]},{\"@type\":\"WebSite\",\"@id\":\"https:\/\/blogs.thesocialmedia.com\/leblogmoto\/#website\",\"url\":\"https:\/\/blogs.thesocialmedia.com\/leblogmoto\/\",\"name\":\"leblogmoto\",\"description\":\"Toute l&#039;actualit\u00e9 des 2 roues\",\"potentialAction\":[{\"@type\":\"SearchAction\",\"target\":{\"@type\":\"EntryPoint\",\"urlTemplate\":\"https:\/\/blogs.thesocialmedia.com\/leblogmoto\/?s={search_term_string}\"},\"query-input\":{\"@type\":\"PropertyValueSpecification\",\"valueRequired\":true,\"valueName\":\"search_term_string\"}}],\"inLanguage\":\"fr-FR\"},{\"@type\":\"Person\",\"@id\":\"https:\/\/blogs.thesocialmedia.com\/leblogmoto\/#\/schema\/person\/e82a0ca8a9a63d031586097a3ed58526\",\"name\":\"jacques lesage\",\"image\":{\"@type\":\"ImageObject\",\"inLanguage\":\"fr-FR\",\"@id\":\"https:\/\/blogs.thesocialmedia.com\/leblogmoto\/#\/schema\/person\/image\/\",\"url\":\"https:\/\/secure.gravatar.com\/avatar\/?s=96&d=mm&r=g\",\"contentUrl\":\"https:\/\/secure.gravatar.com\/avatar\/?s=96&d=mm&r=g\",\"caption\":\"jacques lesage\"},\"url\":\"https:\/\/blogs.thesocialmedia.com\/leblogmoto\/author\/jacques-lesage\/\"}]}<\/script>\n<!-- \/ Yoast SEO plugin. -->","yoast_head_json":{"title":"Album du vendredi, Ducati Monster 696 - leblogmoto.com","robots":{"index":"index","follow":"follow","max-snippet":"max-snippet:-1","max-image-preview":"max-image-preview:large","max-video-preview":"max-video-preview:-1"},"canonical":"https:\/\/blogs.thesocialmedia.com\/leblogmoto\/2008\/10\/03\/album-du-vendre-6\/","twitter_card":"summary_large_image","twitter_title":"Album du vendredi, Ducati Monster 696 - leblogmoto.com","twitter_description":"Les nouveaux Monster sont, semble-t-il, des accessoires de mode, au m\u00eame titre qu&rsquo;un sac Louis Vuitton ou des chaussures Gucci. Comme tels, ils d\u00e9passent le simple rang de vulgaire motocyclette pour devenir des ic\u00f4nes, des objets de d\u00e9sirs, des outils de s\u00e9ductions.La moto en elles m\u00eame y est pour beaucoup, mais le prestige du nom [&hellip;]","twitter_image":"http:\/\/www.leblogmoto.com\/images\/2008\/10\/02\/696_1.jpg","twitter_misc":{"\u00c9crit par":"jacques lesage","Dur\u00e9e de lecture estim\u00e9e":"3 minutes"},"schema":{"@context":"https:\/\/schema.org","@graph":[{"@type":"WebPage","@id":"https:\/\/blogs.thesocialmedia.com\/leblogmoto\/2008\/10\/03\/album-du-vendre-6\/","url":"https:\/\/blogs.thesocialmedia.com\/leblogmoto\/2008\/10\/03\/album-du-vendre-6\/","name":"Album du vendredi, Ducati Monster 696 - leblogmoto.com","isPartOf":{"@id":"https:\/\/blogs.thesocialmedia.com\/leblogmoto\/#website"},"primaryImageOfPage":{"@id":"https:\/\/blogs.thesocialmedia.com\/leblogmoto\/2008\/10\/03\/album-du-vendre-6\/#primaryimage"},"image":{"@id":"https:\/\/blogs.thesocialmedia.com\/leblogmoto\/2008\/10\/03\/album-du-vendre-6\/#primaryimage"},"thumbnailUrl":"http:\/\/www.leblogmoto.com\/images\/2008\/10\/02\/696_1.jpg","datePublished":"2008-10-03T04:07:00+00:00","dateModified":"2012-07-11T16:25:19+00:00","author":{"@id":"https:\/\/blogs.thesocialmedia.com\/leblogmoto\/#\/schema\/person\/e82a0ca8a9a63d031586097a3ed58526"},"breadcrumb":{"@id":"https:\/\/blogs.thesocialmedia.com\/leblogmoto\/2008\/10\/03\/album-du-vendre-6\/#breadcrumb"},"inLanguage":"fr-FR","potentialAction":[{"@type":"ReadAction","target":["https:\/\/blogs.thesocialmedia.com\/leblogmoto\/2008\/10\/03\/album-du-vendre-6\/"]}]},{"@type":"ImageObject","inLanguage":"fr-FR","@id":"https:\/\/blogs.thesocialmedia.com\/leblogmoto\/2008\/10\/03\/album-du-vendre-6\/#primaryimage","url":"http:\/\/www.leblogmoto.com\/images\/2008\/10\/02\/696_1.jpg","contentUrl":"http:\/\/www.leblogmoto.com\/images\/2008\/10\/02\/696_1.jpg"},{"@type":"BreadcrumbList","@id":"https:\/\/blogs.thesocialmedia.com\/leblogmoto\/2008\/10\/03\/album-du-vendre-6\/#breadcrumb","itemListElement":[{"@type":"ListItem","position":1,"name":"Accueil","item":"https:\/\/blogs.thesocialmedia.com\/leblogmoto\/"},{"@type":"ListItem","position":2,"name":"Album du vendredi, Ducati Monster 696"}]},{"@type":"WebSite","@id":"https:\/\/blogs.thesocialmedia.com\/leblogmoto\/#website","url":"https:\/\/blogs.thesocialmedia.com\/leblogmoto\/","name":"leblogmoto","description":"Toute l&#039;actualit\u00e9 des 2 roues","potentialAction":[{"@type":"SearchAction","target":{"@type":"EntryPoint","urlTemplate":"https:\/\/blogs.thesocialmedia.com\/leblogmoto\/?s={search_term_string}"},"query-input":{"@type":"PropertyValueSpecification","valueRequired":true,"valueName":"search_term_string"}}],"inLanguage":"fr-FR"},{"@type":"Person","@id":"https:\/\/blogs.thesocialmedia.com\/leblogmoto\/#\/schema\/person\/e82a0ca8a9a63d031586097a3ed58526","name":"jacques lesage","image":{"@type":"ImageObject","inLanguage":"fr-FR","@id":"https:\/\/blogs.thesocialmedia.com\/leblogmoto\/#\/schema\/person\/image\/","url":"https:\/\/secure.gravatar.com\/avatar\/?s=96&d=mm&r=g","contentUrl":"https:\/\/secure.gravatar.com\/avatar\/?s=96&d=mm&r=g","caption":"jacques lesage"},"url":"https:\/\/blogs.thesocialmedia.com\/leblogmoto\/author\/jacques-lesage\/"}]}},"_links":{"self":[{"href":"https:\/\/blogs.thesocialmedia.com\/leblogmoto\/wp-json\/wp\/v2\/posts\/470","targetHints":{"allow":["GET"]}}],"collection":[{"href":"https:\/\/blogs.thesocialmedia.com\/leblogmoto\/wp-json\/wp\/v2\/posts"}],"about":[{"href":"https:\/\/blogs.thesocialmedia.com\/leblogmoto\/wp-json\/wp\/v2\/types\/post"}],"author":[{"embeddable":true,"href":"https:\/\/blogs.thesocialmedia.com\/leblogmoto\/wp-json\/wp\/v2\/users\/325"}],"replies":[{"embeddable":true,"href":"https:\/\/blogs.thesocialmedia.com\/leblogmoto\/wp-json\/wp\/v2\/comments?post=470"}],"version-history":[{"count":2,"href":"https:\/\/blogs.thesocialmedia.com\/leblogmoto\/wp-json\/wp\/v2\/posts\/470\/revisions"}],"predecessor-version":[{"id":11791,"href":"https:\/\/blogs.thesocialmedia.com\/leblogmoto\/wp-json\/wp\/v2\/posts\/470\/revisions\/11791"}],"wp:attachment":[{"href":"https:\/\/blogs.thesocialmedia.com\/leblogmoto\/wp-json\/wp\/v2\/media?parent=470"}],"wp:term":[{"taxonomy":"category","embeddable":true,"href":"https:\/\/blogs.thesocialmedia.com\/leblogmoto\/wp-json\/wp\/v2\/categories?post=470"},{"taxonomy":"post_tag","embeddable":true,"href":"https:\/\/blogs.thesocialmedia.com\/leblogmoto\/wp-json\/wp\/v2\/tags?post=470"}],"curies":[{"name":"wp","href":"https:\/\/api.w.org\/{rel}","templated":true}]}}