{"id":475,"date":"2008-09-30T04:35:24","date_gmt":"2008-09-30T04:35:24","guid":{"rendered":"http:\/\/blogs.thesocialmedia.com\/leblogmoto\/2008\/09\/30\/ama-superbike-l-2\/"},"modified":"2012-07-11T16:23:42","modified_gmt":"2012-07-11T16:23:42","slug":"ama-superbike-l-2","status":"publish","type":"post","link":"https:\/\/blogs.thesocialmedia.com\/leblogmoto\/2008\/09\/30\/ama-superbike-l-2\/","title":{"rendered":"AMA Superbike Laguna Seca, Mladin et la fin d&rsquo;un r\u00e8gne"},"content":{"rendered":"<p><em><a href=\"http:\/\/blogs.thesocialmedia.com\/leblogmoto\/files\/2012\/07\/ama22.jpg\"><img loading=\"lazy\" decoding=\"async\" width=\"470\" height=\"312\"  src=\"http:\/\/www.leblogmoto.com\/images\/2008\/09\/29\/ama2.jpg\" alt=\"Ama2\" \/><\/a> <br \/>Photos Brian J. Nelson<\/em><\/p>\n<p>Mat Mladin a remport\u00e9 dimanche la derni\u00e8re course de la saison, dans une s\u00e9rie qui verra ses r\u00e8gles boulevers\u00e9es l&rsquo;ann\u00e9e prochaine. La mani\u00e8re y fut, plus de douze secondes sur Ben Spies qui, ratant son d\u00e9part pour se retrouver septi\u00e8me, n&rsquo;y pouvait plus rien une fois remonter en deuxi\u00e8me place.<br \/>Puis, avec un autre podium uniquement aux couleurs <a href=\"http:\/\/teamsuzuki.com\/RoadRacing\/FactoryTeam.aspx\">Rockstar Makita Yoshimura Suzuki<\/a>, Tommy Hayden terminant troisi\u00e8me, ce qui sans sa blessure \u00e0 la fin du premier tiers de la saison, lui faisant rater 6 manches, ce sc\u00e9nario aurait encore \u00e9t\u00e9 plus fr\u00e9quent.<\/p>\n<p>Une telle dominance ne fit des heureux que dans une seule \u00e9quipe, venant \u00e0 bout de la patience des fans et des autres \u00e9quipes qui esp\u00e9raient un spectacle avec un peu moins de certitude.<\/p>\n<p>Avec le flou entourant l&rsquo;avenir de la s\u00e9rie, cette belle certitude n&rsquo;existe plus, mais c&rsquo;est sur la piste que le suspense est voulu, pas derri\u00e8re des portes closes.<\/p>\n<p><a href=\"http:\/\/clabedan.typepad.com\/.shared\/image.html?\/photos\/uncategorized\/2008\/09\/29\/ama.jpg\"><img loading=\"lazy\" decoding=\"async\" width=\"470\" height=\"312\"  src=\"http:\/\/www.leblogmoto.com\/images\/2008\/09\/29\/ama.jpg\" alt=\"Ama\" \/><\/a> <\/p>\n<p>Et on peut \u00e9galement se demander qui seront les acteurs de 2009. Mat Mladin avec ses victoires et ses titres n&rsquo;a plus rien \u00e0 prouver et ne sera peut-\u00eatre pas s\u00e9duit par une aventure \u00e0 la destination incertaine. Ben Spies va en Europe, ne reste plus qu&rsquo;\u00e0 savoir o\u00f9 et avec qui, mais on nous promet une r\u00e9ponse la semaine prochaine.<br \/>Un Neil Hodgson sortant d&rsquo;une ann\u00e9e de mis\u00e8re avec Honda, voudra-t-il remettre \u00e7a une autre fois, surtout que 6e au classement&nbsp; avec seulement 7 points de mieux que son co\u00e9quipier le \u00abvieux\u00bb Miguel Duhamel, rien de bon pour le moral ici.<br \/>Parlant de Duhamel qui, avec un palmar\u00e8s faisant de lui le prochain candidat pour le <a href=\"http:\/\/www.motorcyclemuseum.org\/\">temple de la renomm\u00e9<\/a>, n&rsquo;a plus rien \u00e0 prouver, et qui a sembl\u00e9 appr\u00e9cier ses petites escapades du c\u00f4t\u00e9 du <a href=\"http:\/\/localracing.nascar.com\/series\/6\">Nascar Canadien<\/a>, verrait sans doute l\u00e0 une fa\u00e7on \u00e9l\u00e9gante de poursuivre sa carri\u00e8re tout en faisant une faveur \u00e0 ses vieux os qui lui en serraient reconnaissant.<\/p>\n<p><a href=\"http:\/\/clabedan.typepad.com\/.shared\/image.html?\/photos\/uncategorized\/2008\/09\/29\/ama1.jpg\"><img loading=\"lazy\" decoding=\"async\" width=\"470\" height=\"312\"  src=\"http:\/\/www.leblogmoto.com\/images\/2008\/09\/29\/ama1.jpg\" alt=\"Ama1\" \/><\/a> <\/p>\n<p>Ainsi, le renouvellement de la garde, et ce \u00e0 tous les niveaux, va radicalement changer le paysage du Superbike am\u00e9ricain. Mais pour qu&rsquo;une s\u00e9rie soit comp\u00e9titive, quelles qu&rsquo;en soient les r\u00e8gles, les constructeurs se doivent d&rsquo;y participer. Pour l&rsquo;instant, leur d\u00e9cision se fait attendre, et on imagine bien les tractations serr\u00e9es dans des bureaux surchauff\u00e9s.<\/p>\n<p><a href=\"http:\/\/blogs.thesocialmedia.com\/leblogmoto\/files\/2012\/07\/ama4_2.jpg\"><img loading=\"lazy\" decoding=\"async\" width=\"470\" height=\"312\"  src=\"http:\/\/www.leblogmoto.com\/images\/2008\/09\/29\/ama4_2.jpg\" alt=\"Ama4_2\" \/><\/a> <\/p>\n<p>Classement final, saison 2008<\/p>\n<p>1. Ben Spies&nbsp; &#8211;&nbsp; 652<\/p>\n<p>2. Mat Mladin&nbsp; &#8211;&nbsp; 557<\/p>\n<p>3. Jason DiSalvo&nbsp; &#8211;&nbsp; 463<\/p>\n<p>4. Eric Bostrom&nbsp; &#8211;&nbsp; 445<\/p>\n<p>5. Jamie Hacking&nbsp; &#8211;&nbsp; 421<\/p>\n<p>6. Neil Hodgson&nbsp; &#8211;&nbsp; 419<\/p>\n<p>7. Miguel Duhamel&nbsp; &#8211;&nbsp; 412<\/p>\n<p>8. Tommy Hayden&nbsp; &#8211;&nbsp; 372<\/p>\n<p>9. Aaron Yates&nbsp; &#8211;&nbsp; 365<\/p>\n<p>10. Geof May&nbsp; &#8211;&nbsp; 357<\/p>\n","protected":false},"excerpt":{"rendered":"<p>Photos Brian J. Nelson Mat Mladin a remport\u00e9 dimanche la derni\u00e8re course de la saison, dans une s\u00e9rie qui verra ses r\u00e8gles boulevers\u00e9es l&rsquo;ann\u00e9e prochaine. La mani\u00e8re y fut, plus de douze secondes sur Ben Spies qui, ratant son d\u00e9part pour se retrouver septi\u00e8me, n&rsquo;y pouvait plus rien une fois remonter en deuxi\u00e8me place.Puis, avec [&hellip;]<\/p>\n","protected":false},"author":325,"featured_media":0,"comment_status":"open","ping_status":"open","sticky":false,"template":"","format":"standard","meta":{"footnotes":""},"categories":[3,74,51],"tags":[],"class_list":["post-475","post","type-post","status-publish","format-standard","hentry","category-actualite","category-ama-superbike","category-suzuki"],"yoast_head":"<!-- This site is optimized with the Yoast SEO plugin v26.0 - https:\/\/yoast.com\/wordpress\/plugins\/seo\/ -->\n<title>AMA Superbike Laguna Seca, Mladin et la fin d&#039;un r\u00e8gne - leblogmoto.com<\/title>\n<meta name=\"robots\" content=\"index, follow, max-snippet:-1, max-image-preview:large, max-video-preview:-1\" \/>\n<link rel=\"canonical\" href=\"https:\/\/blogs.thesocialmedia.com\/leblogmoto\/2008\/09\/30\/ama-superbike-l-2\/\" \/>\n<meta name=\"twitter:card\" content=\"summary_large_image\" \/>\n<meta name=\"twitter:title\" content=\"AMA Superbike Laguna Seca, Mladin et la fin d&#039;un r\u00e8gne - leblogmoto.com\" \/>\n<meta name=\"twitter:description\" content=\"Photos Brian J. Nelson Mat Mladin a remport\u00e9 dimanche la derni\u00e8re course de la saison, dans une s\u00e9rie qui verra ses r\u00e8gles boulevers\u00e9es l&rsquo;ann\u00e9e prochaine. La mani\u00e8re y fut, plus de douze secondes sur Ben Spies qui, ratant son d\u00e9part pour se retrouver septi\u00e8me, n&rsquo;y pouvait plus rien une fois remonter en deuxi\u00e8me place.Puis, avec [&hellip;]\" \/>\n<meta name=\"twitter:image\" content=\"http:\/\/www.leblogmoto.com\/images\/2008\/09\/29\/ama2.jpg\" \/>\n<meta name=\"twitter:label1\" content=\"\u00c9crit par\" \/>\n\t<meta name=\"twitter:data1\" content=\"jacques lesage\" \/>\n\t<meta name=\"twitter:label2\" content=\"Dur\u00e9e de lecture estim\u00e9e\" \/>\n\t<meta name=\"twitter:data2\" content=\"2 minutes\" \/>\n<script type=\"application\/ld+json\" class=\"yoast-schema-graph\">{\"@context\":\"https:\/\/schema.org\",\"@graph\":[{\"@type\":\"WebPage\",\"@id\":\"https:\/\/blogs.thesocialmedia.com\/leblogmoto\/2008\/09\/30\/ama-superbike-l-2\/\",\"url\":\"https:\/\/blogs.thesocialmedia.com\/leblogmoto\/2008\/09\/30\/ama-superbike-l-2\/\",\"name\":\"AMA Superbike Laguna Seca, Mladin et la fin d'un r\u00e8gne - leblogmoto.com\",\"isPartOf\":{\"@id\":\"https:\/\/blogs.thesocialmedia.com\/leblogmoto\/#website\"},\"primaryImageOfPage\":{\"@id\":\"https:\/\/blogs.thesocialmedia.com\/leblogmoto\/2008\/09\/30\/ama-superbike-l-2\/#primaryimage\"},\"image\":{\"@id\":\"https:\/\/blogs.thesocialmedia.com\/leblogmoto\/2008\/09\/30\/ama-superbike-l-2\/#primaryimage\"},\"thumbnailUrl\":\"http:\/\/www.leblogmoto.com\/images\/2008\/09\/29\/ama2.jpg\",\"datePublished\":\"2008-09-30T04:35:24+00:00\",\"dateModified\":\"2012-07-11T16:23:42+00:00\",\"author\":{\"@id\":\"https:\/\/blogs.thesocialmedia.com\/leblogmoto\/#\/schema\/person\/e82a0ca8a9a63d031586097a3ed58526\"},\"breadcrumb\":{\"@id\":\"https:\/\/blogs.thesocialmedia.com\/leblogmoto\/2008\/09\/30\/ama-superbike-l-2\/#breadcrumb\"},\"inLanguage\":\"fr-FR\",\"potentialAction\":[{\"@type\":\"ReadAction\",\"target\":[\"https:\/\/blogs.thesocialmedia.com\/leblogmoto\/2008\/09\/30\/ama-superbike-l-2\/\"]}]},{\"@type\":\"ImageObject\",\"inLanguage\":\"fr-FR\",\"@id\":\"https:\/\/blogs.thesocialmedia.com\/leblogmoto\/2008\/09\/30\/ama-superbike-l-2\/#primaryimage\",\"url\":\"http:\/\/www.leblogmoto.com\/images\/2008\/09\/29\/ama2.jpg\",\"contentUrl\":\"http:\/\/www.leblogmoto.com\/images\/2008\/09\/29\/ama2.jpg\"},{\"@type\":\"BreadcrumbList\",\"@id\":\"https:\/\/blogs.thesocialmedia.com\/leblogmoto\/2008\/09\/30\/ama-superbike-l-2\/#breadcrumb\",\"itemListElement\":[{\"@type\":\"ListItem\",\"position\":1,\"name\":\"Accueil\",\"item\":\"https:\/\/blogs.thesocialmedia.com\/leblogmoto\/\"},{\"@type\":\"ListItem\",\"position\":2,\"name\":\"AMA Superbike Laguna Seca, Mladin et la fin d&rsquo;un r\u00e8gne\"}]},{\"@type\":\"WebSite\",\"@id\":\"https:\/\/blogs.thesocialmedia.com\/leblogmoto\/#website\",\"url\":\"https:\/\/blogs.thesocialmedia.com\/leblogmoto\/\",\"name\":\"leblogmoto\",\"description\":\"Toute l&#039;actualit\u00e9 des 2 roues\",\"potentialAction\":[{\"@type\":\"SearchAction\",\"target\":{\"@type\":\"EntryPoint\",\"urlTemplate\":\"https:\/\/blogs.thesocialmedia.com\/leblogmoto\/?s={search_term_string}\"},\"query-input\":{\"@type\":\"PropertyValueSpecification\",\"valueRequired\":true,\"valueName\":\"search_term_string\"}}],\"inLanguage\":\"fr-FR\"},{\"@type\":\"Person\",\"@id\":\"https:\/\/blogs.thesocialmedia.com\/leblogmoto\/#\/schema\/person\/e82a0ca8a9a63d031586097a3ed58526\",\"name\":\"jacques lesage\",\"image\":{\"@type\":\"ImageObject\",\"inLanguage\":\"fr-FR\",\"@id\":\"https:\/\/blogs.thesocialmedia.com\/leblogmoto\/#\/schema\/person\/image\/\",\"url\":\"https:\/\/secure.gravatar.com\/avatar\/?s=96&d=mm&r=g\",\"contentUrl\":\"https:\/\/secure.gravatar.com\/avatar\/?s=96&d=mm&r=g\",\"caption\":\"jacques lesage\"},\"url\":\"https:\/\/blogs.thesocialmedia.com\/leblogmoto\/author\/jacques-lesage\/\"}]}<\/script>\n<!-- \/ Yoast SEO plugin. -->","yoast_head_json":{"title":"AMA Superbike Laguna Seca, Mladin et la fin d'un r\u00e8gne - leblogmoto.com","robots":{"index":"index","follow":"follow","max-snippet":"max-snippet:-1","max-image-preview":"max-image-preview:large","max-video-preview":"max-video-preview:-1"},"canonical":"https:\/\/blogs.thesocialmedia.com\/leblogmoto\/2008\/09\/30\/ama-superbike-l-2\/","twitter_card":"summary_large_image","twitter_title":"AMA Superbike Laguna Seca, Mladin et la fin d'un r\u00e8gne - leblogmoto.com","twitter_description":"Photos Brian J. Nelson Mat Mladin a remport\u00e9 dimanche la derni\u00e8re course de la saison, dans une s\u00e9rie qui verra ses r\u00e8gles boulevers\u00e9es l&rsquo;ann\u00e9e prochaine. La mani\u00e8re y fut, plus de douze secondes sur Ben Spies qui, ratant son d\u00e9part pour se retrouver septi\u00e8me, n&rsquo;y pouvait plus rien une fois remonter en deuxi\u00e8me place.Puis, avec [&hellip;]","twitter_image":"http:\/\/www.leblogmoto.com\/images\/2008\/09\/29\/ama2.jpg","twitter_misc":{"\u00c9crit par":"jacques lesage","Dur\u00e9e de lecture estim\u00e9e":"2 minutes"},"schema":{"@context":"https:\/\/schema.org","@graph":[{"@type":"WebPage","@id":"https:\/\/blogs.thesocialmedia.com\/leblogmoto\/2008\/09\/30\/ama-superbike-l-2\/","url":"https:\/\/blogs.thesocialmedia.com\/leblogmoto\/2008\/09\/30\/ama-superbike-l-2\/","name":"AMA Superbike Laguna Seca, Mladin et la fin d'un r\u00e8gne - leblogmoto.com","isPartOf":{"@id":"https:\/\/blogs.thesocialmedia.com\/leblogmoto\/#website"},"primaryImageOfPage":{"@id":"https:\/\/blogs.thesocialmedia.com\/leblogmoto\/2008\/09\/30\/ama-superbike-l-2\/#primaryimage"},"image":{"@id":"https:\/\/blogs.thesocialmedia.com\/leblogmoto\/2008\/09\/30\/ama-superbike-l-2\/#primaryimage"},"thumbnailUrl":"http:\/\/www.leblogmoto.com\/images\/2008\/09\/29\/ama2.jpg","datePublished":"2008-09-30T04:35:24+00:00","dateModified":"2012-07-11T16:23:42+00:00","author":{"@id":"https:\/\/blogs.thesocialmedia.com\/leblogmoto\/#\/schema\/person\/e82a0ca8a9a63d031586097a3ed58526"},"breadcrumb":{"@id":"https:\/\/blogs.thesocialmedia.com\/leblogmoto\/2008\/09\/30\/ama-superbike-l-2\/#breadcrumb"},"inLanguage":"fr-FR","potentialAction":[{"@type":"ReadAction","target":["https:\/\/blogs.thesocialmedia.com\/leblogmoto\/2008\/09\/30\/ama-superbike-l-2\/"]}]},{"@type":"ImageObject","inLanguage":"fr-FR","@id":"https:\/\/blogs.thesocialmedia.com\/leblogmoto\/2008\/09\/30\/ama-superbike-l-2\/#primaryimage","url":"http:\/\/www.leblogmoto.com\/images\/2008\/09\/29\/ama2.jpg","contentUrl":"http:\/\/www.leblogmoto.com\/images\/2008\/09\/29\/ama2.jpg"},{"@type":"BreadcrumbList","@id":"https:\/\/blogs.thesocialmedia.com\/leblogmoto\/2008\/09\/30\/ama-superbike-l-2\/#breadcrumb","itemListElement":[{"@type":"ListItem","position":1,"name":"Accueil","item":"https:\/\/blogs.thesocialmedia.com\/leblogmoto\/"},{"@type":"ListItem","position":2,"name":"AMA Superbike Laguna Seca, Mladin et la fin d&rsquo;un r\u00e8gne"}]},{"@type":"WebSite","@id":"https:\/\/blogs.thesocialmedia.com\/leblogmoto\/#website","url":"https:\/\/blogs.thesocialmedia.com\/leblogmoto\/","name":"leblogmoto","description":"Toute l&#039;actualit\u00e9 des 2 roues","potentialAction":[{"@type":"SearchAction","target":{"@type":"EntryPoint","urlTemplate":"https:\/\/blogs.thesocialmedia.com\/leblogmoto\/?s={search_term_string}"},"query-input":{"@type":"PropertyValueSpecification","valueRequired":true,"valueName":"search_term_string"}}],"inLanguage":"fr-FR"},{"@type":"Person","@id":"https:\/\/blogs.thesocialmedia.com\/leblogmoto\/#\/schema\/person\/e82a0ca8a9a63d031586097a3ed58526","name":"jacques lesage","image":{"@type":"ImageObject","inLanguage":"fr-FR","@id":"https:\/\/blogs.thesocialmedia.com\/leblogmoto\/#\/schema\/person\/image\/","url":"https:\/\/secure.gravatar.com\/avatar\/?s=96&d=mm&r=g","contentUrl":"https:\/\/secure.gravatar.com\/avatar\/?s=96&d=mm&r=g","caption":"jacques lesage"},"url":"https:\/\/blogs.thesocialmedia.com\/leblogmoto\/author\/jacques-lesage\/"}]}},"_links":{"self":[{"href":"https:\/\/blogs.thesocialmedia.com\/leblogmoto\/wp-json\/wp\/v2\/posts\/475","targetHints":{"allow":["GET"]}}],"collection":[{"href":"https:\/\/blogs.thesocialmedia.com\/leblogmoto\/wp-json\/wp\/v2\/posts"}],"about":[{"href":"https:\/\/blogs.thesocialmedia.com\/leblogmoto\/wp-json\/wp\/v2\/types\/post"}],"author":[{"embeddable":true,"href":"https:\/\/blogs.thesocialmedia.com\/leblogmoto\/wp-json\/wp\/v2\/users\/325"}],"replies":[{"embeddable":true,"href":"https:\/\/blogs.thesocialmedia.com\/leblogmoto\/wp-json\/wp\/v2\/comments?post=475"}],"version-history":[{"count":2,"href":"https:\/\/blogs.thesocialmedia.com\/leblogmoto\/wp-json\/wp\/v2\/posts\/475\/revisions"}],"predecessor-version":[{"id":11752,"href":"https:\/\/blogs.thesocialmedia.com\/leblogmoto\/wp-json\/wp\/v2\/posts\/475\/revisions\/11752"}],"wp:attachment":[{"href":"https:\/\/blogs.thesocialmedia.com\/leblogmoto\/wp-json\/wp\/v2\/media?parent=475"}],"wp:term":[{"taxonomy":"category","embeddable":true,"href":"https:\/\/blogs.thesocialmedia.com\/leblogmoto\/wp-json\/wp\/v2\/categories?post=475"},{"taxonomy":"post_tag","embeddable":true,"href":"https:\/\/blogs.thesocialmedia.com\/leblogmoto\/wp-json\/wp\/v2\/tags?post=475"}],"curies":[{"name":"wp","href":"https:\/\/api.w.org\/{rel}","templated":true}]}}